{"id":249706,"date":"2022-09-27T09:59:06","date_gmt":"2022-09-27T07:59:06","guid":{"rendered":"https:\/\/www.intoscana.it\/it\/?p=249706"},"modified":"2022-09-27T10:00:25","modified_gmt":"2022-09-27T08:00:25","slug":"il-2-ottobre-torna-la-domenica-metropolitana-tutti-i-musei-a-ingresso-gratuito","status":"publish","type":"post","link":"https:\/\/www.intoscana.it\/it\/il-2-ottobre-torna-la-domenica-metropolitana-tutti-i-musei-a-ingresso-gratuito\/","title":{"rendered":"Il 2 ottobre torna la Domenica metropolitana: tutti i musei e le mostre a ingresso gratuito"},"content":{"rendered":"<p><strong>Il 2 ottobre torna la Domenica Metropolitana<\/strong>, giornata nella quale <strong>tutti i residenti della Citt\u00e0 Metropolitana di Firenze<\/strong> hanno la possibilit\u00e0 di fruire dei musei cittadini <strong>in forma gratuita.<\/strong><\/p>\n<p>Al <strong>Museo Novecento<\/strong> sar\u00e0 visitabile la grande mostra monografica <a href=\"https:\/\/www.intoscana.it\/it\/articolo\/tra-natura-e-tecnologia-le-installazioni-di-tony-cragg-al-museo-novecento-e-allistituto-degli-innocenti\/\" target=\"_blank\" rel=\"noopener\"><em><strong>Tony Cragg. Transfer,<\/strong> <\/em><\/a>che permette di apprezzare meravigliose sculture e disegni dell&#8217;artista.<\/p>\n<p>A questa fa da controcanto la mostra<strong><a href=\"https:\/\/www.intoscana.it\/it\/articolo\/a-palazzo-medici-riccardi-passione-novecento-da-paul-klee-a-damien-hirst\/\" target=\"_blank\" rel=\"noopener\"><em> Passione Novecento. Da Paul Klee a Damien Hirst<\/em><\/a>,<\/strong> a <strong>Palazzo Medici Riccardi<\/strong>, che espone prestigiose opere di alcuni maestri del XX secolo, acquisite da collezionisti privati fiorentini e toscani.\u00a0Un intenso viaggio attraverso le opere di artisti italiani e internazionali come <strong>Giorgio De Chirico, Ottone Rosai, Lucio Fontana, Joan Mir\u00f2, Ai Weiwei, Andy Warhol, Damien Hirst.<\/strong><\/p>\n<p>Ancora presso il <strong>MAD Murate Art District di Firenze<\/strong> \u00e8 visitabile la mostra <strong><a href=\"https:\/\/www.intoscana.it\/it\/articolo\/al-mad-di-firenze-in-mostra-i-sogni-raccolti-dallartista-jacopo-baboni-schilingi\/\" target=\"_blank\" rel=\"noopener\"><em>Il Respiro dei sogni:<\/em><\/a> il lavoro di Jacopo Baboni Schilingi<\/strong> che raccoglie in modo suggestivo e onirico i sogni dei cittadini che hanno aderito alla call dell\u2019artista.<\/p>\n<p>Al <strong>Forte di Belvedere<\/strong> \u00e8 l\u2019ultimo giorno di apertura per le mostre dedicate alle donne artiste: da una parte la personale <em><strong>Play It Again<\/strong> <\/em>della giovane e talentuosa <strong>R\u00e4 di Martino<\/strong> e dall\u2019altra la mostra <a href=\"https:\/\/www.intoscana.it\/it\/articolo\/fotografe-villa-bardini-forte-belvedere-mostra\/\" target=\"_blank\" rel=\"noopener\"><em><strong>Fotografe! <\/strong><\/em><\/a>presentata e promossa dalla Fondazione Alinari per la Fotografia e dalla Fondazione CR Firenze, in collaborazione con il Comune di Firenze.<\/p>\n<figure id=\"post-232203 media-232203\" class=\"align-none\"><img decoding=\"async\" src=\"https:\/\/www.intoscana.it\/wp-content\/uploads\/fotografe_header3.jpg\" alt=\"\" \/><\/figure>\n<div class=\"titleimg\">Fotografe!<\/div>\n<h3>Le altre attivit\u00e0<\/h3>\n<p>In occasione del <strong>centenario della morte di Stefano Bardini,<\/strong> grazie al sostegno di Aquila Energie, \u00e8 possibile visitare la mostra<strong> Officina Bardini,<\/strong> che valorizza l&#8217;ampio e intenso lavoro di restauro, reintegro e rifacimento di opere e oggetti d&#8217;arte coordinato prima da Stefano e poi dal figlio Ugo. \u00c8 cos\u00ec possibile conoscere l\u2019organizzazione e i metodi di lavoro della loro impresa artistica, delineandone i principali ambiti e interessi: dalle sculture ai rilievi, dai tessuti ai corami senza tralasciare arredi lignei e le decorazioni di interni tanto amate dagli antiquari.<\/p>\n<p>In occasione del <strong>cinquecentenario della nascita di Eleonora de Toledo<\/strong> (1522-2022), consorte di Cosimo I Medici, \u00e8 in programma, grazie al sostegno di Business Strategies, una conferenza rivolta al grande pubblico tenuta dalla studiosa<strong> Roberta Orsi Landini<\/strong>: appuntamento in Santa Maria Novella alle h.15.<\/p>\n<p>Alle famiglie con bambini si rivolgono gli atelier d\u2019arte<em><strong> Forme infinite, infinite metamorfosi<\/strong><\/em> al <strong>Museo Novecento<\/strong> e <em><strong>In bottega, fra restauro e invenzione<\/strong><\/em> al <strong>Museo Bardini<\/strong>, mentre in <strong>Palazzo Medici Riccardi<\/strong> sar\u00e0 possibile partecipare alla visita animata<em><strong> Occhio al Novecento.<\/strong><\/em><\/p>\n<p>Sar\u00e0 inoltre possibile partecipare alle visite presso <strong>Palazzo Vecchio, al Complesso di Santa Maria Novella e in <a href=\"https:\/\/www.intoscana.it\/it\/articolo\/cantiere-aperto-per-il-restauro-della-cappella-brancacci-gli-affreschi-di-masolino-e-masaccio-mai-cosi-vicini\/\" target=\"_blank\" rel=\"noopener\">Cappella Brancacci<\/a><\/strong> in Santa Maria del Carmine, dove straordinariamente si pu\u00f2 accedere ai ponteggi allestiti per gli interventi di diagnostica e restauro.<\/p>\n<figure id=\"post-249710 media-249710\" class=\"align-none\"><img decoding=\"async\" src=\"https:\/\/www.intoscana.it\/wp-content\/uploads\/Passione-Novecento_Palazzo-Medici-Riccardi-5-scaled.jpeg\" alt=\"\" \/><\/figure>\n<div class=\"titleimg\"><em>Passione Novecento, Palazzo Medici Riccardi<\/em><\/div>\n<h3>Come partecipare<\/h3>\n<p><strong>Tutte le visite guidate e le attivit\u00e0 sono gratuite<\/strong> e la<strong> prenotazione \u00e8 obbligatoria.<\/strong> All\u2019atto della prenotazione \u00e8 possibile riservare un solo appuntamento nel corso della giornata per un massimo di 5 persone.<\/p>\n<p>Gli ingressi ai singoli musei saranno disponibili fino ad esaurimento posti, tranne la <strong>Cappella Brancacci che prevede prenotazione obbligatoria.<\/strong><\/p>\n<p><strong>Questi gli orari di apertura:<\/strong> Museo di Palazzo Vecchio (orario 9.00\/19.00), Torre di Arnolfo (orario 9.00\/17.00), Santa Maria Novella (orario 13.00\/17.00 ultimo accesso in Basilica h 15.00, accesso alla biglietteria da piazza Stazione 4), Museo Novecento (orario 11.00\/20.00), Museo del Ciclismo Gino Bartali (orario 10.00\/16.00), Palazzo Medici Riccardi (orario 9.00-19.00), Museo Stefano Bardini (orario 11.00\/17.00), Fondazione Salvatore Romano (orario 11.00\/17.00), Forte di Belvedere (10.00\/20.00). L\u2019accesso ai bastioni esterno \u00e8 possibile fino alle h 19.00 con ultimo ingresso entro le h 18.30).<\/p>\n<p><strong>In caso di pioggia le Torre di Arnolfo rester\u00e0 chiusa al pubblico<\/strong> per motivi di sicurezza. Sar\u00e0 accessibile il camminamento di ronda.<\/p>\n<p><strong>Per la Cappella Brancacci<\/strong> (orario 13.00\/17.00, 10 persone ogni mezz\u2019ora, ultimo accesso 16.15) la prenotazione \u00e8 obbligatoria. L\u2019accesso ai ponteggi del cantiere di diagnostica e di restauro avviene in forma accompagnata, senza spiegazione. I ponteggi sono accessibili a persone con difficolt\u00e0 e disabilit\u00e0 motorie.<\/p>\n<p>Per gli utenti in possesso della <strong>Card del Fiorentino<\/strong>, data la gratuit\u00e0 della giornata, non \u00e8 prevista alcuna priorit\u00e0 di accesso nei Musei Civici Fiorentini. Per coloro che intendono acquistarla si richiede la prenotazione, al fine di garantire un servizio adeguato senza attese.<\/p>\n<figure id=\"post-249709 media-249709\" class=\"align-none\"><img decoding=\"async\" src=\"https:\/\/www.intoscana.it\/wp-content\/uploads\/Cappella-Brancacci_ponteggi_.jpg\" alt=\"\" \/><\/figure>\n<div class=\"titleimg\"><em>Cappella Brancacci<\/em><\/div>\n","protected":false},"excerpt":{"rendered":"<p>Domenica prossima mostre, visite guidate e attivit\u00e0 gratuite per i residenti della Citt\u00e0 Metropolitana di Firenze<\/p>\n","protected":false},"author":525,"featured_media":249711,"comment_status":"open","ping_status":"open","sticky":false,"template":"","format":"standard","meta":{"_acf_changed":false,"footnotes":""},"categories":[493],"tags":[202,222,226],"class_list":["post-249706","post","type-post","status-publish","format-standard","has-post-thumbnail","hentry","category-cultura","tag-firenze","tag-mostre","tag-musei"],"acf":[],"yoast_head":"<!-- This site is optimized with the Yoast SEO Premium plugin v24.2 (Yoast SEO v25.6) - https:\/\/yoast.com\/wordpress\/plugins\/seo\/ -->\n<title>Il 2 ottobre torna la Domenica metropolitana: tutti i musei e le mostre a ingresso gratuito - intoscana<\/title>\n<meta name=\"description\" content=\"Domenica prossima mostre, visite guidate e attivit\u00e0 gratuite per i residenti della Citt\u00e0 Metropolitana di Firenze\" \/>\n<meta name=\"robots\" content=\"index, follow, max-snippet:-1, max-image-preview:large, max-video-preview:-1\" \/>\n<link rel=\"canonical\" href=\"https:\/\/www.intoscana.it\/it\/il-2-ottobre-torna-la-domenica-metropolitana-tutti-i-musei-a-ingresso-gratuito\/\" \/>\n<meta property=\"og:locale\" content=\"it_IT\" \/>\n<meta property=\"og:type\" content=\"article\" \/>\n<meta property=\"og:title\" content=\"Il 2 ottobre torna la Domenica metropolitana: tutti i musei e le mostre a ingresso gratuito\" \/>\n<meta property=\"og:description\" content=\"Domenica prossima mostre, visite guidate e attivit\u00e0 gratuite per i residenti della Citt\u00e0 Metropolitana di Firenze\" \/>\n<meta property=\"og:url\" content=\"https:\/\/www.intoscana.it\/it\/il-2-ottobre-torna-la-domenica-metropolitana-tutti-i-musei-a-ingresso-gratuito\/\" \/>\n<meta property=\"og:site_name\" content=\"intoscana\" \/>\n<meta property=\"article:publisher\" content=\"https:\/\/www.facebook.com\/intoscana.it\" \/>\n<meta property=\"article:published_time\" content=\"2022-09-27T07:59:06+00:00\" \/>\n<meta property=\"article:modified_time\" content=\"2022-09-27T08:00:25+00:00\" \/>\n<meta property=\"og:image\" content=\"https:\/\/www.intoscana.it\/wp-content\/uploads\/Passione-Novecento_Palazzo-Medici-Riccardi_1-scaled.jpeg\" \/>\n\t<meta property=\"og:image:width\" content=\"2048\" \/>\n\t<meta property=\"og:image:height\" content=\"1365\" \/>\n\t<meta property=\"og:image:type\" content=\"image\/jpeg\" \/>\n<meta name=\"author\" content=\"Redazione\" \/>\n<meta name=\"twitter:card\" content=\"summary_large_image\" \/>\n<meta name=\"twitter:creator\" content=\"@intoscana\" \/>\n<meta name=\"twitter:site\" content=\"@intoscana\" \/>\n<meta name=\"twitter:label1\" content=\"Written by\" \/>\n\t<meta name=\"twitter:data1\" content=\"Redazione\" \/>\n\t<meta name=\"twitter:label2\" content=\"Est. reading time\" \/>\n\t<meta name=\"twitter:data2\" content=\"3 minuti\" \/>\n<script type=\"application\/ld+json\" class=\"yoast-schema-graph\">{\"@context\":\"https:\/\/schema.org\",\"@graph\":[{\"@type\":\"WebPage\",\"@id\":\"https:\/\/www.intoscana.it\/it\/il-2-ottobre-torna-la-domenica-metropolitana-tutti-i-musei-a-ingresso-gratuito\/\",\"url\":\"https:\/\/www.intoscana.it\/it\/il-2-ottobre-torna-la-domenica-metropolitana-tutti-i-musei-a-ingresso-gratuito\/\",\"name\":\"Il 2 ottobre torna la Domenica metropolitana: tutti i musei e le mostre a ingresso gratuito - intoscana\",\"isPartOf\":{\"@id\":\"https:\/\/www.intoscana.it\/it\/#website\"},\"primaryImageOfPage\":{\"@id\":\"https:\/\/www.intoscana.it\/it\/il-2-ottobre-torna-la-domenica-metropolitana-tutti-i-musei-a-ingresso-gratuito\/#primaryimage\"},\"image\":{\"@id\":\"https:\/\/www.intoscana.it\/it\/il-2-ottobre-torna-la-domenica-metropolitana-tutti-i-musei-a-ingresso-gratuito\/#primaryimage\"},\"thumbnailUrl\":\"https:\/\/www.intoscana.it\/wp-content\/uploads\/Passione-Novecento_Palazzo-Medici-Riccardi_1-scaled.jpeg\",\"datePublished\":\"2022-09-27T07:59:06+00:00\",\"dateModified\":\"2022-09-27T08:00:25+00:00\",\"author\":{\"@id\":\"https:\/\/www.intoscana.it\/it\/#\/schema\/person\/9223810753230f20bd670fdd322661f8\"},\"description\":\"Domenica prossima mostre, visite guidate e attivit\u00e0 gratuite per i residenti della Citt\u00e0 Metropolitana di Firenze\",\"breadcrumb\":{\"@id\":\"https:\/\/www.intoscana.it\/it\/il-2-ottobre-torna-la-domenica-metropolitana-tutti-i-musei-a-ingresso-gratuito\/#breadcrumb\"},\"inLanguage\":\"it-IT\",\"potentialAction\":[{\"@type\":\"ReadAction\",\"target\":[\"https:\/\/www.intoscana.it\/it\/il-2-ottobre-torna-la-domenica-metropolitana-tutti-i-musei-a-ingresso-gratuito\/\"]}]},{\"@type\":\"ImageObject\",\"inLanguage\":\"it-IT\",\"@id\":\"https:\/\/www.intoscana.it\/it\/il-2-ottobre-torna-la-domenica-metropolitana-tutti-i-musei-a-ingresso-gratuito\/#primaryimage\",\"url\":\"https:\/\/www.intoscana.it\/wp-content\/uploads\/Passione-Novecento_Palazzo-Medici-Riccardi_1-scaled.jpeg\",\"contentUrl\":\"https:\/\/www.intoscana.it\/wp-content\/uploads\/Passione-Novecento_Palazzo-Medici-Riccardi_1-scaled.jpeg\",\"width\":2048,\"height\":1365,\"caption\":\"Passione Novecento, Palazzo Medici Riccardi\"},{\"@type\":\"BreadcrumbList\",\"@id\":\"https:\/\/www.intoscana.it\/it\/il-2-ottobre-torna-la-domenica-metropolitana-tutti-i-musei-a-ingresso-gratuito\/#breadcrumb\",\"itemListElement\":[{\"@type\":\"ListItem\",\"position\":1,\"name\":\"Home\",\"item\":\"https:\/\/www.intoscana.it\/it\/\"},{\"@type\":\"ListItem\",\"position\":2,\"name\":\"Il 2 ottobre torna la Domenica metropolitana: tutti i musei e le mostre a ingresso gratuito\"}]},{\"@type\":\"WebSite\",\"@id\":\"https:\/\/www.intoscana.it\/it\/#website\",\"url\":\"https:\/\/www.intoscana.it\/it\/\",\"name\":\"intoscana\",\"description\":\"\",\"potentialAction\":[{\"@type\":\"SearchAction\",\"target\":{\"@type\":\"EntryPoint\",\"urlTemplate\":\"https:\/\/www.intoscana.it\/it\/?s={search_term_string}\"},\"query-input\":{\"@type\":\"PropertyValueSpecification\",\"valueRequired\":true,\"valueName\":\"search_term_string\"}}],\"inLanguage\":\"it-IT\"},{\"@type\":\"Person\",\"@id\":\"https:\/\/www.intoscana.it\/it\/#\/schema\/person\/9223810753230f20bd670fdd322661f8\",\"name\":\"Redazione\",\"url\":\"https:\/\/www.intoscana.it\/it\/author\/redazione\/\"}]}<\/script>\n<!-- \/ Yoast SEO Premium plugin. -->","yoast_head_json":{"title":"Il 2 ottobre torna la Domenica metropolitana: tutti i musei e le mostre a ingresso gratuito - intoscana","description":"Domenica prossima mostre, visite guidate e attivit\u00e0 gratuite per i residenti della Citt\u00e0 Metropolitana di Firenze","robots":{"index":"index","follow":"follow","max-snippet":"max-snippet:-1","max-image-preview":"max-image-preview:large","max-video-preview":"max-video-preview:-1"},"canonical":"https:\/\/www.intoscana.it\/it\/il-2-ottobre-torna-la-domenica-metropolitana-tutti-i-musei-a-ingresso-gratuito\/","og_locale":"it_IT","og_type":"article","og_title":"Il 2 ottobre torna la Domenica metropolitana: tutti i musei e le mostre a ingresso gratuito","og_description":"Domenica prossima mostre, visite guidate e attivit\u00e0 gratuite per i residenti della Citt\u00e0 Metropolitana di Firenze","og_url":"https:\/\/www.intoscana.it\/it\/il-2-ottobre-torna-la-domenica-metropolitana-tutti-i-musei-a-ingresso-gratuito\/","og_site_name":"intoscana","article_publisher":"https:\/\/www.facebook.com\/intoscana.it","article_published_time":"2022-09-27T07:59:06+00:00","article_modified_time":"2022-09-27T08:00:25+00:00","og_image":[{"width":2048,"height":1365,"url":"https:\/\/www.intoscana.it\/wp-content\/uploads\/Passione-Novecento_Palazzo-Medici-Riccardi_1-scaled.jpeg","type":"image\/jpeg"}],"author":"Redazione","twitter_card":"summary_large_image","twitter_creator":"@intoscana","twitter_site":"@intoscana","twitter_misc":{"Written by":"Redazione","Est. reading time":"3 minuti"},"schema":{"@context":"https:\/\/schema.org","@graph":[{"@type":"WebPage","@id":"https:\/\/www.intoscana.it\/it\/il-2-ottobre-torna-la-domenica-metropolitana-tutti-i-musei-a-ingresso-gratuito\/","url":"https:\/\/www.intoscana.it\/it\/il-2-ottobre-torna-la-domenica-metropolitana-tutti-i-musei-a-ingresso-gratuito\/","name":"Il 2 ottobre torna la Domenica metropolitana: tutti i musei e le mostre a ingresso gratuito - intoscana","isPartOf":{"@id":"https:\/\/www.intoscana.it\/it\/#website"},"primaryImageOfPage":{"@id":"https:\/\/www.intoscana.it\/it\/il-2-ottobre-torna-la-domenica-metropolitana-tutti-i-musei-a-ingresso-gratuito\/#primaryimage"},"image":{"@id":"https:\/\/www.intoscana.it\/it\/il-2-ottobre-torna-la-domenica-metropolitana-tutti-i-musei-a-ingresso-gratuito\/#primaryimage"},"thumbnailUrl":"https:\/\/www.intoscana.it\/wp-content\/uploads\/Passione-Novecento_Palazzo-Medici-Riccardi_1-scaled.jpeg","datePublished":"2022-09-27T07:59:06+00:00","dateModified":"2022-09-27T08:00:25+00:00","author":{"@id":"https:\/\/www.intoscana.it\/it\/#\/schema\/person\/9223810753230f20bd670fdd322661f8"},"description":"Domenica prossima mostre, visite guidate e attivit\u00e0 gratuite per i residenti della Citt\u00e0 Metropolitana di Firenze","breadcrumb":{"@id":"https:\/\/www.intoscana.it\/it\/il-2-ottobre-torna-la-domenica-metropolitana-tutti-i-musei-a-ingresso-gratuito\/#breadcrumb"},"inLanguage":"it-IT","potentialAction":[{"@type":"ReadAction","target":["https:\/\/www.intoscana.it\/it\/il-2-ottobre-torna-la-domenica-metropolitana-tutti-i-musei-a-ingresso-gratuito\/"]}]},{"@type":"ImageObject","inLanguage":"it-IT","@id":"https:\/\/www.intoscana.it\/it\/il-2-ottobre-torna-la-domenica-metropolitana-tutti-i-musei-a-ingresso-gratuito\/#primaryimage","url":"https:\/\/www.intoscana.it\/wp-content\/uploads\/Passione-Novecento_Palazzo-Medici-Riccardi_1-scaled.jpeg","contentUrl":"https:\/\/www.intoscana.it\/wp-content\/uploads\/Passione-Novecento_Palazzo-Medici-Riccardi_1-scaled.jpeg","width":2048,"height":1365,"caption":"Passione Novecento, Palazzo Medici Riccardi"},{"@type":"BreadcrumbList","@id":"https:\/\/www.intoscana.it\/it\/il-2-ottobre-torna-la-domenica-metropolitana-tutti-i-musei-a-ingresso-gratuito\/#breadcrumb","itemListElement":[{"@type":"ListItem","position":1,"name":"Home","item":"https:\/\/www.intoscana.it\/it\/"},{"@type":"ListItem","position":2,"name":"Il 2 ottobre torna la Domenica metropolitana: tutti i musei e le mostre a ingresso gratuito"}]},{"@type":"WebSite","@id":"https:\/\/www.intoscana.it\/it\/#website","url":"https:\/\/www.intoscana.it\/it\/","name":"intoscana","description":"","potentialAction":[{"@type":"SearchAction","target":{"@type":"EntryPoint","urlTemplate":"https:\/\/www.intoscana.it\/it\/?s={search_term_string}"},"query-input":{"@type":"PropertyValueSpecification","valueRequired":true,"valueName":"search_term_string"}}],"inLanguage":"it-IT"},{"@type":"Person","@id":"https:\/\/www.intoscana.it\/it\/#\/schema\/person\/9223810753230f20bd670fdd322661f8","name":"Redazione","url":"https:\/\/www.intoscana.it\/it\/author\/redazione\/"}]}},"_links":{"self":[{"href":"https:\/\/www.intoscana.it\/it\/wp-json\/wp\/v2\/posts\/249706","targetHints":{"allow":["GET"]}}],"collection":[{"href":"https:\/\/www.intoscana.it\/it\/wp-json\/wp\/v2\/posts"}],"about":[{"href":"https:\/\/www.intoscana.it\/it\/wp-json\/wp\/v2\/types\/post"}],"author":[{"embeddable":true,"href":"https:\/\/www.intoscana.it\/it\/wp-json\/wp\/v2\/users\/525"}],"replies":[{"embeddable":true,"href":"https:\/\/www.intoscana.it\/it\/wp-json\/wp\/v2\/comments?post=249706"}],"version-history":[{"count":0,"href":"https:\/\/www.intoscana.it\/it\/wp-json\/wp\/v2\/posts\/249706\/revisions"}],"wp:featuredmedia":[{"embeddable":true,"href":"https:\/\/www.intoscana.it\/it\/wp-json\/wp\/v2\/media\/249711"}],"wp:attachment":[{"href":"https:\/\/www.intoscana.it\/it\/wp-json\/wp\/v2\/media?parent=249706"}],"wp:term":[{"taxonomy":"category","embeddable":true,"href":"https:\/\/www.intoscana.it\/it\/wp-json\/wp\/v2\/categories?post=249706"},{"taxonomy":"post_tag","embeddable":true,"href":"https:\/\/www.intoscana.it\/it\/wp-json\/wp\/v2\/tags?post=249706"}],"curies":[{"name":"wp","href":"https:\/\/api.w.org\/{rel}","templated":true}]}}