{"id":249805,"date":"2022-09-27T13:14:30","date_gmt":"2022-09-27T11:14:30","guid":{"rendered":"https:\/\/www.intoscana.it\/it\/?p=249805"},"modified":"2022-09-28T12:08:47","modified_gmt":"2022-09-28T10:08:47","slug":"covid-19-2-573-nuovi-casi-e-2-decessi-in-toscana","status":"publish","type":"post","link":"https:\/\/www.intoscana.it\/it\/covid-19-2-573-nuovi-casi-e-2-decessi-in-toscana\/","title":{"rendered":"Covid-19: 2.573 nuovi casi e 2 decessi in Toscana"},"content":{"rendered":"<p><strong>Sono 2.573 i nuovi casi di Covid-19 registrati nelle ultime ventiquattro ore in Toscana<\/strong>: 272 sono stati confermati con tampone molecolare e gli altri 2.301 con test rapido. Il numero dei contagiati rilevati nella regione dall&#8217;inizio della pandemia sale dunque a 1.400.324. I nuovi casi sono lo 0,2% in pi\u00f9 rispetto al totale del giorno precedente. I guariti crescono dello 0,1% (1.721 persone) e raggiungono quota 1.306.034 (93,3% dei casi totali).<\/p>\n<p>Al momento in Toscana risultano pertanto 83.534 positivi, +1% rispetto a ieri. <strong>Di questi 191 (14 in pi\u00f9 rispetto a ieri) sono ricoverati in ospedale: quattro (numero stabile) si trovano in terapia intensiva.<\/strong> La lista dei decessi si aggiorna con due nuove morti: un uomo e una donna con un&#8217;et\u00e0 media di 79 anni.<\/p>\n<p><strong>Dall&#8217;ultimo bollettino quotidiano sono stati eseguiti 1.184 tamponi molecolari e 12.223 tamponi antigenici rapidi:<\/strong> di questi il 19,2% \u00e8 risultato positivo. Sono invece 3.668 i soggetti testati, escludendo i tamponi di controllo: il 70,1% di questi \u00e8 risultato positivo. L&#8217;et\u00e0 media dei 2.573 nuovi positivi \u00e8 di circa 50 anni: il 13% ha meno di 20 anni, il 15% tra 20 e 39, il 37% tra 40 e 59, il 29% tra 60 e 79 anni ed il 6% ottanta o pi\u00f9.<\/p>\n<p>I dati, relativi all&#8217;andamento della pandemia, sono quelli accertati oggi sulla base delle richieste della Protezione civile nazionale.<\/p>\n<h3>L&#8217;andamento per provincia<\/h3>\n<p>Con gli ultimi casi salgono a 381.309 i positivi dall&#8217;inizio dell&#8217;emergenza registrati nei comuni della Citt\u00e0 metropolitana di Firenze (617 in pi\u00f9 rispetto a ieri), 93.562 in provincia di Prato (139 in pi\u00f9), 110.292 a Pistoia (212 in pi\u00f9), 70.554 a Massa Carrara (109 in pi\u00f9), 149.458 a Lucca (278 in pi\u00f9), 162.515 a Pisa (333 in pi\u00f9), 126.831 a Livorno (246 in pi\u00f9), 127.382 ad Arezzo (332 in pi\u00f9), 100.585 a Siena (184 in pi\u00f9) e 77.281 a Grosseto (123 in pi\u00f9). A questi vanno aggiunti 555 casi di positivit\u00e0 notificati in Toscana ma che riguardano residenti in altre regioni.<\/p>\n<p><strong>Sono 991 le nuove segnalazioni nell&#8217;Asl Centro, 943 nella Nord Ovest, 639 nella Sud Est.<\/strong><\/p>\n<p>La Toscana si trova al decimo posto in Italia come numerosit\u00e0 di casi complessivi dall&#8217;inizio della pandemia (tra residenti e non residenti), con circa 37.920 casi ogni 100.000 abitanti (la media italiana \u00e9 37.669, dato di ieri). Al momento la provincia di notifica con il tasso pi\u00f9 alto \u00e9 Lucca (con 38.926 casi ogni 100 mila abitanti), seguita da Pisa (38.881) e Livorno (38.551). La pi\u00f9 bassa concentrazione si riscontra a Prato (con un tasso di 35.271).<\/p>\n<h3>Oltre 83mila persone in isolamento, due nuovi decessi<\/h3>\n<p>Le persone in isolamento a casa, perch\u00e9 presentano sintomi lievi che non richiedono cure ospedaliere o risultano prive di sintomi, risultano 83.343 (836 in pi\u00f9 rispetto a ieri, pi\u00f9 1%). <strong>I 1.306.034 guariti registrati a oggi lo sono a tutti gli effetti, da un punto di vista virale, certificati con tampone negativo.<\/strong><\/p>\n<p>La lista dei decessi si aggiorna con due nuovi morti: un uomo e una donna con un&#8217;et\u00e0 media di 79 anni. Le persone decedute vivevano nelle province di Firenze e Pisa.<\/p>\n<p><strong>Salgono dunque a 10.756 i deceduti dall&#8217;inizio dell&#8217;epidemia in Toscana<\/strong>: 3.376 nella Citt\u00e0 metropolitana di Firenze, 880 in provincia di Prato, 968 a Pistoia, 684 a Massa Carrara, 1.009 a Lucca, 1.213 a Pisa, 811 a Livorno, 688 ad Arezzo, 569 a Siena, 404 a Grosseto. Vanno aggiunte 154 persone decedute sul suolo toscano ma erano residenti fuori regione.<\/p>\n<p>Il tasso grezzo di mortalit\u00e0 per Covid-19 (numero di deceduti su popolazione residente) \u00e8 al momento 291,3 ogni 100 mila abitanti, contro 298,7 della media italiana. La Toscana \u00e9 nona tra le regioni. Per quanto riguarda le province, il tasso di mortalit\u00e0 pi\u00f9 alto si riscontra a Massa Carrara (360,3 ogni 100 mila abitanti), seguita da Firenze (338,1) e Pistoia (333,5), mentre il pi\u00f9 basso \u00e8 a Grosseto (185,5).<\/p>\n","protected":false},"excerpt":{"rendered":"<p>L&#8217;et\u00e0 media dei nuovi positivi \u00e8 di 50 anni. In ospedale sono ricoverate 191 persone, di cui quattro in terapia intensiva<\/p>\n","protected":false},"author":525,"featured_media":154560,"comment_status":"open","ping_status":"open","sticky":false,"template":"","format":"standard","meta":{"_acf_changed":false,"footnotes":""},"categories":[494],"tags":[4868,418],"class_list":["post-249805","post","type-post","status-publish","format-standard","has-post-thumbnail","hentry","category-attualita","tag-bollettino-covid-toscana","tag-covid-19"],"acf":[],"yoast_head":"<!-- This site is optimized with the Yoast SEO Premium plugin v24.2 (Yoast SEO v25.6) - https:\/\/yoast.com\/wordpress\/plugins\/seo\/ -->\n<title>Covid-19: 2.573 nuovi casi e 2 decessi in Toscana - intoscana<\/title>\n<meta name=\"robots\" content=\"index, follow, max-snippet:-1, max-image-preview:large, max-video-preview:-1\" \/>\n<link rel=\"canonical\" href=\"https:\/\/www.intoscana.it\/it\/covid-19-2-573-nuovi-casi-e-2-decessi-in-toscana\/\" \/>\n<meta property=\"og:locale\" content=\"it_IT\" \/>\n<meta property=\"og:type\" content=\"article\" \/>\n<meta property=\"og:title\" content=\"Covid-19: 2.573 nuovi casi e 2 decessi in Toscana\" \/>\n<meta property=\"og:description\" content=\"L&#039;et\u00e0 media dei nuovi positivi \u00e8 di 50 anni. In ospedale sono ricoverate 191 persone, di cui quattro in terapia intensiva\" \/>\n<meta property=\"og:url\" content=\"https:\/\/www.intoscana.it\/it\/covid-19-2-573-nuovi-casi-e-2-decessi-in-toscana\/\" \/>\n<meta property=\"og:site_name\" content=\"intoscana\" \/>\n<meta property=\"article:publisher\" content=\"https:\/\/www.facebook.com\/intoscana.it\" \/>\n<meta property=\"article:published_time\" content=\"2022-09-27T11:14:30+00:00\" \/>\n<meta property=\"article:modified_time\" content=\"2022-09-28T10:08:47+00:00\" \/>\n<meta property=\"og:image\" content=\"https:\/\/www.intoscana.it\/wp-content\/uploads\/Tampone-JC-Gellidon-Unsplash.jpg\" \/>\n\t<meta property=\"og:image:width\" content=\"1920\" \/>\n\t<meta property=\"og:image:height\" content=\"1280\" \/>\n\t<meta property=\"og:image:type\" content=\"image\/jpeg\" \/>\n<meta name=\"author\" content=\"Redazione\" \/>\n<meta name=\"twitter:card\" content=\"summary_large_image\" \/>\n<meta name=\"twitter:creator\" content=\"@intoscana\" \/>\n<meta name=\"twitter:site\" content=\"@intoscana\" \/>\n<meta name=\"twitter:label1\" content=\"Written by\" \/>\n\t<meta name=\"twitter:data1\" content=\"Redazione\" \/>\n\t<meta name=\"twitter:label2\" content=\"Est. reading time\" \/>\n\t<meta name=\"twitter:data2\" content=\"3 minuti\" \/>\n<script type=\"application\/ld+json\" class=\"yoast-schema-graph\">{\"@context\":\"https:\/\/schema.org\",\"@graph\":[{\"@type\":\"WebPage\",\"@id\":\"https:\/\/www.intoscana.it\/it\/covid-19-2-573-nuovi-casi-e-2-decessi-in-toscana\/\",\"url\":\"https:\/\/www.intoscana.it\/it\/covid-19-2-573-nuovi-casi-e-2-decessi-in-toscana\/\",\"name\":\"Covid-19: 2.573 nuovi casi e 2 decessi in Toscana - intoscana\",\"isPartOf\":{\"@id\":\"https:\/\/www.intoscana.it\/it\/#website\"},\"primaryImageOfPage\":{\"@id\":\"https:\/\/www.intoscana.it\/it\/covid-19-2-573-nuovi-casi-e-2-decessi-in-toscana\/#primaryimage\"},\"image\":{\"@id\":\"https:\/\/www.intoscana.it\/it\/covid-19-2-573-nuovi-casi-e-2-decessi-in-toscana\/#primaryimage\"},\"thumbnailUrl\":\"https:\/\/www.intoscana.it\/wp-content\/uploads\/Tampone-JC-Gellidon-Unsplash.jpg\",\"datePublished\":\"2022-09-27T11:14:30+00:00\",\"dateModified\":\"2022-09-28T10:08:47+00:00\",\"author\":{\"@id\":\"https:\/\/www.intoscana.it\/it\/#\/schema\/person\/9223810753230f20bd670fdd322661f8\"},\"breadcrumb\":{\"@id\":\"https:\/\/www.intoscana.it\/it\/covid-19-2-573-nuovi-casi-e-2-decessi-in-toscana\/#breadcrumb\"},\"inLanguage\":\"it-IT\",\"potentialAction\":[{\"@type\":\"ReadAction\",\"target\":[\"https:\/\/www.intoscana.it\/it\/covid-19-2-573-nuovi-casi-e-2-decessi-in-toscana\/\"]}]},{\"@type\":\"ImageObject\",\"inLanguage\":\"it-IT\",\"@id\":\"https:\/\/www.intoscana.it\/it\/covid-19-2-573-nuovi-casi-e-2-decessi-in-toscana\/#primaryimage\",\"url\":\"https:\/\/www.intoscana.it\/wp-content\/uploads\/Tampone-JC-Gellidon-Unsplash.jpg\",\"contentUrl\":\"https:\/\/www.intoscana.it\/wp-content\/uploads\/Tampone-JC-Gellidon-Unsplash.jpg\",\"width\":1920,\"height\":1280,\"caption\":\"Tamponi per individuare il Covid-19\"},{\"@type\":\"BreadcrumbList\",\"@id\":\"https:\/\/www.intoscana.it\/it\/covid-19-2-573-nuovi-casi-e-2-decessi-in-toscana\/#breadcrumb\",\"itemListElement\":[{\"@type\":\"ListItem\",\"position\":1,\"name\":\"Home\",\"item\":\"https:\/\/www.intoscana.it\/it\/\"},{\"@type\":\"ListItem\",\"position\":2,\"name\":\"Covid-19: 2.573 nuovi casi e 2 decessi in Toscana\"}]},{\"@type\":\"WebSite\",\"@id\":\"https:\/\/www.intoscana.it\/it\/#website\",\"url\":\"https:\/\/www.intoscana.it\/it\/\",\"name\":\"intoscana\",\"description\":\"\",\"potentialAction\":[{\"@type\":\"SearchAction\",\"target\":{\"@type\":\"EntryPoint\",\"urlTemplate\":\"https:\/\/www.intoscana.it\/it\/?s={search_term_string}\"},\"query-input\":{\"@type\":\"PropertyValueSpecification\",\"valueRequired\":true,\"valueName\":\"search_term_string\"}}],\"inLanguage\":\"it-IT\"},{\"@type\":\"Person\",\"@id\":\"https:\/\/www.intoscana.it\/it\/#\/schema\/person\/9223810753230f20bd670fdd322661f8\",\"name\":\"Redazione\",\"url\":\"https:\/\/www.intoscana.it\/it\/author\/redazione\/\"}]}<\/script>\n<!-- \/ Yoast SEO Premium plugin. -->","yoast_head_json":{"title":"Covid-19: 2.573 nuovi casi e 2 decessi in Toscana - intoscana","robots":{"index":"index","follow":"follow","max-snippet":"max-snippet:-1","max-image-preview":"max-image-preview:large","max-video-preview":"max-video-preview:-1"},"canonical":"https:\/\/www.intoscana.it\/it\/covid-19-2-573-nuovi-casi-e-2-decessi-in-toscana\/","og_locale":"it_IT","og_type":"article","og_title":"Covid-19: 2.573 nuovi casi e 2 decessi in Toscana","og_description":"L'et\u00e0 media dei nuovi positivi \u00e8 di 50 anni. In ospedale sono ricoverate 191 persone, di cui quattro in terapia intensiva","og_url":"https:\/\/www.intoscana.it\/it\/covid-19-2-573-nuovi-casi-e-2-decessi-in-toscana\/","og_site_name":"intoscana","article_publisher":"https:\/\/www.facebook.com\/intoscana.it","article_published_time":"2022-09-27T11:14:30+00:00","article_modified_time":"2022-09-28T10:08:47+00:00","og_image":[{"width":1920,"height":1280,"url":"https:\/\/www.intoscana.it\/wp-content\/uploads\/Tampone-JC-Gellidon-Unsplash.jpg","type":"image\/jpeg"}],"author":"Redazione","twitter_card":"summary_large_image","twitter_creator":"@intoscana","twitter_site":"@intoscana","twitter_misc":{"Written by":"Redazione","Est. reading time":"3 minuti"},"schema":{"@context":"https:\/\/schema.org","@graph":[{"@type":"WebPage","@id":"https:\/\/www.intoscana.it\/it\/covid-19-2-573-nuovi-casi-e-2-decessi-in-toscana\/","url":"https:\/\/www.intoscana.it\/it\/covid-19-2-573-nuovi-casi-e-2-decessi-in-toscana\/","name":"Covid-19: 2.573 nuovi casi e 2 decessi in Toscana - intoscana","isPartOf":{"@id":"https:\/\/www.intoscana.it\/it\/#website"},"primaryImageOfPage":{"@id":"https:\/\/www.intoscana.it\/it\/covid-19-2-573-nuovi-casi-e-2-decessi-in-toscana\/#primaryimage"},"image":{"@id":"https:\/\/www.intoscana.it\/it\/covid-19-2-573-nuovi-casi-e-2-decessi-in-toscana\/#primaryimage"},"thumbnailUrl":"https:\/\/www.intoscana.it\/wp-content\/uploads\/Tampone-JC-Gellidon-Unsplash.jpg","datePublished":"2022-09-27T11:14:30+00:00","dateModified":"2022-09-28T10:08:47+00:00","author":{"@id":"https:\/\/www.intoscana.it\/it\/#\/schema\/person\/9223810753230f20bd670fdd322661f8"},"breadcrumb":{"@id":"https:\/\/www.intoscana.it\/it\/covid-19-2-573-nuovi-casi-e-2-decessi-in-toscana\/#breadcrumb"},"inLanguage":"it-IT","potentialAction":[{"@type":"ReadAction","target":["https:\/\/www.intoscana.it\/it\/covid-19-2-573-nuovi-casi-e-2-decessi-in-toscana\/"]}]},{"@type":"ImageObject","inLanguage":"it-IT","@id":"https:\/\/www.intoscana.it\/it\/covid-19-2-573-nuovi-casi-e-2-decessi-in-toscana\/#primaryimage","url":"https:\/\/www.intoscana.it\/wp-content\/uploads\/Tampone-JC-Gellidon-Unsplash.jpg","contentUrl":"https:\/\/www.intoscana.it\/wp-content\/uploads\/Tampone-JC-Gellidon-Unsplash.jpg","width":1920,"height":1280,"caption":"Tamponi per individuare il Covid-19"},{"@type":"BreadcrumbList","@id":"https:\/\/www.intoscana.it\/it\/covid-19-2-573-nuovi-casi-e-2-decessi-in-toscana\/#breadcrumb","itemListElement":[{"@type":"ListItem","position":1,"name":"Home","item":"https:\/\/www.intoscana.it\/it\/"},{"@type":"ListItem","position":2,"name":"Covid-19: 2.573 nuovi casi e 2 decessi in Toscana"}]},{"@type":"WebSite","@id":"https:\/\/www.intoscana.it\/it\/#website","url":"https:\/\/www.intoscana.it\/it\/","name":"intoscana","description":"","potentialAction":[{"@type":"SearchAction","target":{"@type":"EntryPoint","urlTemplate":"https:\/\/www.intoscana.it\/it\/?s={search_term_string}"},"query-input":{"@type":"PropertyValueSpecification","valueRequired":true,"valueName":"search_term_string"}}],"inLanguage":"it-IT"},{"@type":"Person","@id":"https:\/\/www.intoscana.it\/it\/#\/schema\/person\/9223810753230f20bd670fdd322661f8","name":"Redazione","url":"https:\/\/www.intoscana.it\/it\/author\/redazione\/"}]}},"_links":{"self":[{"href":"https:\/\/www.intoscana.it\/it\/wp-json\/wp\/v2\/posts\/249805","targetHints":{"allow":["GET"]}}],"collection":[{"href":"https:\/\/www.intoscana.it\/it\/wp-json\/wp\/v2\/posts"}],"about":[{"href":"https:\/\/www.intoscana.it\/it\/wp-json\/wp\/v2\/types\/post"}],"author":[{"embeddable":true,"href":"https:\/\/www.intoscana.it\/it\/wp-json\/wp\/v2\/users\/525"}],"replies":[{"embeddable":true,"href":"https:\/\/www.intoscana.it\/it\/wp-json\/wp\/v2\/comments?post=249805"}],"version-history":[{"count":0,"href":"https:\/\/www.intoscana.it\/it\/wp-json\/wp\/v2\/posts\/249805\/revisions"}],"wp:featuredmedia":[{"embeddable":true,"href":"https:\/\/www.intoscana.it\/it\/wp-json\/wp\/v2\/media\/154560"}],"wp:attachment":[{"href":"https:\/\/www.intoscana.it\/it\/wp-json\/wp\/v2\/media?parent=249805"}],"wp:term":[{"taxonomy":"category","embeddable":true,"href":"https:\/\/www.intoscana.it\/it\/wp-json\/wp\/v2\/categories?post=249805"},{"taxonomy":"post_tag","embeddable":true,"href":"https:\/\/www.intoscana.it\/it\/wp-json\/wp\/v2\/tags?post=249805"}],"curies":[{"name":"wp","href":"https:\/\/api.w.org\/{rel}","templated":true}]}}