{"id":249833,"date":"2022-10-18T13:44:36","date_gmt":"2022-10-18T11:44:36","guid":{"rendered":"https:\/\/www.intoscana.it\/it\/?p=249833"},"modified":"2022-10-18T15:39:55","modified_gmt":"2022-10-18T13:39:55","slug":"edoardo-bennato-innamorato-della-val-di-chiana-una-mostra-a-un-concerto-a-castiglion-fiorentino","status":"publish","type":"post","link":"https:\/\/www.intoscana.it\/it\/edoardo-bennato-innamorato-della-val-di-chiana-una-mostra-a-un-concerto-a-castiglion-fiorentino\/","title":{"rendered":"Edoardo Bennato innamorato della Val di Chiana: una mostra e un concerto a Castiglion Fiorentino"},"content":{"rendered":"<p>Forse non tutti sanno che <strong>Edoardo Bennato<\/strong> uno dei cantautori italiani pi\u00f9 apprezzati, l&#8217;autore di canzoni famosissime come<em><strong> &#8220;Il gatto e la volpe&#8221; o &#8220;L&#8217;isola che non c&#8217;\u00e8&#8221;<\/strong> <\/em>non \u00e8 bravo solo a suonare ma conserva dentro di s\u00e9 anche il <strong>talento della pittura.<\/strong><\/p>\n<p>Debutter\u00e0 il<strong> 18 ottobre<\/strong> nella veste ancora poco nota di pittore al <strong>museo di Castiglion Fiorentino in provincia di Arezzo<\/strong> con una mostra che vedr\u00e0 una nuova serie di tele firmate da lui.<\/p>\n<p><strong>Le opere, in tutto 35<\/strong>, ritraggono scene di vita come i <strong>venditori e giovani madri sulla spiaggia<\/strong>, a colori e in bianco e nero, disegni e pitture su tela.<\/p>\n<p><em>&#8220;Fin dall&#8217;inizio ho sempre cercato di rendere complementare all&#8217;<strong>attivit\u00e0 di saltimbanco quella di disegnatore&#8221; &#8211;\u00a0<\/strong><\/em><strong>ha dichiarato Bennato &#8211;\u00a0<\/strong><em>&#8220;Pare impossibile che alla nostra latitudine e nel 2022 si parli ancora di guerra. Il messaggio prioritario \u00e8 quello di eliminare le differenze nel mondo tra paesi occidentali e paesi asiatici e di altre zone o non ne verremo mai fuori. Sono partito dalla torre di Babele copertina del mio album per poi arrivare ad altre tematiche&#8221;<\/em>, ha continuato.<\/p>\n<p><em>&#8220;I migranti descritti nei miei quadri rappresentano il cammino della famiglia umana in tutti questi secoli. Non ci sono diverse razze ma solo una razza che si \u00e8 diversificata nel corso della storia. La mostra n<\/em><em>on sar\u00e0 un evento isolato<\/em> &#8211;<strong> ha proseguito<\/strong> &#8211; <em>perch\u00e9 <strong>il 27 ottobre al teatro &#8216;Mario Spina&#8217; di Castiglion Fiorentino<\/strong> terr\u00f2 un concerto pensato proprio per quel genere di spazio, con un quartetto d&#8217;archi ed un soprano&#8221;.<\/em><\/p>\n<p><strong>Un evento cult dedicato al piccolo paese<\/strong> che prova quanto <strong>Edoardo Bennato si sia innamorato del borgo della Val di Chiana<\/strong>.<\/p>\n<p>Il cantante conobbe bene <strong>Castiglion Fiorentino<\/strong> in occasione del concerto che un anno fa tenne sulla<strong> torre del Cassero<\/strong> per ricordare <strong>Chiara Meoni, figlia del campione della Dakar Fabrizio,<\/strong> scomparsa a 18 anni per un tumore.<\/p>\n<p><em>&#8220;Siamo onorati che Edoardo abbia scelto Castiglion Fiorentino per presentare la sua nuova produzione artistica &#8211;<\/em><strong> ha commentato il sindaco Mario Agnelli <\/strong><em>-. Lo spazio del museo ben si coniuga con le sue tele. A teatro poi sar\u00e0 presentata un&#8217;autentica chicca che mescola generi musicali e che non mancher\u00e0 di colpire il pubblico.\u00a0Edoardo \u00e8 arrivato lo scorso anno per commemorare Chiara Meoni, figlia dell&#8217;indimenticabile campione della Dakar Fabrizio, e si \u00e8 innamorato della nostra citt\u00e0 fino a decidere di tenere qui la sua personale. Il 26 ottobre poi terr\u00e0 al teatro Spina il suo concerto che \u00e8 gi\u00e0 sold out&#8221;.<\/em><\/p>\n<p>&nbsp;<\/p>\n<p>&nbsp;<\/p>\n<p>&nbsp;<\/p>\n","protected":false},"excerpt":{"rendered":"<p>Il 18 ottobre apre una mostra nel piccolo centro della Toscana con nuove tele firmate dal cantautore, mentre il 27 ottobre si terr\u00e0 un concerto al teatro &#8216;Mario Spina&#8217;<\/p>\n","protected":false},"author":525,"featured_media":249839,"comment_status":"open","ping_status":"open","sticky":false,"template":"","format":"standard","meta":{"_acf_changed":false,"footnotes":""},"categories":[14],"tags":[216,167],"class_list":["post-249833","post","type-post","status-publish","format-standard","has-post-thumbnail","hentry","category-musica","tag-concerti","tag-musica"],"acf":[],"yoast_head":"<!-- This site is optimized with the Yoast SEO Premium plugin v24.2 (Yoast SEO v25.6) - https:\/\/yoast.com\/wordpress\/plugins\/seo\/ -->\n<title>Edoardo Bennato innamorato della Val di Chiana: una mostra e un concerto a Castiglion Fiorentino - intoscana<\/title>\n<meta name=\"description\" content=\"Il 18 ottobre apre una mostra nel piccolo centro della Toscana con nuove tele firmate dal cantautore, mentre il 27 ottobre si terr\u00e0 un live\" \/>\n<meta name=\"robots\" content=\"index, follow, max-snippet:-1, max-image-preview:large, max-video-preview:-1\" \/>\n<link rel=\"canonical\" href=\"https:\/\/www.intoscana.it\/it\/edoardo-bennato-innamorato-della-val-di-chiana-una-mostra-a-un-concerto-a-castiglion-fiorentino\/\" \/>\n<meta property=\"og:locale\" content=\"it_IT\" \/>\n<meta property=\"og:type\" content=\"article\" \/>\n<meta property=\"og:title\" content=\"Edoardo Bennato innamorato della Val di Chiana: una mostra e un concerto a Castiglion Fiorentino\" \/>\n<meta property=\"og:description\" content=\"Il 18 ottobre apre una mostra nel piccolo centro della Toscana con nuove tele firmate dal cantautore, mentre il 27 ottobre si terr\u00e0 un live\" \/>\n<meta property=\"og:url\" content=\"https:\/\/www.intoscana.it\/it\/edoardo-bennato-innamorato-della-val-di-chiana-una-mostra-a-un-concerto-a-castiglion-fiorentino\/\" \/>\n<meta property=\"og:site_name\" content=\"intoscana\" \/>\n<meta property=\"article:publisher\" content=\"https:\/\/www.facebook.com\/intoscana.it\" \/>\n<meta property=\"article:published_time\" content=\"2022-10-18T11:44:36+00:00\" \/>\n<meta property=\"article:modified_time\" content=\"2022-10-18T13:39:55+00:00\" \/>\n<meta property=\"og:image\" content=\"https:\/\/www.intoscana.it\/wp-content\/uploads\/bennatolive1-l.jpg\" \/>\n\t<meta property=\"og:image:width\" content=\"1000\" \/>\n\t<meta property=\"og:image:height\" content=\"750\" \/>\n\t<meta property=\"og:image:type\" content=\"image\/jpeg\" \/>\n<meta name=\"author\" content=\"Redazione\" \/>\n<meta name=\"twitter:card\" content=\"summary_large_image\" \/>\n<meta name=\"twitter:creator\" content=\"@intoscana\" \/>\n<meta name=\"twitter:site\" content=\"@intoscana\" \/>\n<meta name=\"twitter:label1\" content=\"Written by\" \/>\n\t<meta name=\"twitter:data1\" content=\"Redazione\" \/>\n\t<meta name=\"twitter:label2\" content=\"Est. reading time\" \/>\n\t<meta name=\"twitter:data2\" content=\"2 minuti\" \/>\n<script type=\"application\/ld+json\" class=\"yoast-schema-graph\">{\"@context\":\"https:\/\/schema.org\",\"@graph\":[{\"@type\":\"WebPage\",\"@id\":\"https:\/\/www.intoscana.it\/it\/edoardo-bennato-innamorato-della-val-di-chiana-una-mostra-a-un-concerto-a-castiglion-fiorentino\/\",\"url\":\"https:\/\/www.intoscana.it\/it\/edoardo-bennato-innamorato-della-val-di-chiana-una-mostra-a-un-concerto-a-castiglion-fiorentino\/\",\"name\":\"Edoardo Bennato innamorato della Val di Chiana: una mostra e un concerto a Castiglion Fiorentino - intoscana\",\"isPartOf\":{\"@id\":\"https:\/\/www.intoscana.it\/it\/#website\"},\"primaryImageOfPage\":{\"@id\":\"https:\/\/www.intoscana.it\/it\/edoardo-bennato-innamorato-della-val-di-chiana-una-mostra-a-un-concerto-a-castiglion-fiorentino\/#primaryimage\"},\"image\":{\"@id\":\"https:\/\/www.intoscana.it\/it\/edoardo-bennato-innamorato-della-val-di-chiana-una-mostra-a-un-concerto-a-castiglion-fiorentino\/#primaryimage\"},\"thumbnailUrl\":\"https:\/\/www.intoscana.it\/wp-content\/uploads\/bennatolive1-l.jpg\",\"datePublished\":\"2022-10-18T11:44:36+00:00\",\"dateModified\":\"2022-10-18T13:39:55+00:00\",\"author\":{\"@id\":\"https:\/\/www.intoscana.it\/it\/#\/schema\/person\/9223810753230f20bd670fdd322661f8\"},\"description\":\"Il 18 ottobre apre una mostra nel piccolo centro della Toscana con nuove tele firmate dal cantautore, mentre il 27 ottobre si terr\u00e0 un live\",\"breadcrumb\":{\"@id\":\"https:\/\/www.intoscana.it\/it\/edoardo-bennato-innamorato-della-val-di-chiana-una-mostra-a-un-concerto-a-castiglion-fiorentino\/#breadcrumb\"},\"inLanguage\":\"it-IT\",\"potentialAction\":[{\"@type\":\"ReadAction\",\"target\":[\"https:\/\/www.intoscana.it\/it\/edoardo-bennato-innamorato-della-val-di-chiana-una-mostra-a-un-concerto-a-castiglion-fiorentino\/\"]}]},{\"@type\":\"ImageObject\",\"inLanguage\":\"it-IT\",\"@id\":\"https:\/\/www.intoscana.it\/it\/edoardo-bennato-innamorato-della-val-di-chiana-una-mostra-a-un-concerto-a-castiglion-fiorentino\/#primaryimage\",\"url\":\"https:\/\/www.intoscana.it\/wp-content\/uploads\/bennatolive1-l.jpg\",\"contentUrl\":\"https:\/\/www.intoscana.it\/wp-content\/uploads\/bennatolive1-l.jpg\",\"width\":1000,\"height\":750},{\"@type\":\"BreadcrumbList\",\"@id\":\"https:\/\/www.intoscana.it\/it\/edoardo-bennato-innamorato-della-val-di-chiana-una-mostra-a-un-concerto-a-castiglion-fiorentino\/#breadcrumb\",\"itemListElement\":[{\"@type\":\"ListItem\",\"position\":1,\"name\":\"Home\",\"item\":\"https:\/\/www.intoscana.it\/it\/\"},{\"@type\":\"ListItem\",\"position\":2,\"name\":\"Edoardo Bennato innamorato della Val di Chiana: una mostra e un concerto a Castiglion Fiorentino\"}]},{\"@type\":\"WebSite\",\"@id\":\"https:\/\/www.intoscana.it\/it\/#website\",\"url\":\"https:\/\/www.intoscana.it\/it\/\",\"name\":\"intoscana\",\"description\":\"\",\"potentialAction\":[{\"@type\":\"SearchAction\",\"target\":{\"@type\":\"EntryPoint\",\"urlTemplate\":\"https:\/\/www.intoscana.it\/it\/?s={search_term_string}\"},\"query-input\":{\"@type\":\"PropertyValueSpecification\",\"valueRequired\":true,\"valueName\":\"search_term_string\"}}],\"inLanguage\":\"it-IT\"},{\"@type\":\"Person\",\"@id\":\"https:\/\/www.intoscana.it\/it\/#\/schema\/person\/9223810753230f20bd670fdd322661f8\",\"name\":\"Redazione\",\"url\":\"https:\/\/www.intoscana.it\/it\/author\/redazione\/\"}]}<\/script>\n<!-- \/ Yoast SEO Premium plugin. -->","yoast_head_json":{"title":"Edoardo Bennato innamorato della Val di Chiana: una mostra e un concerto a Castiglion Fiorentino - intoscana","description":"Il 18 ottobre apre una mostra nel piccolo centro della Toscana con nuove tele firmate dal cantautore, mentre il 27 ottobre si terr\u00e0 un live","robots":{"index":"index","follow":"follow","max-snippet":"max-snippet:-1","max-image-preview":"max-image-preview:large","max-video-preview":"max-video-preview:-1"},"canonical":"https:\/\/www.intoscana.it\/it\/edoardo-bennato-innamorato-della-val-di-chiana-una-mostra-a-un-concerto-a-castiglion-fiorentino\/","og_locale":"it_IT","og_type":"article","og_title":"Edoardo Bennato innamorato della Val di Chiana: una mostra e un concerto a Castiglion Fiorentino","og_description":"Il 18 ottobre apre una mostra nel piccolo centro della Toscana con nuove tele firmate dal cantautore, mentre il 27 ottobre si terr\u00e0 un live","og_url":"https:\/\/www.intoscana.it\/it\/edoardo-bennato-innamorato-della-val-di-chiana-una-mostra-a-un-concerto-a-castiglion-fiorentino\/","og_site_name":"intoscana","article_publisher":"https:\/\/www.facebook.com\/intoscana.it","article_published_time":"2022-10-18T11:44:36+00:00","article_modified_time":"2022-10-18T13:39:55+00:00","og_image":[{"width":1000,"height":750,"url":"https:\/\/www.intoscana.it\/wp-content\/uploads\/bennatolive1-l.jpg","type":"image\/jpeg"}],"author":"Redazione","twitter_card":"summary_large_image","twitter_creator":"@intoscana","twitter_site":"@intoscana","twitter_misc":{"Written by":"Redazione","Est. reading time":"2 minuti"},"schema":{"@context":"https:\/\/schema.org","@graph":[{"@type":"WebPage","@id":"https:\/\/www.intoscana.it\/it\/edoardo-bennato-innamorato-della-val-di-chiana-una-mostra-a-un-concerto-a-castiglion-fiorentino\/","url":"https:\/\/www.intoscana.it\/it\/edoardo-bennato-innamorato-della-val-di-chiana-una-mostra-a-un-concerto-a-castiglion-fiorentino\/","name":"Edoardo Bennato innamorato della Val di Chiana: una mostra e un concerto a Castiglion Fiorentino - intoscana","isPartOf":{"@id":"https:\/\/www.intoscana.it\/it\/#website"},"primaryImageOfPage":{"@id":"https:\/\/www.intoscana.it\/it\/edoardo-bennato-innamorato-della-val-di-chiana-una-mostra-a-un-concerto-a-castiglion-fiorentino\/#primaryimage"},"image":{"@id":"https:\/\/www.intoscana.it\/it\/edoardo-bennato-innamorato-della-val-di-chiana-una-mostra-a-un-concerto-a-castiglion-fiorentino\/#primaryimage"},"thumbnailUrl":"https:\/\/www.intoscana.it\/wp-content\/uploads\/bennatolive1-l.jpg","datePublished":"2022-10-18T11:44:36+00:00","dateModified":"2022-10-18T13:39:55+00:00","author":{"@id":"https:\/\/www.intoscana.it\/it\/#\/schema\/person\/9223810753230f20bd670fdd322661f8"},"description":"Il 18 ottobre apre una mostra nel piccolo centro della Toscana con nuove tele firmate dal cantautore, mentre il 27 ottobre si terr\u00e0 un live","breadcrumb":{"@id":"https:\/\/www.intoscana.it\/it\/edoardo-bennato-innamorato-della-val-di-chiana-una-mostra-a-un-concerto-a-castiglion-fiorentino\/#breadcrumb"},"inLanguage":"it-IT","potentialAction":[{"@type":"ReadAction","target":["https:\/\/www.intoscana.it\/it\/edoardo-bennato-innamorato-della-val-di-chiana-una-mostra-a-un-concerto-a-castiglion-fiorentino\/"]}]},{"@type":"ImageObject","inLanguage":"it-IT","@id":"https:\/\/www.intoscana.it\/it\/edoardo-bennato-innamorato-della-val-di-chiana-una-mostra-a-un-concerto-a-castiglion-fiorentino\/#primaryimage","url":"https:\/\/www.intoscana.it\/wp-content\/uploads\/bennatolive1-l.jpg","contentUrl":"https:\/\/www.intoscana.it\/wp-content\/uploads\/bennatolive1-l.jpg","width":1000,"height":750},{"@type":"BreadcrumbList","@id":"https:\/\/www.intoscana.it\/it\/edoardo-bennato-innamorato-della-val-di-chiana-una-mostra-a-un-concerto-a-castiglion-fiorentino\/#breadcrumb","itemListElement":[{"@type":"ListItem","position":1,"name":"Home","item":"https:\/\/www.intoscana.it\/it\/"},{"@type":"ListItem","position":2,"name":"Edoardo Bennato innamorato della Val di Chiana: una mostra e un concerto a Castiglion Fiorentino"}]},{"@type":"WebSite","@id":"https:\/\/www.intoscana.it\/it\/#website","url":"https:\/\/www.intoscana.it\/it\/","name":"intoscana","description":"","potentialAction":[{"@type":"SearchAction","target":{"@type":"EntryPoint","urlTemplate":"https:\/\/www.intoscana.it\/it\/?s={search_term_string}"},"query-input":{"@type":"PropertyValueSpecification","valueRequired":true,"valueName":"search_term_string"}}],"inLanguage":"it-IT"},{"@type":"Person","@id":"https:\/\/www.intoscana.it\/it\/#\/schema\/person\/9223810753230f20bd670fdd322661f8","name":"Redazione","url":"https:\/\/www.intoscana.it\/it\/author\/redazione\/"}]}},"_links":{"self":[{"href":"https:\/\/www.intoscana.it\/it\/wp-json\/wp\/v2\/posts\/249833","targetHints":{"allow":["GET"]}}],"collection":[{"href":"https:\/\/www.intoscana.it\/it\/wp-json\/wp\/v2\/posts"}],"about":[{"href":"https:\/\/www.intoscana.it\/it\/wp-json\/wp\/v2\/types\/post"}],"author":[{"embeddable":true,"href":"https:\/\/www.intoscana.it\/it\/wp-json\/wp\/v2\/users\/525"}],"replies":[{"embeddable":true,"href":"https:\/\/www.intoscana.it\/it\/wp-json\/wp\/v2\/comments?post=249833"}],"version-history":[{"count":0,"href":"https:\/\/www.intoscana.it\/it\/wp-json\/wp\/v2\/posts\/249833\/revisions"}],"wp:featuredmedia":[{"embeddable":true,"href":"https:\/\/www.intoscana.it\/it\/wp-json\/wp\/v2\/media\/249839"}],"wp:attachment":[{"href":"https:\/\/www.intoscana.it\/it\/wp-json\/wp\/v2\/media?parent=249833"}],"wp:term":[{"taxonomy":"category","embeddable":true,"href":"https:\/\/www.intoscana.it\/it\/wp-json\/wp\/v2\/categories?post=249833"},{"taxonomy":"post_tag","embeddable":true,"href":"https:\/\/www.intoscana.it\/it\/wp-json\/wp\/v2\/tags?post=249833"}],"curies":[{"name":"wp","href":"https:\/\/api.w.org\/{rel}","templated":true}]}}