{"id":250154,"date":"2022-09-29T11:11:48","date_gmt":"2022-09-29T09:11:48","guid":{"rendered":"https:\/\/www.intoscana.it\/it\/?p=250154"},"modified":"2022-09-30T16:39:57","modified_gmt":"2022-09-30T14:39:57","slug":"covid-19-in-toscana-2-065-nuovi-casi-ed-eta-media-di-51-anni-in-ospedale-ricoverate-212-persone","status":"publish","type":"post","link":"https:\/\/www.intoscana.it\/it\/covid-19-in-toscana-2-065-nuovi-casi-ed-eta-media-di-51-anni-in-ospedale-ricoverate-212-persone\/","title":{"rendered":"Covid-19: in Toscana 2.065 nuovi casi ed et\u00e0 media di 51 anni. In ospedale ricoverate 212 persone"},"content":{"rendered":"<p><strong>Sono 2.065 i nuovi casi di Covid-19<\/strong> registrati nelle ultime ventiquattro ore in Toscana: 337 sono stati confermati con tampone molecolare e gli altri 1.728 con test rapido.<\/p>\n<p>Il numero dei contagiati rilevati nella regione dall&#8217;inizio della pandemia sale dunque a<strong> 1.404.272<\/strong>. I nuovi casi sono lo 0,1% in pi\u00f9 rispetto al totale del giorno precedente. I guariti crescono dello 0,1% (1.409 persone) e raggiungono quota 1.308.543 (93,2% dei casi totali).<\/p>\n<p>Al momento in Toscana risultano pertanto registrati<strong> 84.955 positivi, +0,8% rispetto a ieri.<\/strong> Di questi 212 (19 in pi\u00f9 dal giorno prima) sono ricoverati in ospedale: 4 (due in pi\u00f9) si trovano in terapia intensiva.<\/p>\n<p>La lista dei decessi si aggiorna con<strong> otto nuove morti certificate: 6 uomini e 2 donne<\/strong> con un&#8217;et\u00e0 media di 83,8 anni. Solo uno di questi decessi si \u00e8 per\u00f2 verificato negli ultimi giorni.<\/p>\n<p>Dall&#8217;ultimo bollettino quotidiano sono stati<strong> eseguiti 1.036 tamponi molecolari e 9.991 antigenici rapidi<\/strong>: di questi il 18,7% \u00e8 risultato positivo. Sono invece 2.911 i soggetti testati, escludendo i tamponi di controllo: il 70,9% di questi \u00e8 risultato positivo. L&#8217;et\u00e0 media dei 2.065 nuovi positivi \u00e8 di circa 51 anni: il 12% ha meno di venti anni, il 14% tra 20 e 39, il 33% tra 40 e 59, il 30% tra 60 e 79 e il 9% ottanta o pi\u00f9.<\/p>\n<h3>L&#8217;andamento per provincia<\/h3>\n<p>Con gli ultimi casi salgono a <strong>382.322 i positivi dall&#8217;inizio dell&#8217;emergenza sanitaria<\/strong> nei comuni della Citt\u00e0 metropolitana di Firenze (530 in pi\u00f9 rispetto a ieri), 93.759 in provincia di Prato (94 in pi\u00f9), 110.596 a Pistoia (156 in pi\u00f9), 70.797 a Massa Carrara (122 in pi\u00f9), 149.873 a Lucca (221 in pi\u00f9), 162.929 a Pisa (223 in pi\u00f9), 127.189 a Livorno (172 in pi\u00f9), 127.836 ad Arezzo (238 in pi\u00f9), 100.924 a Siena (191 in pi\u00f9) e 77.492 a Grosseto (118 in pi\u00f9). A questi vanno aggiunti 555 casi di positivit\u00e0 notificati in Toscana ma che riguardano residenti in altre regioni.<\/p>\n<p><strong>Sono 800 le nuove segnalazioni<\/strong> nell&#8217;Asl Centro, 718 nella Nord Ovest, 547 nella Sud Est.<\/p>\n<p>La Toscana si trova al <strong>decimo posto in Italia come numerosit\u00e0 di casi<\/strong> complessivi dall&#8217;inizio della pandemia (tra residenti e non residenti), con circa 38.027 casi ogni 100 mila abitanti (la media italiana \u00e9 37.807, dato di ieri). Al momento la provincia con il tasso pi\u00f9 alto di notifica si conferma Lucca (con 39.034 casi ogni 100 mila abitanti), seguita da Pisa (38.980) e Livorno (38.660). La pi\u00f9 bassa concentrazione si riscontra a Prato (con un tasso di 35.345).<\/p>\n<p>Ad oggi risultano negli archivi ancora <strong>84.743 persone in isolamento a casa, casi che presentano sintomi lievi<\/strong> che non richiedono cure ospedaliere o privi di sintomi (sono 629 in pi\u00f9 rispetto a ieri, cresciuti dello 0,7%).<\/p>\n<p>I 1.308.543 guariti registrati a oggi lo sono a tutti gli effetti, da un punto di vista virale, certificati con tampone negativo.<\/p>\n<h3>I decessi<\/h3>\n<p>La lista dei decessi si aggiorna dall\u2019inizio dell\u2019emergenza con <strong>otto nuovi morti: sei uomini e due donne con un&#8217;et\u00e0 media di 83,8 anni.<\/strong> Le persone decedute abitavano quattro in comuni della Citt\u00e0 metropolitana di Firenze, una in provincia di Lucca e tre in provincia di Arezzo.<\/p>\n<p><strong>Dall\u2019inizio dell\u2019epidemia sono deceduti 10.774 toscani:<\/strong> 3.387 nella Citt\u00e0 metropolitana di Firenze, 880 in provincia di Prato, 968 a Pistoia, 684 a Massa Carrara, 1.011 a Lucca, 1.213 a Pisa, 811 a Livorno, 691 ad Arezzo, 571 a Siena e 404 a Grosseto. Vanno aggiunte 154 persone decedute sul suolo toscano ma che erano residenti fuori regione.<\/p>\n<p>Il tasso grezzo di mortalit\u00e0 per Covid-19 (numero di deceduti su popolazione residente) \u00e8 al momento pari a 291,8 ogni 100 mila abitanti, contro il 298,8 della media italiana. La Toscana \u00e9 nona in questa classifica tra le regioni d\u2019Ittalia. Nel raffronto tra le diverse province il tasso di mortalit\u00e0 pi\u00f9 alto si riscontra in Toscana a Massa Carrara (360,3 ogni 100 mila abitanti), seguita dalla Citt\u00e0 metropolitana di Firenze (339,2) e Pistoia (333,5), mentre il pi\u00f9 basso \u00e8 a Grosseto (185,5).<\/p>\n<p>&nbsp;<\/p>\n","protected":false},"excerpt":{"rendered":"<p>Quattro ricoveri in terapia intensiva. L\u2019elenco dei decessi si aggiorna con otto ulteriori morti. Lucca, Pisa e Livorno le province con il pi\u00f9 alto tasso di notifica dall\u2019inizio della pandemia<\/p>\n","protected":false},"author":525,"featured_media":189488,"comment_status":"open","ping_status":"open","sticky":false,"template":"","format":"standard","meta":{"_acf_changed":false,"footnotes":""},"categories":[494],"tags":[4868,418,151],"class_list":["post-250154","post","type-post","status-publish","format-standard","has-post-thumbnail","hentry","category-attualita","tag-bollettino-covid-toscana","tag-covid-19","tag-regione-toscana"],"acf":[],"yoast_head":"<!-- This site is optimized with the Yoast SEO Premium plugin v24.2 (Yoast SEO v25.6) - https:\/\/yoast.com\/wordpress\/plugins\/seo\/ -->\n<title>Covid-19: in Toscana 2.065 nuovi casi ed et\u00e0 media di 51 anni. In ospedale ricoverate 212 persone - intoscana<\/title>\n<meta name=\"description\" content=\"Quattro ricoveri in terapia intensiva. L\u2019elenco dei decessi si aggiorna con otto ulteriori morti. Lucca, Pisa e Livorno le pi\u00f9 colpite\" \/>\n<meta name=\"robots\" content=\"index, follow, max-snippet:-1, max-image-preview:large, max-video-preview:-1\" \/>\n<link rel=\"canonical\" href=\"https:\/\/www.intoscana.it\/it\/covid-19-in-toscana-2-065-nuovi-casi-ed-eta-media-di-51-anni-in-ospedale-ricoverate-212-persone\/\" \/>\n<meta property=\"og:locale\" content=\"it_IT\" \/>\n<meta property=\"og:type\" content=\"article\" \/>\n<meta property=\"og:title\" content=\"Covid-19: in Toscana 2.065 nuovi casi ed et\u00e0 media di 51 anni. In ospedale ricoverate 212 persone\" \/>\n<meta property=\"og:description\" content=\"Quattro ricoveri in terapia intensiva. L\u2019elenco dei decessi si aggiorna con otto ulteriori morti. Lucca, Pisa e Livorno le pi\u00f9 colpite\" \/>\n<meta property=\"og:url\" content=\"https:\/\/www.intoscana.it\/it\/covid-19-in-toscana-2-065-nuovi-casi-ed-eta-media-di-51-anni-in-ospedale-ricoverate-212-persone\/\" \/>\n<meta property=\"og:site_name\" content=\"intoscana\" \/>\n<meta property=\"article:publisher\" content=\"https:\/\/www.facebook.com\/intoscana.it\" \/>\n<meta property=\"article:published_time\" content=\"2022-09-29T09:11:48+00:00\" \/>\n<meta property=\"article:modified_time\" content=\"2022-09-30T14:39:57+00:00\" \/>\n<meta property=\"og:image\" content=\"https:\/\/www.intoscana.it\/wp-content\/uploads\/Test-covid-Mufid-Majnun-Unsplash.jpg\" \/>\n\t<meta property=\"og:image:width\" content=\"1920\" \/>\n\t<meta property=\"og:image:height\" content=\"1280\" \/>\n\t<meta property=\"og:image:type\" content=\"image\/jpeg\" \/>\n<meta name=\"author\" content=\"Redazione\" \/>\n<meta name=\"twitter:card\" content=\"summary_large_image\" \/>\n<meta name=\"twitter:creator\" content=\"@intoscana\" \/>\n<meta name=\"twitter:site\" content=\"@intoscana\" \/>\n<meta name=\"twitter:label1\" content=\"Written by\" \/>\n\t<meta name=\"twitter:data1\" content=\"Redazione\" \/>\n\t<meta name=\"twitter:label2\" content=\"Est. reading time\" \/>\n\t<meta name=\"twitter:data2\" content=\"3 minuti\" \/>\n<script type=\"application\/ld+json\" class=\"yoast-schema-graph\">{\"@context\":\"https:\/\/schema.org\",\"@graph\":[{\"@type\":\"WebPage\",\"@id\":\"https:\/\/www.intoscana.it\/it\/covid-19-in-toscana-2-065-nuovi-casi-ed-eta-media-di-51-anni-in-ospedale-ricoverate-212-persone\/\",\"url\":\"https:\/\/www.intoscana.it\/it\/covid-19-in-toscana-2-065-nuovi-casi-ed-eta-media-di-51-anni-in-ospedale-ricoverate-212-persone\/\",\"name\":\"Covid-19: in Toscana 2.065 nuovi casi ed et\u00e0 media di 51 anni. In ospedale ricoverate 212 persone - intoscana\",\"isPartOf\":{\"@id\":\"https:\/\/www.intoscana.it\/it\/#website\"},\"primaryImageOfPage\":{\"@id\":\"https:\/\/www.intoscana.it\/it\/covid-19-in-toscana-2-065-nuovi-casi-ed-eta-media-di-51-anni-in-ospedale-ricoverate-212-persone\/#primaryimage\"},\"image\":{\"@id\":\"https:\/\/www.intoscana.it\/it\/covid-19-in-toscana-2-065-nuovi-casi-ed-eta-media-di-51-anni-in-ospedale-ricoverate-212-persone\/#primaryimage\"},\"thumbnailUrl\":\"https:\/\/www.intoscana.it\/wp-content\/uploads\/Test-covid-Mufid-Majnun-Unsplash.jpg\",\"datePublished\":\"2022-09-29T09:11:48+00:00\",\"dateModified\":\"2022-09-30T14:39:57+00:00\",\"author\":{\"@id\":\"https:\/\/www.intoscana.it\/it\/#\/schema\/person\/9223810753230f20bd670fdd322661f8\"},\"description\":\"Quattro ricoveri in terapia intensiva. L\u2019elenco dei decessi si aggiorna con otto ulteriori morti. Lucca, Pisa e Livorno le pi\u00f9 colpite\",\"breadcrumb\":{\"@id\":\"https:\/\/www.intoscana.it\/it\/covid-19-in-toscana-2-065-nuovi-casi-ed-eta-media-di-51-anni-in-ospedale-ricoverate-212-persone\/#breadcrumb\"},\"inLanguage\":\"it-IT\",\"potentialAction\":[{\"@type\":\"ReadAction\",\"target\":[\"https:\/\/www.intoscana.it\/it\/covid-19-in-toscana-2-065-nuovi-casi-ed-eta-media-di-51-anni-in-ospedale-ricoverate-212-persone\/\"]}]},{\"@type\":\"ImageObject\",\"inLanguage\":\"it-IT\",\"@id\":\"https:\/\/www.intoscana.it\/it\/covid-19-in-toscana-2-065-nuovi-casi-ed-eta-media-di-51-anni-in-ospedale-ricoverate-212-persone\/#primaryimage\",\"url\":\"https:\/\/www.intoscana.it\/wp-content\/uploads\/Test-covid-Mufid-Majnun-Unsplash.jpg\",\"contentUrl\":\"https:\/\/www.intoscana.it\/wp-content\/uploads\/Test-covid-Mufid-Majnun-Unsplash.jpg\",\"width\":1920,\"height\":1280,\"caption\":\"Un tampone per il Covid-19\"},{\"@type\":\"BreadcrumbList\",\"@id\":\"https:\/\/www.intoscana.it\/it\/covid-19-in-toscana-2-065-nuovi-casi-ed-eta-media-di-51-anni-in-ospedale-ricoverate-212-persone\/#breadcrumb\",\"itemListElement\":[{\"@type\":\"ListItem\",\"position\":1,\"name\":\"Home\",\"item\":\"https:\/\/www.intoscana.it\/it\/\"},{\"@type\":\"ListItem\",\"position\":2,\"name\":\"Covid-19: in Toscana 2.065 nuovi casi ed et\u00e0 media di 51 anni. In ospedale ricoverate 212 persone\"}]},{\"@type\":\"WebSite\",\"@id\":\"https:\/\/www.intoscana.it\/it\/#website\",\"url\":\"https:\/\/www.intoscana.it\/it\/\",\"name\":\"intoscana\",\"description\":\"\",\"potentialAction\":[{\"@type\":\"SearchAction\",\"target\":{\"@type\":\"EntryPoint\",\"urlTemplate\":\"https:\/\/www.intoscana.it\/it\/?s={search_term_string}\"},\"query-input\":{\"@type\":\"PropertyValueSpecification\",\"valueRequired\":true,\"valueName\":\"search_term_string\"}}],\"inLanguage\":\"it-IT\"},{\"@type\":\"Person\",\"@id\":\"https:\/\/www.intoscana.it\/it\/#\/schema\/person\/9223810753230f20bd670fdd322661f8\",\"name\":\"Redazione\",\"url\":\"https:\/\/www.intoscana.it\/it\/author\/redazione\/\"}]}<\/script>\n<!-- \/ Yoast SEO Premium plugin. -->","yoast_head_json":{"title":"Covid-19: in Toscana 2.065 nuovi casi ed et\u00e0 media di 51 anni. In ospedale ricoverate 212 persone - intoscana","description":"Quattro ricoveri in terapia intensiva. L\u2019elenco dei decessi si aggiorna con otto ulteriori morti. Lucca, Pisa e Livorno le pi\u00f9 colpite","robots":{"index":"index","follow":"follow","max-snippet":"max-snippet:-1","max-image-preview":"max-image-preview:large","max-video-preview":"max-video-preview:-1"},"canonical":"https:\/\/www.intoscana.it\/it\/covid-19-in-toscana-2-065-nuovi-casi-ed-eta-media-di-51-anni-in-ospedale-ricoverate-212-persone\/","og_locale":"it_IT","og_type":"article","og_title":"Covid-19: in Toscana 2.065 nuovi casi ed et\u00e0 media di 51 anni. In ospedale ricoverate 212 persone","og_description":"Quattro ricoveri in terapia intensiva. L\u2019elenco dei decessi si aggiorna con otto ulteriori morti. Lucca, Pisa e Livorno le pi\u00f9 colpite","og_url":"https:\/\/www.intoscana.it\/it\/covid-19-in-toscana-2-065-nuovi-casi-ed-eta-media-di-51-anni-in-ospedale-ricoverate-212-persone\/","og_site_name":"intoscana","article_publisher":"https:\/\/www.facebook.com\/intoscana.it","article_published_time":"2022-09-29T09:11:48+00:00","article_modified_time":"2022-09-30T14:39:57+00:00","og_image":[{"width":1920,"height":1280,"url":"https:\/\/www.intoscana.it\/wp-content\/uploads\/Test-covid-Mufid-Majnun-Unsplash.jpg","type":"image\/jpeg"}],"author":"Redazione","twitter_card":"summary_large_image","twitter_creator":"@intoscana","twitter_site":"@intoscana","twitter_misc":{"Written by":"Redazione","Est. reading time":"3 minuti"},"schema":{"@context":"https:\/\/schema.org","@graph":[{"@type":"WebPage","@id":"https:\/\/www.intoscana.it\/it\/covid-19-in-toscana-2-065-nuovi-casi-ed-eta-media-di-51-anni-in-ospedale-ricoverate-212-persone\/","url":"https:\/\/www.intoscana.it\/it\/covid-19-in-toscana-2-065-nuovi-casi-ed-eta-media-di-51-anni-in-ospedale-ricoverate-212-persone\/","name":"Covid-19: in Toscana 2.065 nuovi casi ed et\u00e0 media di 51 anni. In ospedale ricoverate 212 persone - intoscana","isPartOf":{"@id":"https:\/\/www.intoscana.it\/it\/#website"},"primaryImageOfPage":{"@id":"https:\/\/www.intoscana.it\/it\/covid-19-in-toscana-2-065-nuovi-casi-ed-eta-media-di-51-anni-in-ospedale-ricoverate-212-persone\/#primaryimage"},"image":{"@id":"https:\/\/www.intoscana.it\/it\/covid-19-in-toscana-2-065-nuovi-casi-ed-eta-media-di-51-anni-in-ospedale-ricoverate-212-persone\/#primaryimage"},"thumbnailUrl":"https:\/\/www.intoscana.it\/wp-content\/uploads\/Test-covid-Mufid-Majnun-Unsplash.jpg","datePublished":"2022-09-29T09:11:48+00:00","dateModified":"2022-09-30T14:39:57+00:00","author":{"@id":"https:\/\/www.intoscana.it\/it\/#\/schema\/person\/9223810753230f20bd670fdd322661f8"},"description":"Quattro ricoveri in terapia intensiva. L\u2019elenco dei decessi si aggiorna con otto ulteriori morti. Lucca, Pisa e Livorno le pi\u00f9 colpite","breadcrumb":{"@id":"https:\/\/www.intoscana.it\/it\/covid-19-in-toscana-2-065-nuovi-casi-ed-eta-media-di-51-anni-in-ospedale-ricoverate-212-persone\/#breadcrumb"},"inLanguage":"it-IT","potentialAction":[{"@type":"ReadAction","target":["https:\/\/www.intoscana.it\/it\/covid-19-in-toscana-2-065-nuovi-casi-ed-eta-media-di-51-anni-in-ospedale-ricoverate-212-persone\/"]}]},{"@type":"ImageObject","inLanguage":"it-IT","@id":"https:\/\/www.intoscana.it\/it\/covid-19-in-toscana-2-065-nuovi-casi-ed-eta-media-di-51-anni-in-ospedale-ricoverate-212-persone\/#primaryimage","url":"https:\/\/www.intoscana.it\/wp-content\/uploads\/Test-covid-Mufid-Majnun-Unsplash.jpg","contentUrl":"https:\/\/www.intoscana.it\/wp-content\/uploads\/Test-covid-Mufid-Majnun-Unsplash.jpg","width":1920,"height":1280,"caption":"Un tampone per il Covid-19"},{"@type":"BreadcrumbList","@id":"https:\/\/www.intoscana.it\/it\/covid-19-in-toscana-2-065-nuovi-casi-ed-eta-media-di-51-anni-in-ospedale-ricoverate-212-persone\/#breadcrumb","itemListElement":[{"@type":"ListItem","position":1,"name":"Home","item":"https:\/\/www.intoscana.it\/it\/"},{"@type":"ListItem","position":2,"name":"Covid-19: in Toscana 2.065 nuovi casi ed et\u00e0 media di 51 anni. In ospedale ricoverate 212 persone"}]},{"@type":"WebSite","@id":"https:\/\/www.intoscana.it\/it\/#website","url":"https:\/\/www.intoscana.it\/it\/","name":"intoscana","description":"","potentialAction":[{"@type":"SearchAction","target":{"@type":"EntryPoint","urlTemplate":"https:\/\/www.intoscana.it\/it\/?s={search_term_string}"},"query-input":{"@type":"PropertyValueSpecification","valueRequired":true,"valueName":"search_term_string"}}],"inLanguage":"it-IT"},{"@type":"Person","@id":"https:\/\/www.intoscana.it\/it\/#\/schema\/person\/9223810753230f20bd670fdd322661f8","name":"Redazione","url":"https:\/\/www.intoscana.it\/it\/author\/redazione\/"}]}},"_links":{"self":[{"href":"https:\/\/www.intoscana.it\/it\/wp-json\/wp\/v2\/posts\/250154","targetHints":{"allow":["GET"]}}],"collection":[{"href":"https:\/\/www.intoscana.it\/it\/wp-json\/wp\/v2\/posts"}],"about":[{"href":"https:\/\/www.intoscana.it\/it\/wp-json\/wp\/v2\/types\/post"}],"author":[{"embeddable":true,"href":"https:\/\/www.intoscana.it\/it\/wp-json\/wp\/v2\/users\/525"}],"replies":[{"embeddable":true,"href":"https:\/\/www.intoscana.it\/it\/wp-json\/wp\/v2\/comments?post=250154"}],"version-history":[{"count":0,"href":"https:\/\/www.intoscana.it\/it\/wp-json\/wp\/v2\/posts\/250154\/revisions"}],"wp:featuredmedia":[{"embeddable":true,"href":"https:\/\/www.intoscana.it\/it\/wp-json\/wp\/v2\/media\/189488"}],"wp:attachment":[{"href":"https:\/\/www.intoscana.it\/it\/wp-json\/wp\/v2\/media?parent=250154"}],"wp:term":[{"taxonomy":"category","embeddable":true,"href":"https:\/\/www.intoscana.it\/it\/wp-json\/wp\/v2\/categories?post=250154"},{"taxonomy":"post_tag","embeddable":true,"href":"https:\/\/www.intoscana.it\/it\/wp-json\/wp\/v2\/tags?post=250154"}],"curies":[{"name":"wp","href":"https:\/\/api.w.org\/{rel}","templated":true}]}}