{"id":250367,"date":"2022-09-30T15:40:46","date_gmt":"2022-09-30T13:40:46","guid":{"rendered":"https:\/\/www.intoscana.it\/it\/?p=250367"},"modified":"2022-09-30T17:21:57","modified_gmt":"2022-09-30T15:21:57","slug":"al-valdarno-cinema-film-festival-ospite-vittorio-storaro","status":"publish","type":"post","link":"https:\/\/www.intoscana.it\/it\/al-valdarno-cinema-film-festival-ospite-vittorio-storaro\/","title":{"rendered":"Al &#8220;Valdarno Cinema Film Festival&#8221;, ospite Vittorio Storaro"},"content":{"rendered":"<h3>Il Valdarno Cinema Film Festival compie quarant&#8217;anni<\/h3>\n<p>Il &#8220;cinematographer&#8221; <strong>Vittorio Storaro<\/strong>, tre volte premio Oscar come direttore della fotografia, per i film <em>Apocalypse Now, Reds<\/em> e <em>L&#8217;Ultimo imperatore<\/em>, sar\u00e0 ospite di San Giovanni Valdarno in occasione della 40esima edizione del <strong>Valdarno Cinema Film Festival<\/strong>, dove ricever\u00e0 il Premio Marzocco alla carriera.<\/p>\n<p>La manifestazione, presieduta dal docente di critica cinematografica all&#8217;Universit\u00e0 di Firenze, <strong>Luigi Nepi<\/strong> e diretta dal coordinatore del gruppo toscano del Sindacato Nazionale Critici Cinematografici, <strong>Marco Luceri,<\/strong> si tiene dal 5 al 9 ottobre al cinema Masaccio e in altre location della cittadina aretina, da sempre a forte vocazione cinematografica.<\/p>\n<p>L&#8217;edizione 2022 sar\u00e0 particolarmente ricca, in occasione dei quarant&#8217;anni di attivit\u00e0: oltre al concorso con 21 film in programma, la direzione artistica proporr\u00e0 una sezione interamente dedicata ai bambini (Valdarno Kids, 5\/10); un appuntamento con la \u201cvirtual reality\u201d con <em><strong>Cos\u00ec \u00e8 (o mi pare), <\/strong><\/em>opera di e con Elio Germano (6\/10) e un omaggio a <strong>Pier Paolo Pasolini<\/strong> (7 e 9\/10).<\/p>\n<p><em>\u201c\u00c8 un grande onore per il ValdarnoCinema Film Festival, per un&#8217;occasione cos\u00ec importante come la sua 40esima edizione&#8221; &#8211; <\/em>ha spiegato Marco Luceri, direttore artistico del Festival<em> &#8211; &#8220;poter insignire del Premio Marzocco alla Carriera un maestro come Vittorio Storaro, uno dei pi\u00f9 grandi cinematographer della storia del cinema. Storaro ci ha regalato attraverso le sue immagini le luci, le ombre e i colori di tantissimi capolavori di importanti autori come Bertolucci, Coppola, Allen e tanti altri. \u00c8 stato e continua a essere uno dei pi\u00f9 importanti artisti italiani nel mondo, capace di coniugare la sua grande sapienza tecnica alle potenzialit\u00e0 espressive e visionarie del cinema, dell&#8217;arte e della filosofia\u201d<\/em>.<\/p>\n<p><em>\u201cQuaranta edizioni&#8221; \u2013 <\/em>hanno dichiarato Valentina Vada e Fabio Franchi, rispettivamente sindaco e assessore alla cultura del Comune di San Giovanni Valdarno<em> &#8211; &#8220;\u00e8 indubbiamente un traguardo importante per un festival cinematografico. Ed \u00e8 occasione di bilanci e di prospettive per il futuro. Partito come festival nazionale, con un concorso per soli autori italiani, da dieci anni si \u00e8 aperto al cinema internazionale, in quattro decadi ValdarnoCinema \u00e8 stato capace di essere sempre al passo con la contemporaneit\u00e0 cinematografica, attraversando da protagonista l\u2019era dell\u2019analogico, del digitale, del web (ricordiamo come, qualche anno fa, fu proprio il nostro festival uno dei primi ad aprire un focus specifico sulle web series, che all\u2019epoca stavano facendo breccia soprattutto tra il pubblico pi\u00f9 giovane), riuscendo sempre a intercettare tutti i fermenti che hanno attraversato la settima arte, spesso anticipandone le principali innovazioni, i nuovi linguaggi e le tendenze pi\u00f9 significative\u201d.<\/em><\/p>\n<h3>Il parterre di premi del Valdarno Cinema Film Festival<\/h3>\n<p>In concorso al festival del cinema di San Giovanni Valdarno, 21 opere italiane e internazionali, che saranno votate dalla giuria ufficiale presieduta dal regista <strong>Duccio Chiarini<\/strong> e composta inoltre da<strong> Simone Emiliani,<\/strong> giornalista e critico cinematografico e <strong>Donatella Pascucci<\/strong>, alla Direzione Cinema del Ministero della Cultura; mentre 6 saranno le opere toscane fuori concorso. La giuria assegner\u00e0 i seguenti premi ufficiali: <strong>il premio Marzocco,<\/strong> simbolo della Citt\u00e0 di San Giovanni Valdarno, intitolato a Marino Borgogni, per il miglior film lungometraggio in assoluto; <strong>il premio Marzocco per il miglior film cortometraggio<\/strong> in assoluto; il premio <strong>\u201cAmedeo Fabbri\u201d alla migliore interpretazione maschile;<\/strong> il Premio <strong>\u201cAmedeo Fabbri\u201d alla migliore interpretazione femminile<\/strong>; e infine il<strong> premio \u201cBanca del Valdarno\u201d<\/strong> al film di qualsiasi categoria capace di mettere in risalto i valori della cooperazione e della solidariet\u00e0. Tra i premi collaterali segnaliamo: il <strong>premio \u201dCineclub Fedic Sangiovannese\u201d<\/strong> intitolato a Luciano Becattini, assegnato al miglior film diretto da registi nati o residenti in Toscana; il <strong>premio \u201cDiari di Cineclub\u201d<\/strong> per il miglior film; il <strong>premio \u201cFranco Basaglia\u201d<\/strong> ( al film di qualsiasi categoria che meglio rappresenti le tematiche della salute mentale nel nostro presente in Italia e nel mondo e infine il <strong>premio A.N.P.I<\/strong>, assegnato dal direttivo della sezione A.N.P.I Valdarno al miglior film capace di rappresentare i valori storici e ideali dai quali \u00e8 nata la Costituzione della Repubblica Italiana.<\/p>\n<h3>Ospiti a San Giovanni Valdarno molti talenti toscani<\/h3>\n<p>Molti i registi toscani ospiti, per presentare i film e dialogare con il pubblico, al Valdarno Cinema Film Festival. Per i lungometraggi ci saranno in gara i film di <strong>Bartolomeo Pampaloni, <\/strong>che presenta <em><strong>Lass\u00f9;<\/strong><\/em> Tommaso Landucci, con <em><strong>Caveman \u2013 Il gigante nascosto<\/strong><\/em>, sulla creazione di una delle opere pi\u00f9 ambiziose e affascinanti dello scultore toscano Filippo Dobrilla, \u201cIl gigante dormiente\u201d realizzato a 650 metri di profondit\u00e0 nella grotta delle Alpi Apuane; <strong>Giovanni Ortoleva, <\/strong>con <em><strong>La fabbrica dell\u2019italiano<\/strong><\/em>, docu-fiction che attraverso materiali d\u2019archivio e interviste inedite, entra dentro la storia dell\u2019Accademia della Crusca e della nostra lingua; <strong>Marta Innocenti<\/strong>, che porta <em><strong>L&#8217;assedio<\/strong><\/em>, viaggio alla scoperta di un rituale leggendario, irreale e caotico che si consuma nei campi che circondano il circuito dell&#8217;Autodromo del Mugello; <strong>Lorenzo Borghini, <\/strong>che introdurr\u00e0 il suo documentario<em><strong> Strade interrotte<\/strong><\/em>, che racconta il dolore di chi rimane coinvolto in un sinistro stradale, accompagnati dalla voce fuori campo di Maurizio Lombardi; <strong>Pierfrancesco Bigazzi<\/strong> con il cortometraggio<em><strong> Ofelia<\/strong><\/em>, racconto intimo e personale del regista di San Giovanni Valdarno, che conduce lo spettatore nel toccante terreno della memoria di una persona cara.<\/p>\n<p>Ci saranno poi le opere rappresentative delle nuove tendenze del cinema italiano, tra cui il film<em><strong> Rue Garibaldi<\/strong><\/em> di Federico Francioni; <em><strong>Californie<\/strong><\/em> di Alessandro Cassigoli e Casey Kauffman; <em><strong>Giulia<\/strong>, <\/em>di Ciro De Caro, sulla vita di una ragazza folle e stravagante che vive un dissidio interiore, appena proclamato &#8220;Miglior Film d&#8217;Essai dell&#8217;anno 2022&#8221; dalla FICE, la Federazione Italiana Cinema d&#8217;Essai, e infine <em><strong>Piccolo corpo,<\/strong><\/em> di Laura Samani. In programma per i cortometraggi: <em><strong>Talponi<\/strong><\/em> di Vanja Victor Kabir Tognola; <em><strong>Insieme a loro<\/strong>, <\/em>di Tommaso Ferrara; <em><strong>Il treno delle 8<\/strong>, <\/em>di Siddhartha Prestinari; <em><strong>Fetch di Sam Gill<\/strong><\/em>;<em><strong> Stone Heart<\/strong><\/em> di Humberto Rodrigues; <em><strong>Footsteps on the Wind<\/strong><\/em> di M.Sambar, F. Melo; G. Leal; <em><strong>Phlegm<\/strong><\/em> di Jan-David Bolt; <em><strong>Don vs. Lightning<\/strong> <\/em>di Big Red Button;<em><strong> Fame d&#8217;aria<\/strong><\/em> di Lorenzo Santoni; <em><strong>Briciole<\/strong> <\/em>di Rebecca Marie Margot; <em><strong>Prima che sia notte<\/strong> <\/em>di Concetto Scuto;<em><strong> Bertie mi ha scritto una poesia<\/strong><\/em> di Vittoria Lizzardi Penalosa.<\/p>\n<p><iframe loading=\"lazy\" title=\"YouTube video player\" src=\"https:\/\/www.youtube.com\/embed\/tOyAGS_ZQCg\" width=\"860\" height=\"615\" frameborder=\"0\" allowfullscreen=\"allowfullscreen\"><\/iframe><\/p>\n<h3><strong>L&#8217;omaggio a Pasolini, nel centenario dalla nascita e un evento in pre-apertura<\/strong><\/h3>\n<p>Il Valdarno Cinema propone un omaggio a Pier Paolo Pasolini, in occasione delle celebrazioni per i cento anni dalla nascita dello scrittore e regista, con una giornata interamente a lui dedicata. Domenica 9 ottobre, al Teatro Masaccio alle 16, in programma la rivisitazione del documentario <em><strong>Sciopero<\/strong><\/em>, una performance audiovisiva a cura di Luca Maria Baldini; alle ore 17.30 la presentazione del libro <em><strong>Tutto Pasolini<\/strong><\/em>, alla presenza del curatore Roberto Chiesi e alle ore 18.30 la proiezione de <em><strong>La ricotta<\/strong><\/em>, in versione restaurata, introdotta dalla presentazione di Roberto Chiesi.<\/p>\n<p>La preapertura del festival, marted\u00ec 4 ottobre, sar\u00e0 affidata a un incontro dedicato al rapporto, intenso e prolifico, tra <strong>Pavese e il cinema<\/strong>. Si terr\u00e0 la presentazione del libro <em><strong>Fa bene quel buio, Cesare Pavese e i mestieri del cinema, <\/strong><\/em>di Stefano Beccastrini, alla presenza dell&#8217;autore e introdotto dalla presentazione di Luigi Nepi e Marco Luceri. A seguire, la proiezione del film <em><strong>Le amiche di Michelangelo Antonioni<\/strong><\/em>, liberamente tratto dal romanzo <strong>Tra donne<\/strong> di Cesare Pavese (alle 17.30 presso la Casa della cultura Palomar, piazza della Libert\u00e0, 15). Tutto il programma sul sito:<a href=\"http:\/\/www.valdarnocinemafilmfestival.it\"><strong> www.valdarnocinemafilmfestival.it<\/strong><\/a><\/p>\n","protected":false},"excerpt":{"rendered":"<p>Il festival si tiene a San Giovanni Valdarno, dal 5 al 9 otttobre. In programma premi, film, presentazioni di libri, un omaggio a Pier Paolo Pasolini, nel centenario dalla nascita, una sezione Kids e focus sulla Virtual Reality<\/p>\n","protected":false},"author":492,"featured_media":250379,"comment_status":"open","ping_status":"open","sticky":false,"template":"","format":"standard","meta":{"_acf_changed":false,"footnotes":""},"categories":[493],"tags":[188,6237],"class_list":["post-250367","post","type-post","status-publish","format-standard","has-post-thumbnail","hentry","category-cultura","tag-cinema","tag-san-giovanni-valdarno"],"acf":[],"yoast_head":"<!-- This site is optimized with the Yoast SEO Premium plugin v24.2 (Yoast SEO v25.6) - https:\/\/yoast.com\/wordpress\/plugins\/seo\/ -->\n<title>Al &quot;Valdarno Cinema Film Festival&quot;, ospite Vittorio Storaro - intoscana<\/title>\n<meta name=\"description\" content=\"Dal 5 al 9 ottobre si tiene al 40esima edizione del Valdarno Cinema Film Festival diretta da Marco Luceri. Ospite Vittorio Storaro\" \/>\n<meta name=\"robots\" content=\"index, follow, max-snippet:-1, max-image-preview:large, max-video-preview:-1\" \/>\n<link rel=\"canonical\" href=\"https:\/\/www.intoscana.it\/it\/al-valdarno-cinema-film-festival-ospite-vittorio-storaro\/\" \/>\n<meta property=\"og:locale\" content=\"it_IT\" \/>\n<meta property=\"og:type\" content=\"article\" \/>\n<meta property=\"og:title\" content=\"Al &quot;Valdarno Cinema Film Festival&quot;, ospite Vittorio Storaro\" \/>\n<meta property=\"og:description\" content=\"Dal 5 al 9 ottobre si tiene al 40esima edizione del Valdarno Cinema Film Festival diretta da Marco Luceri. Ospite Vittorio Storaro\" \/>\n<meta property=\"og:url\" content=\"https:\/\/www.intoscana.it\/it\/al-valdarno-cinema-film-festival-ospite-vittorio-storaro\/\" \/>\n<meta property=\"og:site_name\" content=\"intoscana\" \/>\n<meta property=\"article:publisher\" content=\"https:\/\/www.facebook.com\/intoscana.it\" \/>\n<meta property=\"article:published_time\" content=\"2022-09-30T13:40:46+00:00\" \/>\n<meta property=\"article:modified_time\" content=\"2022-09-30T15:21:57+00:00\" \/>\n<meta property=\"og:image\" content=\"https:\/\/www.intoscana.it\/wp-content\/uploads\/Vittorio-Storaro-foto-di-Alessandro-Botticelli-per-il-Premio-Fiesole-nel-2017-scaled.jpg\" \/>\n\t<meta property=\"og:image:width\" content=\"2048\" \/>\n\t<meta property=\"og:image:height\" content=\"1708\" \/>\n\t<meta property=\"og:image:type\" content=\"image\/jpeg\" \/>\n<meta name=\"author\" content=\"Elisabetta Vagaggini\" \/>\n<meta name=\"twitter:card\" content=\"summary_large_image\" \/>\n<meta name=\"twitter:creator\" content=\"@intoscana\" \/>\n<meta name=\"twitter:site\" content=\"@intoscana\" \/>\n<meta name=\"twitter:label1\" content=\"Written by\" \/>\n\t<meta name=\"twitter:data1\" content=\"Elisabetta Vagaggini\" \/>\n\t<meta name=\"twitter:label2\" content=\"Est. reading time\" \/>\n\t<meta name=\"twitter:data2\" content=\"6 minuti\" \/>\n<script type=\"application\/ld+json\" class=\"yoast-schema-graph\">{\"@context\":\"https:\/\/schema.org\",\"@graph\":[{\"@type\":\"WebPage\",\"@id\":\"https:\/\/www.intoscana.it\/it\/al-valdarno-cinema-film-festival-ospite-vittorio-storaro\/\",\"url\":\"https:\/\/www.intoscana.it\/it\/al-valdarno-cinema-film-festival-ospite-vittorio-storaro\/\",\"name\":\"Al \\\"Valdarno Cinema Film Festival\\\", ospite Vittorio Storaro - intoscana\",\"isPartOf\":{\"@id\":\"https:\/\/www.intoscana.it\/it\/#website\"},\"primaryImageOfPage\":{\"@id\":\"https:\/\/www.intoscana.it\/it\/al-valdarno-cinema-film-festival-ospite-vittorio-storaro\/#primaryimage\"},\"image\":{\"@id\":\"https:\/\/www.intoscana.it\/it\/al-valdarno-cinema-film-festival-ospite-vittorio-storaro\/#primaryimage\"},\"thumbnailUrl\":\"https:\/\/www.intoscana.it\/wp-content\/uploads\/Vittorio-Storaro-foto-di-Alessandro-Botticelli-per-il-Premio-Fiesole-nel-2017-scaled.jpg\",\"datePublished\":\"2022-09-30T13:40:46+00:00\",\"dateModified\":\"2022-09-30T15:21:57+00:00\",\"author\":{\"@id\":\"https:\/\/www.intoscana.it\/it\/#\/schema\/person\/20956e1a83baf96027b69e776f754e43\"},\"description\":\"Dal 5 al 9 ottobre si tiene al 40esima edizione del Valdarno Cinema Film Festival diretta da Marco Luceri. Ospite Vittorio Storaro\",\"breadcrumb\":{\"@id\":\"https:\/\/www.intoscana.it\/it\/al-valdarno-cinema-film-festival-ospite-vittorio-storaro\/#breadcrumb\"},\"inLanguage\":\"it-IT\",\"potentialAction\":[{\"@type\":\"ReadAction\",\"target\":[\"https:\/\/www.intoscana.it\/it\/al-valdarno-cinema-film-festival-ospite-vittorio-storaro\/\"]}]},{\"@type\":\"ImageObject\",\"inLanguage\":\"it-IT\",\"@id\":\"https:\/\/www.intoscana.it\/it\/al-valdarno-cinema-film-festival-ospite-vittorio-storaro\/#primaryimage\",\"url\":\"https:\/\/www.intoscana.it\/wp-content\/uploads\/Vittorio-Storaro-foto-di-Alessandro-Botticelli-per-il-Premio-Fiesole-nel-2017-scaled.jpg\",\"contentUrl\":\"https:\/\/www.intoscana.it\/wp-content\/uploads\/Vittorio-Storaro-foto-di-Alessandro-Botticelli-per-il-Premio-Fiesole-nel-2017-scaled.jpg\",\"width\":2048,\"height\":1708,\"caption\":\"Vittorio Storaro\"},{\"@type\":\"BreadcrumbList\",\"@id\":\"https:\/\/www.intoscana.it\/it\/al-valdarno-cinema-film-festival-ospite-vittorio-storaro\/#breadcrumb\",\"itemListElement\":[{\"@type\":\"ListItem\",\"position\":1,\"name\":\"Home\",\"item\":\"https:\/\/www.intoscana.it\/it\/\"},{\"@type\":\"ListItem\",\"position\":2,\"name\":\"Al &#8220;Valdarno Cinema Film Festival&#8221;, ospite Vittorio Storaro\"}]},{\"@type\":\"WebSite\",\"@id\":\"https:\/\/www.intoscana.it\/it\/#website\",\"url\":\"https:\/\/www.intoscana.it\/it\/\",\"name\":\"intoscana\",\"description\":\"\",\"potentialAction\":[{\"@type\":\"SearchAction\",\"target\":{\"@type\":\"EntryPoint\",\"urlTemplate\":\"https:\/\/www.intoscana.it\/it\/?s={search_term_string}\"},\"query-input\":{\"@type\":\"PropertyValueSpecification\",\"valueRequired\":true,\"valueName\":\"search_term_string\"}}],\"inLanguage\":\"it-IT\"},{\"@type\":\"Person\",\"@id\":\"https:\/\/www.intoscana.it\/it\/#\/schema\/person\/20956e1a83baf96027b69e776f754e43\",\"name\":\"Elisabetta Vagaggini\",\"url\":\"https:\/\/www.intoscana.it\/it\/author\/elisabetta-vagaggini\/\"}]}<\/script>\n<!-- \/ Yoast SEO Premium plugin. -->","yoast_head_json":{"title":"Al \"Valdarno Cinema Film Festival\", ospite Vittorio Storaro - intoscana","description":"Dal 5 al 9 ottobre si tiene al 40esima edizione del Valdarno Cinema Film Festival diretta da Marco Luceri. Ospite Vittorio Storaro","robots":{"index":"index","follow":"follow","max-snippet":"max-snippet:-1","max-image-preview":"max-image-preview:large","max-video-preview":"max-video-preview:-1"},"canonical":"https:\/\/www.intoscana.it\/it\/al-valdarno-cinema-film-festival-ospite-vittorio-storaro\/","og_locale":"it_IT","og_type":"article","og_title":"Al \"Valdarno Cinema Film Festival\", ospite Vittorio Storaro","og_description":"Dal 5 al 9 ottobre si tiene al 40esima edizione del Valdarno Cinema Film Festival diretta da Marco Luceri. Ospite Vittorio Storaro","og_url":"https:\/\/www.intoscana.it\/it\/al-valdarno-cinema-film-festival-ospite-vittorio-storaro\/","og_site_name":"intoscana","article_publisher":"https:\/\/www.facebook.com\/intoscana.it","article_published_time":"2022-09-30T13:40:46+00:00","article_modified_time":"2022-09-30T15:21:57+00:00","og_image":[{"width":2048,"height":1708,"url":"https:\/\/www.intoscana.it\/wp-content\/uploads\/Vittorio-Storaro-foto-di-Alessandro-Botticelli-per-il-Premio-Fiesole-nel-2017-scaled.jpg","type":"image\/jpeg"}],"author":"Elisabetta Vagaggini","twitter_card":"summary_large_image","twitter_creator":"@intoscana","twitter_site":"@intoscana","twitter_misc":{"Written by":"Elisabetta Vagaggini","Est. reading time":"6 minuti"},"schema":{"@context":"https:\/\/schema.org","@graph":[{"@type":"WebPage","@id":"https:\/\/www.intoscana.it\/it\/al-valdarno-cinema-film-festival-ospite-vittorio-storaro\/","url":"https:\/\/www.intoscana.it\/it\/al-valdarno-cinema-film-festival-ospite-vittorio-storaro\/","name":"Al \"Valdarno Cinema Film Festival\", ospite Vittorio Storaro - intoscana","isPartOf":{"@id":"https:\/\/www.intoscana.it\/it\/#website"},"primaryImageOfPage":{"@id":"https:\/\/www.intoscana.it\/it\/al-valdarno-cinema-film-festival-ospite-vittorio-storaro\/#primaryimage"},"image":{"@id":"https:\/\/www.intoscana.it\/it\/al-valdarno-cinema-film-festival-ospite-vittorio-storaro\/#primaryimage"},"thumbnailUrl":"https:\/\/www.intoscana.it\/wp-content\/uploads\/Vittorio-Storaro-foto-di-Alessandro-Botticelli-per-il-Premio-Fiesole-nel-2017-scaled.jpg","datePublished":"2022-09-30T13:40:46+00:00","dateModified":"2022-09-30T15:21:57+00:00","author":{"@id":"https:\/\/www.intoscana.it\/it\/#\/schema\/person\/20956e1a83baf96027b69e776f754e43"},"description":"Dal 5 al 9 ottobre si tiene al 40esima edizione del Valdarno Cinema Film Festival diretta da Marco Luceri. Ospite Vittorio Storaro","breadcrumb":{"@id":"https:\/\/www.intoscana.it\/it\/al-valdarno-cinema-film-festival-ospite-vittorio-storaro\/#breadcrumb"},"inLanguage":"it-IT","potentialAction":[{"@type":"ReadAction","target":["https:\/\/www.intoscana.it\/it\/al-valdarno-cinema-film-festival-ospite-vittorio-storaro\/"]}]},{"@type":"ImageObject","inLanguage":"it-IT","@id":"https:\/\/www.intoscana.it\/it\/al-valdarno-cinema-film-festival-ospite-vittorio-storaro\/#primaryimage","url":"https:\/\/www.intoscana.it\/wp-content\/uploads\/Vittorio-Storaro-foto-di-Alessandro-Botticelli-per-il-Premio-Fiesole-nel-2017-scaled.jpg","contentUrl":"https:\/\/www.intoscana.it\/wp-content\/uploads\/Vittorio-Storaro-foto-di-Alessandro-Botticelli-per-il-Premio-Fiesole-nel-2017-scaled.jpg","width":2048,"height":1708,"caption":"Vittorio Storaro"},{"@type":"BreadcrumbList","@id":"https:\/\/www.intoscana.it\/it\/al-valdarno-cinema-film-festival-ospite-vittorio-storaro\/#breadcrumb","itemListElement":[{"@type":"ListItem","position":1,"name":"Home","item":"https:\/\/www.intoscana.it\/it\/"},{"@type":"ListItem","position":2,"name":"Al &#8220;Valdarno Cinema Film Festival&#8221;, ospite Vittorio Storaro"}]},{"@type":"WebSite","@id":"https:\/\/www.intoscana.it\/it\/#website","url":"https:\/\/www.intoscana.it\/it\/","name":"intoscana","description":"","potentialAction":[{"@type":"SearchAction","target":{"@type":"EntryPoint","urlTemplate":"https:\/\/www.intoscana.it\/it\/?s={search_term_string}"},"query-input":{"@type":"PropertyValueSpecification","valueRequired":true,"valueName":"search_term_string"}}],"inLanguage":"it-IT"},{"@type":"Person","@id":"https:\/\/www.intoscana.it\/it\/#\/schema\/person\/20956e1a83baf96027b69e776f754e43","name":"Elisabetta Vagaggini","url":"https:\/\/www.intoscana.it\/it\/author\/elisabetta-vagaggini\/"}]}},"_links":{"self":[{"href":"https:\/\/www.intoscana.it\/it\/wp-json\/wp\/v2\/posts\/250367","targetHints":{"allow":["GET"]}}],"collection":[{"href":"https:\/\/www.intoscana.it\/it\/wp-json\/wp\/v2\/posts"}],"about":[{"href":"https:\/\/www.intoscana.it\/it\/wp-json\/wp\/v2\/types\/post"}],"author":[{"embeddable":true,"href":"https:\/\/www.intoscana.it\/it\/wp-json\/wp\/v2\/users\/492"}],"replies":[{"embeddable":true,"href":"https:\/\/www.intoscana.it\/it\/wp-json\/wp\/v2\/comments?post=250367"}],"version-history":[{"count":0,"href":"https:\/\/www.intoscana.it\/it\/wp-json\/wp\/v2\/posts\/250367\/revisions"}],"wp:featuredmedia":[{"embeddable":true,"href":"https:\/\/www.intoscana.it\/it\/wp-json\/wp\/v2\/media\/250379"}],"wp:attachment":[{"href":"https:\/\/www.intoscana.it\/it\/wp-json\/wp\/v2\/media?parent=250367"}],"wp:term":[{"taxonomy":"category","embeddable":true,"href":"https:\/\/www.intoscana.it\/it\/wp-json\/wp\/v2\/categories?post=250367"},{"taxonomy":"post_tag","embeddable":true,"href":"https:\/\/www.intoscana.it\/it\/wp-json\/wp\/v2\/tags?post=250367"}],"curies":[{"name":"wp","href":"https:\/\/api.w.org\/{rel}","templated":true}]}}