{"id":250605,"date":"2022-10-03T10:35:30","date_gmt":"2022-10-03T08:35:30","guid":{"rendered":"https:\/\/www.intoscana.it\/it\/?p=250605"},"modified":"2022-10-03T10:35:52","modified_gmt":"2022-10-03T08:35:52","slug":"h-earthbeat-festival-concerti-firenze-2022","status":"publish","type":"post","link":"https:\/\/www.intoscana.it\/it\/h-earthbeat-festival-concerti-firenze-2022\/","title":{"rendered":"Nasce a Firenze il festival &#8220;H\/Earthbeat&#8221;: viaggio nelle musiche del mondo"},"content":{"rendered":"<p><strong>Nasce a Firenze H\/Earthbeat,<\/strong> un nuovo festival dedicato alle <strong>musiche del mondo,\u00a0<\/strong>organizzato dalla <strong>Associazione Music Pool<\/strong> con la<strong> direzione artistica di Enrico Romero.<\/strong><\/p>\n<p><strong>Dal 7 ottobre al 2 dicembre<\/strong> sedici concerti, incontri, laboratori, un <strong>lungo viaggio nella world music<\/strong> attraverso la musica di <strong>grandi protagonisti internazionali<\/strong> e di numerosi musicisti italiani che far\u00e0 tappa in<strong> sei diversi luoghi della citt\u00e0.<\/strong><\/p>\n<p><strong>H\/Earthbeat prende il via venerd\u00ec 7 ottobre<\/strong> alle 19:00, con il duo formato da due delle pi\u00f9 note e apprezzate voci del folk toscano, <strong>Giuditta Scorcelletti e Maurizio Geri,<\/strong> con un omaggio di melodie indimenticate e testi bellissimi dedicato all<strong>a cantante e compositrice cilena Violeta Parra<\/strong>. Giuditta Scorcelletti, candidata ai Grammy 2015 nella categoria folk, premiata a Cagliari come migliore interprete nell\u2019ambito della rassegna dedicata ad Andrea Parodi, \u00e8 uno dei pi\u00f9 importanti nomi del canto popolare toscano. Maurizio Geri, straordinario chitarrista jazz e popolare, ha iniziato la sua carriera come chitarrista per Caterina Bueno, passando poi ad esperienze musicali di grande successo che lo rendono uno dei protagonisti della musica tradizionale toscana.<\/p>\n<p>La prima ospite internazionale del festival salir\u00e0 sul palco del <strong>Teatro Puccini<\/strong> alle 21:30: arriva a Firenze la cantante, compositrice e straordinaria virtuosa di kora <strong>Sona Jobarteh<\/strong>, una delle musiciste pi\u00f9 originali ed interessanti del momento. Nata a Londra, <strong>nipote del grande maestro griot Amadu Bansang Jobarteh<\/strong> e cugina del virtuoso della kora <strong>Toumani Diabat\u00e9,<\/strong> fa parte di una famiglia di grandi tradizioni musicali sulle quali si erge lo spirito del suo lavoro musicale. Musica tradizionale, blues e afropop si fondono con l\u2019intento di preservare e allo stesso tempo innovare un immenso patrimonio culturale.<\/p>\n<p><strong>La portata del suo riconoscimento internazionale<\/strong> \u00e8 evidenziata da<strong> oltre 10 milioni di visualizzazioni su YouTube<\/strong> e un numero considerevole su altre piattaforme digitali. Ha collaborato come cantante, chitarrista e interprete della kora con importanti artisti internazionali in tutto il mondo, dagli Stati Uniti alla Nuova Zelanda, Australia, Cina. La sua dedizione alla diffusione di potenti messaggi umanitari attraverso le sue canzoni e le sue coinvolgenti esibizioni sul palcoscenico la rendono molto pi\u00f9 di una musicista. Sona \u00e8 infatti anche attiva sul fronte dell\u2019impegno sociale, fondatrice di The Gambia Academy, un\u2019istituzione pionieristica dedicata al raggiungimento delle riforme educative in tutto il continente africano, \u00e8 inoltre stata chiamata a intervenire a eventi di alto profilo in tutto il mondo.<\/p>\n<figure id=\"post-250582 media-250582\" class=\"align-none\"><img decoding=\"async\" src=\"https:\/\/www.intoscana.it\/wp-content\/uploads\/Sona-Jobarteh-scaled.jpg\" alt=\"\" \/><\/figure>\n<div class=\"titleimg\">Sona Jobarteh<\/div>\n<p><strong>Sabato 8 ottobre<\/strong> la giornata inizier\u00e0 alle 18:30 con un workshop di percussioni dedicato alle tradizioni culturali dell\u2019Africa Occidentale curato da Dario Castiello e Boris Pierrou.<\/p>\n<p>A seguire, alle 21:30 saranno in concerto i<strong> Giguy 4tet,<\/strong> formazione nata dalla compagnia Giguywassa di Firenze, una delle prime realt\u00e0 artistiche africane in Italia da pi\u00f9 di 20 anni. Presentano uno spettacolo che \u00e8 un vero e proprio viaggio interculturale attraverso canti e danze, dal <strong>Mandeng alla Costa d\u2019Avorio. Kora, N\u2019goni, Krin, Shekere, Djembe, Khassounke e Tamburi Bassi<\/strong> sono gli strumenti tradizionali che esprimono questa evoluzione culturale in uno spettacolo dai mille sapori e colori. Il viaggio passa dai cacciatori (Dons\u00f2) del Mali, ai campi di riso, narrano le gesta dei guerrieri, alle celebrazioni di matrimoni, battesimi e funerali fino alle feste di strada pi\u00f9 contemporanee.<\/p>\n<figure id=\"post-250581 media-250581\" class=\"align-none\"><img decoding=\"async\" src=\"https:\/\/www.intoscana.it\/wp-content\/uploads\/Scorcelletti-Geri-scaled.jpg\" alt=\"\" \/><\/figure>\n<div class=\"titleimg\"><em>Scorcelletti e Geri<\/em><\/div>\n<p><strong>Domenica 9 ottobre<\/strong> alle ore 16,30 la cantante <strong>Francesca Breschi condurr\u00e0 un laboratorio dedicato alla voce<\/strong> ed al suo impegno nella musica popolare, a partire dalla straordinaria esperienza di Giovanna Marini di cui \u00e8 recentemente uscito un docufilm.<\/p>\n<p>Alle 19:00 in concerto <strong>Mescar\u00eca<\/strong>, il progetto nato a Firenze dall\u2019incontro di tre membri della <strong>Baro Drom Orkestar<\/strong> (una tra le pi\u00f9 conosciute band di world music europee) e <strong>Arianna Romanella, una giovane cantante lucana.<\/strong> Mescar\u00eca affonda le sue radici nella musica del sud Italia e la arricchisce di elementi originali e arrangiamenti di altre culture. Un concerto che attraversa l\u2019anima del meridione passando dalla Campania alla Puglia, alla Basilicata per volare nel mondo, facendo tappa nei riti delle donne nigeriane, nelle sonorit\u00e0 gitane, nei canti in lingua roman\u00ec e nelle \u201ctarantelle urbane\u201d.<\/p>\n<p>Alle 21:30<strong> H\/Earthbeat ospita invece il Canzoniere Grecanico Salentino,<\/strong> il primo e pi\u00f9 importante gruppo di musica popolare salentina. In un\u2019affascinante dicotomia tra tradizione e modernit\u00e0, il gruppo reinterpreta in chiave moderna le tradizioni che ruotano alla celebre pizzica tarantata rituale. I loro album e i loro spettacoli sono un\u2019esplosione di energia, passione, ritmo e magia che incanta il pubblico e lo trasporta in un viaggio dal passato al presente della cultura salentina.<\/p>\n<p><strong>Fondato in Puglia nel 1975 dalla scrittrice Rina Durante,<\/strong> il gruppo annovera collaborazioni con artisti di fama internazionale come Ludovico Einaudi, Piers Faccini, Ballake Sissoko, Ibrahim Maalouf, senza mai perdere la propria identit\u00e0. Con 20 album all\u2019attivo e innumerevoli spettacoli sia in Italia che in Europa, Medio Oriente e Stati Uniti, il CGS \u00e8 acclamato portatore di una tradizione coinvolgente e antica, nonch\u00e9 della musica italiana, in tutto il mondo.<\/p>\n<p>&nbsp;<\/p>\n","protected":false},"excerpt":{"rendered":"<p>Da venerd\u00ec 7 ottobre a domenica 9 ottobre 2022 cinque concerti al Teatro Puccini dal Salento al Cile con Giuditta Scorcelletti e Maurizio Geri, Sona Jobarteh\u00a0Giguy Quartet, Mescar\u00eca e il Canzoniere Grecanico Salentino<\/p>\n","protected":false},"author":518,"featured_media":250579,"comment_status":"open","ping_status":"open","sticky":false,"template":"","format":"standard","meta":{"_acf_changed":false,"footnotes":""},"categories":[14],"tags":[216,228,202],"class_list":["post-250605","post","type-post","status-publish","format-standard","has-post-thumbnail","hentry","category-musica","tag-concerti","tag-festival","tag-firenze"],"acf":[],"yoast_head":"<!-- This site is optimized with the Yoast SEO Premium plugin v24.2 (Yoast SEO v25.6) - https:\/\/yoast.com\/wordpress\/plugins\/seo\/ -->\n<title>Nasce a Firenze il festival &quot;H\/Earthbeat&quot;: viaggio nelle musiche del mondo - intoscana<\/title>\n<meta name=\"description\" content=\"Da venerd\u00ec 7 ottobre a domenica 9 ottobre 2022 cinque concerti al Teatro Puccini con Giuditta Scorcelletti e Maurizio Geri, Sona JobartehGiguy Quartet, Mescar\u00eca, Canzoniere Grecanico Salentino\" \/>\n<meta name=\"robots\" content=\"index, follow, max-snippet:-1, max-image-preview:large, max-video-preview:-1\" \/>\n<link rel=\"canonical\" href=\"https:\/\/www.intoscana.it\/it\/h-earthbeat-festival-concerti-firenze-2022\/\" \/>\n<meta property=\"og:locale\" content=\"it_IT\" \/>\n<meta property=\"og:type\" content=\"article\" \/>\n<meta property=\"og:title\" content=\"Nasce a Firenze il festival &quot;H\/Earthbeat&quot;: viaggio nelle musiche del mondo\" \/>\n<meta property=\"og:description\" content=\"Da venerd\u00ec 7 ottobre a domenica 9 ottobre 2022 cinque concerti al Teatro Puccini con Giuditta Scorcelletti e Maurizio Geri, Sona JobartehGiguy Quartet, Mescar\u00eca, Canzoniere Grecanico Salentino\" \/>\n<meta property=\"og:url\" content=\"https:\/\/www.intoscana.it\/it\/h-earthbeat-festival-concerti-firenze-2022\/\" \/>\n<meta property=\"og:site_name\" content=\"intoscana\" \/>\n<meta property=\"article:publisher\" content=\"https:\/\/www.facebook.com\/intoscana.it\" \/>\n<meta property=\"article:published_time\" content=\"2022-10-03T08:35:30+00:00\" \/>\n<meta property=\"article:modified_time\" content=\"2022-10-03T08:35:52+00:00\" \/>\n<meta property=\"og:image\" content=\"https:\/\/www.intoscana.it\/wp-content\/uploads\/Canzoniere-Grecanico-Salentino.jpeg\" \/>\n\t<meta property=\"og:image:width\" content=\"2000\" \/>\n\t<meta property=\"og:image:height\" content=\"1333\" \/>\n\t<meta property=\"og:image:type\" content=\"image\/jpeg\" \/>\n<meta name=\"author\" content=\"Costanza Baldini\" \/>\n<meta name=\"twitter:card\" content=\"summary_large_image\" \/>\n<meta name=\"twitter:creator\" content=\"@intoscana\" \/>\n<meta name=\"twitter:site\" content=\"@intoscana\" \/>\n<meta name=\"twitter:label1\" content=\"Written by\" \/>\n\t<meta name=\"twitter:data1\" content=\"Costanza Baldini\" \/>\n\t<meta name=\"twitter:label2\" content=\"Est. reading time\" \/>\n\t<meta name=\"twitter:data2\" content=\"4 minuti\" \/>\n<script type=\"application\/ld+json\" class=\"yoast-schema-graph\">{\"@context\":\"https:\/\/schema.org\",\"@graph\":[{\"@type\":\"WebPage\",\"@id\":\"https:\/\/www.intoscana.it\/it\/h-earthbeat-festival-concerti-firenze-2022\/\",\"url\":\"https:\/\/www.intoscana.it\/it\/h-earthbeat-festival-concerti-firenze-2022\/\",\"name\":\"Nasce a Firenze il festival \\\"H\/Earthbeat\\\": viaggio nelle musiche del mondo - intoscana\",\"isPartOf\":{\"@id\":\"https:\/\/www.intoscana.it\/it\/#website\"},\"primaryImageOfPage\":{\"@id\":\"https:\/\/www.intoscana.it\/it\/h-earthbeat-festival-concerti-firenze-2022\/#primaryimage\"},\"image\":{\"@id\":\"https:\/\/www.intoscana.it\/it\/h-earthbeat-festival-concerti-firenze-2022\/#primaryimage\"},\"thumbnailUrl\":\"https:\/\/www.intoscana.it\/wp-content\/uploads\/Canzoniere-Grecanico-Salentino.jpeg\",\"datePublished\":\"2022-10-03T08:35:30+00:00\",\"dateModified\":\"2022-10-03T08:35:52+00:00\",\"author\":{\"@id\":\"https:\/\/www.intoscana.it\/it\/#\/schema\/person\/d469f35f09739bdf00bf5dd3f0647a82\"},\"description\":\"Da venerd\u00ec 7 ottobre a domenica 9 ottobre 2022 cinque concerti al Teatro Puccini con Giuditta Scorcelletti e Maurizio Geri, Sona JobartehGiguy Quartet, Mescar\u00eca, Canzoniere Grecanico Salentino\",\"breadcrumb\":{\"@id\":\"https:\/\/www.intoscana.it\/it\/h-earthbeat-festival-concerti-firenze-2022\/#breadcrumb\"},\"inLanguage\":\"it-IT\",\"potentialAction\":[{\"@type\":\"ReadAction\",\"target\":[\"https:\/\/www.intoscana.it\/it\/h-earthbeat-festival-concerti-firenze-2022\/\"]}]},{\"@type\":\"ImageObject\",\"inLanguage\":\"it-IT\",\"@id\":\"https:\/\/www.intoscana.it\/it\/h-earthbeat-festival-concerti-firenze-2022\/#primaryimage\",\"url\":\"https:\/\/www.intoscana.it\/wp-content\/uploads\/Canzoniere-Grecanico-Salentino.jpeg\",\"contentUrl\":\"https:\/\/www.intoscana.it\/wp-content\/uploads\/Canzoniere-Grecanico-Salentino.jpeg\",\"width\":2000,\"height\":1333},{\"@type\":\"BreadcrumbList\",\"@id\":\"https:\/\/www.intoscana.it\/it\/h-earthbeat-festival-concerti-firenze-2022\/#breadcrumb\",\"itemListElement\":[{\"@type\":\"ListItem\",\"position\":1,\"name\":\"Home\",\"item\":\"https:\/\/www.intoscana.it\/it\/\"},{\"@type\":\"ListItem\",\"position\":2,\"name\":\"Nasce a Firenze il festival &#8220;H\/Earthbeat&#8221;: viaggio nelle musiche del mondo\"}]},{\"@type\":\"WebSite\",\"@id\":\"https:\/\/www.intoscana.it\/it\/#website\",\"url\":\"https:\/\/www.intoscana.it\/it\/\",\"name\":\"intoscana\",\"description\":\"\",\"potentialAction\":[{\"@type\":\"SearchAction\",\"target\":{\"@type\":\"EntryPoint\",\"urlTemplate\":\"https:\/\/www.intoscana.it\/it\/?s={search_term_string}\"},\"query-input\":{\"@type\":\"PropertyValueSpecification\",\"valueRequired\":true,\"valueName\":\"search_term_string\"}}],\"inLanguage\":\"it-IT\"},{\"@type\":\"Person\",\"@id\":\"https:\/\/www.intoscana.it\/it\/#\/schema\/person\/d469f35f09739bdf00bf5dd3f0647a82\",\"name\":\"Costanza Baldini\",\"url\":\"https:\/\/www.intoscana.it\/it\/author\/costanza-baldini\/\"}]}<\/script>\n<!-- \/ Yoast SEO Premium plugin. -->","yoast_head_json":{"title":"Nasce a Firenze il festival \"H\/Earthbeat\": viaggio nelle musiche del mondo - intoscana","description":"Da venerd\u00ec 7 ottobre a domenica 9 ottobre 2022 cinque concerti al Teatro Puccini con Giuditta Scorcelletti e Maurizio Geri, Sona JobartehGiguy Quartet, Mescar\u00eca, Canzoniere Grecanico Salentino","robots":{"index":"index","follow":"follow","max-snippet":"max-snippet:-1","max-image-preview":"max-image-preview:large","max-video-preview":"max-video-preview:-1"},"canonical":"https:\/\/www.intoscana.it\/it\/h-earthbeat-festival-concerti-firenze-2022\/","og_locale":"it_IT","og_type":"article","og_title":"Nasce a Firenze il festival \"H\/Earthbeat\": viaggio nelle musiche del mondo","og_description":"Da venerd\u00ec 7 ottobre a domenica 9 ottobre 2022 cinque concerti al Teatro Puccini con Giuditta Scorcelletti e Maurizio Geri, Sona JobartehGiguy Quartet, Mescar\u00eca, Canzoniere Grecanico Salentino","og_url":"https:\/\/www.intoscana.it\/it\/h-earthbeat-festival-concerti-firenze-2022\/","og_site_name":"intoscana","article_publisher":"https:\/\/www.facebook.com\/intoscana.it","article_published_time":"2022-10-03T08:35:30+00:00","article_modified_time":"2022-10-03T08:35:52+00:00","og_image":[{"width":2000,"height":1333,"url":"https:\/\/www.intoscana.it\/wp-content\/uploads\/Canzoniere-Grecanico-Salentino.jpeg","type":"image\/jpeg"}],"author":"Costanza Baldini","twitter_card":"summary_large_image","twitter_creator":"@intoscana","twitter_site":"@intoscana","twitter_misc":{"Written by":"Costanza Baldini","Est. reading time":"4 minuti"},"schema":{"@context":"https:\/\/schema.org","@graph":[{"@type":"WebPage","@id":"https:\/\/www.intoscana.it\/it\/h-earthbeat-festival-concerti-firenze-2022\/","url":"https:\/\/www.intoscana.it\/it\/h-earthbeat-festival-concerti-firenze-2022\/","name":"Nasce a Firenze il festival \"H\/Earthbeat\": viaggio nelle musiche del mondo - intoscana","isPartOf":{"@id":"https:\/\/www.intoscana.it\/it\/#website"},"primaryImageOfPage":{"@id":"https:\/\/www.intoscana.it\/it\/h-earthbeat-festival-concerti-firenze-2022\/#primaryimage"},"image":{"@id":"https:\/\/www.intoscana.it\/it\/h-earthbeat-festival-concerti-firenze-2022\/#primaryimage"},"thumbnailUrl":"https:\/\/www.intoscana.it\/wp-content\/uploads\/Canzoniere-Grecanico-Salentino.jpeg","datePublished":"2022-10-03T08:35:30+00:00","dateModified":"2022-10-03T08:35:52+00:00","author":{"@id":"https:\/\/www.intoscana.it\/it\/#\/schema\/person\/d469f35f09739bdf00bf5dd3f0647a82"},"description":"Da venerd\u00ec 7 ottobre a domenica 9 ottobre 2022 cinque concerti al Teatro Puccini con Giuditta Scorcelletti e Maurizio Geri, Sona JobartehGiguy Quartet, Mescar\u00eca, Canzoniere Grecanico Salentino","breadcrumb":{"@id":"https:\/\/www.intoscana.it\/it\/h-earthbeat-festival-concerti-firenze-2022\/#breadcrumb"},"inLanguage":"it-IT","potentialAction":[{"@type":"ReadAction","target":["https:\/\/www.intoscana.it\/it\/h-earthbeat-festival-concerti-firenze-2022\/"]}]},{"@type":"ImageObject","inLanguage":"it-IT","@id":"https:\/\/www.intoscana.it\/it\/h-earthbeat-festival-concerti-firenze-2022\/#primaryimage","url":"https:\/\/www.intoscana.it\/wp-content\/uploads\/Canzoniere-Grecanico-Salentino.jpeg","contentUrl":"https:\/\/www.intoscana.it\/wp-content\/uploads\/Canzoniere-Grecanico-Salentino.jpeg","width":2000,"height":1333},{"@type":"BreadcrumbList","@id":"https:\/\/www.intoscana.it\/it\/h-earthbeat-festival-concerti-firenze-2022\/#breadcrumb","itemListElement":[{"@type":"ListItem","position":1,"name":"Home","item":"https:\/\/www.intoscana.it\/it\/"},{"@type":"ListItem","position":2,"name":"Nasce a Firenze il festival &#8220;H\/Earthbeat&#8221;: viaggio nelle musiche del mondo"}]},{"@type":"WebSite","@id":"https:\/\/www.intoscana.it\/it\/#website","url":"https:\/\/www.intoscana.it\/it\/","name":"intoscana","description":"","potentialAction":[{"@type":"SearchAction","target":{"@type":"EntryPoint","urlTemplate":"https:\/\/www.intoscana.it\/it\/?s={search_term_string}"},"query-input":{"@type":"PropertyValueSpecification","valueRequired":true,"valueName":"search_term_string"}}],"inLanguage":"it-IT"},{"@type":"Person","@id":"https:\/\/www.intoscana.it\/it\/#\/schema\/person\/d469f35f09739bdf00bf5dd3f0647a82","name":"Costanza Baldini","url":"https:\/\/www.intoscana.it\/it\/author\/costanza-baldini\/"}]}},"_links":{"self":[{"href":"https:\/\/www.intoscana.it\/it\/wp-json\/wp\/v2\/posts\/250605","targetHints":{"allow":["GET"]}}],"collection":[{"href":"https:\/\/www.intoscana.it\/it\/wp-json\/wp\/v2\/posts"}],"about":[{"href":"https:\/\/www.intoscana.it\/it\/wp-json\/wp\/v2\/types\/post"}],"author":[{"embeddable":true,"href":"https:\/\/www.intoscana.it\/it\/wp-json\/wp\/v2\/users\/518"}],"replies":[{"embeddable":true,"href":"https:\/\/www.intoscana.it\/it\/wp-json\/wp\/v2\/comments?post=250605"}],"version-history":[{"count":0,"href":"https:\/\/www.intoscana.it\/it\/wp-json\/wp\/v2\/posts\/250605\/revisions"}],"wp:featuredmedia":[{"embeddable":true,"href":"https:\/\/www.intoscana.it\/it\/wp-json\/wp\/v2\/media\/250579"}],"wp:attachment":[{"href":"https:\/\/www.intoscana.it\/it\/wp-json\/wp\/v2\/media?parent=250605"}],"wp:term":[{"taxonomy":"category","embeddable":true,"href":"https:\/\/www.intoscana.it\/it\/wp-json\/wp\/v2\/categories?post=250605"},{"taxonomy":"post_tag","embeddable":true,"href":"https:\/\/www.intoscana.it\/it\/wp-json\/wp\/v2\/tags?post=250605"}],"curies":[{"name":"wp","href":"https:\/\/api.w.org\/{rel}","templated":true}]}}