{"id":250639,"date":"2022-10-06T16:01:54","date_gmt":"2022-10-06T14:01:54","guid":{"rendered":"https:\/\/www.intoscana.it\/it\/?p=250639"},"modified":"2022-10-06T16:22:30","modified_gmt":"2022-10-06T14:22:30","slug":"internet-festival-2022-a-pisa-i-nuovi-confini-del-web-tecnologia-umana-etica-e-sostenibile","status":"publish","type":"post","link":"https:\/\/www.intoscana.it\/it\/internet-festival-2022-a-pisa-i-nuovi-confini-del-web-tecnologia-umana-etica-e-sostenibile\/","title":{"rendered":"Internet Festival 2022, a Pisa i nuovi confini del web: tecnologia umana, etica e sostenibile"},"content":{"rendered":"<p>Sfatare il mito della perfezione della tecnologia, di obiettivi a cui si tende inutilmente perch\u00e9 di fatto irraggiungibili. Il web \u00e8 umano, quindi perfettibile, ma soprattutto imperfetto perch\u00e9 popolato da uomini che usano macchine e non viceversa. <strong>Internet Festival 2022<\/strong>, nei quattro giorni di Pisa &#8211; dal 6 al 9 ottobre -, apre alle nuove prospettive che il digitale offre, di quelle che sono gi\u00e0 presente e soprattutto di quelle che ci aspettano nel prossimo futuro.<\/p>\n<p>Un programma fitto, che tocca scienza e ricerca, certo, ma spazia dalla cultura alla musica, dalla cucina e il vino allo sport, per esplorare il rapporto tra uomo e la trasformazione digitale seguendo il tema chiave di questa dodicesima edizione: <strong>imperfezione<\/strong>. <mark>Perch\u00e9 gli errori fanno parte di una naturale evoluzione del sistema che crea una tecnologia meno idealizzata, e &#8211; per fortuna &#8211; ispirata a principi etici, solidali, sostenibili.<\/mark> Decine gli appuntamenti con tantissimi relatori di fama internazionale, tra esperti di tecnologia e web, sociologi, artisti, autori di libri, rappresentanti del mondo delle imprese e delle istituzioni in diverse sedi della citt\u00e0, aperti al pubblico (prenotazione consigliata sul sito <a href=\"https:\/\/www.internetfestival.it\/\" target=\"_blank\" rel=\"noopener\">internetfestival.it<\/a>), con una coda di appuntamenti che proseguono online fino a dicembre.<\/p>\n<p>\u201c<em>L&#8217;Internet Festival \u00e8 una delle pi\u00f9 importanti manifestazioni che facciamo in Toscana e in cui si rappresenta la rivoluzione digitale che ha trasformato le nostre vite in poco pi\u00f9 di trent&#8217;anni<\/em> &#8211; ha detto il presidente della Regione Toscana, <strong>Eugenio Giani<\/strong> &#8211;\u00a0 <em>Strumenti importanti per la loro capacit\u00e0 di diffondere anche messaggi di servizio pubblico all&#8217;interno delle nostre comunit\u00e0 e basti pensare al supporto offerto dalla rete alle azioni di protezione civile avvenuto anche per le recenti calamit\u00e0<\/em>&#8220;. &#8220;<em>Non senza orgoglio<\/em> &#8211; ha poi detto il presidente &#8211; <em>vorrei anche ricordare che <mark>n Toscana siamo stati i primi ad accogliere il messaggio di trasformazione della societ\u00e0 che internet avrebbe rappresentato. Era infatti il 30 aprile del 1986 quando il primo segnale di internet, ancora protetto dal segreto militare, fu colto dai ricercatori dell&#8217;Universit\u00e0 di Pisa<\/em>&#8220;.<\/mark><\/p>\n<p>L&#8217;evento \u00e8 promosso da Regione Toscana, Comune di Pisa, Registro. it e Istituto di Informatica e Telematica del Cnr, Universit\u00e0 di Pisa, Scuola Superiore Sant\u2019Anna, Scuola Normale Superiore insieme a Camera di Commercio Toscana Nord-Ovest, Provincia di Pisa e Associazione Festival della Scienza. La progettazione e l\u2019organizzazione sono a cura di Fondazione Sistema Toscana.<\/p>\n<h3><em>Gli eventi di IF2022, alla ricerca dell&#8217;imperfezione<\/em><\/h3>\n<p>Internet Festival \u00e8 un&#8217;esplorazione tra i confini superati dalla tecnologia in tutti i campi del sapere umano e del vivere, con contaminazioni sorpendenti e anche rivoluzionare. Come lo spettacolo dell&#8217;attrice <strong>Monica Guerritore<\/strong> che porta in maniera inaspettata il pubblico nel Metaverso. L&#8217;artista propone, in anteprima nazionale a Internet Festival, il progetto <strong>Mecenati<\/strong>, con il primo token NTT (16.30 Cinema Arsenale). E ancora: <mark>in collaborazione con Istituto Modartech sar\u00e0 invece possibile assistere a una sfilata di moda nel Metaverso e ascoltare Edoardo Di Pietro, il primo laureato italiano in questo \u201cuniverso parallelo\u201d.<\/mark><\/p>\n<p>Lo <strong>sport<\/strong> non resta fuori da questo vortice tech che tutto ingloba. Ad IF, in una partita di calcio con le vecchie glorie del Pisa Calcio (luned\u00ec 3 ottobre) <mark>i calciatori indossano i primi parastinchi intelligenti, progettati da Soccerment in collaborazione con alcuni team di Serie A, capaci di raccogliere dati preziosi, utili a migliorare prestazioni ed efficienza.<\/mark><\/p>\n<p>E poi i diritti, la democrazia e il dramma dei conflitti. Se ne parler\u00e0 ad esempio con la giornalista e scrittrice <mark>Francesca Mannocchi, con la filosofa Michela Marzano, di cyber war con la giornalista Carola Frediani, di cittadinanza digitale con la Commissaria AgCom Elisa Giomi, di satira politica con Alessio Marzilli, autore dei \u201csilenzi\u201d video a Propaganda Live, di disinformazione e fake news con il responsabile del Center of Data Science and Complexity for Society della Sapienza di Roma Walter Quattrociocchi.<\/mark> Ampia la discussione sull\u2019attivismo dentro e fuori dalla rete, con uno sguardo su inclusione sociale e diversity: tra gli ospiti su questo tema Maura Gancitano, Jennifer Guerra e Silvia Semenzin.<br \/>\nMa saranno tanti i temi toccati: <a href=\"https:\/\/www.intoscana.it\/it\/articolo\/internet-festival-2022-i-volti-della-rivoluzione-digitale-tra-ricerca-cinema-e-libri\/\">formazione e cinema<\/a>, <a href=\"https:\/\/www.intoscana.it\/it\/articolo\/internet-festival-2022-vino-digitale-e-alveari-in-sharing-come-la-tecnologia-cambia-il-food\/\" target=\"_blank\" rel=\"noopener\">food<\/a>, <a href=\"https:\/\/www.intoscana.it\/it\/articolo\/jazz-e-techno-per-la-colonna-sonora-dellinternet-festival-2022\/\" target=\"_blank\" rel=\"noopener\">musica <\/a>e\u00a0<a href=\"https:\/\/www.intoscana.it\/it\/articolo\/droni-nft-app-che-dipingono-da-sole-il-futuro-dellarte-raccontato-a-internet-festival-2022\/\" target=\"_blank\" rel=\"noopener\">arte.<\/a><\/p>\n<p>Il programma completo sul <a href=\"http:\/\/internetfestival.it\" target=\"_blank\" rel=\"noopener\">sito.<\/a><\/p>\n","protected":false},"excerpt":{"rendered":"<p>Dal 6 al 9 ottobre, la dodicesima edizione della manifestazione che apre le porte al futuro. Quest&#8217;anno il tema \u00e8 &#8220;imperfezione&#8221;. Giani: &#8220;Mostriamo la rivoluzione digitale che ha trasformato le nostre vite&#8221;<\/p>\n","protected":false},"author":545,"featured_media":193649,"comment_status":"open","ping_status":"open","sticky":false,"template":"","format":"standard","meta":{"_acf_changed":false,"footnotes":""},"categories":[475],"tags":[176],"class_list":["post-250639","post","type-post","status-publish","format-standard","has-post-thumbnail","hentry","category-innovazione","tag-internet-festival"],"acf":[],"yoast_head":"<!-- This site is optimized with the Yoast SEO Premium plugin v24.2 (Yoast SEO v25.6) - https:\/\/yoast.com\/wordpress\/plugins\/seo\/ -->\n<title>Internet Festival 2022, a Pisa i nuovi confini del web: tecnologia umana, etica e sostenibile - intoscana<\/title>\n<meta name=\"description\" content=\"Dal 6 al 9 ottobre, la dodicesima edizione della manifestazione che apre le porte al futuro. Quest&#039;anno il tema \u00e8: imperfezione\" \/>\n<meta name=\"robots\" content=\"index, follow, max-snippet:-1, max-image-preview:large, max-video-preview:-1\" \/>\n<link rel=\"canonical\" href=\"https:\/\/www.intoscana.it\/it\/internet-festival-2022-a-pisa-i-nuovi-confini-del-web-tecnologia-umana-etica-e-sostenibile\/\" \/>\n<meta property=\"og:locale\" content=\"it_IT\" \/>\n<meta property=\"og:type\" content=\"article\" \/>\n<meta property=\"og:title\" content=\"Internet Festival 2022, a Pisa i nuovi confini del web: tecnologia umana, etica e sostenibile\" \/>\n<meta property=\"og:description\" content=\"Dal 6 al 9 ottobre, la dodicesima edizione della manifestazione che apre le porte al futuro. Quest&#039;anno il tema \u00e8: imperfezione\" \/>\n<meta property=\"og:url\" content=\"https:\/\/www.intoscana.it\/it\/internet-festival-2022-a-pisa-i-nuovi-confini-del-web-tecnologia-umana-etica-e-sostenibile\/\" \/>\n<meta property=\"og:site_name\" content=\"intoscana\" \/>\n<meta property=\"article:publisher\" content=\"https:\/\/www.facebook.com\/intoscana.it\" \/>\n<meta property=\"article:published_time\" content=\"2022-10-06T14:01:54+00:00\" \/>\n<meta property=\"article:modified_time\" content=\"2022-10-06T14:22:30+00:00\" \/>\n<meta property=\"og:image\" content=\"https:\/\/www.intoscana.it\/wp-content\/uploads\/IMG_3578.jpg\" \/>\n\t<meta property=\"og:image:width\" content=\"1875\" \/>\n\t<meta property=\"og:image:height\" content=\"1250\" \/>\n\t<meta property=\"og:image:type\" content=\"image\/jpeg\" \/>\n<meta name=\"author\" content=\"Clara D&#039;Acunto\" \/>\n<meta name=\"twitter:card\" content=\"summary_large_image\" \/>\n<meta name=\"twitter:creator\" content=\"@intoscana\" \/>\n<meta name=\"twitter:site\" content=\"@intoscana\" \/>\n<meta name=\"twitter:label1\" content=\"Written by\" \/>\n\t<meta name=\"twitter:data1\" content=\"Clara D&#039;Acunto\" \/>\n\t<meta name=\"twitter:label2\" content=\"Est. reading time\" \/>\n\t<meta name=\"twitter:data2\" content=\"3 minuti\" \/>\n<script type=\"application\/ld+json\" class=\"yoast-schema-graph\">{\"@context\":\"https:\/\/schema.org\",\"@graph\":[{\"@type\":\"WebPage\",\"@id\":\"https:\/\/www.intoscana.it\/it\/internet-festival-2022-a-pisa-i-nuovi-confini-del-web-tecnologia-umana-etica-e-sostenibile\/\",\"url\":\"https:\/\/www.intoscana.it\/it\/internet-festival-2022-a-pisa-i-nuovi-confini-del-web-tecnologia-umana-etica-e-sostenibile\/\",\"name\":\"Internet Festival 2022, a Pisa i nuovi confini del web: tecnologia umana, etica e sostenibile - intoscana\",\"isPartOf\":{\"@id\":\"https:\/\/www.intoscana.it\/it\/#website\"},\"primaryImageOfPage\":{\"@id\":\"https:\/\/www.intoscana.it\/it\/internet-festival-2022-a-pisa-i-nuovi-confini-del-web-tecnologia-umana-etica-e-sostenibile\/#primaryimage\"},\"image\":{\"@id\":\"https:\/\/www.intoscana.it\/it\/internet-festival-2022-a-pisa-i-nuovi-confini-del-web-tecnologia-umana-etica-e-sostenibile\/#primaryimage\"},\"thumbnailUrl\":\"https:\/\/www.intoscana.it\/wp-content\/uploads\/IMG_3578.jpg\",\"datePublished\":\"2022-10-06T14:01:54+00:00\",\"dateModified\":\"2022-10-06T14:22:30+00:00\",\"author\":{\"@id\":\"https:\/\/www.intoscana.it\/it\/#\/schema\/person\/137419af9ef5d385bde52864a841e6ce\"},\"description\":\"Dal 6 al 9 ottobre, la dodicesima edizione della manifestazione che apre le porte al futuro. Quest'anno il tema \u00e8: imperfezione\",\"breadcrumb\":{\"@id\":\"https:\/\/www.intoscana.it\/it\/internet-festival-2022-a-pisa-i-nuovi-confini-del-web-tecnologia-umana-etica-e-sostenibile\/#breadcrumb\"},\"inLanguage\":\"it-IT\",\"potentialAction\":[{\"@type\":\"ReadAction\",\"target\":[\"https:\/\/www.intoscana.it\/it\/internet-festival-2022-a-pisa-i-nuovi-confini-del-web-tecnologia-umana-etica-e-sostenibile\/\"]}]},{\"@type\":\"ImageObject\",\"inLanguage\":\"it-IT\",\"@id\":\"https:\/\/www.intoscana.it\/it\/internet-festival-2022-a-pisa-i-nuovi-confini-del-web-tecnologia-umana-etica-e-sostenibile\/#primaryimage\",\"url\":\"https:\/\/www.intoscana.it\/wp-content\/uploads\/IMG_3578.jpg\",\"contentUrl\":\"https:\/\/www.intoscana.it\/wp-content\/uploads\/IMG_3578.jpg\",\"width\":1875,\"height\":1250,\"caption\":\"Internet Festival 2021\"},{\"@type\":\"BreadcrumbList\",\"@id\":\"https:\/\/www.intoscana.it\/it\/internet-festival-2022-a-pisa-i-nuovi-confini-del-web-tecnologia-umana-etica-e-sostenibile\/#breadcrumb\",\"itemListElement\":[{\"@type\":\"ListItem\",\"position\":1,\"name\":\"Home\",\"item\":\"https:\/\/www.intoscana.it\/it\/\"},{\"@type\":\"ListItem\",\"position\":2,\"name\":\"Internet Festival 2022, a Pisa i nuovi confini del web: tecnologia umana, etica e sostenibile\"}]},{\"@type\":\"WebSite\",\"@id\":\"https:\/\/www.intoscana.it\/it\/#website\",\"url\":\"https:\/\/www.intoscana.it\/it\/\",\"name\":\"intoscana\",\"description\":\"\",\"potentialAction\":[{\"@type\":\"SearchAction\",\"target\":{\"@type\":\"EntryPoint\",\"urlTemplate\":\"https:\/\/www.intoscana.it\/it\/?s={search_term_string}\"},\"query-input\":{\"@type\":\"PropertyValueSpecification\",\"valueRequired\":true,\"valueName\":\"search_term_string\"}}],\"inLanguage\":\"it-IT\"},{\"@type\":\"Person\",\"@id\":\"https:\/\/www.intoscana.it\/it\/#\/schema\/person\/137419af9ef5d385bde52864a841e6ce\",\"name\":\"Clara D'Acunto\",\"url\":\"https:\/\/www.intoscana.it\/it\/author\/clara-d_acunto\/\"}]}<\/script>\n<!-- \/ Yoast SEO Premium plugin. -->","yoast_head_json":{"title":"Internet Festival 2022, a Pisa i nuovi confini del web: tecnologia umana, etica e sostenibile - intoscana","description":"Dal 6 al 9 ottobre, la dodicesima edizione della manifestazione che apre le porte al futuro. Quest'anno il tema \u00e8: imperfezione","robots":{"index":"index","follow":"follow","max-snippet":"max-snippet:-1","max-image-preview":"max-image-preview:large","max-video-preview":"max-video-preview:-1"},"canonical":"https:\/\/www.intoscana.it\/it\/internet-festival-2022-a-pisa-i-nuovi-confini-del-web-tecnologia-umana-etica-e-sostenibile\/","og_locale":"it_IT","og_type":"article","og_title":"Internet Festival 2022, a Pisa i nuovi confini del web: tecnologia umana, etica e sostenibile","og_description":"Dal 6 al 9 ottobre, la dodicesima edizione della manifestazione che apre le porte al futuro. Quest'anno il tema \u00e8: imperfezione","og_url":"https:\/\/www.intoscana.it\/it\/internet-festival-2022-a-pisa-i-nuovi-confini-del-web-tecnologia-umana-etica-e-sostenibile\/","og_site_name":"intoscana","article_publisher":"https:\/\/www.facebook.com\/intoscana.it","article_published_time":"2022-10-06T14:01:54+00:00","article_modified_time":"2022-10-06T14:22:30+00:00","og_image":[{"width":1875,"height":1250,"url":"https:\/\/www.intoscana.it\/wp-content\/uploads\/IMG_3578.jpg","type":"image\/jpeg"}],"author":"Clara D'Acunto","twitter_card":"summary_large_image","twitter_creator":"@intoscana","twitter_site":"@intoscana","twitter_misc":{"Written by":"Clara D'Acunto","Est. reading time":"3 minuti"},"schema":{"@context":"https:\/\/schema.org","@graph":[{"@type":"WebPage","@id":"https:\/\/www.intoscana.it\/it\/internet-festival-2022-a-pisa-i-nuovi-confini-del-web-tecnologia-umana-etica-e-sostenibile\/","url":"https:\/\/www.intoscana.it\/it\/internet-festival-2022-a-pisa-i-nuovi-confini-del-web-tecnologia-umana-etica-e-sostenibile\/","name":"Internet Festival 2022, a Pisa i nuovi confini del web: tecnologia umana, etica e sostenibile - intoscana","isPartOf":{"@id":"https:\/\/www.intoscana.it\/it\/#website"},"primaryImageOfPage":{"@id":"https:\/\/www.intoscana.it\/it\/internet-festival-2022-a-pisa-i-nuovi-confini-del-web-tecnologia-umana-etica-e-sostenibile\/#primaryimage"},"image":{"@id":"https:\/\/www.intoscana.it\/it\/internet-festival-2022-a-pisa-i-nuovi-confini-del-web-tecnologia-umana-etica-e-sostenibile\/#primaryimage"},"thumbnailUrl":"https:\/\/www.intoscana.it\/wp-content\/uploads\/IMG_3578.jpg","datePublished":"2022-10-06T14:01:54+00:00","dateModified":"2022-10-06T14:22:30+00:00","author":{"@id":"https:\/\/www.intoscana.it\/it\/#\/schema\/person\/137419af9ef5d385bde52864a841e6ce"},"description":"Dal 6 al 9 ottobre, la dodicesima edizione della manifestazione che apre le porte al futuro. Quest'anno il tema \u00e8: imperfezione","breadcrumb":{"@id":"https:\/\/www.intoscana.it\/it\/internet-festival-2022-a-pisa-i-nuovi-confini-del-web-tecnologia-umana-etica-e-sostenibile\/#breadcrumb"},"inLanguage":"it-IT","potentialAction":[{"@type":"ReadAction","target":["https:\/\/www.intoscana.it\/it\/internet-festival-2022-a-pisa-i-nuovi-confini-del-web-tecnologia-umana-etica-e-sostenibile\/"]}]},{"@type":"ImageObject","inLanguage":"it-IT","@id":"https:\/\/www.intoscana.it\/it\/internet-festival-2022-a-pisa-i-nuovi-confini-del-web-tecnologia-umana-etica-e-sostenibile\/#primaryimage","url":"https:\/\/www.intoscana.it\/wp-content\/uploads\/IMG_3578.jpg","contentUrl":"https:\/\/www.intoscana.it\/wp-content\/uploads\/IMG_3578.jpg","width":1875,"height":1250,"caption":"Internet Festival 2021"},{"@type":"BreadcrumbList","@id":"https:\/\/www.intoscana.it\/it\/internet-festival-2022-a-pisa-i-nuovi-confini-del-web-tecnologia-umana-etica-e-sostenibile\/#breadcrumb","itemListElement":[{"@type":"ListItem","position":1,"name":"Home","item":"https:\/\/www.intoscana.it\/it\/"},{"@type":"ListItem","position":2,"name":"Internet Festival 2022, a Pisa i nuovi confini del web: tecnologia umana, etica e sostenibile"}]},{"@type":"WebSite","@id":"https:\/\/www.intoscana.it\/it\/#website","url":"https:\/\/www.intoscana.it\/it\/","name":"intoscana","description":"","potentialAction":[{"@type":"SearchAction","target":{"@type":"EntryPoint","urlTemplate":"https:\/\/www.intoscana.it\/it\/?s={search_term_string}"},"query-input":{"@type":"PropertyValueSpecification","valueRequired":true,"valueName":"search_term_string"}}],"inLanguage":"it-IT"},{"@type":"Person","@id":"https:\/\/www.intoscana.it\/it\/#\/schema\/person\/137419af9ef5d385bde52864a841e6ce","name":"Clara D'Acunto","url":"https:\/\/www.intoscana.it\/it\/author\/clara-d_acunto\/"}]}},"_links":{"self":[{"href":"https:\/\/www.intoscana.it\/it\/wp-json\/wp\/v2\/posts\/250639","targetHints":{"allow":["GET"]}}],"collection":[{"href":"https:\/\/www.intoscana.it\/it\/wp-json\/wp\/v2\/posts"}],"about":[{"href":"https:\/\/www.intoscana.it\/it\/wp-json\/wp\/v2\/types\/post"}],"author":[{"embeddable":true,"href":"https:\/\/www.intoscana.it\/it\/wp-json\/wp\/v2\/users\/545"}],"replies":[{"embeddable":true,"href":"https:\/\/www.intoscana.it\/it\/wp-json\/wp\/v2\/comments?post=250639"}],"version-history":[{"count":0,"href":"https:\/\/www.intoscana.it\/it\/wp-json\/wp\/v2\/posts\/250639\/revisions"}],"wp:featuredmedia":[{"embeddable":true,"href":"https:\/\/www.intoscana.it\/it\/wp-json\/wp\/v2\/media\/193649"}],"wp:attachment":[{"href":"https:\/\/www.intoscana.it\/it\/wp-json\/wp\/v2\/media?parent=250639"}],"wp:term":[{"taxonomy":"category","embeddable":true,"href":"https:\/\/www.intoscana.it\/it\/wp-json\/wp\/v2\/categories?post=250639"},{"taxonomy":"post_tag","embeddable":true,"href":"https:\/\/www.intoscana.it\/it\/wp-json\/wp\/v2\/tags?post=250639"}],"curies":[{"name":"wp","href":"https:\/\/api.w.org\/{rel}","templated":true}]}}