{"id":250668,"date":"2022-10-03T12:21:16","date_gmt":"2022-10-03T10:21:16","guid":{"rendered":"https:\/\/www.intoscana.it\/it\/?p=250668"},"modified":"2022-10-04T11:39:10","modified_gmt":"2022-10-04T09:39:10","slug":"covid-19-in-toscana-524-nuovi-casi-eta-media-46-anni-due-i-decessi","status":"publish","type":"post","link":"https:\/\/www.intoscana.it\/it\/covid-19-in-toscana-524-nuovi-casi-eta-media-46-anni-due-i-decessi\/","title":{"rendered":"Covid-19: in Toscana 524 nuovi casi, et\u00e0 media 46 anni. Due i decessi"},"content":{"rendered":"<p><strong>Sono 524 i nuovi casi di Covid-19<\/strong> registrati nelle ultime ventiquattro ore in Toscana: 128 sono stati confermati con tampone molecolare e gli altri 396 con test rapido.<\/p>\n<p>Il numero dei contagiati rilevati nella regione dall&#8217;inizio della pandemia sale dunque a 1.410.014. I nuovi casi sono lo 0,04% in pi\u00f9 rispetto al totale del giorno precedente. I guariti crescono dello 0,02% (224 persone) e raggiungono quota 1.361.635 (96,6% dei casi totali).<\/p>\n<p>Al momento in Toscana risultano pertanto <strong>37.592 positivi, +0,8% rispetto a ieri.<\/strong> Di questi 263 (20 in pi\u00f9 rispetto a ieri) sono ricoverati in ospedale: 6 (1 in pi\u00f9) si trovano in terapia intensiva.<\/p>\n<p>La lista dei decessi si aggiorna con <strong>2 nuovi decessi: un uomo e una donna con un&#8217;et\u00e0 media di 79 anni.<\/strong><\/p>\n<p>Dall&#8217;ultimo bollettino quotidiano sono stati eseguiti 402 tamponi molecolari e 2.656 tamponi antigenici rapidi: di questi il 17,1% \u00e8 risultato positivo. Sono invece 806 i soggetti testati, escludendo i tamponi di controllo: il 65% di questi \u00e8 risultato positivo. L&#8217;et\u00e0 media dei 524 nuovi positivi \u00e8 di 46 anni circa (11% ha meno di 20 anni, 14% tra 20 e 39 anni, 37% tra 40 e 59 anni, 28% tra 60 e 79 anni, 10% ha 80 anni o pi\u00f9).<\/p>\n<h3>L&#8217;andamento per provincia<\/h3>\n<p><strong>Con gli ultimi casi salgono a 383.696 i positivi dall&#8217;inizio dell&#8217;emergenza<\/strong> nei comuni della Citt\u00e0 metropolitana di Firenze (107 in pi\u00f9 rispetto a ieri), 94.082 in provincia di Prato (27 in pi\u00f9), 111.051 a Pistoia (53 in pi\u00f9), 71.077 a Massa Carrara (27 in pi\u00f9), 150.496 a Lucca (49 in pi\u00f9), 163.518 a Pisa (34 in pi\u00f9), 127.809 a Livorno (56 in pi\u00f9), 128.483 ad Arezzo (62 in pi\u00f9), 101.386 a Siena (55 in pi\u00f9) e 77.861 a Grosseto (54 in pi\u00f9). A questi vanno aggiunti 555 casi di positivit\u00e0 notificati in Toscana ma che riguardano residenti in altre regioni.<\/p>\n<p>Sono 189 le nuove segnalazioni nell&#8217;Asl Centro, 164 nella Nord Ovest, 171 nella Sud Est.<\/p>\n<p><strong>La Toscana si trova al 10\u00b0 posto in Italia come numerosit\u00e0 di casi<\/strong> complessivi dall&#8217;inizio della pandemia (tra residenti e non residenti), con circa 38.182 casi ogni 100.000 abitanti (la media italiana \u00e9 38.033 x100.000, dato di ieri). Al momento la provincia di notifica con il tasso pi\u00f9 alto \u00e9 Lucca (con 39.196 casi ogni 100 mila abitanti), seguita da Pisa (39.121) e Livorno (38.848). La pi\u00f9 bassa concentrazione si riscontra a Prato (con un tasso di 35.467).<\/p>\n<p><strong>In 37.329 sono in isolamento a casa<\/strong>, perch\u00e9 presentano sintomi lievi che non richiedono cure ospedaliere o risultano prive di sintomi (278 in pi\u00f9 rispetto a ieri, pi\u00f9 0,8%).<\/p>\n<p><strong>I 1.361.635 guariti registrati a oggi lo sono a tutti gli effetti,<\/strong> da un punto di vista virale, certificati con tampone negativo.<\/p>\n<h3>I decessi<\/h3>\n<p>La lista dei decessi si aggiorna con <strong>2 nuovi decessi: un uomo e una donna con un&#8217;et\u00e0 media di 79 anni.<\/strong><\/p>\n<p>Relativamente alla provincia di residenza, le persone decedute sono: 1 a Massa Carrara, 1 a Pisa.<\/p>\n<p><strong>Sono 10.787 i deceduti dall&#8217;inizio dell&#8217;epidemia:<\/strong> 3.394 nella Citt\u00e0 metropolitana di Firenze, 880 in provincia di Prato, 969 a Pistoia, 685 a Massa Carrara, 1.012 a Lucca, 1.215 a Pisa, 812 a Livorno, 691 ad Arezzo, 571 a Siena, 404 a Grosseto. Vanno aggiunte 154 persone decedute sul suolo toscano ma erano residenti fuori regione.<\/p>\n<p>Il tasso grezzo di mortalit\u00e0 per Covid-19 (numero di deceduti\/popolazione residente) \u00e8 al momento 292,1 ogni 100 mila residenti, contro il 299,1 x100.000 della media italiana. La Toscana \u00e9 9\u00b0 tra le regioni. Per quanto riguarda le province, il tasso di mortalit\u00e0 pi\u00f9 alto si riscontra a Massa Carrara (360,8 ogni 100 mila abitanti), seguita da Firenze (339,9 x100.000) e Pistoia (333,9 x100.000), mentre il pi\u00f9 basso \u00e8 a Grosseto (185,5 x100.000).<\/p>\n","protected":false},"excerpt":{"rendered":"<p>Al momento in Toscana risultano pertanto 37.592 positivi, +0,8% rispetto a ieri. Di questi 263 (20 in pi\u00f9 rispetto a ieri) sono ricoverati in ospedale: 6 (1 in pi\u00f9) si trovano in terapia intensiva<\/p>\n","protected":false},"author":525,"featured_media":194415,"comment_status":"open","ping_status":"open","sticky":false,"template":"","format":"standard","meta":{"_acf_changed":false,"footnotes":""},"categories":[494],"tags":[4868,418],"class_list":["post-250668","post","type-post","status-publish","format-standard","has-post-thumbnail","hentry","category-attualita","tag-bollettino-covid-toscana","tag-covid-19"],"acf":[],"yoast_head":"<!-- This site is optimized with the Yoast SEO Premium plugin v24.2 (Yoast SEO v25.6) - https:\/\/yoast.com\/wordpress\/plugins\/seo\/ -->\n<title>Covid-19: in Toscana 524 nuovi casi, et\u00e0 media 46 anni. Due i decessi - intoscana<\/title>\n<meta name=\"description\" content=\"Al momento in Toscana risultano pertanto 37.592 positivi, +0,8% rispetto a ieri. Di questi 263 (20 in pi\u00f9 rispetto a ieri) sono ricoverati\" \/>\n<meta name=\"robots\" content=\"index, follow, max-snippet:-1, max-image-preview:large, max-video-preview:-1\" \/>\n<link rel=\"canonical\" href=\"https:\/\/www.intoscana.it\/it\/covid-19-in-toscana-524-nuovi-casi-eta-media-46-anni-due-i-decessi\/\" \/>\n<meta property=\"og:locale\" content=\"it_IT\" \/>\n<meta property=\"og:type\" content=\"article\" \/>\n<meta property=\"og:title\" content=\"Covid-19: in Toscana 524 nuovi casi, et\u00e0 media 46 anni. Due i decessi\" \/>\n<meta property=\"og:description\" content=\"Al momento in Toscana risultano pertanto 37.592 positivi, +0,8% rispetto a ieri. Di questi 263 (20 in pi\u00f9 rispetto a ieri) sono ricoverati\" \/>\n<meta property=\"og:url\" content=\"https:\/\/www.intoscana.it\/it\/covid-19-in-toscana-524-nuovi-casi-eta-media-46-anni-due-i-decessi\/\" \/>\n<meta property=\"og:site_name\" content=\"intoscana\" \/>\n<meta property=\"article:publisher\" content=\"https:\/\/www.facebook.com\/intoscana.it\" \/>\n<meta property=\"article:published_time\" content=\"2022-10-03T10:21:16+00:00\" \/>\n<meta property=\"article:modified_time\" content=\"2022-10-04T09:39:10+00:00\" \/>\n<meta property=\"og:image\" content=\"https:\/\/www.intoscana.it\/wp-content\/uploads\/vaccino-terza-dose-scaled.jpg\" \/>\n\t<meta property=\"og:image:width\" content=\"2048\" \/>\n\t<meta property=\"og:image:height\" content=\"1247\" \/>\n\t<meta property=\"og:image:type\" content=\"image\/jpeg\" \/>\n<meta name=\"author\" content=\"Redazione\" \/>\n<meta name=\"twitter:card\" content=\"summary_large_image\" \/>\n<meta name=\"twitter:creator\" content=\"@intoscana\" \/>\n<meta name=\"twitter:site\" content=\"@intoscana\" \/>\n<meta name=\"twitter:label1\" content=\"Written by\" \/>\n\t<meta name=\"twitter:data1\" content=\"Redazione\" \/>\n\t<meta name=\"twitter:label2\" content=\"Est. reading time\" \/>\n\t<meta name=\"twitter:data2\" content=\"3 minuti\" \/>\n<script type=\"application\/ld+json\" class=\"yoast-schema-graph\">{\"@context\":\"https:\/\/schema.org\",\"@graph\":[{\"@type\":\"WebPage\",\"@id\":\"https:\/\/www.intoscana.it\/it\/covid-19-in-toscana-524-nuovi-casi-eta-media-46-anni-due-i-decessi\/\",\"url\":\"https:\/\/www.intoscana.it\/it\/covid-19-in-toscana-524-nuovi-casi-eta-media-46-anni-due-i-decessi\/\",\"name\":\"Covid-19: in Toscana 524 nuovi casi, et\u00e0 media 46 anni. Due i decessi - intoscana\",\"isPartOf\":{\"@id\":\"https:\/\/www.intoscana.it\/it\/#website\"},\"primaryImageOfPage\":{\"@id\":\"https:\/\/www.intoscana.it\/it\/covid-19-in-toscana-524-nuovi-casi-eta-media-46-anni-due-i-decessi\/#primaryimage\"},\"image\":{\"@id\":\"https:\/\/www.intoscana.it\/it\/covid-19-in-toscana-524-nuovi-casi-eta-media-46-anni-due-i-decessi\/#primaryimage\"},\"thumbnailUrl\":\"https:\/\/www.intoscana.it\/wp-content\/uploads\/vaccino-terza-dose-scaled.jpg\",\"datePublished\":\"2022-10-03T10:21:16+00:00\",\"dateModified\":\"2022-10-04T09:39:10+00:00\",\"author\":{\"@id\":\"https:\/\/www.intoscana.it\/it\/#\/schema\/person\/9223810753230f20bd670fdd322661f8\"},\"description\":\"Al momento in Toscana risultano pertanto 37.592 positivi, +0,8% rispetto a ieri. Di questi 263 (20 in pi\u00f9 rispetto a ieri) sono ricoverati\",\"breadcrumb\":{\"@id\":\"https:\/\/www.intoscana.it\/it\/covid-19-in-toscana-524-nuovi-casi-eta-media-46-anni-due-i-decessi\/#breadcrumb\"},\"inLanguage\":\"it-IT\",\"potentialAction\":[{\"@type\":\"ReadAction\",\"target\":[\"https:\/\/www.intoscana.it\/it\/covid-19-in-toscana-524-nuovi-casi-eta-media-46-anni-due-i-decessi\/\"]}]},{\"@type\":\"ImageObject\",\"inLanguage\":\"it-IT\",\"@id\":\"https:\/\/www.intoscana.it\/it\/covid-19-in-toscana-524-nuovi-casi-eta-media-46-anni-due-i-decessi\/#primaryimage\",\"url\":\"https:\/\/www.intoscana.it\/wp-content\/uploads\/vaccino-terza-dose-scaled.jpg\",\"contentUrl\":\"https:\/\/www.intoscana.it\/wp-content\/uploads\/vaccino-terza-dose-scaled.jpg\",\"width\":2048,\"height\":1247},{\"@type\":\"BreadcrumbList\",\"@id\":\"https:\/\/www.intoscana.it\/it\/covid-19-in-toscana-524-nuovi-casi-eta-media-46-anni-due-i-decessi\/#breadcrumb\",\"itemListElement\":[{\"@type\":\"ListItem\",\"position\":1,\"name\":\"Home\",\"item\":\"https:\/\/www.intoscana.it\/it\/\"},{\"@type\":\"ListItem\",\"position\":2,\"name\":\"Covid-19: in Toscana 524 nuovi casi, et\u00e0 media 46 anni. Due i decessi\"}]},{\"@type\":\"WebSite\",\"@id\":\"https:\/\/www.intoscana.it\/it\/#website\",\"url\":\"https:\/\/www.intoscana.it\/it\/\",\"name\":\"intoscana\",\"description\":\"\",\"potentialAction\":[{\"@type\":\"SearchAction\",\"target\":{\"@type\":\"EntryPoint\",\"urlTemplate\":\"https:\/\/www.intoscana.it\/it\/?s={search_term_string}\"},\"query-input\":{\"@type\":\"PropertyValueSpecification\",\"valueRequired\":true,\"valueName\":\"search_term_string\"}}],\"inLanguage\":\"it-IT\"},{\"@type\":\"Person\",\"@id\":\"https:\/\/www.intoscana.it\/it\/#\/schema\/person\/9223810753230f20bd670fdd322661f8\",\"name\":\"Redazione\",\"url\":\"https:\/\/www.intoscana.it\/it\/author\/redazione\/\"}]}<\/script>\n<!-- \/ Yoast SEO Premium plugin. -->","yoast_head_json":{"title":"Covid-19: in Toscana 524 nuovi casi, et\u00e0 media 46 anni. Due i decessi - intoscana","description":"Al momento in Toscana risultano pertanto 37.592 positivi, +0,8% rispetto a ieri. Di questi 263 (20 in pi\u00f9 rispetto a ieri) sono ricoverati","robots":{"index":"index","follow":"follow","max-snippet":"max-snippet:-1","max-image-preview":"max-image-preview:large","max-video-preview":"max-video-preview:-1"},"canonical":"https:\/\/www.intoscana.it\/it\/covid-19-in-toscana-524-nuovi-casi-eta-media-46-anni-due-i-decessi\/","og_locale":"it_IT","og_type":"article","og_title":"Covid-19: in Toscana 524 nuovi casi, et\u00e0 media 46 anni. Due i decessi","og_description":"Al momento in Toscana risultano pertanto 37.592 positivi, +0,8% rispetto a ieri. Di questi 263 (20 in pi\u00f9 rispetto a ieri) sono ricoverati","og_url":"https:\/\/www.intoscana.it\/it\/covid-19-in-toscana-524-nuovi-casi-eta-media-46-anni-due-i-decessi\/","og_site_name":"intoscana","article_publisher":"https:\/\/www.facebook.com\/intoscana.it","article_published_time":"2022-10-03T10:21:16+00:00","article_modified_time":"2022-10-04T09:39:10+00:00","og_image":[{"width":2048,"height":1247,"url":"https:\/\/www.intoscana.it\/wp-content\/uploads\/vaccino-terza-dose-scaled.jpg","type":"image\/jpeg"}],"author":"Redazione","twitter_card":"summary_large_image","twitter_creator":"@intoscana","twitter_site":"@intoscana","twitter_misc":{"Written by":"Redazione","Est. reading time":"3 minuti"},"schema":{"@context":"https:\/\/schema.org","@graph":[{"@type":"WebPage","@id":"https:\/\/www.intoscana.it\/it\/covid-19-in-toscana-524-nuovi-casi-eta-media-46-anni-due-i-decessi\/","url":"https:\/\/www.intoscana.it\/it\/covid-19-in-toscana-524-nuovi-casi-eta-media-46-anni-due-i-decessi\/","name":"Covid-19: in Toscana 524 nuovi casi, et\u00e0 media 46 anni. Due i decessi - intoscana","isPartOf":{"@id":"https:\/\/www.intoscana.it\/it\/#website"},"primaryImageOfPage":{"@id":"https:\/\/www.intoscana.it\/it\/covid-19-in-toscana-524-nuovi-casi-eta-media-46-anni-due-i-decessi\/#primaryimage"},"image":{"@id":"https:\/\/www.intoscana.it\/it\/covid-19-in-toscana-524-nuovi-casi-eta-media-46-anni-due-i-decessi\/#primaryimage"},"thumbnailUrl":"https:\/\/www.intoscana.it\/wp-content\/uploads\/vaccino-terza-dose-scaled.jpg","datePublished":"2022-10-03T10:21:16+00:00","dateModified":"2022-10-04T09:39:10+00:00","author":{"@id":"https:\/\/www.intoscana.it\/it\/#\/schema\/person\/9223810753230f20bd670fdd322661f8"},"description":"Al momento in Toscana risultano pertanto 37.592 positivi, +0,8% rispetto a ieri. Di questi 263 (20 in pi\u00f9 rispetto a ieri) sono ricoverati","breadcrumb":{"@id":"https:\/\/www.intoscana.it\/it\/covid-19-in-toscana-524-nuovi-casi-eta-media-46-anni-due-i-decessi\/#breadcrumb"},"inLanguage":"it-IT","potentialAction":[{"@type":"ReadAction","target":["https:\/\/www.intoscana.it\/it\/covid-19-in-toscana-524-nuovi-casi-eta-media-46-anni-due-i-decessi\/"]}]},{"@type":"ImageObject","inLanguage":"it-IT","@id":"https:\/\/www.intoscana.it\/it\/covid-19-in-toscana-524-nuovi-casi-eta-media-46-anni-due-i-decessi\/#primaryimage","url":"https:\/\/www.intoscana.it\/wp-content\/uploads\/vaccino-terza-dose-scaled.jpg","contentUrl":"https:\/\/www.intoscana.it\/wp-content\/uploads\/vaccino-terza-dose-scaled.jpg","width":2048,"height":1247},{"@type":"BreadcrumbList","@id":"https:\/\/www.intoscana.it\/it\/covid-19-in-toscana-524-nuovi-casi-eta-media-46-anni-due-i-decessi\/#breadcrumb","itemListElement":[{"@type":"ListItem","position":1,"name":"Home","item":"https:\/\/www.intoscana.it\/it\/"},{"@type":"ListItem","position":2,"name":"Covid-19: in Toscana 524 nuovi casi, et\u00e0 media 46 anni. Due i decessi"}]},{"@type":"WebSite","@id":"https:\/\/www.intoscana.it\/it\/#website","url":"https:\/\/www.intoscana.it\/it\/","name":"intoscana","description":"","potentialAction":[{"@type":"SearchAction","target":{"@type":"EntryPoint","urlTemplate":"https:\/\/www.intoscana.it\/it\/?s={search_term_string}"},"query-input":{"@type":"PropertyValueSpecification","valueRequired":true,"valueName":"search_term_string"}}],"inLanguage":"it-IT"},{"@type":"Person","@id":"https:\/\/www.intoscana.it\/it\/#\/schema\/person\/9223810753230f20bd670fdd322661f8","name":"Redazione","url":"https:\/\/www.intoscana.it\/it\/author\/redazione\/"}]}},"_links":{"self":[{"href":"https:\/\/www.intoscana.it\/it\/wp-json\/wp\/v2\/posts\/250668","targetHints":{"allow":["GET"]}}],"collection":[{"href":"https:\/\/www.intoscana.it\/it\/wp-json\/wp\/v2\/posts"}],"about":[{"href":"https:\/\/www.intoscana.it\/it\/wp-json\/wp\/v2\/types\/post"}],"author":[{"embeddable":true,"href":"https:\/\/www.intoscana.it\/it\/wp-json\/wp\/v2\/users\/525"}],"replies":[{"embeddable":true,"href":"https:\/\/www.intoscana.it\/it\/wp-json\/wp\/v2\/comments?post=250668"}],"version-history":[{"count":0,"href":"https:\/\/www.intoscana.it\/it\/wp-json\/wp\/v2\/posts\/250668\/revisions"}],"wp:featuredmedia":[{"embeddable":true,"href":"https:\/\/www.intoscana.it\/it\/wp-json\/wp\/v2\/media\/194415"}],"wp:attachment":[{"href":"https:\/\/www.intoscana.it\/it\/wp-json\/wp\/v2\/media?parent=250668"}],"wp:term":[{"taxonomy":"category","embeddable":true,"href":"https:\/\/www.intoscana.it\/it\/wp-json\/wp\/v2\/categories?post=250668"},{"taxonomy":"post_tag","embeddable":true,"href":"https:\/\/www.intoscana.it\/it\/wp-json\/wp\/v2\/tags?post=250668"}],"curies":[{"name":"wp","href":"https:\/\/api.w.org\/{rel}","templated":true}]}}