{"id":250705,"date":"2022-10-03T15:10:36","date_gmt":"2022-10-03T13:10:36","guid":{"rendered":"https:\/\/www.intoscana.it\/it\/?p=250705"},"modified":"2022-10-04T16:20:10","modified_gmt":"2022-10-04T14:20:10","slug":"economia-la-carica-dei-3-500-imprenditori-toscani-under-40-il-futuro-in-un-manifesto","status":"publish","type":"post","link":"https:\/\/www.intoscana.it\/it\/economia-la-carica-dei-3-500-imprenditori-toscani-under-40-il-futuro-in-un-manifesto\/","title":{"rendered":"Economia, la carica dei 3.500 imprenditori toscani under 40: il futuro in un Manifesto"},"content":{"rendered":"<p>Solidariet\u00e0 e sostegno reciproco, crescita e concretezza, tradizione e cambiamento. Sono i valori che stanno alla base del <mark>Manifesto dei giovani imprenditori, iniziativa promossa da Confartigianato Imprese Toscana che coinvolge 3.500 imprese gestite da under 40<\/mark>. L&#8217;obiettivo \u00e8 mettere nero su bianco le esigenze dei giovani in materia di sviluppo dell\u2019imprenditorialit\u00e0 e promozione della formazione, con particolare attenzione alla trasmissione di impresa e all\u2019avvicinamento tra le istituzioni scolastiche e lavoro.<\/p>\n<p>Il manifesto \u00e8 stato presentato in Regione. \u201c\u00c8 una dichiarazione di intenti &#8211; commenta il presidente <strong>Eugenio Giani<\/strong> &#8211; ma soprattutto una sorta di <mark>carta dei valori che i giovani imprenditori pongono come strumento per rispondere alle sfide alle quali sono chiamati.<\/mark> La loro presenza in Confartigianato \u00e8 fondamentale anche perch\u00e9 sono lo strumento per stare al passo con i tempi, per innovare processi e procedure. ll lavoro che portiamo avanti con Confartigianato e con le altre associazioni di categoria \u00e8 un esempio di come si governa una regione e un territorio, attraverso la concertazione per raggiungere obiettivi comuni\u201d.<\/p>\n<h3><em>I valori del manifesto<\/em><\/h3>\n<p>La <mark>solidariet\u00e0 ed il sostegno reciproco, \u00e8 il primo punto del Manifesto. Poi la crescita e la concretezza, &#8220;poich\u00e9 associarsi significa entrare in una comunit\u00e0 vivace e dinamica con obiettivi chiari&#8221;. E ancora: la tradizione e il cambiamento,<\/mark> &#8220;in quanto il futuro pu\u00f2 essere creato solo nella consapevolezza della propria storia&#8221;. Massima attenzione anche a &#8220;un welfare che aiuti la conciliazione tra la vita lavorativa e quella personale, incentivi all\u2019acquisto dei beni strumentali, alla digitalizzazione, all\u2019economia circolare, finanziamenti per la formazione, aiuti finalizzati alla costituzione e allo sviluppo di imprese giovanili&#8221;.<\/p>\n<p>&#8220;\u00c8 fondamentale in questo momento sostenere i giovani imprenditori, il loro talento e la loro intraprendenza \u2013 dichiara <strong>Giancarlo Mannini,<\/strong> presidente dei Giovani Imprenditori di Confartigianato Imprese Toscana -. La pandemia, la guerra e la crisi energetica hanno penalizzato tante imprese giovanili e per questo \u00e8 importante riflettere sui valori comuni, sulle azioni necessarie a creare un ambiente favorevole al fare impresa e rafforzare le nostre competenze per affrontare i cambiamenti. Il Manifesto che presentiamo \u00e8 frutto della riflessione di un gruppo rappresentativo delle imprese giovanili della nostra Regione&#8221;.<\/p>\n","protected":false},"excerpt":{"rendered":"<p>La carta dei valori dei giovani di Confartigianato presentata in Regione. Il presidente Giani: &#8220;Strumento per rispondere alle sfide del futuro&#8221;<\/p>\n","protected":false},"author":525,"featured_media":250707,"comment_status":"open","ping_status":"open","sticky":false,"template":"","format":"standard","meta":{"_acf_changed":false,"footnotes":""},"categories":[9],"tags":[211],"class_list":["post-250705","post","type-post","status-publish","format-standard","has-post-thumbnail","hentry","category-made-in-toscana","tag-economia"],"acf":[],"yoast_head":"<!-- This site is optimized with the Yoast SEO Premium plugin v24.2 (Yoast SEO v25.6) - https:\/\/yoast.com\/wordpress\/plugins\/seo\/ -->\n<title>Economia, la carica dei 3.500 imprenditori toscani under 40: il futuro in un Manifesto - intoscana<\/title>\n<meta name=\"description\" content=\"La carta dei valori dei giovani di Confartigianato presentata in Regione. Il presidente Giani: &quot;Strumento per rispondere alle sfide del futuro&quot;\" \/>\n<meta name=\"robots\" content=\"index, follow, max-snippet:-1, max-image-preview:large, max-video-preview:-1\" \/>\n<link rel=\"canonical\" href=\"https:\/\/www.intoscana.it\/it\/economia-la-carica-dei-3-500-imprenditori-toscani-under-40-il-futuro-in-un-manifesto\/\" \/>\n<meta property=\"og:locale\" content=\"it_IT\" \/>\n<meta property=\"og:type\" content=\"article\" \/>\n<meta property=\"og:title\" content=\"Economia, la carica dei 3.500 imprenditori toscani under 40: il futuro in un Manifesto\" \/>\n<meta property=\"og:description\" content=\"La carta dei valori dei giovani di Confartigianato presentata in Regione. Il presidente Giani: &quot;Strumento per rispondere alle sfide del futuro&quot;\" \/>\n<meta property=\"og:url\" content=\"https:\/\/www.intoscana.it\/it\/economia-la-carica-dei-3-500-imprenditori-toscani-under-40-il-futuro-in-un-manifesto\/\" \/>\n<meta property=\"og:site_name\" content=\"intoscana\" \/>\n<meta property=\"article:publisher\" content=\"https:\/\/www.facebook.com\/intoscana.it\" \/>\n<meta property=\"article:published_time\" content=\"2022-10-03T13:10:36+00:00\" \/>\n<meta property=\"article:modified_time\" content=\"2022-10-04T14:20:10+00:00\" \/>\n<meta property=\"og:image\" content=\"https:\/\/www.intoscana.it\/wp-content\/uploads\/giovani-imprenditori-scaled.jpeg\" \/>\n\t<meta property=\"og:image:width\" content=\"2048\" \/>\n\t<meta property=\"og:image:height\" content=\"1687\" \/>\n\t<meta property=\"og:image:type\" content=\"image\/jpeg\" \/>\n<meta name=\"author\" content=\"Redazione\" \/>\n<meta name=\"twitter:card\" content=\"summary_large_image\" \/>\n<meta name=\"twitter:creator\" content=\"@intoscana\" \/>\n<meta name=\"twitter:site\" content=\"@intoscana\" \/>\n<meta name=\"twitter:label1\" content=\"Written by\" \/>\n\t<meta name=\"twitter:data1\" content=\"Redazione\" \/>\n\t<meta name=\"twitter:label2\" content=\"Est. reading time\" \/>\n\t<meta name=\"twitter:data2\" content=\"2 minuti\" \/>\n<script type=\"application\/ld+json\" class=\"yoast-schema-graph\">{\"@context\":\"https:\/\/schema.org\",\"@graph\":[{\"@type\":\"WebPage\",\"@id\":\"https:\/\/www.intoscana.it\/it\/economia-la-carica-dei-3-500-imprenditori-toscani-under-40-il-futuro-in-un-manifesto\/\",\"url\":\"https:\/\/www.intoscana.it\/it\/economia-la-carica-dei-3-500-imprenditori-toscani-under-40-il-futuro-in-un-manifesto\/\",\"name\":\"Economia, la carica dei 3.500 imprenditori toscani under 40: il futuro in un Manifesto - intoscana\",\"isPartOf\":{\"@id\":\"https:\/\/www.intoscana.it\/it\/#website\"},\"primaryImageOfPage\":{\"@id\":\"https:\/\/www.intoscana.it\/it\/economia-la-carica-dei-3-500-imprenditori-toscani-under-40-il-futuro-in-un-manifesto\/#primaryimage\"},\"image\":{\"@id\":\"https:\/\/www.intoscana.it\/it\/economia-la-carica-dei-3-500-imprenditori-toscani-under-40-il-futuro-in-un-manifesto\/#primaryimage\"},\"thumbnailUrl\":\"https:\/\/www.intoscana.it\/wp-content\/uploads\/giovani-imprenditori-scaled.jpeg\",\"datePublished\":\"2022-10-03T13:10:36+00:00\",\"dateModified\":\"2022-10-04T14:20:10+00:00\",\"author\":{\"@id\":\"https:\/\/www.intoscana.it\/it\/#\/schema\/person\/9223810753230f20bd670fdd322661f8\"},\"description\":\"La carta dei valori dei giovani di Confartigianato presentata in Regione. Il presidente Giani: \\\"Strumento per rispondere alle sfide del futuro\\\"\",\"breadcrumb\":{\"@id\":\"https:\/\/www.intoscana.it\/it\/economia-la-carica-dei-3-500-imprenditori-toscani-under-40-il-futuro-in-un-manifesto\/#breadcrumb\"},\"inLanguage\":\"it-IT\",\"potentialAction\":[{\"@type\":\"ReadAction\",\"target\":[\"https:\/\/www.intoscana.it\/it\/economia-la-carica-dei-3-500-imprenditori-toscani-under-40-il-futuro-in-un-manifesto\/\"]}]},{\"@type\":\"ImageObject\",\"inLanguage\":\"it-IT\",\"@id\":\"https:\/\/www.intoscana.it\/it\/economia-la-carica-dei-3-500-imprenditori-toscani-under-40-il-futuro-in-un-manifesto\/#primaryimage\",\"url\":\"https:\/\/www.intoscana.it\/wp-content\/uploads\/giovani-imprenditori-scaled.jpeg\",\"contentUrl\":\"https:\/\/www.intoscana.it\/wp-content\/uploads\/giovani-imprenditori-scaled.jpeg\",\"width\":2048,\"height\":1687},{\"@type\":\"BreadcrumbList\",\"@id\":\"https:\/\/www.intoscana.it\/it\/economia-la-carica-dei-3-500-imprenditori-toscani-under-40-il-futuro-in-un-manifesto\/#breadcrumb\",\"itemListElement\":[{\"@type\":\"ListItem\",\"position\":1,\"name\":\"Home\",\"item\":\"https:\/\/www.intoscana.it\/it\/\"},{\"@type\":\"ListItem\",\"position\":2,\"name\":\"Economia, la carica dei 3.500 imprenditori toscani under 40: il futuro in un Manifesto\"}]},{\"@type\":\"WebSite\",\"@id\":\"https:\/\/www.intoscana.it\/it\/#website\",\"url\":\"https:\/\/www.intoscana.it\/it\/\",\"name\":\"intoscana\",\"description\":\"\",\"potentialAction\":[{\"@type\":\"SearchAction\",\"target\":{\"@type\":\"EntryPoint\",\"urlTemplate\":\"https:\/\/www.intoscana.it\/it\/?s={search_term_string}\"},\"query-input\":{\"@type\":\"PropertyValueSpecification\",\"valueRequired\":true,\"valueName\":\"search_term_string\"}}],\"inLanguage\":\"it-IT\"},{\"@type\":\"Person\",\"@id\":\"https:\/\/www.intoscana.it\/it\/#\/schema\/person\/9223810753230f20bd670fdd322661f8\",\"name\":\"Redazione\",\"url\":\"https:\/\/www.intoscana.it\/it\/author\/redazione\/\"}]}<\/script>\n<!-- \/ Yoast SEO Premium plugin. -->","yoast_head_json":{"title":"Economia, la carica dei 3.500 imprenditori toscani under 40: il futuro in un Manifesto - intoscana","description":"La carta dei valori dei giovani di Confartigianato presentata in Regione. Il presidente Giani: \"Strumento per rispondere alle sfide del futuro\"","robots":{"index":"index","follow":"follow","max-snippet":"max-snippet:-1","max-image-preview":"max-image-preview:large","max-video-preview":"max-video-preview:-1"},"canonical":"https:\/\/www.intoscana.it\/it\/economia-la-carica-dei-3-500-imprenditori-toscani-under-40-il-futuro-in-un-manifesto\/","og_locale":"it_IT","og_type":"article","og_title":"Economia, la carica dei 3.500 imprenditori toscani under 40: il futuro in un Manifesto","og_description":"La carta dei valori dei giovani di Confartigianato presentata in Regione. Il presidente Giani: \"Strumento per rispondere alle sfide del futuro\"","og_url":"https:\/\/www.intoscana.it\/it\/economia-la-carica-dei-3-500-imprenditori-toscani-under-40-il-futuro-in-un-manifesto\/","og_site_name":"intoscana","article_publisher":"https:\/\/www.facebook.com\/intoscana.it","article_published_time":"2022-10-03T13:10:36+00:00","article_modified_time":"2022-10-04T14:20:10+00:00","og_image":[{"width":2048,"height":1687,"url":"https:\/\/www.intoscana.it\/wp-content\/uploads\/giovani-imprenditori-scaled.jpeg","type":"image\/jpeg"}],"author":"Redazione","twitter_card":"summary_large_image","twitter_creator":"@intoscana","twitter_site":"@intoscana","twitter_misc":{"Written by":"Redazione","Est. reading time":"2 minuti"},"schema":{"@context":"https:\/\/schema.org","@graph":[{"@type":"WebPage","@id":"https:\/\/www.intoscana.it\/it\/economia-la-carica-dei-3-500-imprenditori-toscani-under-40-il-futuro-in-un-manifesto\/","url":"https:\/\/www.intoscana.it\/it\/economia-la-carica-dei-3-500-imprenditori-toscani-under-40-il-futuro-in-un-manifesto\/","name":"Economia, la carica dei 3.500 imprenditori toscani under 40: il futuro in un Manifesto - intoscana","isPartOf":{"@id":"https:\/\/www.intoscana.it\/it\/#website"},"primaryImageOfPage":{"@id":"https:\/\/www.intoscana.it\/it\/economia-la-carica-dei-3-500-imprenditori-toscani-under-40-il-futuro-in-un-manifesto\/#primaryimage"},"image":{"@id":"https:\/\/www.intoscana.it\/it\/economia-la-carica-dei-3-500-imprenditori-toscani-under-40-il-futuro-in-un-manifesto\/#primaryimage"},"thumbnailUrl":"https:\/\/www.intoscana.it\/wp-content\/uploads\/giovani-imprenditori-scaled.jpeg","datePublished":"2022-10-03T13:10:36+00:00","dateModified":"2022-10-04T14:20:10+00:00","author":{"@id":"https:\/\/www.intoscana.it\/it\/#\/schema\/person\/9223810753230f20bd670fdd322661f8"},"description":"La carta dei valori dei giovani di Confartigianato presentata in Regione. Il presidente Giani: \"Strumento per rispondere alle sfide del futuro\"","breadcrumb":{"@id":"https:\/\/www.intoscana.it\/it\/economia-la-carica-dei-3-500-imprenditori-toscani-under-40-il-futuro-in-un-manifesto\/#breadcrumb"},"inLanguage":"it-IT","potentialAction":[{"@type":"ReadAction","target":["https:\/\/www.intoscana.it\/it\/economia-la-carica-dei-3-500-imprenditori-toscani-under-40-il-futuro-in-un-manifesto\/"]}]},{"@type":"ImageObject","inLanguage":"it-IT","@id":"https:\/\/www.intoscana.it\/it\/economia-la-carica-dei-3-500-imprenditori-toscani-under-40-il-futuro-in-un-manifesto\/#primaryimage","url":"https:\/\/www.intoscana.it\/wp-content\/uploads\/giovani-imprenditori-scaled.jpeg","contentUrl":"https:\/\/www.intoscana.it\/wp-content\/uploads\/giovani-imprenditori-scaled.jpeg","width":2048,"height":1687},{"@type":"BreadcrumbList","@id":"https:\/\/www.intoscana.it\/it\/economia-la-carica-dei-3-500-imprenditori-toscani-under-40-il-futuro-in-un-manifesto\/#breadcrumb","itemListElement":[{"@type":"ListItem","position":1,"name":"Home","item":"https:\/\/www.intoscana.it\/it\/"},{"@type":"ListItem","position":2,"name":"Economia, la carica dei 3.500 imprenditori toscani under 40: il futuro in un Manifesto"}]},{"@type":"WebSite","@id":"https:\/\/www.intoscana.it\/it\/#website","url":"https:\/\/www.intoscana.it\/it\/","name":"intoscana","description":"","potentialAction":[{"@type":"SearchAction","target":{"@type":"EntryPoint","urlTemplate":"https:\/\/www.intoscana.it\/it\/?s={search_term_string}"},"query-input":{"@type":"PropertyValueSpecification","valueRequired":true,"valueName":"search_term_string"}}],"inLanguage":"it-IT"},{"@type":"Person","@id":"https:\/\/www.intoscana.it\/it\/#\/schema\/person\/9223810753230f20bd670fdd322661f8","name":"Redazione","url":"https:\/\/www.intoscana.it\/it\/author\/redazione\/"}]}},"_links":{"self":[{"href":"https:\/\/www.intoscana.it\/it\/wp-json\/wp\/v2\/posts\/250705","targetHints":{"allow":["GET"]}}],"collection":[{"href":"https:\/\/www.intoscana.it\/it\/wp-json\/wp\/v2\/posts"}],"about":[{"href":"https:\/\/www.intoscana.it\/it\/wp-json\/wp\/v2\/types\/post"}],"author":[{"embeddable":true,"href":"https:\/\/www.intoscana.it\/it\/wp-json\/wp\/v2\/users\/525"}],"replies":[{"embeddable":true,"href":"https:\/\/www.intoscana.it\/it\/wp-json\/wp\/v2\/comments?post=250705"}],"version-history":[{"count":0,"href":"https:\/\/www.intoscana.it\/it\/wp-json\/wp\/v2\/posts\/250705\/revisions"}],"wp:featuredmedia":[{"embeddable":true,"href":"https:\/\/www.intoscana.it\/it\/wp-json\/wp\/v2\/media\/250707"}],"wp:attachment":[{"href":"https:\/\/www.intoscana.it\/it\/wp-json\/wp\/v2\/media?parent=250705"}],"wp:term":[{"taxonomy":"category","embeddable":true,"href":"https:\/\/www.intoscana.it\/it\/wp-json\/wp\/v2\/categories?post=250705"},{"taxonomy":"post_tag","embeddable":true,"href":"https:\/\/www.intoscana.it\/it\/wp-json\/wp\/v2\/tags?post=250705"}],"curies":[{"name":"wp","href":"https:\/\/api.w.org\/{rel}","templated":true}]}}