{"id":250787,"date":"2022-10-04T09:58:56","date_gmt":"2022-10-04T07:58:56","guid":{"rendered":"https:\/\/www.intoscana.it\/it\/?p=250787"},"modified":"2022-10-04T10:10:56","modified_gmt":"2022-10-04T08:10:56","slug":"pianeta-terra-a-lucca-un-festival-per-riflettere-sullambiente-con-ospiti-internazionali","status":"publish","type":"post","link":"https:\/\/www.intoscana.it\/it\/pianeta-terra-a-lucca-un-festival-per-riflettere-sullambiente-con-ospiti-internazionali\/","title":{"rendered":"&#8220;Pianeta Terra&#8221; a Lucca un festival per riflettere sull&#8217;ambiente con ospiti internazionali"},"content":{"rendered":"<p><strong>Herv\u00e9 Barmasse, Roberto Battiston,<\/strong> Francesca Bria, Carlo Carraro<strong>, Max Casacci,<\/strong> Emanuele Coccia,<strong> Paolo Cognetti,<\/strong> Mario Cucinella, Brunello Cucinelli, Roberto Danovaro, <strong>Alba Donati,<\/strong> Esther Duflo, Emanuela Evangelista,<strong> Adrian Fartade,<\/strong> Fabio Genovesi, Enrico Giovannini, Eduardo Kohn, Vittorio Lingiardi,<strong> Vito Mancuso,<\/strong> Federico Marchetti, Maurizio Martina, Barbara Mazzolai, <strong>Melania Mazzucco, Piergiorgio Odifreddi,<\/strong> Tommaso Parrinello, <strong>Raj Patel, Carlo Petrini,<\/strong> Menno Schilthuizen, <strong>Michele Serra<\/strong>, Merlin Sheldrake, <strong>Giovanni Soldini, Mario Tozzi,<\/strong> Riccardo Valentini,<strong> Gustavo Zagrebelsky<\/strong> e tanti altri sono gli ospiti del <em><strong>Pianeta Terra Festival.<\/strong><\/em><\/p>\n<p><strong>Da gioved\u00ec 6 a domenica 9 ottobre <\/strong>si terr\u00e0 in Toscana la prima edizione del <strong>festival\u00a0diretto da Stefano Mancuso,<\/strong> progettato e organizzato dagli <strong>Editori Laterza<\/strong> e promosso dalla <strong>Fondazione Cassa di Risparmio di Lucca.<\/strong><\/p>\n<p>Lo scenario sar\u00e0 la splendida citt\u00e0 di <strong>Lucca<\/strong> che ospiter\u00e0 gli incontri in alcuni dei suoi edifici pi\u00f9 suggestivi, come la <strong>Chiesa di San Francesco, Palazzo Ducale, l\u2019Orto Botanico,<\/strong> solo per citarne alcuni.<\/p>\n<p>Negli <strong>oltre 70 appuntamenti<\/strong> previsti durante i quattro giorni del festival si parler\u00e0 di <strong>ecosistemi, di biodiversit\u00e0, di energia, di agricoltura e alimentazione,<\/strong> di sviluppo urbano, di risorse, di<strong> finanza green,<\/strong> ma anche di <strong>storia, antropologia, filosofia, arte, letteratura, musica, fotografia, cinema<\/strong>.<\/p>\n<p>Nei <strong>quattro giorni del festival<\/strong> si indagher\u00e0 sullo<strong> stato di salute del Pianeta,<\/strong>\u00a0si indicheranno soluzioni, si immagineranno <strong>futuri durevoli<\/strong> e soprattutto si prover\u00e0 a <strong>costruire una sensibilit\u00e0 e una coscienza nuove<\/strong> rispetto alle<strong> gravi questioni ambientali,<\/strong> le cui conseguenze riguardano il mondo intero.<\/p>\n<p>Sar\u00e0 l&#8217;occasione\u00a0per ascoltare storie straordinarie di<strong> donne e uomini impegnati nella difesa dell\u2019ambiente,<\/strong> di chi ha dato un importante contributo scientifico, di chi \u00e8 ancora alla ricerca di risposte e strategie, di chi sa che la conoscenza deve continuamente tradursi in<strong> sapere condiviso.<\/strong><\/p>\n<p>Ma sar\u00e0 anche <em>\u201cuna festa della vita, di ogni singola vita e dell\u2019unico posto dell\u2019universo che conosciamo in grado di ospitarla\u201d:<\/em> <strong>Stefano Mancuso<\/strong> riassume cos\u00ec lo spirito con cui \u00e8 nato <strong>Pianeta Terra.<\/strong><\/p>\n<figure id=\"post-250838 media-250838\" class=\"align-none\"><img decoding=\"async\" src=\"https:\/\/www.intoscana.it\/wp-content\/uploads\/STEFANO-MANCUSO-scaled.jpeg\" alt=\"\" \/><\/figure>\n<div class=\"titleimg\"><em>Stefano Mancuso<\/em><\/div>\n<h3>Il programma<\/h3>\n<p>Durante le quattro giornate del festival interverranno personalit\u00e0 di altissimo profilo:<strong> scienziati, antropologi, filosofi, economisti, architetti, urbanisti, storici, scrittori, artisti, innovatori, attivisti, policy makers.<\/strong><\/p>\n<p>Tra i protagonisti di respiro internazionale: <strong>Raj Patel, economista, attivista e studioso di politiche alimentari,<\/strong> affronter\u00e0 una delle grandi domande del nostro secolo: in vista di una crescita della popolazione mondiale che raggiunger\u00e0 i 10 miliardi, come potremo nutrire tutti in modo sostenibile?; <strong>il Premio Nobel per l\u2019Economia Esther Duflo<\/strong> dialogher\u00e0 con<strong> il Ministro Enrico Giovannini<\/strong> sul legame tra crisi climatica e povert\u00e0;<strong> l\u2019antropologo Eduardo Kohn<\/strong> discuter\u00e0 di come ricominciare da una nuova ecologia del s\u00e9; <strong>due biologi di fama internazionale, Merlin Sheldrake e Menno Schilthuizen<\/strong>, a partire dalle loro ricerche, racconteranno rispettivamente il pi\u00f9 misterioso dei 5 regni del vivente \u2013 l\u2019ordine nascosto dei funghi \u2013 , e il modo in cui gli animali e le piante si adattano a un\u2019urbanizzazione sempre pi\u00f9 estesa.<\/p>\n<p>Ci saranno anche alcuni dei massimi esperti di <strong>questioni climatiche e ambientali<\/strong>, tra i quali<strong>: Riccardo Valentini, studioso di Ecologia forestale<\/strong> e membro dell\u2019IPCC, nel 2007 insignito del Premio Nobel per la Pace insieme ad altri scienziati del Comitato Intergovernativo sui Cambiamenti Climatici; <strong>Carlo Carraro, economista ambientale,<\/strong> gi\u00e0 Presidente della European Association of Environmental and Resource Economists; <strong>Valeria Termini, profonda conoscitrice di politica energetica europea<\/strong> e internazionale; <strong>Barbara Mazzolai, responsabile del Centro di Micro-Biorobotic<\/strong>a dell\u2019Istituto Italiano di Tecnologia;<strong> Roberto Danovaro, biologo marino<\/strong> e Presidente della Stazione Zoologica Anton Dohrn; <strong>Emanuela Evangelista, biologa e attivista ambientale<\/strong> che vive in un piccolo villaggio nel cuore dell\u2019Amazzonia; <strong>Francesca Bria, tra i massimi esperti di innovazione tecnologica<\/strong>.<\/p>\n<p>Si discuter\u00e0 poi di <strong>cibo e sovranit\u00e0 alimentare<\/strong> con<strong> Stefano Liberti e Carlo Petrini;<\/strong> di emergenza alimentare con <strong>Maurizio Martina e Fabio Ciconte<\/strong>; dello scioglimento dei ghiacciai con <strong>Elisa Palazzi e Federico Taddia;<\/strong> di moda rigenerativa con <strong>Brunello Cucinelli e Federico Marchetti.<\/strong><\/p>\n<figure id=\"post-149481 media-149481\" class=\"align-none\"><img decoding=\"async\" src=\"https:\/\/www.intoscana.it\/wp-content\/uploads\/Adrian_.jpeg\" alt=\"\" \/><\/figure>\n<div class=\"titleimg\"><em>Adrian Fartade<\/em><\/div>\n<p>Tra i tanti confronti: <strong>Vito Mancuso e Gustavo Zagrebelsky<\/strong> sulla necessit\u00e0 di affrontare concretamente il tema dei \u00abdiritti delle generazioni future\u00bb; <strong>Paolo Cognetti e Stefano Mancuso,<\/strong> in un incontro intitolato Alberi Maestri su cosa possiamo imparare dalle piante; <strong>Herv\u00e9 Barmasse e Giovanni Soldini,<\/strong> per guardare da vicino lo stato delle montagne e dei mari;<strong> Edoardo Camurri e Pietro Del Sold\u00e0<\/strong> porteranno a Lucca il format di Rai Radio 3 \u201cTutta l\u2019umanit\u00e0 ne parla\u201d; <strong>Massimo Cirri e Andrea Segr\u00e8<\/strong> si chiederanno se \u00e8 ancora possibile vivere a spreco zero; <strong>Melania Mazzucco, insieme a Gregorio Botta<\/strong>, rifletter\u00e0 su come la natura ha nutrito e ispirato le pi\u00f9 straordinarie opere d\u2019arte nel corso dei secoli.<\/p>\n<p>Il programma sar\u00e0 arricchito da <strong>lezioni, monologhi, racconti, performance.<\/strong> Tra i tanti interventi: <strong>Vittorio Lingiardi<\/strong> rifletter\u00e0 sui paesaggi della psiche; <strong>Emanuele Coccia<\/strong> sul legame che tutti i viventi hanno tra di loro e con la terra; <strong>Piergiorgio Odifreddi<\/strong> sul De rerum natura di Lucrezio; <strong>Mario Cucinella<\/strong> su come costruire edifici e citt\u00e0 sostenibili; <strong>Barbara Mazzolai<\/strong> sulle nuove tecnologie che le piante possono ispirare<strong>; Roberto Battiston<\/strong> sul perch\u00e9 questo \u00e8 il secolo delle catastrofi annunciate; <strong>Michele Serra<\/strong> sull&#8217;innalzamento dei mari, la gestione delle acque, lo stravolgimento climatico e l\u2019inquinamento<strong>; Tommaso Parrinello<\/strong> su come le osservazioni dallo spazio ci aiutano a studiare i meccanismi che regolano la biosfera; <strong>Adrian Fartade<\/strong> terr\u00e0 un monologo pieno di umorismo sull\u2019Armageddon che incombe; <strong>Alba Donati<\/strong> si soffermer\u00e0 sul perch\u00e9 spesso \u00e8 proprio la geografia a ispirarci l\u2019inizio di una nuova vita. <strong>Alessandro Vanoli<\/strong> racconter\u00e0 la storia del mare dal Paleolitico al Plasticene, <strong>Amedeo Feniello<\/strong> spiegher\u00e0 come l\u2019uomo ha saputo affrontare catastrofi e cataclismi nella storia; <strong>Moreno Di Marco<\/strong> chiarir\u00e0 come la perdita di biodiversit\u00e0 mette in pericolo non solo le altre specie ma anche la nostra.<\/p>\n<p>Si parler\u00e0 anche di <strong>economia circolare,<\/strong> insieme, tra gli altri, a<strong> Fabio Iraldo e Fabia Romagnoli, Marco Frey e Luca Ruini, Samir de Chadarevian e Rossano Ercolini;<\/strong> di finanza green con<strong> Francesco Profumo e Ferruccio de Bortoli<\/strong>; di transizione energetica in numerosi incontri, come quello con <strong>Marco Raugi e Nives Della Valle;<\/strong> di geopolitica dell\u2019energia con <strong>Simone Tagliapietra e Valeria Termini<\/strong>, di transizione giusta con <strong>Giorgio Airaudo e Simone D\u2019Alessandro;<\/strong> di relazione tra capitalismo e ambiente con <strong>Elena Granaglia e Alessio Terzi<\/strong>; di risorse strategiche come l\u2019acqua con<strong> Giulio Boccaletti e Raul Caruso.<\/strong><\/p>\n<div class=\"titleimg\">\n<figure id=\"post-250821 media-250821\" class=\"align-none\"><img decoding=\"async\" src=\"https:\/\/www.intoscana.it\/wp-content\/uploads\/MARIANNA-CLAUSER.jpg\" alt=\"\" \/><\/figure>\n<div class=\"titleimg\"><em>Marianna Clauser<\/em><\/div>\n<\/div>\n<h3>Suoni dal pianeta Terra: i concerti<\/h3>\n<p>Non mancheranno concerti e spettacoli: <strong>Stefano Mancuso, direttore del Festival, e il violoncellista Mario Brunello,<\/strong> fra i migliori interpreti di Bach, si troveranno insieme sul palco per raccontare da diverse prospettive la Ciaccona di Bach.<\/p>\n<p>Il Maestro Gian Paolo Mazzoli eseguir\u00e0 la<strong> Sinfonia n. 2 di Ezio Bosso, ispirata alla \u201cforesta dei violini\u201d della Val di Fiemme,<\/strong> dove crescono i cosiddetti abeti di risonanza e dove liutai di tutto il mondo, a partire dallo stesso Stradivari, sono sempre andati a selezionare i legni per i propri strumenti.<\/p>\n<p>E ancora due esperienze immersive con <strong>Earthphonia Sapiens Live di Max Casacci con Mario Tozzi,<\/strong> uno show di suoni, ritmi, parole e immagini della natura e dei suoi ecosistemi e con <strong>Vox Balaenae di George Crumb,<\/strong> una composizione iconica \u2212 eseguita nel blu pi\u00f9 profondo \u2212 nella quale ci si ispira alla voce delle balene.<\/p>\n<figure id=\"post-250802 media-250802\" class=\"align-none\"><img decoding=\"async\" src=\"https:\/\/www.intoscana.it\/wp-content\/uploads\/FRANCESCO-FIORAMONTI_credit_-Max-Casacci-scaled.jpg\" alt=\"\" \/><\/figure>\n<div class=\"titleimg\"><em>Max Casacci<\/em><\/div>\n","protected":false},"excerpt":{"rendered":"<p>Dal 6 al 9 ottobre oltre 70 appuntamenti con\u00a0scienziati, antropologi, filosofi, economisti, architetti, urbanisti, storici, scrittori, artisti, innovatori, attivisti, policy makers\u00a0che parleranno di\u00a0storia, antropologia, filosofia, arte, letteratura, musica, fotografia, cinema e molto altro<\/p>\n","protected":false},"author":525,"featured_media":250831,"comment_status":"open","ping_status":"open","sticky":false,"template":"","format":"standard","meta":{"_acf_changed":false,"footnotes":""},"categories":[19],"tags":[177,228,170],"class_list":["post-250787","post","type-post","status-publish","format-standard","has-post-thumbnail","hentry","category-ambiente","tag-ambiente","tag-festival","tag-lucca"],"acf":[],"yoast_head":"<!-- This site is optimized with the Yoast SEO Premium plugin v24.2 (Yoast SEO v25.6) - https:\/\/yoast.com\/wordpress\/plugins\/seo\/ -->\n<title>&quot;Pianeta Terra&quot; a Lucca un festival per riflettere sull&#039;ambiente con ospiti internazionali - intoscana<\/title>\n<meta name=\"description\" content=\"Dal 6 al 9 ottobre oltre 70 appuntamenti con ospiti nazionali e internazionali che parleranno di\u00a0storia, antropologia, filosofia, arte\" \/>\n<meta name=\"robots\" content=\"index, follow, max-snippet:-1, max-image-preview:large, max-video-preview:-1\" \/>\n<link rel=\"canonical\" href=\"https:\/\/www.intoscana.it\/it\/pianeta-terra-a-lucca-un-festival-per-riflettere-sullambiente-con-ospiti-internazionali\/\" \/>\n<meta property=\"og:locale\" content=\"it_IT\" \/>\n<meta property=\"og:type\" content=\"article\" \/>\n<meta property=\"og:title\" content=\"&quot;Pianeta Terra&quot; a Lucca un festival per riflettere sull&#039;ambiente con ospiti internazionali\" \/>\n<meta property=\"og:description\" content=\"Dal 6 al 9 ottobre oltre 70 appuntamenti con ospiti nazionali e internazionali che parleranno di\u00a0storia, antropologia, filosofia, arte\" \/>\n<meta property=\"og:url\" content=\"https:\/\/www.intoscana.it\/it\/pianeta-terra-a-lucca-un-festival-per-riflettere-sullambiente-con-ospiti-internazionali\/\" \/>\n<meta property=\"og:site_name\" content=\"intoscana\" \/>\n<meta property=\"article:publisher\" content=\"https:\/\/www.facebook.com\/intoscana.it\" \/>\n<meta property=\"article:published_time\" content=\"2022-10-04T07:58:56+00:00\" \/>\n<meta property=\"article:modified_time\" content=\"2022-10-04T08:10:56+00:00\" \/>\n<meta property=\"og:image\" content=\"https:\/\/www.intoscana.it\/wp-content\/uploads\/OLIVIER-BERTRAND-scaled.jpg\" \/>\n\t<meta property=\"og:image:width\" content=\"2048\" \/>\n\t<meta property=\"og:image:height\" content=\"1367\" \/>\n\t<meta property=\"og:image:type\" content=\"image\/jpeg\" \/>\n<meta name=\"author\" content=\"Redazione\" \/>\n<meta name=\"twitter:card\" content=\"summary_large_image\" \/>\n<meta name=\"twitter:creator\" content=\"@intoscana\" \/>\n<meta name=\"twitter:site\" content=\"@intoscana\" \/>\n<meta name=\"twitter:label1\" content=\"Written by\" \/>\n\t<meta name=\"twitter:data1\" content=\"Redazione\" \/>\n\t<meta name=\"twitter:label2\" content=\"Est. reading time\" \/>\n\t<meta name=\"twitter:data2\" content=\"6 minuti\" \/>\n<script type=\"application\/ld+json\" class=\"yoast-schema-graph\">{\"@context\":\"https:\/\/schema.org\",\"@graph\":[{\"@type\":\"WebPage\",\"@id\":\"https:\/\/www.intoscana.it\/it\/pianeta-terra-a-lucca-un-festival-per-riflettere-sullambiente-con-ospiti-internazionali\/\",\"url\":\"https:\/\/www.intoscana.it\/it\/pianeta-terra-a-lucca-un-festival-per-riflettere-sullambiente-con-ospiti-internazionali\/\",\"name\":\"\\\"Pianeta Terra\\\" a Lucca un festival per riflettere sull'ambiente con ospiti internazionali - intoscana\",\"isPartOf\":{\"@id\":\"https:\/\/www.intoscana.it\/it\/#website\"},\"primaryImageOfPage\":{\"@id\":\"https:\/\/www.intoscana.it\/it\/pianeta-terra-a-lucca-un-festival-per-riflettere-sullambiente-con-ospiti-internazionali\/#primaryimage\"},\"image\":{\"@id\":\"https:\/\/www.intoscana.it\/it\/pianeta-terra-a-lucca-un-festival-per-riflettere-sullambiente-con-ospiti-internazionali\/#primaryimage\"},\"thumbnailUrl\":\"https:\/\/www.intoscana.it\/wp-content\/uploads\/OLIVIER-BERTRAND-scaled.jpg\",\"datePublished\":\"2022-10-04T07:58:56+00:00\",\"dateModified\":\"2022-10-04T08:10:56+00:00\",\"author\":{\"@id\":\"https:\/\/www.intoscana.it\/it\/#\/schema\/person\/9223810753230f20bd670fdd322661f8\"},\"description\":\"Dal 6 al 9 ottobre oltre 70 appuntamenti con ospiti nazionali e internazionali che parleranno di\u00a0storia, antropologia, filosofia, arte\",\"breadcrumb\":{\"@id\":\"https:\/\/www.intoscana.it\/it\/pianeta-terra-a-lucca-un-festival-per-riflettere-sullambiente-con-ospiti-internazionali\/#breadcrumb\"},\"inLanguage\":\"it-IT\",\"potentialAction\":[{\"@type\":\"ReadAction\",\"target\":[\"https:\/\/www.intoscana.it\/it\/pianeta-terra-a-lucca-un-festival-per-riflettere-sullambiente-con-ospiti-internazionali\/\"]}]},{\"@type\":\"ImageObject\",\"inLanguage\":\"it-IT\",\"@id\":\"https:\/\/www.intoscana.it\/it\/pianeta-terra-a-lucca-un-festival-per-riflettere-sullambiente-con-ospiti-internazionali\/#primaryimage\",\"url\":\"https:\/\/www.intoscana.it\/wp-content\/uploads\/OLIVIER-BERTRAND-scaled.jpg\",\"contentUrl\":\"https:\/\/www.intoscana.it\/wp-content\/uploads\/OLIVIER-BERTRAND-scaled.jpg\",\"width\":2048,\"height\":1367},{\"@type\":\"BreadcrumbList\",\"@id\":\"https:\/\/www.intoscana.it\/it\/pianeta-terra-a-lucca-un-festival-per-riflettere-sullambiente-con-ospiti-internazionali\/#breadcrumb\",\"itemListElement\":[{\"@type\":\"ListItem\",\"position\":1,\"name\":\"Home\",\"item\":\"https:\/\/www.intoscana.it\/it\/\"},{\"@type\":\"ListItem\",\"position\":2,\"name\":\"&#8220;Pianeta Terra&#8221; a Lucca un festival per riflettere sull&#8217;ambiente con ospiti internazionali\"}]},{\"@type\":\"WebSite\",\"@id\":\"https:\/\/www.intoscana.it\/it\/#website\",\"url\":\"https:\/\/www.intoscana.it\/it\/\",\"name\":\"intoscana\",\"description\":\"\",\"potentialAction\":[{\"@type\":\"SearchAction\",\"target\":{\"@type\":\"EntryPoint\",\"urlTemplate\":\"https:\/\/www.intoscana.it\/it\/?s={search_term_string}\"},\"query-input\":{\"@type\":\"PropertyValueSpecification\",\"valueRequired\":true,\"valueName\":\"search_term_string\"}}],\"inLanguage\":\"it-IT\"},{\"@type\":\"Person\",\"@id\":\"https:\/\/www.intoscana.it\/it\/#\/schema\/person\/9223810753230f20bd670fdd322661f8\",\"name\":\"Redazione\",\"url\":\"https:\/\/www.intoscana.it\/it\/author\/redazione\/\"}]}<\/script>\n<!-- \/ Yoast SEO Premium plugin. -->","yoast_head_json":{"title":"\"Pianeta Terra\" a Lucca un festival per riflettere sull'ambiente con ospiti internazionali - intoscana","description":"Dal 6 al 9 ottobre oltre 70 appuntamenti con ospiti nazionali e internazionali che parleranno di\u00a0storia, antropologia, filosofia, arte","robots":{"index":"index","follow":"follow","max-snippet":"max-snippet:-1","max-image-preview":"max-image-preview:large","max-video-preview":"max-video-preview:-1"},"canonical":"https:\/\/www.intoscana.it\/it\/pianeta-terra-a-lucca-un-festival-per-riflettere-sullambiente-con-ospiti-internazionali\/","og_locale":"it_IT","og_type":"article","og_title":"\"Pianeta Terra\" a Lucca un festival per riflettere sull'ambiente con ospiti internazionali","og_description":"Dal 6 al 9 ottobre oltre 70 appuntamenti con ospiti nazionali e internazionali che parleranno di\u00a0storia, antropologia, filosofia, arte","og_url":"https:\/\/www.intoscana.it\/it\/pianeta-terra-a-lucca-un-festival-per-riflettere-sullambiente-con-ospiti-internazionali\/","og_site_name":"intoscana","article_publisher":"https:\/\/www.facebook.com\/intoscana.it","article_published_time":"2022-10-04T07:58:56+00:00","article_modified_time":"2022-10-04T08:10:56+00:00","og_image":[{"width":2048,"height":1367,"url":"https:\/\/www.intoscana.it\/wp-content\/uploads\/OLIVIER-BERTRAND-scaled.jpg","type":"image\/jpeg"}],"author":"Redazione","twitter_card":"summary_large_image","twitter_creator":"@intoscana","twitter_site":"@intoscana","twitter_misc":{"Written by":"Redazione","Est. reading time":"6 minuti"},"schema":{"@context":"https:\/\/schema.org","@graph":[{"@type":"WebPage","@id":"https:\/\/www.intoscana.it\/it\/pianeta-terra-a-lucca-un-festival-per-riflettere-sullambiente-con-ospiti-internazionali\/","url":"https:\/\/www.intoscana.it\/it\/pianeta-terra-a-lucca-un-festival-per-riflettere-sullambiente-con-ospiti-internazionali\/","name":"\"Pianeta Terra\" a Lucca un festival per riflettere sull'ambiente con ospiti internazionali - intoscana","isPartOf":{"@id":"https:\/\/www.intoscana.it\/it\/#website"},"primaryImageOfPage":{"@id":"https:\/\/www.intoscana.it\/it\/pianeta-terra-a-lucca-un-festival-per-riflettere-sullambiente-con-ospiti-internazionali\/#primaryimage"},"image":{"@id":"https:\/\/www.intoscana.it\/it\/pianeta-terra-a-lucca-un-festival-per-riflettere-sullambiente-con-ospiti-internazionali\/#primaryimage"},"thumbnailUrl":"https:\/\/www.intoscana.it\/wp-content\/uploads\/OLIVIER-BERTRAND-scaled.jpg","datePublished":"2022-10-04T07:58:56+00:00","dateModified":"2022-10-04T08:10:56+00:00","author":{"@id":"https:\/\/www.intoscana.it\/it\/#\/schema\/person\/9223810753230f20bd670fdd322661f8"},"description":"Dal 6 al 9 ottobre oltre 70 appuntamenti con ospiti nazionali e internazionali che parleranno di\u00a0storia, antropologia, filosofia, arte","breadcrumb":{"@id":"https:\/\/www.intoscana.it\/it\/pianeta-terra-a-lucca-un-festival-per-riflettere-sullambiente-con-ospiti-internazionali\/#breadcrumb"},"inLanguage":"it-IT","potentialAction":[{"@type":"ReadAction","target":["https:\/\/www.intoscana.it\/it\/pianeta-terra-a-lucca-un-festival-per-riflettere-sullambiente-con-ospiti-internazionali\/"]}]},{"@type":"ImageObject","inLanguage":"it-IT","@id":"https:\/\/www.intoscana.it\/it\/pianeta-terra-a-lucca-un-festival-per-riflettere-sullambiente-con-ospiti-internazionali\/#primaryimage","url":"https:\/\/www.intoscana.it\/wp-content\/uploads\/OLIVIER-BERTRAND-scaled.jpg","contentUrl":"https:\/\/www.intoscana.it\/wp-content\/uploads\/OLIVIER-BERTRAND-scaled.jpg","width":2048,"height":1367},{"@type":"BreadcrumbList","@id":"https:\/\/www.intoscana.it\/it\/pianeta-terra-a-lucca-un-festival-per-riflettere-sullambiente-con-ospiti-internazionali\/#breadcrumb","itemListElement":[{"@type":"ListItem","position":1,"name":"Home","item":"https:\/\/www.intoscana.it\/it\/"},{"@type":"ListItem","position":2,"name":"&#8220;Pianeta Terra&#8221; a Lucca un festival per riflettere sull&#8217;ambiente con ospiti internazionali"}]},{"@type":"WebSite","@id":"https:\/\/www.intoscana.it\/it\/#website","url":"https:\/\/www.intoscana.it\/it\/","name":"intoscana","description":"","potentialAction":[{"@type":"SearchAction","target":{"@type":"EntryPoint","urlTemplate":"https:\/\/www.intoscana.it\/it\/?s={search_term_string}"},"query-input":{"@type":"PropertyValueSpecification","valueRequired":true,"valueName":"search_term_string"}}],"inLanguage":"it-IT"},{"@type":"Person","@id":"https:\/\/www.intoscana.it\/it\/#\/schema\/person\/9223810753230f20bd670fdd322661f8","name":"Redazione","url":"https:\/\/www.intoscana.it\/it\/author\/redazione\/"}]}},"_links":{"self":[{"href":"https:\/\/www.intoscana.it\/it\/wp-json\/wp\/v2\/posts\/250787","targetHints":{"allow":["GET"]}}],"collection":[{"href":"https:\/\/www.intoscana.it\/it\/wp-json\/wp\/v2\/posts"}],"about":[{"href":"https:\/\/www.intoscana.it\/it\/wp-json\/wp\/v2\/types\/post"}],"author":[{"embeddable":true,"href":"https:\/\/www.intoscana.it\/it\/wp-json\/wp\/v2\/users\/525"}],"replies":[{"embeddable":true,"href":"https:\/\/www.intoscana.it\/it\/wp-json\/wp\/v2\/comments?post=250787"}],"version-history":[{"count":0,"href":"https:\/\/www.intoscana.it\/it\/wp-json\/wp\/v2\/posts\/250787\/revisions"}],"wp:featuredmedia":[{"embeddable":true,"href":"https:\/\/www.intoscana.it\/it\/wp-json\/wp\/v2\/media\/250831"}],"wp:attachment":[{"href":"https:\/\/www.intoscana.it\/it\/wp-json\/wp\/v2\/media?parent=250787"}],"wp:term":[{"taxonomy":"category","embeddable":true,"href":"https:\/\/www.intoscana.it\/it\/wp-json\/wp\/v2\/categories?post=250787"},{"taxonomy":"post_tag","embeddable":true,"href":"https:\/\/www.intoscana.it\/it\/wp-json\/wp\/v2\/tags?post=250787"}],"curies":[{"name":"wp","href":"https:\/\/api.w.org\/{rel}","templated":true}]}}