{"id":250852,"date":"2022-10-04T10:13:15","date_gmt":"2022-10-04T08:13:15","guid":{"rendered":"https:\/\/www.intoscana.it\/it\/?p=250852"},"modified":"2022-10-05T09:29:26","modified_gmt":"2022-10-05T07:29:26","slug":"covid-19-3-637-nuovi-casi-e-otto-decessi-in-toscana","status":"publish","type":"post","link":"https:\/\/www.intoscana.it\/it\/covid-19-3-637-nuovi-casi-e-otto-decessi-in-toscana\/","title":{"rendered":"Covid-19: 3.637 nuovi casi e otto decessi in Toscana"},"content":{"rendered":"<div class=\"row\">\n<div id=\"column-1\" class=\"col-md-12 portlet-column portlet-column-only\">\n<section class=\"rt-subheader rt-subheader--news\">\n<div class=\"rt-subheader__wrapper\">\n<div class=\"rt-subheader__title-wrapper\"><strong>Sono 3.637 i nuovi casi di Covid-19 registrati nelle ultime ventiquattro ore in Toscana:<\/strong> 398 sono stati confermati con tampone molecolare e gli altri 3.239 con test rapido.Il numero dei contagiati rilevati nella regione dall&#8217;inizio della pandemia sale dunque a 1.413.651. I nuovi casi sono lo 0,3% in pi\u00f9 rispetto al totale del giorno precedente. I guariti crescono dello 0,1% (1.470 persone) e raggiungono quota 1.363.105 (96,4% dei casi totali).<\/div>\n<\/div>\n<\/section>\n<\/div>\n<\/div>\n<div class=\"row has-sidebar\">\n<div id=\"column-2\" class=\"col-md-12 col-lg-9 portlet-column portlet-column-first\">\n<div class=\"rt-page__content rt-page-content--left\">\n<div class=\"rt-page__content-text\">\n<p><strong>Al momento in Toscana risultano pertanto 39.751 positivi, +5,7% rispetto a ieri. Di questi 289 (26 in pi\u00f9 rispetto a ieri) sono ricoverati in ospedale: 11 (5 in pi\u00f9) si trovano in terapia intensiva<\/strong>. La lista dei decessi si aggiorna con 8 nuovi decessi: 4 uomini e 4 donne con un&#8217;et\u00e0 media di 84 anni.<\/p>\n<p><strong>Dall&#8217;ultimo bollettino quotidiano sono stati eseguiti 1.376 tamponi molecolari e 15.815 tamponi antigenici rapidi:<\/strong> di questi il 21,2% \u00e8 risultato positivo. Sono invece 4.783 i soggetti testati, escludendo i tamponi di controllo: il 76% di questi \u00e8 risultato positivo. L&#8217;et\u00e0 media dei 3.637 nuovi positivi \u00e8 di 49 anni circa (9% ha meno di 20 anni, 14% tra 20 e 39 anni, 37% tra 40 e 59 anni, 30% tra 60 e 79 anni, 8% ha 80 anni o pi\u00f9).<\/p>\n<p>I dati, relativi all&#8217;andamento della pandemia, sono quelli accertati oggi sulla base delle richieste della Protezione civile nazionale.<\/p>\n<h3><strong>L&#8217;andamento dei casi per provincia<\/strong><\/h3>\n<p>Con gli ultimi casi salgono a 384.535 i positivi dall&#8217;inizio dell&#8217;emergenza nei comuni della Citt\u00e0 metropolitana di Firenze (839 in pi\u00f9 rispetto a ieri), 94.281 in provincia di Prato (199 in pi\u00f9), 111.331 a Pistoia (280 in pi\u00f9), 71.302 a Massa Carrara (225 in pi\u00f9), 150.897 a Lucca (401 in pi\u00f9), 163.940 a Pisa (422 in pi\u00f9), 128.160 a Livorno (351 in pi\u00f9), 128.887 ad Arezzo (404 in pi\u00f9), 101.694 a Siena (308 in pi\u00f9) e 78.069 a Grosseto (208 in pi\u00f9). A questi vanno aggiunti 555 casi di positivit\u00e0 notificati in Toscana ma che riguardano residenti in altre regioni.<\/p>\n<p><strong>Sono 1.362 le nuove segnalazioni nell&#8217;Asl Centro, 1.355 nella Nord Ovest, 920 nella Sud Est.<\/strong><\/p>\n<p><strong>La Toscana si trova al 10\u00b0 posto in Italia come numerosit\u00e0 di casi complessivi dall&#8217;inizio della pandemia<\/strong> (tra residenti e non residenti), con circa 38.281 casi ogni 100.000 abitanti (la media italiana \u00e9 38.055 x100.000, dato di ieri). Al momento la provincia di notifica con il tasso pi\u00f9 alto \u00e9 Lucca (con 39.300 casi ogni 100 mila abitanti), seguita da Pisa (39.222) e Livorno (38.955). La pi\u00f9 bassa concentrazione si riscontra a Prato (con un tasso di 35.542).<\/p>\n<p>In 39.462 sono in isolamento a casa, perch\u00e9 presentano sintomi lievi che non richiedono cure ospedaliere o risultano prive di sintomi (2.133 in pi\u00f9 rispetto a ieri, pi\u00f9 5,7%). I 1.363.105 guariti registrati a oggi lo sono a tutti gli effetti, da un punto di vista virale, certificati con tampone negativo.<\/p>\n<h3><strong>Otto nuovi decessi in Toscana<\/strong><\/h3>\n<p>La lista dei decessi si aggiorna con 8 nuovi decessi: 4 uomini e 4 donne <strong>con un&#8217;et\u00e0 media di 84 anni. Relativamente alla provincia di residenza, le persone decedute sono: 1 a Prato, 4 a Pistoia, 1 a Livorno, 1 a Arezzo, 1 a Siena.<\/strong><\/p>\n<p>Sono 10.795 i deceduti dall&#8217;inizio dell&#8217;epidemia: 3.394 nella Citt\u00e0 metropolitana di Firenze, 881 in provincia di Prato, 973 a Pistoia, 685 a Massa Carrara, 1.012 a Lucca, 1.215 a Pisa, 813 a Livorno, 692 ad Arezzo, 572 a Siena, 404 a Grosseto. Vanno aggiunte 154 persone decedute sul suolo toscano ma erano residenti fuori regione.<\/p>\n<p>Il tasso grezzo di mortalit\u00e0 per Covid-19 (numero di deceduti\/popolazione residente) \u00e8 al momento 292,3 ogni 100 mila residenti, contro il 299,1 x100.000 della media italiana. La Toscana \u00e9 9\u00b0 tra le regioni. Per quanto riguarda le province, il tasso di mortalit\u00e0 pi\u00f9 alto si riscontra a Massa Carrara (360,8 ogni 100 mila abitanti), seguita da Firenze (339,9 x100.000) e Pistoia (335,2 x100.000), mentre il pi\u00f9 basso \u00e8 a Grosseto (185,5 x100.000).<\/p>\n<\/div>\n<\/div>\n<\/div>\n<\/div>\n","protected":false},"excerpt":{"rendered":"<p>Al momento nella nostra regione i positivi sono oltre 39mila, +5,7% rispetto a ieri. Di questi 289 (26 in pi\u00f9 rispetto a ieri) sono ricoverati in ospedale<\/p>\n","protected":false},"author":525,"featured_media":189488,"comment_status":"open","ping_status":"open","sticky":false,"template":"","format":"standard","meta":{"_acf_changed":false,"footnotes":""},"categories":[494],"tags":[4868,418],"class_list":["post-250852","post","type-post","status-publish","format-standard","has-post-thumbnail","hentry","category-attualita","tag-bollettino-covid-toscana","tag-covid-19"],"acf":[],"yoast_head":"<!-- This site is optimized with the Yoast SEO Premium plugin v24.2 (Yoast SEO v25.6) - https:\/\/yoast.com\/wordpress\/plugins\/seo\/ -->\n<title>Covid-19: 3.637 nuovi casi e otto decessi in Toscana - intoscana<\/title>\n<meta name=\"description\" content=\"Sono 3637 i nuovi casi di Covid-19 oggi in Toscana e si registrano anche otto nuovi decessi.\" \/>\n<meta name=\"robots\" content=\"index, follow, max-snippet:-1, max-image-preview:large, max-video-preview:-1\" \/>\n<link rel=\"canonical\" href=\"https:\/\/www.intoscana.it\/it\/covid-19-3-637-nuovi-casi-e-otto-decessi-in-toscana\/\" \/>\n<meta property=\"og:locale\" content=\"it_IT\" \/>\n<meta property=\"og:type\" content=\"article\" \/>\n<meta property=\"og:title\" content=\"Covid-19: 3.637 nuovi casi e otto decessi in Toscana\" \/>\n<meta property=\"og:description\" content=\"Sono 3637 i nuovi casi di Covid-19 oggi in Toscana e si registrano anche otto nuovi decessi.\" \/>\n<meta property=\"og:url\" content=\"https:\/\/www.intoscana.it\/it\/covid-19-3-637-nuovi-casi-e-otto-decessi-in-toscana\/\" \/>\n<meta property=\"og:site_name\" content=\"intoscana\" \/>\n<meta property=\"article:publisher\" content=\"https:\/\/www.facebook.com\/intoscana.it\" \/>\n<meta property=\"article:published_time\" content=\"2022-10-04T08:13:15+00:00\" \/>\n<meta property=\"article:modified_time\" content=\"2022-10-05T07:29:26+00:00\" \/>\n<meta property=\"og:image\" content=\"https:\/\/www.intoscana.it\/wp-content\/uploads\/Test-covid-Mufid-Majnun-Unsplash.jpg\" \/>\n\t<meta property=\"og:image:width\" content=\"1920\" \/>\n\t<meta property=\"og:image:height\" content=\"1280\" \/>\n\t<meta property=\"og:image:type\" content=\"image\/jpeg\" \/>\n<meta name=\"author\" content=\"Redazione\" \/>\n<meta name=\"twitter:card\" content=\"summary_large_image\" \/>\n<meta name=\"twitter:creator\" content=\"@intoscana\" \/>\n<meta name=\"twitter:site\" content=\"@intoscana\" \/>\n<meta name=\"twitter:label1\" content=\"Written by\" \/>\n\t<meta name=\"twitter:data1\" content=\"Redazione\" \/>\n\t<meta name=\"twitter:label2\" content=\"Est. reading time\" \/>\n\t<meta name=\"twitter:data2\" content=\"3 minuti\" \/>\n<script type=\"application\/ld+json\" class=\"yoast-schema-graph\">{\"@context\":\"https:\/\/schema.org\",\"@graph\":[{\"@type\":\"WebPage\",\"@id\":\"https:\/\/www.intoscana.it\/it\/covid-19-3-637-nuovi-casi-e-otto-decessi-in-toscana\/\",\"url\":\"https:\/\/www.intoscana.it\/it\/covid-19-3-637-nuovi-casi-e-otto-decessi-in-toscana\/\",\"name\":\"Covid-19: 3.637 nuovi casi e otto decessi in Toscana - intoscana\",\"isPartOf\":{\"@id\":\"https:\/\/www.intoscana.it\/it\/#website\"},\"primaryImageOfPage\":{\"@id\":\"https:\/\/www.intoscana.it\/it\/covid-19-3-637-nuovi-casi-e-otto-decessi-in-toscana\/#primaryimage\"},\"image\":{\"@id\":\"https:\/\/www.intoscana.it\/it\/covid-19-3-637-nuovi-casi-e-otto-decessi-in-toscana\/#primaryimage\"},\"thumbnailUrl\":\"https:\/\/www.intoscana.it\/wp-content\/uploads\/Test-covid-Mufid-Majnun-Unsplash.jpg\",\"datePublished\":\"2022-10-04T08:13:15+00:00\",\"dateModified\":\"2022-10-05T07:29:26+00:00\",\"author\":{\"@id\":\"https:\/\/www.intoscana.it\/it\/#\/schema\/person\/9223810753230f20bd670fdd322661f8\"},\"description\":\"Sono 3637 i nuovi casi di Covid-19 oggi in Toscana e si registrano anche otto nuovi decessi.\",\"breadcrumb\":{\"@id\":\"https:\/\/www.intoscana.it\/it\/covid-19-3-637-nuovi-casi-e-otto-decessi-in-toscana\/#breadcrumb\"},\"inLanguage\":\"it-IT\",\"potentialAction\":[{\"@type\":\"ReadAction\",\"target\":[\"https:\/\/www.intoscana.it\/it\/covid-19-3-637-nuovi-casi-e-otto-decessi-in-toscana\/\"]}]},{\"@type\":\"ImageObject\",\"inLanguage\":\"it-IT\",\"@id\":\"https:\/\/www.intoscana.it\/it\/covid-19-3-637-nuovi-casi-e-otto-decessi-in-toscana\/#primaryimage\",\"url\":\"https:\/\/www.intoscana.it\/wp-content\/uploads\/Test-covid-Mufid-Majnun-Unsplash.jpg\",\"contentUrl\":\"https:\/\/www.intoscana.it\/wp-content\/uploads\/Test-covid-Mufid-Majnun-Unsplash.jpg\",\"width\":1920,\"height\":1280,\"caption\":\"Un tampone per il Covid-19\"},{\"@type\":\"BreadcrumbList\",\"@id\":\"https:\/\/www.intoscana.it\/it\/covid-19-3-637-nuovi-casi-e-otto-decessi-in-toscana\/#breadcrumb\",\"itemListElement\":[{\"@type\":\"ListItem\",\"position\":1,\"name\":\"Home\",\"item\":\"https:\/\/www.intoscana.it\/it\/\"},{\"@type\":\"ListItem\",\"position\":2,\"name\":\"Covid-19: 3.637 nuovi casi e otto decessi in Toscana\"}]},{\"@type\":\"WebSite\",\"@id\":\"https:\/\/www.intoscana.it\/it\/#website\",\"url\":\"https:\/\/www.intoscana.it\/it\/\",\"name\":\"intoscana\",\"description\":\"\",\"potentialAction\":[{\"@type\":\"SearchAction\",\"target\":{\"@type\":\"EntryPoint\",\"urlTemplate\":\"https:\/\/www.intoscana.it\/it\/?s={search_term_string}\"},\"query-input\":{\"@type\":\"PropertyValueSpecification\",\"valueRequired\":true,\"valueName\":\"search_term_string\"}}],\"inLanguage\":\"it-IT\"},{\"@type\":\"Person\",\"@id\":\"https:\/\/www.intoscana.it\/it\/#\/schema\/person\/9223810753230f20bd670fdd322661f8\",\"name\":\"Redazione\",\"url\":\"https:\/\/www.intoscana.it\/it\/author\/redazione\/\"}]}<\/script>\n<!-- \/ Yoast SEO Premium plugin. -->","yoast_head_json":{"title":"Covid-19: 3.637 nuovi casi e otto decessi in Toscana - intoscana","description":"Sono 3637 i nuovi casi di Covid-19 oggi in Toscana e si registrano anche otto nuovi decessi.","robots":{"index":"index","follow":"follow","max-snippet":"max-snippet:-1","max-image-preview":"max-image-preview:large","max-video-preview":"max-video-preview:-1"},"canonical":"https:\/\/www.intoscana.it\/it\/covid-19-3-637-nuovi-casi-e-otto-decessi-in-toscana\/","og_locale":"it_IT","og_type":"article","og_title":"Covid-19: 3.637 nuovi casi e otto decessi in Toscana","og_description":"Sono 3637 i nuovi casi di Covid-19 oggi in Toscana e si registrano anche otto nuovi decessi.","og_url":"https:\/\/www.intoscana.it\/it\/covid-19-3-637-nuovi-casi-e-otto-decessi-in-toscana\/","og_site_name":"intoscana","article_publisher":"https:\/\/www.facebook.com\/intoscana.it","article_published_time":"2022-10-04T08:13:15+00:00","article_modified_time":"2022-10-05T07:29:26+00:00","og_image":[{"width":1920,"height":1280,"url":"https:\/\/www.intoscana.it\/wp-content\/uploads\/Test-covid-Mufid-Majnun-Unsplash.jpg","type":"image\/jpeg"}],"author":"Redazione","twitter_card":"summary_large_image","twitter_creator":"@intoscana","twitter_site":"@intoscana","twitter_misc":{"Written by":"Redazione","Est. reading time":"3 minuti"},"schema":{"@context":"https:\/\/schema.org","@graph":[{"@type":"WebPage","@id":"https:\/\/www.intoscana.it\/it\/covid-19-3-637-nuovi-casi-e-otto-decessi-in-toscana\/","url":"https:\/\/www.intoscana.it\/it\/covid-19-3-637-nuovi-casi-e-otto-decessi-in-toscana\/","name":"Covid-19: 3.637 nuovi casi e otto decessi in Toscana - intoscana","isPartOf":{"@id":"https:\/\/www.intoscana.it\/it\/#website"},"primaryImageOfPage":{"@id":"https:\/\/www.intoscana.it\/it\/covid-19-3-637-nuovi-casi-e-otto-decessi-in-toscana\/#primaryimage"},"image":{"@id":"https:\/\/www.intoscana.it\/it\/covid-19-3-637-nuovi-casi-e-otto-decessi-in-toscana\/#primaryimage"},"thumbnailUrl":"https:\/\/www.intoscana.it\/wp-content\/uploads\/Test-covid-Mufid-Majnun-Unsplash.jpg","datePublished":"2022-10-04T08:13:15+00:00","dateModified":"2022-10-05T07:29:26+00:00","author":{"@id":"https:\/\/www.intoscana.it\/it\/#\/schema\/person\/9223810753230f20bd670fdd322661f8"},"description":"Sono 3637 i nuovi casi di Covid-19 oggi in Toscana e si registrano anche otto nuovi decessi.","breadcrumb":{"@id":"https:\/\/www.intoscana.it\/it\/covid-19-3-637-nuovi-casi-e-otto-decessi-in-toscana\/#breadcrumb"},"inLanguage":"it-IT","potentialAction":[{"@type":"ReadAction","target":["https:\/\/www.intoscana.it\/it\/covid-19-3-637-nuovi-casi-e-otto-decessi-in-toscana\/"]}]},{"@type":"ImageObject","inLanguage":"it-IT","@id":"https:\/\/www.intoscana.it\/it\/covid-19-3-637-nuovi-casi-e-otto-decessi-in-toscana\/#primaryimage","url":"https:\/\/www.intoscana.it\/wp-content\/uploads\/Test-covid-Mufid-Majnun-Unsplash.jpg","contentUrl":"https:\/\/www.intoscana.it\/wp-content\/uploads\/Test-covid-Mufid-Majnun-Unsplash.jpg","width":1920,"height":1280,"caption":"Un tampone per il Covid-19"},{"@type":"BreadcrumbList","@id":"https:\/\/www.intoscana.it\/it\/covid-19-3-637-nuovi-casi-e-otto-decessi-in-toscana\/#breadcrumb","itemListElement":[{"@type":"ListItem","position":1,"name":"Home","item":"https:\/\/www.intoscana.it\/it\/"},{"@type":"ListItem","position":2,"name":"Covid-19: 3.637 nuovi casi e otto decessi in Toscana"}]},{"@type":"WebSite","@id":"https:\/\/www.intoscana.it\/it\/#website","url":"https:\/\/www.intoscana.it\/it\/","name":"intoscana","description":"","potentialAction":[{"@type":"SearchAction","target":{"@type":"EntryPoint","urlTemplate":"https:\/\/www.intoscana.it\/it\/?s={search_term_string}"},"query-input":{"@type":"PropertyValueSpecification","valueRequired":true,"valueName":"search_term_string"}}],"inLanguage":"it-IT"},{"@type":"Person","@id":"https:\/\/www.intoscana.it\/it\/#\/schema\/person\/9223810753230f20bd670fdd322661f8","name":"Redazione","url":"https:\/\/www.intoscana.it\/it\/author\/redazione\/"}]}},"_links":{"self":[{"href":"https:\/\/www.intoscana.it\/it\/wp-json\/wp\/v2\/posts\/250852","targetHints":{"allow":["GET"]}}],"collection":[{"href":"https:\/\/www.intoscana.it\/it\/wp-json\/wp\/v2\/posts"}],"about":[{"href":"https:\/\/www.intoscana.it\/it\/wp-json\/wp\/v2\/types\/post"}],"author":[{"embeddable":true,"href":"https:\/\/www.intoscana.it\/it\/wp-json\/wp\/v2\/users\/525"}],"replies":[{"embeddable":true,"href":"https:\/\/www.intoscana.it\/it\/wp-json\/wp\/v2\/comments?post=250852"}],"version-history":[{"count":0,"href":"https:\/\/www.intoscana.it\/it\/wp-json\/wp\/v2\/posts\/250852\/revisions"}],"wp:featuredmedia":[{"embeddable":true,"href":"https:\/\/www.intoscana.it\/it\/wp-json\/wp\/v2\/media\/189488"}],"wp:attachment":[{"href":"https:\/\/www.intoscana.it\/it\/wp-json\/wp\/v2\/media?parent=250852"}],"wp:term":[{"taxonomy":"category","embeddable":true,"href":"https:\/\/www.intoscana.it\/it\/wp-json\/wp\/v2\/categories?post=250852"},{"taxonomy":"post_tag","embeddable":true,"href":"https:\/\/www.intoscana.it\/it\/wp-json\/wp\/v2\/tags?post=250852"}],"curies":[{"name":"wp","href":"https:\/\/api.w.org\/{rel}","templated":true}]}}