{"id":251041,"date":"2022-10-04T15:48:10","date_gmt":"2022-10-04T13:48:10","guid":{"rendered":"https:\/\/www.intoscana.it\/it\/?p=251041"},"modified":"2022-11-02T10:05:01","modified_gmt":"2022-11-02T09:05:01","slug":"next-generation-fest","status":"publish","type":"post","link":"https:\/\/www.intoscana.it\/it\/next-generation-fest\/","title":{"rendered":"Toscana capitale della Generazione Z: in 2mila per il Next Generation Fest"},"content":{"rendered":"<p><strong>Coinvolger\u00e0 duemila ragazze e ragazzi il Next Generation Fest, la giornata evento promossa dalla presidenza della giunta della Toscana e da Giovanis\u00ec<\/strong> \u2013 e inserita nel calendario dell\u2019Anno europeo dei giovani 2022 voluto dalla Commissione europea &#8211; per valorizzare il protagonismo e la voglia di innovazione di coloro che sono nati all\u2019inizio del millennio. Next Generation Fest si terr\u00e0 il prossimo 5 novembre al Teatro del Maggio di Firenze ed \u00e8 aperto ai ragazzi che potranno iscriversi sulla piattaforma dedicata, disponibile <a href=\"https:\/\/giovanisi.it\/nextgenerationfest\/\" target=\"_blank\" rel=\"noopener\">sul sito di Giovanis\u00ec<\/a>, fino al 27 ottobre e ad esaurimento posti.<\/p>\n<p><em><strong>\u201cLe ragazze e i ragazzi della Generazione Z hanno gi\u00e0 affrontato una pandemia e ora crescono mentre una guerra affligge il cuore dell\u2019Europa.<\/strong> La loro vitalit\u00e0 e la creativit\u00e0 meritano di pi\u00f9, e la societ\u00e0 ha bisogno che questo immenso potenziale si dispieghi a pieno.<strong> Noi vogliamo che il prossimo 5 novembre Firenze e la Toscana siano la base da cui irradiare sul resto del paese le loro idee,<\/strong> il loro entusiasmo, il loro desiderio di costruire un futuro diverso, pi\u00f9 giusto ed equo. \u00c8 quello che da pi\u00f9 di 10 anni facciamo con Giovanis\u00ec, il progetto regionale per l\u2019autonomia dei giovan<\/em>i\u201d ha dichiarato il presidente della Regione, <strong>Eugenio Giani,<\/strong> presentando questa mattina l&#8217;evento.<\/p>\n<h3>Una giornata dedicata alla Generazione Z<\/h3>\n<p><strong>Sar\u00e0 una manifestazione che punta a rendere la Toscana capitale della Generazione Z,<\/strong> per rappresentare la capacit\u00e0 di intercettare istanze e bisogni, rivitalizzare concetti come comunit\u00e0 e convivenza, raccontare le opportunit\u00e0 di autonomia messe in campo dalla Regione, attraverso Giovanis\u00ec e finanziate con i fondi strutturali europei. L&#8217;evento \u00e8 realizzato con Fondazione sistema Toscana e il Teatro del Maggio Fiorentino ed \u00e8 interamente finanziato dalla Presidenza del consiglio dei ministri (Dipartimento per le politiche giovanili e il Servizio civile universale).<\/p>\n<p><em>\u201cCon Next Generation Fest<\/em> \u2013 ha spiegato il portavoce del presidente <strong>Bernard Dika<\/strong> &#8211; <em>la Commissione europea e il governo italiano hanno deciso che la Toscana il 5 novembre sar\u00e0 la capitale dei giovani. Daremo voce alle nuove generazioni per far capire che i giovani non sono spettatori, ma devono impegnarsi oggi e non in un imprecisato futuro. Crediamo sia fondamentale per la Toscana dare spazio e protagonismo ai ragazze e ragazzi perch\u00e8 ne va della nostra crescita nei prossimi anni\u201d.<\/em><\/p>\n<p><strong>Next Generation Fest \u00e8 pensato come una grande community<\/strong> di soggetti, in cui ragazze e ragazzi, istituzioni, imprese, realt\u00e0 dell\u2019impegno sociale e della cultura sono uniti dal comune obiettivo del cambiamento. Saranno numerosi i momenti di talk, speech ispirazionali e live performance sui temi della sostenibilit\u00e0, del digitale, dell\u2019innovazione, della cittadinanza e dell\u2019Europa, dell\u2019inclusione.<\/p>\n<figure id=\"post-251057 media-251057\" class=\"align-none\">\n<p><figure style=\"width: 1200px\" class=\"wp-caption alignnone\"><img loading=\"lazy\" decoding=\"async\" src=\"https:\/\/www.intoscana.it\/wp-content\/uploads\/PRT_9553.jpg\" alt=\"\" width=\"1200\" height=\"800\" \/><figcaption class=\"wp-caption-text\">La presentazione di Next Generation Fest &#8211; \u00a9 Paolo Lo Debole<\/figcaption><\/figure><\/figure>\n<div class=\"titleimg\"><\/div>\n<h3>Tra gli speaker anche Alessia Lanza, Wikipedro, Larissa Iapichino<\/h3>\n<p>L&#8217;evento, il cui programma \u00e8 in progress, ospiter\u00e0 oltre<strong> 60 speaker.<\/strong> Vedr\u00e0, tra gli altri, anche il coinvolgimento della creator <strong>Alessia Lanza, del videomaker\/regista\/youtuber Luis Sal, dell\u2019attore e content creator Tommycass<\/strong>i. E ancora la digital content creator Muriel, il regista e content creator Emanuele Malloru, la chef e imprenditrice Isabella Pot\u00ec, lo stilista e imprenditore Brunello Cucinell. Saranno presenti anche l\u2019atleta paralimpica Ambra Sabatini, <strong>il content creator Wikipedro, lo psichiatra Paolo Crepet, la campionessa di salto in lungo Larissa Iapichino,<\/strong> la giornalista tv e digital Chiara Piotto, i digital dancers Urban theory e la content creator Benedetta De Luca.<\/p>\n<p>A Next Generation Fest<strong> ci sar\u00e0 anche Federico Garcea, ceo e founder di <a href=\"https:\/\/www.intoscana.it\/it\/articolo\/treedom-tre-milioni-di-piante\/\" target=\"_blank\" rel=\"noopener\">Treedom,<\/a> la piattaforma con sede a Firenze che contribuisce dal 2010 alla salvaguardia dell&#8217;ambiente e del clima,<\/strong> permettendo di piantare e regalare alberi a distanza e seguire online la storia del progetto che i sostenitori aiuteranno a realizzare. <strong>Durante lo speech di Garcea, Treedom regaler\u00e0 150 alberi al pubblico presente<\/strong>, attraverso un codice Qr da scannerizzare. Gli utenti potranno &#8220;adottare&#8221; un albero, prendendo parte ad un progetto che crea impatto ambientale e sociale. Gli alberi che nasceranno da questa iniziativa formeranno la foresta dedicata al Next Generation Fest.<\/p>\n<p>Per la Regione interverr\u00e0 il presidente Eugenio Giani, che questa mattina nella conferenza stampa di presentazione tiene a ringraziare sinceramente per l\u2019ospitalit\u00e0 e la fattiva collaborazione il Teatro del Maggio. A condurre ci saranno la giornalista Veronica Maffei, il conduttore Nicol\u00f2 De Devitiis (inviato de Le Iene e speaker radiofonico per Radio 105) e il duo di attori comici I Sansoni.<\/p>\n<div class=\"rt-btn-wrapper rt-btn-wrapper--right-align\">\n<div class=\"a2a_kit a2a_kit_size_32 a2a_default_style\" data-a2a-title=\"Giovanis\u00ec, Toscana capitale della Generazione Z. In 2000 per il Next Generation Fest\"><\/div>\n<\/div>\n","protected":false},"excerpt":{"rendered":"<p>Il 5 novembre l&#8217;evento al Teatro del Maggio fiorentino promosso da Giovanis\u00ec e dedicato al protagonismo delle nuove generazioni, nell&#8217;Anno europeo dei giovani: oltre 60 gli speaker in programma<\/p>\n","protected":false},"author":525,"featured_media":251043,"comment_status":"open","ping_status":"open","sticky":false,"template":"","format":"standard","meta":{"_acf_changed":false,"footnotes":""},"categories":[494],"tags":[244,6547,151],"class_list":["post-251041","post","type-post","status-publish","format-standard","has-post-thumbnail","hentry","category-attualita","tag-giovanisi","tag-next-generation-fest","tag-regione-toscana"],"acf":[],"yoast_head":"<!-- This site is optimized with the Yoast SEO Premium plugin v24.2 (Yoast SEO v25.6) - https:\/\/yoast.com\/wordpress\/plugins\/seo\/ -->\n<title>Toscana capitale della Generazione Z: in 2mila per il Next Generation Fest - intoscana<\/title>\n<meta name=\"description\" content=\"Il 5 novembre a Firenze arriva il Next Generation Fest, l&#039;evento promosso da Giovanis\u00ec e Regione Toscana per la generazione Z.\" \/>\n<meta name=\"robots\" content=\"index, follow, max-snippet:-1, max-image-preview:large, max-video-preview:-1\" \/>\n<link rel=\"canonical\" href=\"https:\/\/www.intoscana.it\/it\/next-generation-fest\/\" \/>\n<meta property=\"og:locale\" content=\"it_IT\" \/>\n<meta property=\"og:type\" content=\"article\" \/>\n<meta property=\"og:title\" content=\"Toscana capitale della Generazione Z: in 2mila per il Next Generation Fest\" \/>\n<meta property=\"og:description\" content=\"Il 5 novembre a Firenze arriva il Next Generation Fest, l&#039;evento promosso da Giovanis\u00ec e Regione Toscana per la generazione Z.\" \/>\n<meta property=\"og:url\" content=\"https:\/\/www.intoscana.it\/it\/next-generation-fest\/\" \/>\n<meta property=\"og:site_name\" content=\"intoscana\" \/>\n<meta property=\"article:publisher\" content=\"https:\/\/www.facebook.com\/intoscana.it\" \/>\n<meta property=\"article:published_time\" content=\"2022-10-04T13:48:10+00:00\" \/>\n<meta property=\"article:modified_time\" content=\"2022-11-02T09:05:01+00:00\" \/>\n<meta property=\"og:image\" content=\"https:\/\/www.intoscana.it\/wp-content\/uploads\/Copia-di-giovanisi_lancio-IG_v2-e1664895276621.jpg\" \/>\n\t<meta property=\"og:image:width\" content=\"1201\" \/>\n\t<meta property=\"og:image:height\" content=\"693\" \/>\n\t<meta property=\"og:image:type\" content=\"image\/jpeg\" \/>\n<meta name=\"author\" content=\"Redazione\" \/>\n<meta name=\"twitter:card\" content=\"summary_large_image\" \/>\n<meta name=\"twitter:creator\" content=\"@intoscana\" \/>\n<meta name=\"twitter:site\" content=\"@intoscana\" \/>\n<meta name=\"twitter:label1\" content=\"Written by\" \/>\n\t<meta name=\"twitter:data1\" content=\"Redazione\" \/>\n\t<meta name=\"twitter:label2\" content=\"Est. reading time\" \/>\n\t<meta name=\"twitter:data2\" content=\"4 minuti\" \/>\n<script type=\"application\/ld+json\" class=\"yoast-schema-graph\">{\"@context\":\"https:\/\/schema.org\",\"@graph\":[{\"@type\":\"WebPage\",\"@id\":\"https:\/\/www.intoscana.it\/it\/next-generation-fest\/\",\"url\":\"https:\/\/www.intoscana.it\/it\/next-generation-fest\/\",\"name\":\"Toscana capitale della Generazione Z: in 2mila per il Next Generation Fest - intoscana\",\"isPartOf\":{\"@id\":\"https:\/\/www.intoscana.it\/it\/#website\"},\"primaryImageOfPage\":{\"@id\":\"https:\/\/www.intoscana.it\/it\/next-generation-fest\/#primaryimage\"},\"image\":{\"@id\":\"https:\/\/www.intoscana.it\/it\/next-generation-fest\/#primaryimage\"},\"thumbnailUrl\":\"https:\/\/www.intoscana.it\/wp-content\/uploads\/Copia-di-giovanisi_lancio-IG_v2-e1664895276621.jpg\",\"datePublished\":\"2022-10-04T13:48:10+00:00\",\"dateModified\":\"2022-11-02T09:05:01+00:00\",\"author\":{\"@id\":\"https:\/\/www.intoscana.it\/it\/#\/schema\/person\/9223810753230f20bd670fdd322661f8\"},\"description\":\"Il 5 novembre a Firenze arriva il Next Generation Fest, l'evento promosso da Giovanis\u00ec e Regione Toscana per la generazione Z.\",\"breadcrumb\":{\"@id\":\"https:\/\/www.intoscana.it\/it\/next-generation-fest\/#breadcrumb\"},\"inLanguage\":\"it-IT\",\"potentialAction\":[{\"@type\":\"ReadAction\",\"target\":[\"https:\/\/www.intoscana.it\/it\/next-generation-fest\/\"]}]},{\"@type\":\"ImageObject\",\"inLanguage\":\"it-IT\",\"@id\":\"https:\/\/www.intoscana.it\/it\/next-generation-fest\/#primaryimage\",\"url\":\"https:\/\/www.intoscana.it\/wp-content\/uploads\/Copia-di-giovanisi_lancio-IG_v2-e1664895276621.jpg\",\"contentUrl\":\"https:\/\/www.intoscana.it\/wp-content\/uploads\/Copia-di-giovanisi_lancio-IG_v2-e1664895276621.jpg\",\"width\":1201,\"height\":693,\"caption\":\"Next Generation Fest\"},{\"@type\":\"BreadcrumbList\",\"@id\":\"https:\/\/www.intoscana.it\/it\/next-generation-fest\/#breadcrumb\",\"itemListElement\":[{\"@type\":\"ListItem\",\"position\":1,\"name\":\"Home\",\"item\":\"https:\/\/www.intoscana.it\/it\/\"},{\"@type\":\"ListItem\",\"position\":2,\"name\":\"Toscana capitale della Generazione Z: in 2mila per il Next Generation Fest\"}]},{\"@type\":\"WebSite\",\"@id\":\"https:\/\/www.intoscana.it\/it\/#website\",\"url\":\"https:\/\/www.intoscana.it\/it\/\",\"name\":\"intoscana\",\"description\":\"\",\"potentialAction\":[{\"@type\":\"SearchAction\",\"target\":{\"@type\":\"EntryPoint\",\"urlTemplate\":\"https:\/\/www.intoscana.it\/it\/?s={search_term_string}\"},\"query-input\":{\"@type\":\"PropertyValueSpecification\",\"valueRequired\":true,\"valueName\":\"search_term_string\"}}],\"inLanguage\":\"it-IT\"},{\"@type\":\"Person\",\"@id\":\"https:\/\/www.intoscana.it\/it\/#\/schema\/person\/9223810753230f20bd670fdd322661f8\",\"name\":\"Redazione\",\"url\":\"https:\/\/www.intoscana.it\/it\/author\/redazione\/\"}]}<\/script>\n<!-- \/ Yoast SEO Premium plugin. -->","yoast_head_json":{"title":"Toscana capitale della Generazione Z: in 2mila per il Next Generation Fest - intoscana","description":"Il 5 novembre a Firenze arriva il Next Generation Fest, l'evento promosso da Giovanis\u00ec e Regione Toscana per la generazione Z.","robots":{"index":"index","follow":"follow","max-snippet":"max-snippet:-1","max-image-preview":"max-image-preview:large","max-video-preview":"max-video-preview:-1"},"canonical":"https:\/\/www.intoscana.it\/it\/next-generation-fest\/","og_locale":"it_IT","og_type":"article","og_title":"Toscana capitale della Generazione Z: in 2mila per il Next Generation Fest","og_description":"Il 5 novembre a Firenze arriva il Next Generation Fest, l'evento promosso da Giovanis\u00ec e Regione Toscana per la generazione Z.","og_url":"https:\/\/www.intoscana.it\/it\/next-generation-fest\/","og_site_name":"intoscana","article_publisher":"https:\/\/www.facebook.com\/intoscana.it","article_published_time":"2022-10-04T13:48:10+00:00","article_modified_time":"2022-11-02T09:05:01+00:00","og_image":[{"width":1201,"height":693,"url":"https:\/\/www.intoscana.it\/wp-content\/uploads\/Copia-di-giovanisi_lancio-IG_v2-e1664895276621.jpg","type":"image\/jpeg"}],"author":"Redazione","twitter_card":"summary_large_image","twitter_creator":"@intoscana","twitter_site":"@intoscana","twitter_misc":{"Written by":"Redazione","Est. reading time":"4 minuti"},"schema":{"@context":"https:\/\/schema.org","@graph":[{"@type":"WebPage","@id":"https:\/\/www.intoscana.it\/it\/next-generation-fest\/","url":"https:\/\/www.intoscana.it\/it\/next-generation-fest\/","name":"Toscana capitale della Generazione Z: in 2mila per il Next Generation Fest - intoscana","isPartOf":{"@id":"https:\/\/www.intoscana.it\/it\/#website"},"primaryImageOfPage":{"@id":"https:\/\/www.intoscana.it\/it\/next-generation-fest\/#primaryimage"},"image":{"@id":"https:\/\/www.intoscana.it\/it\/next-generation-fest\/#primaryimage"},"thumbnailUrl":"https:\/\/www.intoscana.it\/wp-content\/uploads\/Copia-di-giovanisi_lancio-IG_v2-e1664895276621.jpg","datePublished":"2022-10-04T13:48:10+00:00","dateModified":"2022-11-02T09:05:01+00:00","author":{"@id":"https:\/\/www.intoscana.it\/it\/#\/schema\/person\/9223810753230f20bd670fdd322661f8"},"description":"Il 5 novembre a Firenze arriva il Next Generation Fest, l'evento promosso da Giovanis\u00ec e Regione Toscana per la generazione Z.","breadcrumb":{"@id":"https:\/\/www.intoscana.it\/it\/next-generation-fest\/#breadcrumb"},"inLanguage":"it-IT","potentialAction":[{"@type":"ReadAction","target":["https:\/\/www.intoscana.it\/it\/next-generation-fest\/"]}]},{"@type":"ImageObject","inLanguage":"it-IT","@id":"https:\/\/www.intoscana.it\/it\/next-generation-fest\/#primaryimage","url":"https:\/\/www.intoscana.it\/wp-content\/uploads\/Copia-di-giovanisi_lancio-IG_v2-e1664895276621.jpg","contentUrl":"https:\/\/www.intoscana.it\/wp-content\/uploads\/Copia-di-giovanisi_lancio-IG_v2-e1664895276621.jpg","width":1201,"height":693,"caption":"Next Generation Fest"},{"@type":"BreadcrumbList","@id":"https:\/\/www.intoscana.it\/it\/next-generation-fest\/#breadcrumb","itemListElement":[{"@type":"ListItem","position":1,"name":"Home","item":"https:\/\/www.intoscana.it\/it\/"},{"@type":"ListItem","position":2,"name":"Toscana capitale della Generazione Z: in 2mila per il Next Generation Fest"}]},{"@type":"WebSite","@id":"https:\/\/www.intoscana.it\/it\/#website","url":"https:\/\/www.intoscana.it\/it\/","name":"intoscana","description":"","potentialAction":[{"@type":"SearchAction","target":{"@type":"EntryPoint","urlTemplate":"https:\/\/www.intoscana.it\/it\/?s={search_term_string}"},"query-input":{"@type":"PropertyValueSpecification","valueRequired":true,"valueName":"search_term_string"}}],"inLanguage":"it-IT"},{"@type":"Person","@id":"https:\/\/www.intoscana.it\/it\/#\/schema\/person\/9223810753230f20bd670fdd322661f8","name":"Redazione","url":"https:\/\/www.intoscana.it\/it\/author\/redazione\/"}]}},"_links":{"self":[{"href":"https:\/\/www.intoscana.it\/it\/wp-json\/wp\/v2\/posts\/251041","targetHints":{"allow":["GET"]}}],"collection":[{"href":"https:\/\/www.intoscana.it\/it\/wp-json\/wp\/v2\/posts"}],"about":[{"href":"https:\/\/www.intoscana.it\/it\/wp-json\/wp\/v2\/types\/post"}],"author":[{"embeddable":true,"href":"https:\/\/www.intoscana.it\/it\/wp-json\/wp\/v2\/users\/525"}],"replies":[{"embeddable":true,"href":"https:\/\/www.intoscana.it\/it\/wp-json\/wp\/v2\/comments?post=251041"}],"version-history":[{"count":0,"href":"https:\/\/www.intoscana.it\/it\/wp-json\/wp\/v2\/posts\/251041\/revisions"}],"wp:featuredmedia":[{"embeddable":true,"href":"https:\/\/www.intoscana.it\/it\/wp-json\/wp\/v2\/media\/251043"}],"wp:attachment":[{"href":"https:\/\/www.intoscana.it\/it\/wp-json\/wp\/v2\/media?parent=251041"}],"wp:term":[{"taxonomy":"category","embeddable":true,"href":"https:\/\/www.intoscana.it\/it\/wp-json\/wp\/v2\/categories?post=251041"},{"taxonomy":"post_tag","embeddable":true,"href":"https:\/\/www.intoscana.it\/it\/wp-json\/wp\/v2\/tags?post=251041"}],"curies":[{"name":"wp","href":"https:\/\/api.w.org\/{rel}","templated":true}]}}