{"id":251150,"date":"2022-10-05T09:47:19","date_gmt":"2022-10-05T07:47:19","guid":{"rendered":"https:\/\/www.intoscana.it\/it\/?p=251150"},"modified":"2022-10-05T15:30:47","modified_gmt":"2022-10-05T13:30:47","slug":"lantifascismo-nello-statuto-della-toscana-principio-fondante-dellordinamento-regionale","status":"publish","type":"post","link":"https:\/\/www.intoscana.it\/it\/lantifascismo-nello-statuto-della-toscana-principio-fondante-dellordinamento-regionale\/","title":{"rendered":"L&#8217;antifascismo nello Statuto della Toscana: &#8220;Principio fondante dell&#8217;ordinamento regionale&#8221;"},"content":{"rendered":"<p>L\u2019Aula del Consiglio regionale ha approvato all\u2019unanimit\u00e0 la modifica allo Statuto della Regione Toscana che fa dell\u2019<strong>antifascismo<\/strong> un \u201cprincipio ispiratore fondante dell\u2019ordinamento regionale\u201d in opposizione a ogni sistema politico e di principi dittatoriale o autoritario che riproponga metodi propri del fascismo. <mark>Alla fine del comma 1 dell\u2019articolo 3 dello Statuto sono aggiunte le parole: \u201cPromuove, difende e pratica la memoria della Resistenza e l\u2019antifascismo quale principio costitutivo del proprio ordinamento\u201d.<\/mark><\/p>\n<h3><em>Doppia approvazione da parte dell&#8217;aula. Soddisfazione di Giani, Nardini e Mazzeo<\/em><\/h3>\n<p>Un iter iniziato a marzo scorso, su proposta del presidente della Regione <strong>Eugenio Giani<\/strong> e dall&#8217;assessora alla cultura della memoria, <strong>Alessandra Nardini<\/strong>, che hanno depositato la legge statutaria. Ed esprimono cos\u00ec la loro soddisfazione:\u00a0 \u201cL\u2019antifascismo e la Resistenza costituiscono le radici della Regione Toscana, che ha nel proprio stemma il Pegaso alato che fu del Comitato Toscano di Liberazione Nazionale. <mark>Oggi il voto favorevole del Consiglio regionale a quella che era stata una proposta che abbiamo ritenuto giusto e necessario avanzare, sancisce con maggiore forza questa connotazione profondamente democratica e antifascista delle nostre istituzioni e ci impegna ancora di pi\u00f9 sul fronte della diffusione della cultura della Memoria\u201d.<\/mark> Il percorso si \u00e8 concluso con la doppia approvazione, come indicato dall\u2019articolo 123 della Costituzione.<\/p>\n<p>\u201cRiteniamo cruciale \u2013 aggiungono Giani e Nardini \u2013 ribadire questi concetti nell\u2019attuale fase storica perch\u00e9 vogliamo dire con estrema chiarezza che in Toscana non c&#8217;\u00e8 e non ci potr\u00e0 mai essere nessuno spazio per rigurgiti nazifascisti. Nessuna sottovalutazione rispetto a episodi vergognosi accaduti nel nostro Paese e anche nei nostri territori: saluti romani, sfregi con svastiche alle lapidi in ricordo di partigiane e partigiani, attacchi alle sedi del sindacato come quelli a cui abbiamo assistito recentemente, una lista che purtroppo potrebbe essere ancora pi\u00f9 lunga&#8221;.<\/p>\n<p>A margine dei lavori d\u2019Aula il presidente del Consiglio regionale, <strong>Antonio Mazzeo<\/strong>, ha dichiarato: \u201cLa Toscana \u00e8 antifascista da sempre, dalla lotta della Resistenza, e oggi lo \u00e8 ancora di pi\u00f9, perch\u00e9 finalmente lo mettiamo scritto nero su bianco nel nostro Statuto. <mark>Oggi essere antifascisti significa offrire pi\u00f9 diritti, libert\u00e0, giustizia ed equit\u00e0 e credo che metterlo all\u2019interno dello Statuto sia un fatto simbolico e forte. Un atto che dice qual \u00e8 la parte giusta della storia da cui stare\u201d.<\/mark><\/p>\n","protected":false},"excerpt":{"rendered":"<p>Modifica approvata all&#8217;unanimit\u00e0 e in via definitiva nell&#8217;ultima seduta del Consiglio regionale. Soddisfazione del presidente Giani, dell&#8217;assessora Nardini e del presidente Mazzeo<\/p>\n","protected":false},"author":525,"featured_media":159824,"comment_status":"open","ping_status":"open","sticky":false,"template":"","format":"standard","meta":{"_acf_changed":false,"footnotes":""},"categories":[494],"tags":[6226,4389,4760,158],"class_list":["post-251150","post","type-post","status-publish","format-standard","has-post-thumbnail","hentry","category-attualita","tag-alessandra-nardini","tag-antifascismo","tag-antonio-mazzeo","tag-eugenio-giani"],"acf":[],"yoast_head":"<!-- This site is optimized with the Yoast SEO Premium plugin v24.2 (Yoast SEO v25.6) - https:\/\/yoast.com\/wordpress\/plugins\/seo\/ -->\n<title>L&#039;antifascismo nello Statuto della Toscana: &quot;Principio fondante dell&#039;ordinamento regionale&quot; - intoscana<\/title>\n<meta name=\"description\" content=\"Modifica approvata all&#039;unanimit\u00e0 e in via definitiva nell&#039;ultima seduta del Consiglio regionale. Soddisfazione del presidente Giani, dell&#039;assessora Nardini e del presidente Mazzeo\" \/>\n<meta name=\"robots\" content=\"index, follow, max-snippet:-1, max-image-preview:large, max-video-preview:-1\" \/>\n<link rel=\"canonical\" href=\"https:\/\/www.intoscana.it\/it\/lantifascismo-nello-statuto-della-toscana-principio-fondante-dellordinamento-regionale\/\" \/>\n<meta property=\"og:locale\" content=\"it_IT\" \/>\n<meta property=\"og:type\" content=\"article\" \/>\n<meta property=\"og:title\" content=\"L&#039;antifascismo nello Statuto della Toscana: &quot;Principio fondante dell&#039;ordinamento regionale&quot;\" \/>\n<meta property=\"og:description\" content=\"Modifica approvata all&#039;unanimit\u00e0 e in via definitiva nell&#039;ultima seduta del Consiglio regionale. Soddisfazione del presidente Giani, dell&#039;assessora Nardini e del presidente Mazzeo\" \/>\n<meta property=\"og:url\" content=\"https:\/\/www.intoscana.it\/it\/lantifascismo-nello-statuto-della-toscana-principio-fondante-dellordinamento-regionale\/\" \/>\n<meta property=\"og:site_name\" content=\"intoscana\" \/>\n<meta property=\"article:publisher\" content=\"https:\/\/www.facebook.com\/intoscana.it\" \/>\n<meta property=\"article:published_time\" content=\"2022-10-05T07:47:19+00:00\" \/>\n<meta property=\"article:modified_time\" content=\"2022-10-05T13:30:47+00:00\" \/>\n<meta property=\"og:image\" content=\"https:\/\/www.intoscana.it\/wp-content\/uploads\/pegaso-bandiera-toscana-scaled.jpg\" \/>\n\t<meta property=\"og:image:width\" content=\"2048\" \/>\n\t<meta property=\"og:image:height\" content=\"1170\" \/>\n\t<meta property=\"og:image:type\" content=\"image\/jpeg\" \/>\n<meta name=\"author\" content=\"Redazione\" \/>\n<meta name=\"twitter:card\" content=\"summary_large_image\" \/>\n<meta name=\"twitter:creator\" content=\"@intoscana\" \/>\n<meta name=\"twitter:site\" content=\"@intoscana\" \/>\n<meta name=\"twitter:label1\" content=\"Written by\" \/>\n\t<meta name=\"twitter:data1\" content=\"Redazione\" \/>\n\t<meta name=\"twitter:label2\" content=\"Est. reading time\" \/>\n\t<meta name=\"twitter:data2\" content=\"2 minuti\" \/>\n<script type=\"application\/ld+json\" class=\"yoast-schema-graph\">{\"@context\":\"https:\/\/schema.org\",\"@graph\":[{\"@type\":\"WebPage\",\"@id\":\"https:\/\/www.intoscana.it\/it\/lantifascismo-nello-statuto-della-toscana-principio-fondante-dellordinamento-regionale\/\",\"url\":\"https:\/\/www.intoscana.it\/it\/lantifascismo-nello-statuto-della-toscana-principio-fondante-dellordinamento-regionale\/\",\"name\":\"L'antifascismo nello Statuto della Toscana: \\\"Principio fondante dell'ordinamento regionale\\\" - intoscana\",\"isPartOf\":{\"@id\":\"https:\/\/www.intoscana.it\/it\/#website\"},\"primaryImageOfPage\":{\"@id\":\"https:\/\/www.intoscana.it\/it\/lantifascismo-nello-statuto-della-toscana-principio-fondante-dellordinamento-regionale\/#primaryimage\"},\"image\":{\"@id\":\"https:\/\/www.intoscana.it\/it\/lantifascismo-nello-statuto-della-toscana-principio-fondante-dellordinamento-regionale\/#primaryimage\"},\"thumbnailUrl\":\"https:\/\/www.intoscana.it\/wp-content\/uploads\/pegaso-bandiera-toscana-scaled.jpg\",\"datePublished\":\"2022-10-05T07:47:19+00:00\",\"dateModified\":\"2022-10-05T13:30:47+00:00\",\"author\":{\"@id\":\"https:\/\/www.intoscana.it\/it\/#\/schema\/person\/9223810753230f20bd670fdd322661f8\"},\"description\":\"Modifica approvata all'unanimit\u00e0 e in via definitiva nell'ultima seduta del Consiglio regionale. Soddisfazione del presidente Giani, dell'assessora Nardini e del presidente Mazzeo\",\"breadcrumb\":{\"@id\":\"https:\/\/www.intoscana.it\/it\/lantifascismo-nello-statuto-della-toscana-principio-fondante-dellordinamento-regionale\/#breadcrumb\"},\"inLanguage\":\"it-IT\",\"potentialAction\":[{\"@type\":\"ReadAction\",\"target\":[\"https:\/\/www.intoscana.it\/it\/lantifascismo-nello-statuto-della-toscana-principio-fondante-dellordinamento-regionale\/\"]}]},{\"@type\":\"ImageObject\",\"inLanguage\":\"it-IT\",\"@id\":\"https:\/\/www.intoscana.it\/it\/lantifascismo-nello-statuto-della-toscana-principio-fondante-dellordinamento-regionale\/#primaryimage\",\"url\":\"https:\/\/www.intoscana.it\/wp-content\/uploads\/pegaso-bandiera-toscana-scaled.jpg\",\"contentUrl\":\"https:\/\/www.intoscana.it\/wp-content\/uploads\/pegaso-bandiera-toscana-scaled.jpg\",\"width\":2048,\"height\":1170,\"caption\":\"La bandiera della Regione Toscana, con il Pegaso, il suo simbolo\"},{\"@type\":\"BreadcrumbList\",\"@id\":\"https:\/\/www.intoscana.it\/it\/lantifascismo-nello-statuto-della-toscana-principio-fondante-dellordinamento-regionale\/#breadcrumb\",\"itemListElement\":[{\"@type\":\"ListItem\",\"position\":1,\"name\":\"Home\",\"item\":\"https:\/\/www.intoscana.it\/it\/\"},{\"@type\":\"ListItem\",\"position\":2,\"name\":\"L&#8217;antifascismo nello Statuto della Toscana: &#8220;Principio fondante dell&#8217;ordinamento regionale&#8221;\"}]},{\"@type\":\"WebSite\",\"@id\":\"https:\/\/www.intoscana.it\/it\/#website\",\"url\":\"https:\/\/www.intoscana.it\/it\/\",\"name\":\"intoscana\",\"description\":\"\",\"potentialAction\":[{\"@type\":\"SearchAction\",\"target\":{\"@type\":\"EntryPoint\",\"urlTemplate\":\"https:\/\/www.intoscana.it\/it\/?s={search_term_string}\"},\"query-input\":{\"@type\":\"PropertyValueSpecification\",\"valueRequired\":true,\"valueName\":\"search_term_string\"}}],\"inLanguage\":\"it-IT\"},{\"@type\":\"Person\",\"@id\":\"https:\/\/www.intoscana.it\/it\/#\/schema\/person\/9223810753230f20bd670fdd322661f8\",\"name\":\"Redazione\",\"url\":\"https:\/\/www.intoscana.it\/it\/author\/redazione\/\"}]}<\/script>\n<!-- \/ Yoast SEO Premium plugin. -->","yoast_head_json":{"title":"L'antifascismo nello Statuto della Toscana: \"Principio fondante dell'ordinamento regionale\" - intoscana","description":"Modifica approvata all'unanimit\u00e0 e in via definitiva nell'ultima seduta del Consiglio regionale. Soddisfazione del presidente Giani, dell'assessora Nardini e del presidente Mazzeo","robots":{"index":"index","follow":"follow","max-snippet":"max-snippet:-1","max-image-preview":"max-image-preview:large","max-video-preview":"max-video-preview:-1"},"canonical":"https:\/\/www.intoscana.it\/it\/lantifascismo-nello-statuto-della-toscana-principio-fondante-dellordinamento-regionale\/","og_locale":"it_IT","og_type":"article","og_title":"L'antifascismo nello Statuto della Toscana: \"Principio fondante dell'ordinamento regionale\"","og_description":"Modifica approvata all'unanimit\u00e0 e in via definitiva nell'ultima seduta del Consiglio regionale. Soddisfazione del presidente Giani, dell'assessora Nardini e del presidente Mazzeo","og_url":"https:\/\/www.intoscana.it\/it\/lantifascismo-nello-statuto-della-toscana-principio-fondante-dellordinamento-regionale\/","og_site_name":"intoscana","article_publisher":"https:\/\/www.facebook.com\/intoscana.it","article_published_time":"2022-10-05T07:47:19+00:00","article_modified_time":"2022-10-05T13:30:47+00:00","og_image":[{"width":2048,"height":1170,"url":"https:\/\/www.intoscana.it\/wp-content\/uploads\/pegaso-bandiera-toscana-scaled.jpg","type":"image\/jpeg"}],"author":"Redazione","twitter_card":"summary_large_image","twitter_creator":"@intoscana","twitter_site":"@intoscana","twitter_misc":{"Written by":"Redazione","Est. reading time":"2 minuti"},"schema":{"@context":"https:\/\/schema.org","@graph":[{"@type":"WebPage","@id":"https:\/\/www.intoscana.it\/it\/lantifascismo-nello-statuto-della-toscana-principio-fondante-dellordinamento-regionale\/","url":"https:\/\/www.intoscana.it\/it\/lantifascismo-nello-statuto-della-toscana-principio-fondante-dellordinamento-regionale\/","name":"L'antifascismo nello Statuto della Toscana: \"Principio fondante dell'ordinamento regionale\" - intoscana","isPartOf":{"@id":"https:\/\/www.intoscana.it\/it\/#website"},"primaryImageOfPage":{"@id":"https:\/\/www.intoscana.it\/it\/lantifascismo-nello-statuto-della-toscana-principio-fondante-dellordinamento-regionale\/#primaryimage"},"image":{"@id":"https:\/\/www.intoscana.it\/it\/lantifascismo-nello-statuto-della-toscana-principio-fondante-dellordinamento-regionale\/#primaryimage"},"thumbnailUrl":"https:\/\/www.intoscana.it\/wp-content\/uploads\/pegaso-bandiera-toscana-scaled.jpg","datePublished":"2022-10-05T07:47:19+00:00","dateModified":"2022-10-05T13:30:47+00:00","author":{"@id":"https:\/\/www.intoscana.it\/it\/#\/schema\/person\/9223810753230f20bd670fdd322661f8"},"description":"Modifica approvata all'unanimit\u00e0 e in via definitiva nell'ultima seduta del Consiglio regionale. Soddisfazione del presidente Giani, dell'assessora Nardini e del presidente Mazzeo","breadcrumb":{"@id":"https:\/\/www.intoscana.it\/it\/lantifascismo-nello-statuto-della-toscana-principio-fondante-dellordinamento-regionale\/#breadcrumb"},"inLanguage":"it-IT","potentialAction":[{"@type":"ReadAction","target":["https:\/\/www.intoscana.it\/it\/lantifascismo-nello-statuto-della-toscana-principio-fondante-dellordinamento-regionale\/"]}]},{"@type":"ImageObject","inLanguage":"it-IT","@id":"https:\/\/www.intoscana.it\/it\/lantifascismo-nello-statuto-della-toscana-principio-fondante-dellordinamento-regionale\/#primaryimage","url":"https:\/\/www.intoscana.it\/wp-content\/uploads\/pegaso-bandiera-toscana-scaled.jpg","contentUrl":"https:\/\/www.intoscana.it\/wp-content\/uploads\/pegaso-bandiera-toscana-scaled.jpg","width":2048,"height":1170,"caption":"La bandiera della Regione Toscana, con il Pegaso, il suo simbolo"},{"@type":"BreadcrumbList","@id":"https:\/\/www.intoscana.it\/it\/lantifascismo-nello-statuto-della-toscana-principio-fondante-dellordinamento-regionale\/#breadcrumb","itemListElement":[{"@type":"ListItem","position":1,"name":"Home","item":"https:\/\/www.intoscana.it\/it\/"},{"@type":"ListItem","position":2,"name":"L&#8217;antifascismo nello Statuto della Toscana: &#8220;Principio fondante dell&#8217;ordinamento regionale&#8221;"}]},{"@type":"WebSite","@id":"https:\/\/www.intoscana.it\/it\/#website","url":"https:\/\/www.intoscana.it\/it\/","name":"intoscana","description":"","potentialAction":[{"@type":"SearchAction","target":{"@type":"EntryPoint","urlTemplate":"https:\/\/www.intoscana.it\/it\/?s={search_term_string}"},"query-input":{"@type":"PropertyValueSpecification","valueRequired":true,"valueName":"search_term_string"}}],"inLanguage":"it-IT"},{"@type":"Person","@id":"https:\/\/www.intoscana.it\/it\/#\/schema\/person\/9223810753230f20bd670fdd322661f8","name":"Redazione","url":"https:\/\/www.intoscana.it\/it\/author\/redazione\/"}]}},"_links":{"self":[{"href":"https:\/\/www.intoscana.it\/it\/wp-json\/wp\/v2\/posts\/251150","targetHints":{"allow":["GET"]}}],"collection":[{"href":"https:\/\/www.intoscana.it\/it\/wp-json\/wp\/v2\/posts"}],"about":[{"href":"https:\/\/www.intoscana.it\/it\/wp-json\/wp\/v2\/types\/post"}],"author":[{"embeddable":true,"href":"https:\/\/www.intoscana.it\/it\/wp-json\/wp\/v2\/users\/525"}],"replies":[{"embeddable":true,"href":"https:\/\/www.intoscana.it\/it\/wp-json\/wp\/v2\/comments?post=251150"}],"version-history":[{"count":0,"href":"https:\/\/www.intoscana.it\/it\/wp-json\/wp\/v2\/posts\/251150\/revisions"}],"wp:featuredmedia":[{"embeddable":true,"href":"https:\/\/www.intoscana.it\/it\/wp-json\/wp\/v2\/media\/159824"}],"wp:attachment":[{"href":"https:\/\/www.intoscana.it\/it\/wp-json\/wp\/v2\/media?parent=251150"}],"wp:term":[{"taxonomy":"category","embeddable":true,"href":"https:\/\/www.intoscana.it\/it\/wp-json\/wp\/v2\/categories?post=251150"},{"taxonomy":"post_tag","embeddable":true,"href":"https:\/\/www.intoscana.it\/it\/wp-json\/wp\/v2\/tags?post=251150"}],"curies":[{"name":"wp","href":"https:\/\/api.w.org\/{rel}","templated":true}]}}