{"id":251157,"date":"2022-10-05T09:32:24","date_gmt":"2022-10-05T07:32:24","guid":{"rendered":"https:\/\/www.intoscana.it\/it\/?p=251157"},"modified":"2022-10-05T09:32:24","modified_gmt":"2022-10-05T07:32:24","slug":"covid-19-in-toscana-2-504-nuovi-casi-eta-media-53-anni-otto-decessi","status":"publish","type":"post","link":"https:\/\/www.intoscana.it\/it\/covid-19-in-toscana-2-504-nuovi-casi-eta-media-53-anni-otto-decessi\/","title":{"rendered":"Covid-19: in Toscana 2.504 nuovi casi, et\u00e0 media 53 anni. Otto decessi"},"content":{"rendered":"<p><strong>Sono 2.504 i nuovi casi di Covid-19<\/strong> registrati nelle ultime ventiquattro ore in Toscana: 414 sono stati confermati con tampone molecolare e gli altri 2.090 con test rapido.<\/p>\n<p><strong>Il numero dei contagiati rilevati nella regione dall&#8217;inizio della pandemia sale dunque a 1.416.155.<\/strong> I nuovi casi sono lo 0,2% in pi\u00f9 rispetto al totale del giorno precedente. I guariti crescono dello 0,1% (1.051 persone) e raggiungono quota 1.364.156 (96,3% dei casi totali).<\/p>\n<p>Al momento<strong> in Toscana risultano pertanto 41.196 positivi,<\/strong> +3,6% rispetto a ieri. Di questi 304 (15 in pi\u00f9 rispetto a ieri) sono ricoverati in ospedale: 12 (1 in pi\u00f9) si trovano in terapia intensiva.<\/p>\n<p><strong>La lista dei decessi si aggiorna con 8 nuovi decessi:<\/strong> 4 uomini e 4 donne con un&#8217;et\u00e0 media di 90,1 anni.<\/p>\n<p>Dall&#8217;ultimo bollettino quotidiano <strong>sono stati eseguiti 1.307 tamponi molecolari e 11.588 tamponi antigenici rapidi:<\/strong> di questi il 19,4% \u00e8 risultato positivo. Sono invece 3.486 i soggetti testati, escludendo i tamponi di controllo: il 71,8% di questi \u00e8 risultato positivo. L&#8217;et\u00e0 media dei 2.504 nuovi positivi \u00e8 di 53 anni circa (8% ha meno di 20 anni, 15% tra 20 e 39 anni, 34% tra 40 e 59 anni, 33% tra 60 e 79 anni, 10% ha 80 anni o pi\u00f9).<\/p>\n<h3>L&#8217;andamento per provincia<\/h3>\n<p>Con gli ultimi casi salgono a<strong> 385.171 i positivi dall&#8217;inizio dell&#8217;emergenza<\/strong> nei comuni della Citt\u00e0 metropolitana di Firenze (636 in pi\u00f9 rispetto a ieri), 94.408 in provincia di Prato (127 in pi\u00f9), 111.530 a Pistoia (199 in pi\u00f9), 71.440 a Massa Carrara (138 in pi\u00f9), 151.190 a Lucca (293 in pi\u00f9), 164.224 a Pisa (284 in pi\u00f9), 128.413 a Livorno (253 in pi\u00f9), 129.146 ad Arezzo (259 in pi\u00f9), 101.879 a Siena (185 in pi\u00f9) e 78.199 a Grosseto (130 in pi\u00f9). A questi vanno aggiunti 555 casi di positivit\u00e0 notificati in Toscana ma che riguardano residenti in altre regioni.<\/p>\n<p>Sono 1.001 le nuove segnalazioni nell&#8217;Asl Centro, 929 nella Nord Ovest, 574 nella Sud Est.<\/p>\n<p><strong>La Toscana si trova al 10\u00b0 posto in Italia come numerosit\u00e0 di casi<\/strong> complessivi dall&#8217;inizio della pandemia (tra residenti e non residenti), con circa 38.348 casi ogni 100.000 abitanti (la media italiana \u00e9 38.157 x100.000, dato di ieri). Al momento la provincia di notifica con il tasso pi\u00f9 alto \u00e9 Lucca (con 39.377 casi ogni 100 mila abitanti), seguita da Pisa (39.290) e Livorno (39.032). La pi\u00f9 bassa concentrazione si riscontra a Prato (con un tasso di 35.590).<\/p>\n<p><strong>In 40.892 sono in isolamento a casa<\/strong>, perch\u00e9 presentano sintomi lievi che non richiedono cure ospedaliere o risultano prive di sintomi (1.430 in pi\u00f9 rispetto a ieri, pi\u00f9 3,6%).<\/p>\n<p><strong>I 1.364.156 guariti registrati a oggi<\/strong> lo sono a tutti gli effetti, da un punto di vista virale, certificati con tampone negativo.<\/p>\n<h3>I decessi<\/h3>\n<p>La lista dei decessi si aggiorna con <strong>8 nuovi decessi: 4 uomini e 4 donne con un&#8217;et\u00e0 media di 90,1 anni.<\/strong><\/p>\n<p>Relativamente alla provincia di residenza, le persone decedute sono: 3 a Firenze, 1 a Pisa, 1 a Livorno, 2 a Arezzo, 1 a Grosseto.<\/p>\n<p><strong>Sono 10.803 i deceduti dall&#8217;inizio dell&#8217;epidemia:<\/strong> 3.397 nella Citt\u00e0 metropolitana di Firenze, 881 in provincia di Prato, 973 a Pistoia, 685 a Massa Carrara, 1.012 a Lucca, 1.216 a Pisa, 814 a Livorno, 694 ad Arezzo, 572 a Siena, 405 a Grosseto. Vanno aggiunte 154 persone decedute sul suolo toscano ma erano residenti fuori regione.<\/p>\n<p>Il tasso grezzo di mortalit\u00e0 per Covid-19 (numero di deceduti\/popolazione residente) \u00e8 al momento 292,5 ogni 100 mila residenti, contro il 299,2 x100.000 della media italiana. La Toscana \u00e9 9\u00b0 tra le regioni. Per quanto riguarda le province, il tasso di mortalit\u00e0 pi\u00f9 alto si riscontra a Massa Carrara (360,8 ogni 100 mila abitanti), seguita da Firenze (340,2 x100.000) e Pistoia (335,2 x100.000), mentre il pi\u00f9 basso \u00e8 a Grosseto (185,9 x100.000).<\/p>\n","protected":false},"excerpt":{"rendered":"<p>Dall&#8217;ultimo bollettino quotidiano sono stati eseguiti 1.307 tamponi molecolari e 11.588 tamponi antigenici rapidi: di questi il 19,4% \u00e8 risultato positivo<\/p>\n","protected":false},"author":525,"featured_media":222673,"comment_status":"open","ping_status":"open","sticky":false,"template":"","format":"standard","meta":{"_acf_changed":false,"footnotes":""},"categories":[494],"tags":[4868,418,151],"class_list":["post-251157","post","type-post","status-publish","format-standard","has-post-thumbnail","hentry","category-attualita","tag-bollettino-covid-toscana","tag-covid-19","tag-regione-toscana"],"acf":[],"yoast_head":"<!-- This site is optimized with the Yoast SEO Premium plugin v24.2 (Yoast SEO v25.6) - https:\/\/yoast.com\/wordpress\/plugins\/seo\/ -->\n<title>Covid-19: in Toscana 2.504 nuovi casi, et\u00e0 media 53 anni. Otto decessi - intoscana<\/title>\n<meta name=\"description\" content=\"Dall&#039;ultimo bollettino quotidiano sono stati eseguiti 1.307 tamponi molecolari e 11.588 tamponi antigenici rapidi: il 19,4% \u00e8 positivo\" \/>\n<meta name=\"robots\" content=\"index, follow, max-snippet:-1, max-image-preview:large, max-video-preview:-1\" \/>\n<link rel=\"canonical\" href=\"https:\/\/www.intoscana.it\/it\/covid-19-in-toscana-2-504-nuovi-casi-eta-media-53-anni-otto-decessi\/\" \/>\n<meta property=\"og:locale\" content=\"it_IT\" \/>\n<meta property=\"og:type\" content=\"article\" \/>\n<meta property=\"og:title\" content=\"Covid-19: in Toscana 2.504 nuovi casi, et\u00e0 media 53 anni. Otto decessi\" \/>\n<meta property=\"og:description\" content=\"Dall&#039;ultimo bollettino quotidiano sono stati eseguiti 1.307 tamponi molecolari e 11.588 tamponi antigenici rapidi: il 19,4% \u00e8 positivo\" \/>\n<meta property=\"og:url\" content=\"https:\/\/www.intoscana.it\/it\/covid-19-in-toscana-2-504-nuovi-casi-eta-media-53-anni-otto-decessi\/\" \/>\n<meta property=\"og:site_name\" content=\"intoscana\" \/>\n<meta property=\"article:publisher\" content=\"https:\/\/www.facebook.com\/intoscana.it\" \/>\n<meta property=\"article:published_time\" content=\"2022-10-05T07:32:24+00:00\" \/>\n<meta property=\"og:image\" content=\"https:\/\/www.intoscana.it\/wp-content\/uploads\/Ragazza-con-mascherina-Jan-Babora\u0301k-Unsplash.jpg\" \/>\n\t<meta property=\"og:image:width\" content=\"1920\" \/>\n\t<meta property=\"og:image:height\" content=\"1280\" \/>\n\t<meta property=\"og:image:type\" content=\"image\/jpeg\" \/>\n<meta name=\"author\" content=\"Redazione\" \/>\n<meta name=\"twitter:card\" content=\"summary_large_image\" \/>\n<meta name=\"twitter:creator\" content=\"@intoscana\" \/>\n<meta name=\"twitter:site\" content=\"@intoscana\" \/>\n<meta name=\"twitter:label1\" content=\"Written by\" \/>\n\t<meta name=\"twitter:data1\" content=\"Redazione\" \/>\n\t<meta name=\"twitter:label2\" content=\"Est. reading time\" \/>\n\t<meta name=\"twitter:data2\" content=\"3 minuti\" \/>\n<script type=\"application\/ld+json\" class=\"yoast-schema-graph\">{\"@context\":\"https:\/\/schema.org\",\"@graph\":[{\"@type\":\"WebPage\",\"@id\":\"https:\/\/www.intoscana.it\/it\/covid-19-in-toscana-2-504-nuovi-casi-eta-media-53-anni-otto-decessi\/\",\"url\":\"https:\/\/www.intoscana.it\/it\/covid-19-in-toscana-2-504-nuovi-casi-eta-media-53-anni-otto-decessi\/\",\"name\":\"Covid-19: in Toscana 2.504 nuovi casi, et\u00e0 media 53 anni. Otto decessi - intoscana\",\"isPartOf\":{\"@id\":\"https:\/\/www.intoscana.it\/it\/#website\"},\"primaryImageOfPage\":{\"@id\":\"https:\/\/www.intoscana.it\/it\/covid-19-in-toscana-2-504-nuovi-casi-eta-media-53-anni-otto-decessi\/#primaryimage\"},\"image\":{\"@id\":\"https:\/\/www.intoscana.it\/it\/covid-19-in-toscana-2-504-nuovi-casi-eta-media-53-anni-otto-decessi\/#primaryimage\"},\"thumbnailUrl\":\"https:\/\/www.intoscana.it\/wp-content\/uploads\/Ragazza-con-mascherina-Jan-Babora\u0301k-Unsplash.jpg\",\"datePublished\":\"2022-10-05T07:32:24+00:00\",\"author\":{\"@id\":\"https:\/\/www.intoscana.it\/it\/#\/schema\/person\/9223810753230f20bd670fdd322661f8\"},\"description\":\"Dall'ultimo bollettino quotidiano sono stati eseguiti 1.307 tamponi molecolari e 11.588 tamponi antigenici rapidi: il 19,4% \u00e8 positivo\",\"breadcrumb\":{\"@id\":\"https:\/\/www.intoscana.it\/it\/covid-19-in-toscana-2-504-nuovi-casi-eta-media-53-anni-otto-decessi\/#breadcrumb\"},\"inLanguage\":\"it-IT\",\"potentialAction\":[{\"@type\":\"ReadAction\",\"target\":[\"https:\/\/www.intoscana.it\/it\/covid-19-in-toscana-2-504-nuovi-casi-eta-media-53-anni-otto-decessi\/\"]}]},{\"@type\":\"ImageObject\",\"inLanguage\":\"it-IT\",\"@id\":\"https:\/\/www.intoscana.it\/it\/covid-19-in-toscana-2-504-nuovi-casi-eta-media-53-anni-otto-decessi\/#primaryimage\",\"url\":\"https:\/\/www.intoscana.it\/wp-content\/uploads\/Ragazza-con-mascherina-Jan-Babora\u0301k-Unsplash.jpg\",\"contentUrl\":\"https:\/\/www.intoscana.it\/wp-content\/uploads\/Ragazza-con-mascherina-Jan-Babora\u0301k-Unsplash.jpg\",\"width\":1920,\"height\":1280},{\"@type\":\"BreadcrumbList\",\"@id\":\"https:\/\/www.intoscana.it\/it\/covid-19-in-toscana-2-504-nuovi-casi-eta-media-53-anni-otto-decessi\/#breadcrumb\",\"itemListElement\":[{\"@type\":\"ListItem\",\"position\":1,\"name\":\"Home\",\"item\":\"https:\/\/www.intoscana.it\/it\/\"},{\"@type\":\"ListItem\",\"position\":2,\"name\":\"Covid-19: in Toscana 2.504 nuovi casi, et\u00e0 media 53 anni. Otto decessi\"}]},{\"@type\":\"WebSite\",\"@id\":\"https:\/\/www.intoscana.it\/it\/#website\",\"url\":\"https:\/\/www.intoscana.it\/it\/\",\"name\":\"intoscana\",\"description\":\"\",\"potentialAction\":[{\"@type\":\"SearchAction\",\"target\":{\"@type\":\"EntryPoint\",\"urlTemplate\":\"https:\/\/www.intoscana.it\/it\/?s={search_term_string}\"},\"query-input\":{\"@type\":\"PropertyValueSpecification\",\"valueRequired\":true,\"valueName\":\"search_term_string\"}}],\"inLanguage\":\"it-IT\"},{\"@type\":\"Person\",\"@id\":\"https:\/\/www.intoscana.it\/it\/#\/schema\/person\/9223810753230f20bd670fdd322661f8\",\"name\":\"Redazione\",\"url\":\"https:\/\/www.intoscana.it\/it\/author\/redazione\/\"}]}<\/script>\n<!-- \/ Yoast SEO Premium plugin. -->","yoast_head_json":{"title":"Covid-19: in Toscana 2.504 nuovi casi, et\u00e0 media 53 anni. Otto decessi - intoscana","description":"Dall'ultimo bollettino quotidiano sono stati eseguiti 1.307 tamponi molecolari e 11.588 tamponi antigenici rapidi: il 19,4% \u00e8 positivo","robots":{"index":"index","follow":"follow","max-snippet":"max-snippet:-1","max-image-preview":"max-image-preview:large","max-video-preview":"max-video-preview:-1"},"canonical":"https:\/\/www.intoscana.it\/it\/covid-19-in-toscana-2-504-nuovi-casi-eta-media-53-anni-otto-decessi\/","og_locale":"it_IT","og_type":"article","og_title":"Covid-19: in Toscana 2.504 nuovi casi, et\u00e0 media 53 anni. Otto decessi","og_description":"Dall'ultimo bollettino quotidiano sono stati eseguiti 1.307 tamponi molecolari e 11.588 tamponi antigenici rapidi: il 19,4% \u00e8 positivo","og_url":"https:\/\/www.intoscana.it\/it\/covid-19-in-toscana-2-504-nuovi-casi-eta-media-53-anni-otto-decessi\/","og_site_name":"intoscana","article_publisher":"https:\/\/www.facebook.com\/intoscana.it","article_published_time":"2022-10-05T07:32:24+00:00","og_image":[{"width":1920,"height":1280,"url":"https:\/\/www.intoscana.it\/wp-content\/uploads\/Ragazza-con-mascherina-Jan-Babora\u0301k-Unsplash.jpg","type":"image\/jpeg"}],"author":"Redazione","twitter_card":"summary_large_image","twitter_creator":"@intoscana","twitter_site":"@intoscana","twitter_misc":{"Written by":"Redazione","Est. reading time":"3 minuti"},"schema":{"@context":"https:\/\/schema.org","@graph":[{"@type":"WebPage","@id":"https:\/\/www.intoscana.it\/it\/covid-19-in-toscana-2-504-nuovi-casi-eta-media-53-anni-otto-decessi\/","url":"https:\/\/www.intoscana.it\/it\/covid-19-in-toscana-2-504-nuovi-casi-eta-media-53-anni-otto-decessi\/","name":"Covid-19: in Toscana 2.504 nuovi casi, et\u00e0 media 53 anni. Otto decessi - intoscana","isPartOf":{"@id":"https:\/\/www.intoscana.it\/it\/#website"},"primaryImageOfPage":{"@id":"https:\/\/www.intoscana.it\/it\/covid-19-in-toscana-2-504-nuovi-casi-eta-media-53-anni-otto-decessi\/#primaryimage"},"image":{"@id":"https:\/\/www.intoscana.it\/it\/covid-19-in-toscana-2-504-nuovi-casi-eta-media-53-anni-otto-decessi\/#primaryimage"},"thumbnailUrl":"https:\/\/www.intoscana.it\/wp-content\/uploads\/Ragazza-con-mascherina-Jan-Babora\u0301k-Unsplash.jpg","datePublished":"2022-10-05T07:32:24+00:00","author":{"@id":"https:\/\/www.intoscana.it\/it\/#\/schema\/person\/9223810753230f20bd670fdd322661f8"},"description":"Dall'ultimo bollettino quotidiano sono stati eseguiti 1.307 tamponi molecolari e 11.588 tamponi antigenici rapidi: il 19,4% \u00e8 positivo","breadcrumb":{"@id":"https:\/\/www.intoscana.it\/it\/covid-19-in-toscana-2-504-nuovi-casi-eta-media-53-anni-otto-decessi\/#breadcrumb"},"inLanguage":"it-IT","potentialAction":[{"@type":"ReadAction","target":["https:\/\/www.intoscana.it\/it\/covid-19-in-toscana-2-504-nuovi-casi-eta-media-53-anni-otto-decessi\/"]}]},{"@type":"ImageObject","inLanguage":"it-IT","@id":"https:\/\/www.intoscana.it\/it\/covid-19-in-toscana-2-504-nuovi-casi-eta-media-53-anni-otto-decessi\/#primaryimage","url":"https:\/\/www.intoscana.it\/wp-content\/uploads\/Ragazza-con-mascherina-Jan-Babora\u0301k-Unsplash.jpg","contentUrl":"https:\/\/www.intoscana.it\/wp-content\/uploads\/Ragazza-con-mascherina-Jan-Babora\u0301k-Unsplash.jpg","width":1920,"height":1280},{"@type":"BreadcrumbList","@id":"https:\/\/www.intoscana.it\/it\/covid-19-in-toscana-2-504-nuovi-casi-eta-media-53-anni-otto-decessi\/#breadcrumb","itemListElement":[{"@type":"ListItem","position":1,"name":"Home","item":"https:\/\/www.intoscana.it\/it\/"},{"@type":"ListItem","position":2,"name":"Covid-19: in Toscana 2.504 nuovi casi, et\u00e0 media 53 anni. Otto decessi"}]},{"@type":"WebSite","@id":"https:\/\/www.intoscana.it\/it\/#website","url":"https:\/\/www.intoscana.it\/it\/","name":"intoscana","description":"","potentialAction":[{"@type":"SearchAction","target":{"@type":"EntryPoint","urlTemplate":"https:\/\/www.intoscana.it\/it\/?s={search_term_string}"},"query-input":{"@type":"PropertyValueSpecification","valueRequired":true,"valueName":"search_term_string"}}],"inLanguage":"it-IT"},{"@type":"Person","@id":"https:\/\/www.intoscana.it\/it\/#\/schema\/person\/9223810753230f20bd670fdd322661f8","name":"Redazione","url":"https:\/\/www.intoscana.it\/it\/author\/redazione\/"}]}},"_links":{"self":[{"href":"https:\/\/www.intoscana.it\/it\/wp-json\/wp\/v2\/posts\/251157","targetHints":{"allow":["GET"]}}],"collection":[{"href":"https:\/\/www.intoscana.it\/it\/wp-json\/wp\/v2\/posts"}],"about":[{"href":"https:\/\/www.intoscana.it\/it\/wp-json\/wp\/v2\/types\/post"}],"author":[{"embeddable":true,"href":"https:\/\/www.intoscana.it\/it\/wp-json\/wp\/v2\/users\/525"}],"replies":[{"embeddable":true,"href":"https:\/\/www.intoscana.it\/it\/wp-json\/wp\/v2\/comments?post=251157"}],"version-history":[{"count":0,"href":"https:\/\/www.intoscana.it\/it\/wp-json\/wp\/v2\/posts\/251157\/revisions"}],"wp:featuredmedia":[{"embeddable":true,"href":"https:\/\/www.intoscana.it\/it\/wp-json\/wp\/v2\/media\/222673"}],"wp:attachment":[{"href":"https:\/\/www.intoscana.it\/it\/wp-json\/wp\/v2\/media?parent=251157"}],"wp:term":[{"taxonomy":"category","embeddable":true,"href":"https:\/\/www.intoscana.it\/it\/wp-json\/wp\/v2\/categories?post=251157"},{"taxonomy":"post_tag","embeddable":true,"href":"https:\/\/www.intoscana.it\/it\/wp-json\/wp\/v2\/tags?post=251157"}],"curies":[{"name":"wp","href":"https:\/\/api.w.org\/{rel}","templated":true}]}}