{"id":251295,"date":"2022-10-05T15:25:32","date_gmt":"2022-10-05T13:25:32","guid":{"rendered":"https:\/\/www.intoscana.it\/it\/?p=251295"},"modified":"2022-10-05T15:32:32","modified_gmt":"2022-10-05T13:32:32","slug":"agricoltura-calenzano-diventa-distretto-biologico","status":"publish","type":"post","link":"https:\/\/www.intoscana.it\/it\/agricoltura-calenzano-diventa-distretto-biologico\/","title":{"rendered":"Agricoltura, Calenzano diventa &#8220;distretto biologico&#8221;"},"content":{"rendered":"<p>Il comune di <strong>Calenzano<\/strong> diventa <mark>&#8220;distretto biologico&#8221;, con il 36 per cento di superfice agricola coltivata bio sulla complessiva utilizzata.<\/mark> Con il decreto firmato dagli uffici della <strong>Regione Toscana<\/strong> si approva anche il progetto economico territoriale presentato dall\u2019amministrazione comunale che durer\u00e0 cinque anni e che far\u00e0 della citt\u00e0 dell&#8217;area metropolitana fiorentina <mark>un comune ad alta vocazione green, dopo Fiesole e il distretto rurale e biologico della Val di Cecina.<\/mark><\/p>\n<p>Il nuovo distretto biologico sar\u00e0 inserito dal Ministero per le politiche agricole nell\u2019albo nazionale dei distretti del cibo. Calenzano ha cos\u00ec passato &#8220;l\u2019esame\u201d imposto dalla legge regionale sui distretti biologici, dimostrando di avere tutte le carte in regola.<\/p>\n<p>&#8220;La percentuale del 36 per cento costituisce una base rilevante per partire e acquisire la consapevolezza dell\u2019importanza dell&#8217;agricoltura biologica nella salvaguardia della biodiversit\u00e0 &#8211; osserva la vicepresidente della Regione e l&#8217;assessore all&#8217;Agroalimentare <strong>Stefania Saccardi<\/strong> &#8211;\u00a0 <mark>Da tempo, peraltro, il comune di Calenzano svolge una concreta attivit\u00e0 di tutela dell\u2019ambiente e del paesaggio attraverso gli strumenti di pianificazione, le certificazioni ambientali, le attivit\u00e0 informative ai cittadini con particolare riguardo ai ragazzi di et\u00e0 scolare che imparano la valorizzazione delle conoscenze contadine e tradizionali del territorio&#8221;.<\/mark><\/p>\n<p>&#8220;L&#8217;auspicio \u2013 ha concluso l&#8217;assessora &#8211; \u00e8 che altri territori possano seguire l&#8217;esempio di Calenzano, Fiesole e della Val di Cecina per creare i presupposti per la nascita di altri distretti, importanti per rafforzare una cultura di valorizzazione dell&#8217;ambiente, della terra e dei suoi prodotti, tipica delle aree rurali della Toscana\u201d.<\/p>\n","protected":false},"excerpt":{"rendered":"<p>Con il 36% di superfice agricola coltivata bio, il comune si aggiunge alle esperienze green di Fiesole e della Val di Cecina. Saccardi: &#8220;Una concreta attivit\u00e0 di tutela dell&#8217;ambiente&#8221;<\/p>\n","protected":false},"author":525,"featured_media":174136,"comment_status":"open","ping_status":"open","sticky":false,"template":"","format":"standard","meta":{"_acf_changed":false,"footnotes":""},"categories":[8],"tags":[5993,4769],"class_list":["post-251295","post","type-post","status-publish","format-standard","has-post-thumbnail","hentry","category-enogastronomia","tag-agricoltura-bio","tag-stefania-saccardi"],"acf":[],"yoast_head":"<!-- This site is optimized with the Yoast SEO Premium plugin v24.2 (Yoast SEO v25.6) - https:\/\/yoast.com\/wordpress\/plugins\/seo\/ -->\n<title>Agricoltura, Calenzano diventa &quot;distretto biologico&quot; - intoscana<\/title>\n<meta name=\"description\" content=\"Con il 36% di superfice agricola coltivata bio, il comune si aggiunge alle esperienze green di Fiesole e della Val di Cecina. Saccardi: &quot;Una concreta attivit\u00e0 di tutela dell&#039;ambiente&quot;\" \/>\n<meta name=\"robots\" content=\"index, follow, max-snippet:-1, max-image-preview:large, max-video-preview:-1\" \/>\n<link rel=\"canonical\" href=\"https:\/\/www.intoscana.it\/it\/agricoltura-calenzano-diventa-distretto-biologico\/\" \/>\n<meta property=\"og:locale\" content=\"it_IT\" \/>\n<meta property=\"og:type\" content=\"article\" \/>\n<meta property=\"og:title\" content=\"Agricoltura, Calenzano diventa &quot;distretto biologico&quot;\" \/>\n<meta property=\"og:description\" content=\"Con il 36% di superfice agricola coltivata bio, il comune si aggiunge alle esperienze green di Fiesole e della Val di Cecina. Saccardi: &quot;Una concreta attivit\u00e0 di tutela dell&#039;ambiente&quot;\" \/>\n<meta property=\"og:url\" content=\"https:\/\/www.intoscana.it\/it\/agricoltura-calenzano-diventa-distretto-biologico\/\" \/>\n<meta property=\"og:site_name\" content=\"intoscana\" \/>\n<meta property=\"article:publisher\" content=\"https:\/\/www.facebook.com\/intoscana.it\" \/>\n<meta property=\"article:published_time\" content=\"2022-10-05T13:25:32+00:00\" \/>\n<meta property=\"article:modified_time\" content=\"2022-10-05T13:32:32+00:00\" \/>\n<meta property=\"og:image\" content=\"https:\/\/www.intoscana.it\/wp-content\/uploads\/Agricoltura-biologica-frutta-e-verdura-scaled.jpg\" \/>\n\t<meta property=\"og:image:width\" content=\"2048\" \/>\n\t<meta property=\"og:image:height\" content=\"1054\" \/>\n\t<meta property=\"og:image:type\" content=\"image\/jpeg\" \/>\n<meta name=\"author\" content=\"Redazione\" \/>\n<meta name=\"twitter:card\" content=\"summary_large_image\" \/>\n<meta name=\"twitter:creator\" content=\"@intoscana\" \/>\n<meta name=\"twitter:site\" content=\"@intoscana\" \/>\n<meta name=\"twitter:label1\" content=\"Written by\" \/>\n\t<meta name=\"twitter:data1\" content=\"Redazione\" \/>\n\t<meta name=\"twitter:label2\" content=\"Est. reading time\" \/>\n\t<meta name=\"twitter:data2\" content=\"1 minuto\" \/>\n<script type=\"application\/ld+json\" class=\"yoast-schema-graph\">{\"@context\":\"https:\/\/schema.org\",\"@graph\":[{\"@type\":\"WebPage\",\"@id\":\"https:\/\/www.intoscana.it\/it\/agricoltura-calenzano-diventa-distretto-biologico\/\",\"url\":\"https:\/\/www.intoscana.it\/it\/agricoltura-calenzano-diventa-distretto-biologico\/\",\"name\":\"Agricoltura, Calenzano diventa \\\"distretto biologico\\\" - intoscana\",\"isPartOf\":{\"@id\":\"https:\/\/www.intoscana.it\/it\/#website\"},\"primaryImageOfPage\":{\"@id\":\"https:\/\/www.intoscana.it\/it\/agricoltura-calenzano-diventa-distretto-biologico\/#primaryimage\"},\"image\":{\"@id\":\"https:\/\/www.intoscana.it\/it\/agricoltura-calenzano-diventa-distretto-biologico\/#primaryimage\"},\"thumbnailUrl\":\"https:\/\/www.intoscana.it\/wp-content\/uploads\/Agricoltura-biologica-frutta-e-verdura-scaled.jpg\",\"datePublished\":\"2022-10-05T13:25:32+00:00\",\"dateModified\":\"2022-10-05T13:32:32+00:00\",\"author\":{\"@id\":\"https:\/\/www.intoscana.it\/it\/#\/schema\/person\/9223810753230f20bd670fdd322661f8\"},\"description\":\"Con il 36% di superfice agricola coltivata bio, il comune si aggiunge alle esperienze green di Fiesole e della Val di Cecina. Saccardi: \\\"Una concreta attivit\u00e0 di tutela dell'ambiente\\\"\",\"breadcrumb\":{\"@id\":\"https:\/\/www.intoscana.it\/it\/agricoltura-calenzano-diventa-distretto-biologico\/#breadcrumb\"},\"inLanguage\":\"it-IT\",\"potentialAction\":[{\"@type\":\"ReadAction\",\"target\":[\"https:\/\/www.intoscana.it\/it\/agricoltura-calenzano-diventa-distretto-biologico\/\"]}]},{\"@type\":\"ImageObject\",\"inLanguage\":\"it-IT\",\"@id\":\"https:\/\/www.intoscana.it\/it\/agricoltura-calenzano-diventa-distretto-biologico\/#primaryimage\",\"url\":\"https:\/\/www.intoscana.it\/wp-content\/uploads\/Agricoltura-biologica-frutta-e-verdura-scaled.jpg\",\"contentUrl\":\"https:\/\/www.intoscana.it\/wp-content\/uploads\/Agricoltura-biologica-frutta-e-verdura-scaled.jpg\",\"width\":2048,\"height\":1054,\"caption\":\"Agricoltura\"},{\"@type\":\"BreadcrumbList\",\"@id\":\"https:\/\/www.intoscana.it\/it\/agricoltura-calenzano-diventa-distretto-biologico\/#breadcrumb\",\"itemListElement\":[{\"@type\":\"ListItem\",\"position\":1,\"name\":\"Home\",\"item\":\"https:\/\/www.intoscana.it\/it\/\"},{\"@type\":\"ListItem\",\"position\":2,\"name\":\"Agricoltura, Calenzano diventa &#8220;distretto biologico&#8221;\"}]},{\"@type\":\"WebSite\",\"@id\":\"https:\/\/www.intoscana.it\/it\/#website\",\"url\":\"https:\/\/www.intoscana.it\/it\/\",\"name\":\"intoscana\",\"description\":\"\",\"potentialAction\":[{\"@type\":\"SearchAction\",\"target\":{\"@type\":\"EntryPoint\",\"urlTemplate\":\"https:\/\/www.intoscana.it\/it\/?s={search_term_string}\"},\"query-input\":{\"@type\":\"PropertyValueSpecification\",\"valueRequired\":true,\"valueName\":\"search_term_string\"}}],\"inLanguage\":\"it-IT\"},{\"@type\":\"Person\",\"@id\":\"https:\/\/www.intoscana.it\/it\/#\/schema\/person\/9223810753230f20bd670fdd322661f8\",\"name\":\"Redazione\",\"url\":\"https:\/\/www.intoscana.it\/it\/author\/redazione\/\"}]}<\/script>\n<!-- \/ Yoast SEO Premium plugin. -->","yoast_head_json":{"title":"Agricoltura, Calenzano diventa \"distretto biologico\" - intoscana","description":"Con il 36% di superfice agricola coltivata bio, il comune si aggiunge alle esperienze green di Fiesole e della Val di Cecina. Saccardi: \"Una concreta attivit\u00e0 di tutela dell'ambiente\"","robots":{"index":"index","follow":"follow","max-snippet":"max-snippet:-1","max-image-preview":"max-image-preview:large","max-video-preview":"max-video-preview:-1"},"canonical":"https:\/\/www.intoscana.it\/it\/agricoltura-calenzano-diventa-distretto-biologico\/","og_locale":"it_IT","og_type":"article","og_title":"Agricoltura, Calenzano diventa \"distretto biologico\"","og_description":"Con il 36% di superfice agricola coltivata bio, il comune si aggiunge alle esperienze green di Fiesole e della Val di Cecina. Saccardi: \"Una concreta attivit\u00e0 di tutela dell'ambiente\"","og_url":"https:\/\/www.intoscana.it\/it\/agricoltura-calenzano-diventa-distretto-biologico\/","og_site_name":"intoscana","article_publisher":"https:\/\/www.facebook.com\/intoscana.it","article_published_time":"2022-10-05T13:25:32+00:00","article_modified_time":"2022-10-05T13:32:32+00:00","og_image":[{"width":2048,"height":1054,"url":"https:\/\/www.intoscana.it\/wp-content\/uploads\/Agricoltura-biologica-frutta-e-verdura-scaled.jpg","type":"image\/jpeg"}],"author":"Redazione","twitter_card":"summary_large_image","twitter_creator":"@intoscana","twitter_site":"@intoscana","twitter_misc":{"Written by":"Redazione","Est. reading time":"1 minuto"},"schema":{"@context":"https:\/\/schema.org","@graph":[{"@type":"WebPage","@id":"https:\/\/www.intoscana.it\/it\/agricoltura-calenzano-diventa-distretto-biologico\/","url":"https:\/\/www.intoscana.it\/it\/agricoltura-calenzano-diventa-distretto-biologico\/","name":"Agricoltura, Calenzano diventa \"distretto biologico\" - intoscana","isPartOf":{"@id":"https:\/\/www.intoscana.it\/it\/#website"},"primaryImageOfPage":{"@id":"https:\/\/www.intoscana.it\/it\/agricoltura-calenzano-diventa-distretto-biologico\/#primaryimage"},"image":{"@id":"https:\/\/www.intoscana.it\/it\/agricoltura-calenzano-diventa-distretto-biologico\/#primaryimage"},"thumbnailUrl":"https:\/\/www.intoscana.it\/wp-content\/uploads\/Agricoltura-biologica-frutta-e-verdura-scaled.jpg","datePublished":"2022-10-05T13:25:32+00:00","dateModified":"2022-10-05T13:32:32+00:00","author":{"@id":"https:\/\/www.intoscana.it\/it\/#\/schema\/person\/9223810753230f20bd670fdd322661f8"},"description":"Con il 36% di superfice agricola coltivata bio, il comune si aggiunge alle esperienze green di Fiesole e della Val di Cecina. Saccardi: \"Una concreta attivit\u00e0 di tutela dell'ambiente\"","breadcrumb":{"@id":"https:\/\/www.intoscana.it\/it\/agricoltura-calenzano-diventa-distretto-biologico\/#breadcrumb"},"inLanguage":"it-IT","potentialAction":[{"@type":"ReadAction","target":["https:\/\/www.intoscana.it\/it\/agricoltura-calenzano-diventa-distretto-biologico\/"]}]},{"@type":"ImageObject","inLanguage":"it-IT","@id":"https:\/\/www.intoscana.it\/it\/agricoltura-calenzano-diventa-distretto-biologico\/#primaryimage","url":"https:\/\/www.intoscana.it\/wp-content\/uploads\/Agricoltura-biologica-frutta-e-verdura-scaled.jpg","contentUrl":"https:\/\/www.intoscana.it\/wp-content\/uploads\/Agricoltura-biologica-frutta-e-verdura-scaled.jpg","width":2048,"height":1054,"caption":"Agricoltura"},{"@type":"BreadcrumbList","@id":"https:\/\/www.intoscana.it\/it\/agricoltura-calenzano-diventa-distretto-biologico\/#breadcrumb","itemListElement":[{"@type":"ListItem","position":1,"name":"Home","item":"https:\/\/www.intoscana.it\/it\/"},{"@type":"ListItem","position":2,"name":"Agricoltura, Calenzano diventa &#8220;distretto biologico&#8221;"}]},{"@type":"WebSite","@id":"https:\/\/www.intoscana.it\/it\/#website","url":"https:\/\/www.intoscana.it\/it\/","name":"intoscana","description":"","potentialAction":[{"@type":"SearchAction","target":{"@type":"EntryPoint","urlTemplate":"https:\/\/www.intoscana.it\/it\/?s={search_term_string}"},"query-input":{"@type":"PropertyValueSpecification","valueRequired":true,"valueName":"search_term_string"}}],"inLanguage":"it-IT"},{"@type":"Person","@id":"https:\/\/www.intoscana.it\/it\/#\/schema\/person\/9223810753230f20bd670fdd322661f8","name":"Redazione","url":"https:\/\/www.intoscana.it\/it\/author\/redazione\/"}]}},"_links":{"self":[{"href":"https:\/\/www.intoscana.it\/it\/wp-json\/wp\/v2\/posts\/251295","targetHints":{"allow":["GET"]}}],"collection":[{"href":"https:\/\/www.intoscana.it\/it\/wp-json\/wp\/v2\/posts"}],"about":[{"href":"https:\/\/www.intoscana.it\/it\/wp-json\/wp\/v2\/types\/post"}],"author":[{"embeddable":true,"href":"https:\/\/www.intoscana.it\/it\/wp-json\/wp\/v2\/users\/525"}],"replies":[{"embeddable":true,"href":"https:\/\/www.intoscana.it\/it\/wp-json\/wp\/v2\/comments?post=251295"}],"version-history":[{"count":0,"href":"https:\/\/www.intoscana.it\/it\/wp-json\/wp\/v2\/posts\/251295\/revisions"}],"wp:featuredmedia":[{"embeddable":true,"href":"https:\/\/www.intoscana.it\/it\/wp-json\/wp\/v2\/media\/174136"}],"wp:attachment":[{"href":"https:\/\/www.intoscana.it\/it\/wp-json\/wp\/v2\/media?parent=251295"}],"wp:term":[{"taxonomy":"category","embeddable":true,"href":"https:\/\/www.intoscana.it\/it\/wp-json\/wp\/v2\/categories?post=251295"},{"taxonomy":"post_tag","embeddable":true,"href":"https:\/\/www.intoscana.it\/it\/wp-json\/wp\/v2\/tags?post=251295"}],"curies":[{"name":"wp","href":"https:\/\/api.w.org\/{rel}","templated":true}]}}