{"id":251355,"date":"2022-10-05T17:38:59","date_gmt":"2022-10-05T15:38:59","guid":{"rendered":"https:\/\/www.intoscana.it\/it\/?p=251355"},"modified":"2022-10-05T17:56:28","modified_gmt":"2022-10-05T15:56:28","slug":"etexpo-2022","status":"publish","type":"post","link":"https:\/\/www.intoscana.it\/it\/etexpo-2022\/","title":{"rendered":"Earth Technology Expo, innovazione contro i cambiamenti climatici"},"content":{"rendered":"<p>Si \u00e8 aperta la seconda edizione di Earth Technology Expo la prima fiera dedicata alle applicazioni tecnologiche e all\u2019innovazione\u00a0dal Next Generation EU. Fino all\u20198 ottobre, negli spazi espositivi della<strong> Fortezza da Basso di Firenze<\/strong> si terranno 70 workshop e atelier tecnologici con 350 tra esperti e scienziati, climatologi ed ecologisti, imprenditori e investitori. Una vera e propria \u201cvetrina\u201d con le migliori buone pratiche e innovazioni tecnologiche del settore.<\/p>\n<p>Uno dei temi pi\u00f9 attenzionati e caldi che sono stati affrontati \u00e8 certamente quello dei cambiamenti climatici che si manifestano sul nostro territorio con eventi meteo avversi sempre pi\u00f9 frequenti ed emissioni climalteranti record che continuano a superare quelle registrate negli anni precedenti.<\/p>\n<h3>Lotta ai cambiamenti climatici<\/h3>\n<p>Proprio su questo il presidente della Regione Toscana, <strong>Eugenio Giani<\/strong> ha ricordato come negli ultimi due mesi abbiamo decretato <strong>lo stato d\u2019emergenza in ben quattro diverse occasioni<\/strong>: la siccit\u00e0 per cui abbiamo ottenuto 4 miliardi da Governo per gli agricoltori, c\u2019\u00e8 poi la bomba d\u2019acqua che ha colpito Bagno a Ripoli e il forte vento, che ha provocato due morti, a Carrara. Ci sono poi i forti temporali, collegati a quelli che hanno colpito le Marche e poi nuovamente per gli incendi di Massarosa, Cinigiano e Camaiore perch\u00e9 hanno coinvolto pi\u00f9 di 500 ettari ciascuno. Il presidente Giani ha poi sottolineato che: \u201c<strong><em>i cambiamenti climatici sono sotto gli occhi<\/em><\/strong><em> di tutti e chi non li vuole vedere lo fa per una scelta precostituita. Allora dobbiamo investire sull\u2019ambiente e su tutto quello che ci porta a cambiare le abitudini<\/em>\u201d.<\/p>\n<p>La sfida ai cambiamenti climatici non \u00e8, quindi, pi\u00f9 rimandabile ed \u00e8 da affrontare oggi, con azioni immediate e mirate sia in termini di innovazioni tecnologiche, messa in sicurezza dei territori e a livello culturale con una sempre maggiore responsabilizzazione dei cittadini.<\/p>\n<h3>Toscana 2050<\/h3>\n<p>\u201c<em>La Toscana \u00e8 la capitale della sostenibilit\u00e0 ed \u00e8 pronta a costruire il futuro guardando al 2050. I cambiamenti climatici, la gestione della risorsa idrica e delle emergenze, la cura e la salvaguardia del territorio sono nodi cruciali che non possono pi\u00f9 essere rimandati. Sfide che accettiamo e sulle quali siamo gi\u00e0 impegnati a fondo<\/em>\u201d, questo il commento del presidente del Consiglio regionale,\u00a0<strong>Antonio Mazzeo<\/strong>, durante il panel \u2018Rapporto sugli impatti climatici in area Mediterranea\u2019.<\/p>\n<p>Proprio in occasione dell\u2019Expo e girando tra i vari stand, Mazzeo ha lanciato ufficialmente il questionario che aprir\u00e0 la\u00a0<strong>campagna d\u2019ascolto<\/strong>\u00a0di Toscana 2050: \u201c<em>Le cittadine e i cittadini, inquadrando un\u00a0<strong>QR code<\/strong>\u00a0potranno accedere al questionario e compilarlo. Sar\u00e0 l\u2019inizio del loro viaggio per dirci come immaginano e come vorrebbero che fosse la Toscana del 2050<\/em>\u201d.<\/p>\n<h3>Modificare il sistema di allertamento<\/h3>\n<p>Al panel sugli impatti climatici in area Mediterranea \u00e8 intervenuto anche il Capo Dipartimento della Protezione Civile, <strong>Fabrizio Curcio<\/strong> che ha sottolineato come, ora pi\u00f9 che mai, sia necessario modificare sistema d&#8217;allertamento e ci come sia importante rafforzare il sistema della protezione civile contro i cambiamenti climatici. \u201c<em>E\u2019 l&#8217;ora di agire, con <strong>modifiche e allineamento del sistema di allertamento di Protezione civile<\/strong>. Sistema nato nel 2004 ma che oggi ha la necessit\u00e0 di essere rivisto in funzione dei cambiamenti e delle sfide con cui ci dobbiamo confrontare&#8221;. &#8220;Dobbiamo spingere sulla formazione<\/em> &#8211; ha proseguito -, <em>sull&#8217;applicazione dell&#8217;aggiornamento della normativa tecnica che \u00e8 alla base delle scelte progettuali. E poi dobbiamo lavorare molto sulla diffusione della conoscenza, della cultura del sistema di Protezione civile, questo \u00e8 un elemento cruciale che abbiamo visto in varie situazioni<\/em>&#8220;.<\/p>\n<h3>Buone pratiche<\/h3>\n<p>La cornice di Earth Technology Expo ospita tantissime buone pratiche e aziende toscane nel campo nelle innovazioni tecnologiche a supporto dei cittadini e della lotta ai cambiamenti climatici.<\/p>\n<p>Tra queste c\u2019\u00e8 <strong>Leonardo<\/strong>, azienda tra le pi\u00f9 importanti nei settori nei settori della difesa, dell&#8217;aerospazio e della sicurezza. Nello stand espositivo di Leonardo \u00e8 possibile vedere da vicino un modello di <strong>SLSTR<\/strong>, strumento in grado di misurare dallo spazio le temperature di terre a acque, e la <strong>piattaforma X-2030<\/strong> per il monitoraggio intelligente del territorio e delle infrastrutture critiche, conoscere meglio il drone FALCO di Leonardo per la sorveglianza e la sicurezza del territorio e le soluzioni di geo-informazione di e-GEOS.<\/p>\n<p><iframe loading=\"lazy\" width=\"800\" height=\"450\" src=\"https:\/\/www.youtube.com\/embed\/0cuIq9vz5xE\" title=\"YouTube video player\" frameborder=\"0\" allow=\"accelerometer; autoplay; clipboard-write; encrypted-media; gyroscope; picture-in-picture\" allowfullscreen><\/iframe><\/p>\n<p>Tra i protagonisti della manifestazione ci sono i <strong>droni<\/strong>, utilizzati in contesti anche molto diversi. Dal monitoraggio del territorio per scopi di ricerca a quelli dell\u2019emergenza. Nel caso dei <strong>Vigili del Fuoco<\/strong> questi sono in dotazione al Corpo per la lotta agli incendi e la ricerca di persone disperse grazie alla videocamera termica. Proprio i droni sono stati utilizzati negli incendi che hanno colpito Massarosa e altre parti della Toscana.<\/p>\n<p><iframe loading=\"lazy\" width=\"800\" height=\"450\" src=\"https:\/\/www.youtube.com\/embed\/xpRmRarLJ9I\" title=\"YouTube video player\" frameborder=\"0\" allow=\"accelerometer; autoplay; clipboard-write; encrypted-media; gyroscope; picture-in-picture\" allowfullscreen><\/iframe><\/p>\n","protected":false},"excerpt":{"rendered":"<p>Fino all&#8217;8 ottobre i temi della transizione ecologica, digitale, mobilit\u00e0 e della lotta ai cambiamenti climatici saranno protagonisti della manifestazione alla Fortezza da Basso di Firenze<\/p>\n","protected":false},"author":507,"featured_media":251336,"comment_status":"open","ping_status":"open","sticky":false,"template":"","format":"standard","meta":{"_acf_changed":false,"footnotes":""},"categories":[19],"tags":[4760,6548,158,3471],"class_list":["post-251355","post","type-post","status-publish","format-standard","has-post-thumbnail","hentry","category-ambiente","tag-antonio-mazzeo","tag-cambiamenti-climatici","tag-eugenio-giani","tag-protezione-civile"],"acf":[],"yoast_head":"<!-- This site is optimized with the Yoast SEO Premium plugin v24.2 (Yoast SEO v25.6) - https:\/\/yoast.com\/wordpress\/plugins\/seo\/ -->\n<title>Earth Technology Expo, innovazione contro i cambiamenti climatici - intoscana<\/title>\n<meta name=\"robots\" content=\"index, follow, max-snippet:-1, max-image-preview:large, max-video-preview:-1\" \/>\n<link rel=\"canonical\" href=\"https:\/\/www.intoscana.it\/it\/etexpo-2022\/\" \/>\n<meta property=\"og:locale\" content=\"it_IT\" \/>\n<meta property=\"og:type\" content=\"article\" \/>\n<meta property=\"og:title\" content=\"Earth Technology Expo, innovazione contro i cambiamenti climatici\" \/>\n<meta property=\"og:description\" content=\"Fino all&#039;8 ottobre i temi della transizione ecologica, digitale, mobilit\u00e0 e della lotta ai cambiamenti climatici saranno protagonisti della manifestazione alla Fortezza da Basso di Firenze\" \/>\n<meta property=\"og:url\" content=\"https:\/\/www.intoscana.it\/it\/etexpo-2022\/\" \/>\n<meta property=\"og:site_name\" content=\"intoscana\" \/>\n<meta property=\"article:publisher\" content=\"https:\/\/www.facebook.com\/intoscana.it\" \/>\n<meta property=\"article:published_time\" content=\"2022-10-05T15:38:59+00:00\" \/>\n<meta property=\"article:modified_time\" content=\"2022-10-05T15:56:28+00:00\" \/>\n<meta property=\"og:image\" content=\"https:\/\/www.intoscana.it\/wp-content\/uploads\/etexpo2-scaled.jpeg\" \/>\n\t<meta property=\"og:image:width\" content=\"2048\" \/>\n\t<meta property=\"og:image:height\" content=\"1536\" \/>\n\t<meta property=\"og:image:type\" content=\"image\/jpeg\" \/>\n<meta name=\"author\" content=\"Chiara Bianchini\" \/>\n<meta name=\"twitter:card\" content=\"summary_large_image\" \/>\n<meta name=\"twitter:creator\" content=\"@intoscana\" \/>\n<meta name=\"twitter:site\" content=\"@intoscana\" \/>\n<meta name=\"twitter:label1\" content=\"Written by\" \/>\n\t<meta name=\"twitter:data1\" content=\"Chiara Bianchini\" \/>\n\t<meta name=\"twitter:label2\" content=\"Est. reading time\" \/>\n\t<meta name=\"twitter:data2\" content=\"4 minuti\" \/>\n<script type=\"application\/ld+json\" class=\"yoast-schema-graph\">{\"@context\":\"https:\/\/schema.org\",\"@graph\":[{\"@type\":\"WebPage\",\"@id\":\"https:\/\/www.intoscana.it\/it\/etexpo-2022\/\",\"url\":\"https:\/\/www.intoscana.it\/it\/etexpo-2022\/\",\"name\":\"Earth Technology Expo, innovazione contro i cambiamenti climatici - intoscana\",\"isPartOf\":{\"@id\":\"https:\/\/www.intoscana.it\/it\/#website\"},\"primaryImageOfPage\":{\"@id\":\"https:\/\/www.intoscana.it\/it\/etexpo-2022\/#primaryimage\"},\"image\":{\"@id\":\"https:\/\/www.intoscana.it\/it\/etexpo-2022\/#primaryimage\"},\"thumbnailUrl\":\"https:\/\/www.intoscana.it\/wp-content\/uploads\/etexpo2-scaled.jpeg\",\"datePublished\":\"2022-10-05T15:38:59+00:00\",\"dateModified\":\"2022-10-05T15:56:28+00:00\",\"author\":{\"@id\":\"https:\/\/www.intoscana.it\/it\/#\/schema\/person\/010af92117f50561886339ad5b873a41\"},\"breadcrumb\":{\"@id\":\"https:\/\/www.intoscana.it\/it\/etexpo-2022\/#breadcrumb\"},\"inLanguage\":\"it-IT\",\"potentialAction\":[{\"@type\":\"ReadAction\",\"target\":[\"https:\/\/www.intoscana.it\/it\/etexpo-2022\/\"]}]},{\"@type\":\"ImageObject\",\"inLanguage\":\"it-IT\",\"@id\":\"https:\/\/www.intoscana.it\/it\/etexpo-2022\/#primaryimage\",\"url\":\"https:\/\/www.intoscana.it\/wp-content\/uploads\/etexpo2-scaled.jpeg\",\"contentUrl\":\"https:\/\/www.intoscana.it\/wp-content\/uploads\/etexpo2-scaled.jpeg\",\"width\":2048,\"height\":1536},{\"@type\":\"BreadcrumbList\",\"@id\":\"https:\/\/www.intoscana.it\/it\/etexpo-2022\/#breadcrumb\",\"itemListElement\":[{\"@type\":\"ListItem\",\"position\":1,\"name\":\"Home\",\"item\":\"https:\/\/www.intoscana.it\/it\/\"},{\"@type\":\"ListItem\",\"position\":2,\"name\":\"Earth Technology Expo, innovazione contro i cambiamenti climatici\"}]},{\"@type\":\"WebSite\",\"@id\":\"https:\/\/www.intoscana.it\/it\/#website\",\"url\":\"https:\/\/www.intoscana.it\/it\/\",\"name\":\"intoscana\",\"description\":\"\",\"potentialAction\":[{\"@type\":\"SearchAction\",\"target\":{\"@type\":\"EntryPoint\",\"urlTemplate\":\"https:\/\/www.intoscana.it\/it\/?s={search_term_string}\"},\"query-input\":{\"@type\":\"PropertyValueSpecification\",\"valueRequired\":true,\"valueName\":\"search_term_string\"}}],\"inLanguage\":\"it-IT\"},{\"@type\":\"Person\",\"@id\":\"https:\/\/www.intoscana.it\/it\/#\/schema\/person\/010af92117f50561886339ad5b873a41\",\"name\":\"Chiara Bianchini\",\"sameAs\":[\"c.bianchini@fst.it\"],\"url\":\"https:\/\/www.intoscana.it\/it\/author\/chiara-bianchini\/\"}]}<\/script>\n<!-- \/ Yoast SEO Premium plugin. -->","yoast_head_json":{"title":"Earth Technology Expo, innovazione contro i cambiamenti climatici - intoscana","robots":{"index":"index","follow":"follow","max-snippet":"max-snippet:-1","max-image-preview":"max-image-preview:large","max-video-preview":"max-video-preview:-1"},"canonical":"https:\/\/www.intoscana.it\/it\/etexpo-2022\/","og_locale":"it_IT","og_type":"article","og_title":"Earth Technology Expo, innovazione contro i cambiamenti climatici","og_description":"Fino all'8 ottobre i temi della transizione ecologica, digitale, mobilit\u00e0 e della lotta ai cambiamenti climatici saranno protagonisti della manifestazione alla Fortezza da Basso di Firenze","og_url":"https:\/\/www.intoscana.it\/it\/etexpo-2022\/","og_site_name":"intoscana","article_publisher":"https:\/\/www.facebook.com\/intoscana.it","article_published_time":"2022-10-05T15:38:59+00:00","article_modified_time":"2022-10-05T15:56:28+00:00","og_image":[{"width":2048,"height":1536,"url":"https:\/\/www.intoscana.it\/wp-content\/uploads\/etexpo2-scaled.jpeg","type":"image\/jpeg"}],"author":"Chiara Bianchini","twitter_card":"summary_large_image","twitter_creator":"@intoscana","twitter_site":"@intoscana","twitter_misc":{"Written by":"Chiara Bianchini","Est. reading time":"4 minuti"},"schema":{"@context":"https:\/\/schema.org","@graph":[{"@type":"WebPage","@id":"https:\/\/www.intoscana.it\/it\/etexpo-2022\/","url":"https:\/\/www.intoscana.it\/it\/etexpo-2022\/","name":"Earth Technology Expo, innovazione contro i cambiamenti climatici - intoscana","isPartOf":{"@id":"https:\/\/www.intoscana.it\/it\/#website"},"primaryImageOfPage":{"@id":"https:\/\/www.intoscana.it\/it\/etexpo-2022\/#primaryimage"},"image":{"@id":"https:\/\/www.intoscana.it\/it\/etexpo-2022\/#primaryimage"},"thumbnailUrl":"https:\/\/www.intoscana.it\/wp-content\/uploads\/etexpo2-scaled.jpeg","datePublished":"2022-10-05T15:38:59+00:00","dateModified":"2022-10-05T15:56:28+00:00","author":{"@id":"https:\/\/www.intoscana.it\/it\/#\/schema\/person\/010af92117f50561886339ad5b873a41"},"breadcrumb":{"@id":"https:\/\/www.intoscana.it\/it\/etexpo-2022\/#breadcrumb"},"inLanguage":"it-IT","potentialAction":[{"@type":"ReadAction","target":["https:\/\/www.intoscana.it\/it\/etexpo-2022\/"]}]},{"@type":"ImageObject","inLanguage":"it-IT","@id":"https:\/\/www.intoscana.it\/it\/etexpo-2022\/#primaryimage","url":"https:\/\/www.intoscana.it\/wp-content\/uploads\/etexpo2-scaled.jpeg","contentUrl":"https:\/\/www.intoscana.it\/wp-content\/uploads\/etexpo2-scaled.jpeg","width":2048,"height":1536},{"@type":"BreadcrumbList","@id":"https:\/\/www.intoscana.it\/it\/etexpo-2022\/#breadcrumb","itemListElement":[{"@type":"ListItem","position":1,"name":"Home","item":"https:\/\/www.intoscana.it\/it\/"},{"@type":"ListItem","position":2,"name":"Earth Technology Expo, innovazione contro i cambiamenti climatici"}]},{"@type":"WebSite","@id":"https:\/\/www.intoscana.it\/it\/#website","url":"https:\/\/www.intoscana.it\/it\/","name":"intoscana","description":"","potentialAction":[{"@type":"SearchAction","target":{"@type":"EntryPoint","urlTemplate":"https:\/\/www.intoscana.it\/it\/?s={search_term_string}"},"query-input":{"@type":"PropertyValueSpecification","valueRequired":true,"valueName":"search_term_string"}}],"inLanguage":"it-IT"},{"@type":"Person","@id":"https:\/\/www.intoscana.it\/it\/#\/schema\/person\/010af92117f50561886339ad5b873a41","name":"Chiara Bianchini","sameAs":["c.bianchini@fst.it"],"url":"https:\/\/www.intoscana.it\/it\/author\/chiara-bianchini\/"}]}},"_links":{"self":[{"href":"https:\/\/www.intoscana.it\/it\/wp-json\/wp\/v2\/posts\/251355","targetHints":{"allow":["GET"]}}],"collection":[{"href":"https:\/\/www.intoscana.it\/it\/wp-json\/wp\/v2\/posts"}],"about":[{"href":"https:\/\/www.intoscana.it\/it\/wp-json\/wp\/v2\/types\/post"}],"author":[{"embeddable":true,"href":"https:\/\/www.intoscana.it\/it\/wp-json\/wp\/v2\/users\/507"}],"replies":[{"embeddable":true,"href":"https:\/\/www.intoscana.it\/it\/wp-json\/wp\/v2\/comments?post=251355"}],"version-history":[{"count":0,"href":"https:\/\/www.intoscana.it\/it\/wp-json\/wp\/v2\/posts\/251355\/revisions"}],"wp:featuredmedia":[{"embeddable":true,"href":"https:\/\/www.intoscana.it\/it\/wp-json\/wp\/v2\/media\/251336"}],"wp:attachment":[{"href":"https:\/\/www.intoscana.it\/it\/wp-json\/wp\/v2\/media?parent=251355"}],"wp:term":[{"taxonomy":"category","embeddable":true,"href":"https:\/\/www.intoscana.it\/it\/wp-json\/wp\/v2\/categories?post=251355"},{"taxonomy":"post_tag","embeddable":true,"href":"https:\/\/www.intoscana.it\/it\/wp-json\/wp\/v2\/tags?post=251355"}],"curies":[{"name":"wp","href":"https:\/\/api.w.org\/{rel}","templated":true}]}}