{"id":251474,"date":"2022-10-06T18:30:22","date_gmt":"2022-10-06T16:30:22","guid":{"rendered":"https:\/\/www.intoscana.it\/it\/?p=251474"},"modified":"2022-10-07T18:17:33","modified_gmt":"2022-10-07T16:17:33","slug":"metaverso-ntt-e-cybersecurity-tengono-banco-allinternet-festival","status":"publish","type":"post","link":"https:\/\/www.intoscana.it\/it\/metaverso-ntt-e-cybersecurity-tengono-banco-allinternet-festival\/","title":{"rendered":"Metaverso, NTT e cybersecurity tengono banco all&#8217;Internet Festival"},"content":{"rendered":"<p style=\"font-weight: 400;\">Dall&#8217;incursione nel Metaverso al primo token NTT, dai diritti digitali alla cybersecurity: questi alcuni dei temi al centro del secondo giorno di Internet Festival, manifestazione in corso a Pisa fino a domenica 9 ottobre. <strong>Venerdi\u0300 7 ottobre<\/strong>\u00a0il pubblico verr\u00e0 catapultato nel Metaverso con\u00a0<strong>Monica Guerritore<\/strong>, attrice, sceneggiatrice e scrittrice, che presenta in anteprima nazionale <strong>il progetto Mecenati<\/strong>, con il <strong>primo token NTT<\/strong> (ore 18.15 Scuola Normale Superiore\/Sala Azzurra).<\/p>\n<figure id=\"post-141864 media-141864\" class=\"align-none\"><img decoding=\"async\" src=\"https:\/\/www.intoscana.it\/wp-content\/uploads\/cybersecurity-4.jpg\" alt=\"\" \/><\/figure>\n<div class=\"titleimg\">Cybersecurity<\/div>\n<h3>Diritti digitali e cybersecurity<\/h3>\n<p style=\"font-weight: 400;\">E il legame tra <strong>Metaverso e democrazia<\/strong> sar\u00e0 al centro della doppia sessione dal titolo <strong>Digital Rights<\/strong>, costruita come un vero e proprio viaggio tra le <strong>sfide giuridiche<\/strong> pi\u00f9 urgenti della <strong>dimensione digitale<\/strong>: dalla tutela dei diritti della persona nel mondo delle piattaforme digitali al rapporto tra poteri privati e poteri pubblici nella societ\u00e0 tecnologica, dall\u2019impatto sulla democrazia alla relazione tra istituzioni e cittadinanza digitale.<\/p>\n<p style=\"font-weight: 400;\">Con ospiti dal mondo delle istituzioni, dell\u2019accademia, dei big tech e delle professioni. Ad aprire i lavori della mattina <strong>Bernard Dika<\/strong>, portavoce del presidente della Regione Eugenio Giani (ore 9-13 e ore 15-18, Scuola Superiore Sant\u2019Anna\/Aula Magna). Full immersion anche per l\u2019appuntamento con il\u00a0<strong>Cybersecurity Day,\u00a0<\/strong>a cura di Istituto di Informatica e Telematica del Cnr e Registro .it, ospitato quest\u2019anno nell\u2019Area della Ricerca CNR (ore 9.30-17 Auditorium).<\/p>\n<figure id=\"post-104192 media-104192\" class=\"align-none\"><img decoding=\"async\" src=\"https:\/\/www.intoscana.it\/wp-content\/uploads\/34303627558bd236f8ad4e4354f4b2b6-2.jpg\" alt=\"\" \/><\/figure>\n<div class=\"titleimg\">Toscana Digitale<\/div>\n<h3>Toscana digitale: istruzioni per l&#8217;uso<\/h3>\n<p style=\"font-weight: 400;\">Toscana protagonista nella conferenza\u00a0<strong>Toscana Digitale: Istruzioni per l\u2019uso<\/strong>\u00a0dedicata alla strategia regionale in materia di competenze digitali, con <strong>Stefano Ciuoffo<\/strong>, il direttore IT <strong>Gianluca Vannuccini<\/strong>, i rappresentanti di Anci e Upi Toscana, assieme al mondo delle categorie economie e sociali (ore 9.30 Scuola Normale Superiore\/Aula Bianchi).<\/p>\n<p style=\"font-weight: 400;\"><strong>Le frontiere digitali dell&#8217;agricoltura 2.0<\/strong> sono al centro del talk <strong>Precision Farming e sostenibilit\u00e0 dell\u2019agricoltura<\/strong>:\u00a0<strong>la gestione dei dati a supporto delle decisioni<em>,<\/em><\/strong>\u00a0a cura di Regione Toscana (Direzione Agricoltura e Sviluppo Rurale), Ente Terre Regionali Toscana, Agenzia Regionale Toscana per le Erogazioni in Agricoltura ARTEA\u00a0(ore 11.30, Scuola Normale Superiore.<\/p>\n<p style=\"font-weight: 400;\">Si parler\u00e0 anche di\u00a0Toscana digitale e dei progetti regionali per le <strong>aree interne, montane e insulari<\/strong>, come quello a cui parteciper\u00e0 l\u2019assessore regionale al Turismo e al Commercio, <strong>Leonardo Marras<\/strong>, venerd\u00ec 7 ore 15.30 alle Benedettine.<\/p>\n<h3>Book(e)Book da OpenPi<\/h3>\n<p style=\"font-weight: 400;\"><strong>Per la sezione Book(e)Book,\u00a0<\/strong>nella sede di OpenPi (piazza Vittorio Emanuele II),<strong>\u00a0<\/strong>riflettori puntati su poesie e giochi di parole con\u00a0<strong>Luciana Preden\u00a0<\/strong>e\u00a0<strong>Matteo Pelliti<\/strong>, tra le firme di\u00a0<em>\u201cBiancaneve e i settenari\u201d<\/em>, antologia di poesia giocosa per ridere senza smettere di pensare (ore 16).<\/p>\n<p style=\"font-weight: 400;\">A seguire spazio al professore <strong>Giuseppe Remuzzi<\/strong>\u00a0e al suo\u00a0<em>\u201cQuando i medici sbagliano\u201d,<\/em>critica puntuale alla banalizzazione mediatica della scienza (ore 18.30); <strong>i biomateriali<\/strong> e l\u2019innata capacita\u0300 degli oggetti di creare emozioni saranno al centro dell\u2019incontro con Matteo Meschiari e Maurizio Corrado, autori di\u00a0\u201c<em>Materiali per la vita<\/em>\u201d,\u00a0e Devis Bellucci per\u00a0\u201c<em>Paleodesign<\/em>\u201d(ore 17).<\/p>\n<h3>IF2022 sul grande schermo<\/h3>\n<p style=\"font-weight: 400;\">Al\u00a0<strong>Cinema Arsenale<\/strong>, per la seconda giornata\u00a0dedicata\u00a0a\u00a0<strong>Il Cinema \u00e8 Magia<\/strong>, doppia proiezione di &#8220;<em>Un bel niente&#8221;<\/em>, un film di <strong>Davide Barbafiera e I Sacchi di Sabbia<\/strong>, con gli attori in detenzione della Scuola di Teatro della Casa Circondariale Don Bosco. Un progetto cinematografico che unisce <strong>arte e politiche sociali<\/strong>, mettendo insieme passione, estro e genialit\u00e0.<\/p>\n<figure id=\"post-251502 media-251502\" class=\"align-none\"><img decoding=\"async\" src=\"https:\/\/www.intoscana.it\/wp-content\/uploads\/Freaks-Out.webp\" alt=\"\" \/><\/figure>\n<div class=\"titleimg\">Freaks Out<\/div>\n<p style=\"font-weight: 400;\">Una produzione Internet Festival, I Sacchi di Sabbia, con il sostegno di Mic, Regione Toscana, Fondazione Pisa (ore 17 e 19.30). A seguire &#8220;<em>La ragazza elettrica, l&#8217;uomo lupo, il nano-calamita e il ragazzo degli insetti: i freaks che cambiarono la Storia&#8221;<\/em>, masterclass dello sceneggiatore\u00a0<strong>Nicola Guaglianone\u00a0<\/strong>uno dei pi\u00f9 talentuosi e pluripremiati sceneggiatori del cinema italiano, che dialogher\u00e0 con il pubblico sugli aspetti della scrittura per il cinema. A seguire la proiezione del film &#8220;<em>Freaks Out&#8221;<\/em>\u00a0(ore 20.30).<\/p>\n<h3>(Im)perfetti a tavola<\/h3>\n<p style=\"font-weight: 400;\">Per gli amanti delle sfide tecnologiche all\u2019insegna del food, da non perdere l\u2019appuntamento con &#8220;<em>(Im)perfetti a tavola&#8221;\u00a0<\/em>al\u00a0<strong>Royal Victoria Hotel<\/strong>, alle ore 19.30. Evento per scoprire come <mark>le app fanno incontrare a cena chi aveva in agenda un pasto in solitudine<\/mark>. Senza dimenticare le piattaforme che permettono di mettere in rete e <strong>valorizzare l\u2019invenduto<\/strong> e lo scartato di frutta e verdura. Con la partecipazione di <strong>La Cenetta e Babaco<\/strong>.<\/p>\n<figure id=\"post-199225 media-199225\" class=\"align-none\"><img decoding=\"async\" src=\"https:\/\/www.intoscana.it\/wp-content\/uploads\/unnamed-60.jpg\" alt=\"\" \/><\/figure>\n<div class=\"titleimg\">Statua di Fibonacci, Pisa<\/div>\n<h3>L&#8217;intervista impossibile con Fibonacci<\/h3>\n<p style=\"font-weight: 400;\">Per il format\u00a0<em>Le Interviste impossibili di IF<\/em>, alle 21.30 al\u00a0<strong>Cinema Lumi\u00e8re<\/strong>\u00a0va in scena\u00a0<strong>Vita e calcoli di Leonardo Pisano, detto Fibonacci,\u00a0<\/strong>uno spettacolo\u00a0prodotto da Internet Festival e I Sacchi di Sabbia, con il sostegno di Mic e Regione Toscana.<\/p>\n<p style=\"font-weight: 400;\">Chi era <strong>Leonardo Fibonacci<\/strong>? Qual \u00e8\u00a0il contributo che ha dato alla storia del calcolo?\u00a0Intervistato dall\u2019attrice Francesca Censi sar\u00e0\u00a0Leonardo Fibonacci &#8216;in persona&#8217;\u00a0a raccontare la sua affascinante storia. Con la partecipazione delle attrici e degli attori in detenzione della <strong>Scuola di Teatro della Casa Circondariale Don Bosco<\/strong> (ingresso euro 2).<\/p>\n<figure id=\"post-240478 media-240478\" class=\"align-none\"><img decoding=\"async\" src=\"https:\/\/www.intoscana.it\/wp-content\/uploads\/Internet-Festival_01_foto-Antonio-Viscido-1-1.jpg\" alt=\"\" \/><\/figure>\n<div class=\"titleimg\">Internet Festival \u2013 Antonio Viscido (1)<\/div>\n<h3>Installazioni ed esperienze di gaming in citt\u00e0<\/h3>\n<p style=\"font-weight: 400;\">Per tutta la durata di IF2022 la citt\u00e0 di Pisa si presenter\u00e0 ancora pi\u00f9 interattiva, tra <strong>installazioni ed esperienze di gaming<\/strong> fruibili dal pubblico tra le Logge dei Banchi e il Centro Congressi Le Benedettine: <strong>Legambiente<\/strong>\u00a0in tema di Agenda 2030, il contest gourmet \u201c<em>Il gusto dell\u2019imperfezione<\/em>\u201d, promosso da\u00a0<strong>Confesercenti Toscana Nord\u00a0<\/strong>in collaborazione con alcuni ristoranti cittadini.<\/p>\n<p style=\"font-weight: 400;\">Il gioco <strong>Go, check, click <\/strong>\u00e8 una sfida interattiva a spasso per Pisa che venerd\u00ec 7 e sabato 8 consentir\u00e0 di vincere premi per 5mila euro e conoscere la citt\u00e0 oltre la Torre. Il contest coinvolge <strong>82 negozi<\/strong> ed \u00e8 realizzato con il supporto di <strong>ConfCommercio e Confesercenti<\/strong>.<\/p>\n<p style=\"font-weight: 400;\">Sono destinati a restare, invece, i\u00a0<strong>percorsi turistici interattivi<\/strong>\u00a0pensati dal Comune di Pisa per suggerire <strong>percorsi tematici alternativi<\/strong> a quelli pi\u00f9 classici della citt\u00e0 della Torre: una serie di QR Code identificati dalla Croce di Pisa guidano i viaggiatori tra <strong>storie, aneddoti, antico e contemporaneo<\/strong>, con testi, video e musica. L\u2019iniziativa sar\u00e0 presentata ufficialmente domenica 9, dalle 10 alle 11.<\/p>\n","protected":false},"excerpt":{"rendered":"<p>Venerd\u00ec 7 ottobre seconda giornata di IF2022 con Monica Guerritore e il progetto Mecenati, il talk sull\u2019agricoltura di precisione e la presentazione del libro \u201cQuando i medici sbagliano\u201d<\/p>\n","protected":false},"author":525,"featured_media":191989,"comment_status":"open","ping_status":"open","sticky":false,"template":"","format":"standard","meta":{"_acf_changed":false,"footnotes":""},"categories":[475],"tags":[4474,176,203],"class_list":["post-251474","post","type-post","status-publish","format-standard","has-post-thumbnail","hentry","category-innovazione","tag-eventi","tag-internet-festival","tag-pisa"],"acf":[],"yoast_head":"<!-- This site is optimized with the Yoast SEO Premium plugin v24.2 (Yoast SEO v25.6) - https:\/\/yoast.com\/wordpress\/plugins\/seo\/ -->\n<title>Metaverso, NTT e cybersecurity tengono banco all&#039;Internet Festival - intoscana<\/title>\n<meta name=\"description\" content=\"Venerd\u00ec 7 ottobre seconda giornata di IF2022 con Monica Guerritore e il progetto Mecenati, poi il talk sull\u2019agricoltura di precisione\" \/>\n<meta name=\"robots\" content=\"index, follow, max-snippet:-1, max-image-preview:large, max-video-preview:-1\" \/>\n<link rel=\"canonical\" href=\"https:\/\/www.intoscana.it\/it\/metaverso-ntt-e-cybersecurity-tengono-banco-allinternet-festival\/\" \/>\n<meta property=\"og:locale\" content=\"it_IT\" \/>\n<meta property=\"og:type\" content=\"article\" \/>\n<meta property=\"og:title\" content=\"Metaverso, NTT e cybersecurity tengono banco all&#039;Internet Festival\" \/>\n<meta property=\"og:description\" content=\"Venerd\u00ec 7 ottobre seconda giornata di IF2022 con Monica Guerritore e il progetto Mecenati, poi il talk sull\u2019agricoltura di precisione\" \/>\n<meta property=\"og:url\" content=\"https:\/\/www.intoscana.it\/it\/metaverso-ntt-e-cybersecurity-tengono-banco-allinternet-festival\/\" \/>\n<meta property=\"og:site_name\" content=\"intoscana\" \/>\n<meta property=\"article:publisher\" content=\"https:\/\/www.facebook.com\/intoscana.it\" \/>\n<meta property=\"article:published_time\" content=\"2022-10-06T16:30:22+00:00\" \/>\n<meta property=\"article:modified_time\" content=\"2022-10-07T16:17:33+00:00\" \/>\n<meta property=\"og:image\" content=\"https:\/\/www.intoscana.it\/wp-content\/uploads\/IF_Pisa_bambini_laboratori-scaled.jpg\" \/>\n\t<meta property=\"og:image:width\" content=\"2048\" \/>\n\t<meta property=\"og:image:height\" content=\"1536\" \/>\n\t<meta property=\"og:image:type\" content=\"image\/jpeg\" \/>\n<meta name=\"author\" content=\"Redazione\" \/>\n<meta name=\"twitter:card\" content=\"summary_large_image\" \/>\n<meta name=\"twitter:creator\" content=\"@intoscana\" \/>\n<meta name=\"twitter:site\" content=\"@intoscana\" \/>\n<meta name=\"twitter:label1\" content=\"Written by\" \/>\n\t<meta name=\"twitter:data1\" content=\"Redazione\" \/>\n\t<meta name=\"twitter:label2\" content=\"Est. reading time\" \/>\n\t<meta name=\"twitter:data2\" content=\"5 minuti\" \/>\n<script type=\"application\/ld+json\" class=\"yoast-schema-graph\">{\"@context\":\"https:\/\/schema.org\",\"@graph\":[{\"@type\":\"WebPage\",\"@id\":\"https:\/\/www.intoscana.it\/it\/metaverso-ntt-e-cybersecurity-tengono-banco-allinternet-festival\/\",\"url\":\"https:\/\/www.intoscana.it\/it\/metaverso-ntt-e-cybersecurity-tengono-banco-allinternet-festival\/\",\"name\":\"Metaverso, NTT e cybersecurity tengono banco all'Internet Festival - intoscana\",\"isPartOf\":{\"@id\":\"https:\/\/www.intoscana.it\/it\/#website\"},\"primaryImageOfPage\":{\"@id\":\"https:\/\/www.intoscana.it\/it\/metaverso-ntt-e-cybersecurity-tengono-banco-allinternet-festival\/#primaryimage\"},\"image\":{\"@id\":\"https:\/\/www.intoscana.it\/it\/metaverso-ntt-e-cybersecurity-tengono-banco-allinternet-festival\/#primaryimage\"},\"thumbnailUrl\":\"https:\/\/www.intoscana.it\/wp-content\/uploads\/IF_Pisa_bambini_laboratori-scaled.jpg\",\"datePublished\":\"2022-10-06T16:30:22+00:00\",\"dateModified\":\"2022-10-07T16:17:33+00:00\",\"author\":{\"@id\":\"https:\/\/www.intoscana.it\/it\/#\/schema\/person\/9223810753230f20bd670fdd322661f8\"},\"description\":\"Venerd\u00ec 7 ottobre seconda giornata di IF2022 con Monica Guerritore e il progetto Mecenati, poi il talk sull\u2019agricoltura di precisione\",\"breadcrumb\":{\"@id\":\"https:\/\/www.intoscana.it\/it\/metaverso-ntt-e-cybersecurity-tengono-banco-allinternet-festival\/#breadcrumb\"},\"inLanguage\":\"it-IT\",\"potentialAction\":[{\"@type\":\"ReadAction\",\"target\":[\"https:\/\/www.intoscana.it\/it\/metaverso-ntt-e-cybersecurity-tengono-banco-allinternet-festival\/\"]}]},{\"@type\":\"ImageObject\",\"inLanguage\":\"it-IT\",\"@id\":\"https:\/\/www.intoscana.it\/it\/metaverso-ntt-e-cybersecurity-tengono-banco-allinternet-festival\/#primaryimage\",\"url\":\"https:\/\/www.intoscana.it\/wp-content\/uploads\/IF_Pisa_bambini_laboratori-scaled.jpg\",\"contentUrl\":\"https:\/\/www.intoscana.it\/wp-content\/uploads\/IF_Pisa_bambini_laboratori-scaled.jpg\",\"width\":2048,\"height\":1536,\"caption\":\"Internet Festival a Pisa: attivit\u00e0 e laboratori per bambini\"},{\"@type\":\"BreadcrumbList\",\"@id\":\"https:\/\/www.intoscana.it\/it\/metaverso-ntt-e-cybersecurity-tengono-banco-allinternet-festival\/#breadcrumb\",\"itemListElement\":[{\"@type\":\"ListItem\",\"position\":1,\"name\":\"Home\",\"item\":\"https:\/\/www.intoscana.it\/it\/\"},{\"@type\":\"ListItem\",\"position\":2,\"name\":\"Metaverso, NTT e cybersecurity tengono banco all&#8217;Internet Festival\"}]},{\"@type\":\"WebSite\",\"@id\":\"https:\/\/www.intoscana.it\/it\/#website\",\"url\":\"https:\/\/www.intoscana.it\/it\/\",\"name\":\"intoscana\",\"description\":\"\",\"potentialAction\":[{\"@type\":\"SearchAction\",\"target\":{\"@type\":\"EntryPoint\",\"urlTemplate\":\"https:\/\/www.intoscana.it\/it\/?s={search_term_string}\"},\"query-input\":{\"@type\":\"PropertyValueSpecification\",\"valueRequired\":true,\"valueName\":\"search_term_string\"}}],\"inLanguage\":\"it-IT\"},{\"@type\":\"Person\",\"@id\":\"https:\/\/www.intoscana.it\/it\/#\/schema\/person\/9223810753230f20bd670fdd322661f8\",\"name\":\"Redazione\",\"url\":\"https:\/\/www.intoscana.it\/it\/author\/redazione\/\"}]}<\/script>\n<!-- \/ Yoast SEO Premium plugin. -->","yoast_head_json":{"title":"Metaverso, NTT e cybersecurity tengono banco all'Internet Festival - intoscana","description":"Venerd\u00ec 7 ottobre seconda giornata di IF2022 con Monica Guerritore e il progetto Mecenati, poi il talk sull\u2019agricoltura di precisione","robots":{"index":"index","follow":"follow","max-snippet":"max-snippet:-1","max-image-preview":"max-image-preview:large","max-video-preview":"max-video-preview:-1"},"canonical":"https:\/\/www.intoscana.it\/it\/metaverso-ntt-e-cybersecurity-tengono-banco-allinternet-festival\/","og_locale":"it_IT","og_type":"article","og_title":"Metaverso, NTT e cybersecurity tengono banco all'Internet Festival","og_description":"Venerd\u00ec 7 ottobre seconda giornata di IF2022 con Monica Guerritore e il progetto Mecenati, poi il talk sull\u2019agricoltura di precisione","og_url":"https:\/\/www.intoscana.it\/it\/metaverso-ntt-e-cybersecurity-tengono-banco-allinternet-festival\/","og_site_name":"intoscana","article_publisher":"https:\/\/www.facebook.com\/intoscana.it","article_published_time":"2022-10-06T16:30:22+00:00","article_modified_time":"2022-10-07T16:17:33+00:00","og_image":[{"width":2048,"height":1536,"url":"https:\/\/www.intoscana.it\/wp-content\/uploads\/IF_Pisa_bambini_laboratori-scaled.jpg","type":"image\/jpeg"}],"author":"Redazione","twitter_card":"summary_large_image","twitter_creator":"@intoscana","twitter_site":"@intoscana","twitter_misc":{"Written by":"Redazione","Est. reading time":"5 minuti"},"schema":{"@context":"https:\/\/schema.org","@graph":[{"@type":"WebPage","@id":"https:\/\/www.intoscana.it\/it\/metaverso-ntt-e-cybersecurity-tengono-banco-allinternet-festival\/","url":"https:\/\/www.intoscana.it\/it\/metaverso-ntt-e-cybersecurity-tengono-banco-allinternet-festival\/","name":"Metaverso, NTT e cybersecurity tengono banco all'Internet Festival - intoscana","isPartOf":{"@id":"https:\/\/www.intoscana.it\/it\/#website"},"primaryImageOfPage":{"@id":"https:\/\/www.intoscana.it\/it\/metaverso-ntt-e-cybersecurity-tengono-banco-allinternet-festival\/#primaryimage"},"image":{"@id":"https:\/\/www.intoscana.it\/it\/metaverso-ntt-e-cybersecurity-tengono-banco-allinternet-festival\/#primaryimage"},"thumbnailUrl":"https:\/\/www.intoscana.it\/wp-content\/uploads\/IF_Pisa_bambini_laboratori-scaled.jpg","datePublished":"2022-10-06T16:30:22+00:00","dateModified":"2022-10-07T16:17:33+00:00","author":{"@id":"https:\/\/www.intoscana.it\/it\/#\/schema\/person\/9223810753230f20bd670fdd322661f8"},"description":"Venerd\u00ec 7 ottobre seconda giornata di IF2022 con Monica Guerritore e il progetto Mecenati, poi il talk sull\u2019agricoltura di precisione","breadcrumb":{"@id":"https:\/\/www.intoscana.it\/it\/metaverso-ntt-e-cybersecurity-tengono-banco-allinternet-festival\/#breadcrumb"},"inLanguage":"it-IT","potentialAction":[{"@type":"ReadAction","target":["https:\/\/www.intoscana.it\/it\/metaverso-ntt-e-cybersecurity-tengono-banco-allinternet-festival\/"]}]},{"@type":"ImageObject","inLanguage":"it-IT","@id":"https:\/\/www.intoscana.it\/it\/metaverso-ntt-e-cybersecurity-tengono-banco-allinternet-festival\/#primaryimage","url":"https:\/\/www.intoscana.it\/wp-content\/uploads\/IF_Pisa_bambini_laboratori-scaled.jpg","contentUrl":"https:\/\/www.intoscana.it\/wp-content\/uploads\/IF_Pisa_bambini_laboratori-scaled.jpg","width":2048,"height":1536,"caption":"Internet Festival a Pisa: attivit\u00e0 e laboratori per bambini"},{"@type":"BreadcrumbList","@id":"https:\/\/www.intoscana.it\/it\/metaverso-ntt-e-cybersecurity-tengono-banco-allinternet-festival\/#breadcrumb","itemListElement":[{"@type":"ListItem","position":1,"name":"Home","item":"https:\/\/www.intoscana.it\/it\/"},{"@type":"ListItem","position":2,"name":"Metaverso, NTT e cybersecurity tengono banco all&#8217;Internet Festival"}]},{"@type":"WebSite","@id":"https:\/\/www.intoscana.it\/it\/#website","url":"https:\/\/www.intoscana.it\/it\/","name":"intoscana","description":"","potentialAction":[{"@type":"SearchAction","target":{"@type":"EntryPoint","urlTemplate":"https:\/\/www.intoscana.it\/it\/?s={search_term_string}"},"query-input":{"@type":"PropertyValueSpecification","valueRequired":true,"valueName":"search_term_string"}}],"inLanguage":"it-IT"},{"@type":"Person","@id":"https:\/\/www.intoscana.it\/it\/#\/schema\/person\/9223810753230f20bd670fdd322661f8","name":"Redazione","url":"https:\/\/www.intoscana.it\/it\/author\/redazione\/"}]}},"_links":{"self":[{"href":"https:\/\/www.intoscana.it\/it\/wp-json\/wp\/v2\/posts\/251474","targetHints":{"allow":["GET"]}}],"collection":[{"href":"https:\/\/www.intoscana.it\/it\/wp-json\/wp\/v2\/posts"}],"about":[{"href":"https:\/\/www.intoscana.it\/it\/wp-json\/wp\/v2\/types\/post"}],"author":[{"embeddable":true,"href":"https:\/\/www.intoscana.it\/it\/wp-json\/wp\/v2\/users\/525"}],"replies":[{"embeddable":true,"href":"https:\/\/www.intoscana.it\/it\/wp-json\/wp\/v2\/comments?post=251474"}],"version-history":[{"count":0,"href":"https:\/\/www.intoscana.it\/it\/wp-json\/wp\/v2\/posts\/251474\/revisions"}],"wp:featuredmedia":[{"embeddable":true,"href":"https:\/\/www.intoscana.it\/it\/wp-json\/wp\/v2\/media\/191989"}],"wp:attachment":[{"href":"https:\/\/www.intoscana.it\/it\/wp-json\/wp\/v2\/media?parent=251474"}],"wp:term":[{"taxonomy":"category","embeddable":true,"href":"https:\/\/www.intoscana.it\/it\/wp-json\/wp\/v2\/categories?post=251474"},{"taxonomy":"post_tag","embeddable":true,"href":"https:\/\/www.intoscana.it\/it\/wp-json\/wp\/v2\/tags?post=251474"}],"curies":[{"name":"wp","href":"https:\/\/api.w.org\/{rel}","templated":true}]}}