{"id":251476,"date":"2022-10-06T16:50:45","date_gmt":"2022-10-06T14:50:45","guid":{"rendered":"https:\/\/www.intoscana.it\/it\/?p=251476"},"modified":"2022-10-07T18:18:19","modified_gmt":"2022-10-07T16:18:19","slug":"internet-festival-la-rivoluzione-digitale-per-la-toscana-di-domani","status":"publish","type":"post","link":"https:\/\/www.intoscana.it\/it\/internet-festival-la-rivoluzione-digitale-per-la-toscana-di-domani\/","title":{"rendered":"Internet Festival, la rivoluzione digitale per la Toscana di domani"},"content":{"rendered":"<p>Internet festival, <mark>vetrina del presente e del futuro digitale<\/mark>. Con queste parole il presidente della Regione Toscana <strong>Eugenio Giani<\/strong> ha salutato l&#8217;avvio della XII edizione di <span class=\"il\">Internet<\/span>\u00a0Festival, in programma a Pisa fino a domenica 9 ottobre.<\/p>\n<p>Per Giani &#8220;<em>siamo di fronte al profilo tecnologico di una Toscana che non solo si rende conto di quanto oggi siano importanti i social, ma di quanto lo siano i messaggi di comunicazione per la vita delle nostre comunit\u00e0<\/em>&#8220;. Il presidente ha aggiunto che la manifestazione, ideata e organizzata dalla Regione, vuole anche essere <strong>un omaggio a Pisa<\/strong> e alla sua centralit\u00e0 tecnologica e culturale in un settore che ha trasformato il mondo.<\/p>\n<figure id=\"post-251463 media-251463\" class=\"align-none\"><img decoding=\"async\" src=\"https:\/\/www.intoscana.it\/wp-content\/uploads\/Conferenza-stampa-Internet-Festival-ph-Ilaria-Costanzo-8267.jpg\" alt=\"\" \/><\/figure>\n<div class=\"titleimg\">L&#8217;inaugurazione dell&#8217;Internet Festival \u2013 <b>\u00a9\u00a0<\/b> Ilaria Costanzo<\/div>\n<p><strong>Giani<\/strong> ha osservato poi che &#8220;<em><span class=\"il\">internet<\/span>\u00a0\u00e8 fondamentale per lo svolgimento dei servizi pubblici e ci ha aiutato molto nella recente gestione degli effetti delle calamit\u00e0 climatiche\u00a0 consentendoci di svolgere meglio i nostri compiti di Protezione civile.\u00a0<span class=\"il\">Internet<\/span>\u00a0Festival \u00e8 tutto questo: la sintesi della rivoluzione che la rete e i social hanno determinato nelle nostre vite. \u00c8 anche l&#8217;espressione del nostro malcelato orgoglio per il fatto che la Toscana \u00e8 stata la prima ad accogliere il messaggio di trasformazione che\u00a0<span class=\"il\">Internet<\/span>\u00a0avrebbe determinato<\/em>&#8220;.<\/p>\n<p>L&#8217;assessora alla formazione e al lavoro, <strong>Alessandra Nardini<\/strong>, ha detto che &#8220;<em>occorre fare in modo che il processo di innovazione digitale crei e non sottragga lavoro e le nuove forme di occupazione devono garantire diritti e tutele<\/em>&#8220;. Nardini si \u00e8 detta convinta che <strong>il mondo dell&#8217;universit\u00e0 e della ricerca<\/strong>, dei quali da sempre Pisa \u00e8 un&#8217;eccellenza devono dare un contributo in questa direzione.<\/p>\n<figure id=\"post-251487 media-251487\" class=\"align-none\"><img decoding=\"async\" src=\"https:\/\/www.intoscana.it\/wp-content\/uploads\/La-presentazione-di-Internet-Festival-a-Pisa.jpeg\" alt=\"\" \/><\/figure>\n<div class=\"titleimg\">La presentazione di Internet Festival a Pisa<\/div>\n<p>&#8220;<em>In questo settore<\/em> &#8211; ha concluso <strong>Nardini<\/strong> &#8211; <em>spetta soprattutto alle giovani generazioni essere protagoniste. La transizione digitale rappresenta una grande opportunit\u00e0 ma non deve n\u00e9 creare n\u00e9 acuire le disuguaglianze. Siamo orgogliosi di organizzare\u00a0<span class=\"il\">Internet<\/span> Festival che mette in sinergia il mondo dell&#8217;universit\u00e0 con quello della ricerca e che rappresenta un appuntamento di rilievo nazionale ed internazionale<\/em>&#8220;.<\/p>\n<p>Da parte sua l&#8217;assessore regionale alla digitalizzazione, <strong>Stefano Ciuoffo<\/strong>, ha sottolineato come &#8220;<em><span class=\"il\">Internet<\/span>\u00a0Festival \u00e8 l&#8217;occasione in cui riusciamo a raccontare ci\u00f2 che facciamo, ma \u00e8 anche il momento in cui cerchiamo di stimolare tutte le opportunit\u00e0 in cui l&#8217;innovazione digitale pu\u00f2 essere al servizio dei cittadini. Si tratta di un&#8217;azione trasversale che cerchiamo di introdurre in tutta la Pubblica amministrazione e in particolare in Regione Toscana. Per farlo serve una mentalit\u00e0 meno schematica e settoriale e una apertura alla ricerca di nuovi strumenti e soluzioni. Il tema conduttore dell&#8217;imperfezione \u00e8 azzeccato e di stimolo per cercare di migliorare le nostre prestazioni<\/em>&#8220;.<\/p>\n<p>Ma serve lavorare per creare i presupposti per la rivoluzione digitale. \u201c<em>Il nostro compito \u00e8 quello di far trovare la Toscana pronta per l&#8217;era digitale, dotando i cittadini, le imprese e le amministrazioni di una nuova generazione di tecnologie, in cui la trasformazione digitale andr\u00e0 a vantaggio di tutti<\/em>\u201d ha sottolineato il presidente del Consiglio regionale, <strong>Antonio Mazzeo<\/strong>.<\/p>\n<p>\u201c<em>Le soluzioni digitali che mettono le persone al primo posto<\/em> \u2013 \u00e8 la convinzione del presidente dell\u2019Assemblea toscana \u2013 <em>apriranno nuove opportunit\u00e0 per le imprese, incoraggeranno lo sviluppo di tecnologie affidabili, promuoveranno una societ\u00e0 aperta e democratica, consentiranno un&#8217;economia dinamica e sostenibile, contribuiranno a combattere i cambiamenti climatici, a realizzare la transizione verde e potranno ridurre le distanze<\/em>\u201d. Nel contesto dell\u2019Internet Festival, <strong>sabato 8 ottobre<\/strong> alle 12, nel Chiostro della Chiesa del Carmine, il presidente del Consiglio regionale presenter\u00e0 <strong>il premio Innovazione Toscana<\/strong> \u2018Amerigo Vespucci\u2019 2022<\/p>\n<p>Infine un doveroso cenno da parte di Mazzeo al progetto <strong>Toscana 2050<\/strong>. E&#8217; infatti <a href=\"http:\/\/www.toscana2050.it\">attivo un questionario<\/a> perch\u00e9 <mark>i toscani possano dire come si immaginano il proprio futuro, con le loro speranze e le loro paure<\/mark>.<\/p>\n<figure id=\"post-251481 media-251481\" class=\"align-none\"><img decoding=\"async\" src=\"https:\/\/www.intoscana.it\/wp-content\/uploads\/IMG_7246-scaled.jpeg\" alt=\"\" \/><\/figure>\n<div class=\"titleimg\">Internet Festival 2022 &#8211; \u00a9 Costanza Baldini<\/div>\n<p>&#8220;<em>Pisa \u00e8 l&#8217;habitat naturale del festival<\/em> &#8211; ha sottolineato il sindaco di Pisa, <strong>Michele Conti<\/strong> &#8211; <em>per la vocazione pisana alla ricerca, allo studio, all&#8217;attenzione alle novit\u00e0, grazie alla presenza delle nostre prestigiose universit\u00e0 e di importanti centri di ricerca di valore nazionale e internazionale. E naturalmente anche per ragioni storiche: Pisa nel 1986 \u00e8 stata porta di accesso della Rete in Italia con la prima connessione Arpanet<\/em>&#8220;.<\/p>\n<p>Per Conti &#8220;<em>il Comune di Pisa non ha mai smesso di investire sull&#8217;innovazione e digitalizzazione dei servizi e recentemente abbiamo ottenuto circa 750mila euro per la digitalizzazione dei servizi comunali rivolti all&#8217;utenza, grazie a due bandi nell&#8217;ambito del Pnrr e ora abbiamo l&#8217;occasione di dimostrare di essere un passo sempre avanti agli altri, interrogandosi sul rapporto tra uomo e macchina, tra mondo reale e digitale<\/em>&#8220;.<\/p>\n","protected":false},"excerpt":{"rendered":"<p>Per Giani la kermesse che si \u00e8 aperta a Pisa \u00e8 la sintesi perfetta di come social e web hanno cambiato la nostra vita e di cosa aspettarsi dal futuro. Mazzeo rilancia il progetto Toscana 2050<\/p>\n","protected":false},"author":525,"featured_media":193301,"comment_status":"open","ping_status":"open","sticky":false,"template":"","format":"standard","meta":{"_acf_changed":false,"footnotes":""},"categories":[475],"tags":[4568,176],"class_list":["post-251476","post","type-post","status-publish","format-standard","has-post-thumbnail","hentry","category-innovazione","tag-digitale","tag-internet-festival"],"acf":[],"yoast_head":"<!-- This site is optimized with the Yoast SEO Premium plugin v24.2 (Yoast SEO v25.6) - https:\/\/yoast.com\/wordpress\/plugins\/seo\/ -->\n<title>Internet Festival, la rivoluzione digitale per la Toscana di domani - intoscana<\/title>\n<meta name=\"description\" content=\"Per Giani la kermesse in corso a Pisa \u00e8 la sintesi perfetta di come social e web hanno cambiato la nostra vita e di cosa aspettarsi dal futuro\" \/>\n<meta name=\"robots\" content=\"index, follow, max-snippet:-1, max-image-preview:large, max-video-preview:-1\" \/>\n<link rel=\"canonical\" href=\"https:\/\/www.intoscana.it\/it\/internet-festival-la-rivoluzione-digitale-per-la-toscana-di-domani\/\" \/>\n<meta property=\"og:locale\" content=\"it_IT\" \/>\n<meta property=\"og:type\" content=\"article\" \/>\n<meta property=\"og:title\" content=\"Internet Festival, la rivoluzione digitale per la Toscana di domani\" \/>\n<meta property=\"og:description\" content=\"Per Giani la kermesse in corso a Pisa \u00e8 la sintesi perfetta di come social e web hanno cambiato la nostra vita e di cosa aspettarsi dal futuro\" \/>\n<meta property=\"og:url\" content=\"https:\/\/www.intoscana.it\/it\/internet-festival-la-rivoluzione-digitale-per-la-toscana-di-domani\/\" \/>\n<meta property=\"og:site_name\" content=\"intoscana\" \/>\n<meta property=\"article:publisher\" content=\"https:\/\/www.facebook.com\/intoscana.it\" \/>\n<meta property=\"article:published_time\" content=\"2022-10-06T14:50:45+00:00\" \/>\n<meta property=\"article:modified_time\" content=\"2022-10-07T16:18:19+00:00\" \/>\n<meta property=\"og:image\" content=\"https:\/\/www.intoscana.it\/wp-content\/uploads\/Internet-Festival-2021-droni-e-piattaforma-cloud-per-Anci-e-Regione.jpeg\" \/>\n\t<meta property=\"og:image:width\" content=\"1000\" \/>\n\t<meta property=\"og:image:height\" content=\"667\" \/>\n\t<meta property=\"og:image:type\" content=\"image\/jpeg\" \/>\n<meta name=\"author\" content=\"Redazione\" \/>\n<meta name=\"twitter:card\" content=\"summary_large_image\" \/>\n<meta name=\"twitter:creator\" content=\"@intoscana\" \/>\n<meta name=\"twitter:site\" content=\"@intoscana\" \/>\n<meta name=\"twitter:label1\" content=\"Written by\" \/>\n\t<meta name=\"twitter:data1\" content=\"Redazione\" \/>\n\t<meta name=\"twitter:label2\" content=\"Est. reading time\" \/>\n\t<meta name=\"twitter:data2\" content=\"4 minuti\" \/>\n<script type=\"application\/ld+json\" class=\"yoast-schema-graph\">{\"@context\":\"https:\/\/schema.org\",\"@graph\":[{\"@type\":\"WebPage\",\"@id\":\"https:\/\/www.intoscana.it\/it\/internet-festival-la-rivoluzione-digitale-per-la-toscana-di-domani\/\",\"url\":\"https:\/\/www.intoscana.it\/it\/internet-festival-la-rivoluzione-digitale-per-la-toscana-di-domani\/\",\"name\":\"Internet Festival, la rivoluzione digitale per la Toscana di domani - intoscana\",\"isPartOf\":{\"@id\":\"https:\/\/www.intoscana.it\/it\/#website\"},\"primaryImageOfPage\":{\"@id\":\"https:\/\/www.intoscana.it\/it\/internet-festival-la-rivoluzione-digitale-per-la-toscana-di-domani\/#primaryimage\"},\"image\":{\"@id\":\"https:\/\/www.intoscana.it\/it\/internet-festival-la-rivoluzione-digitale-per-la-toscana-di-domani\/#primaryimage\"},\"thumbnailUrl\":\"https:\/\/www.intoscana.it\/wp-content\/uploads\/Internet-Festival-2021-droni-e-piattaforma-cloud-per-Anci-e-Regione.jpeg\",\"datePublished\":\"2022-10-06T14:50:45+00:00\",\"dateModified\":\"2022-10-07T16:18:19+00:00\",\"author\":{\"@id\":\"https:\/\/www.intoscana.it\/it\/#\/schema\/person\/9223810753230f20bd670fdd322661f8\"},\"description\":\"Per Giani la kermesse in corso a Pisa \u00e8 la sintesi perfetta di come social e web hanno cambiato la nostra vita e di cosa aspettarsi dal futuro\",\"breadcrumb\":{\"@id\":\"https:\/\/www.intoscana.it\/it\/internet-festival-la-rivoluzione-digitale-per-la-toscana-di-domani\/#breadcrumb\"},\"inLanguage\":\"it-IT\",\"potentialAction\":[{\"@type\":\"ReadAction\",\"target\":[\"https:\/\/www.intoscana.it\/it\/internet-festival-la-rivoluzione-digitale-per-la-toscana-di-domani\/\"]}]},{\"@type\":\"ImageObject\",\"inLanguage\":\"it-IT\",\"@id\":\"https:\/\/www.intoscana.it\/it\/internet-festival-la-rivoluzione-digitale-per-la-toscana-di-domani\/#primaryimage\",\"url\":\"https:\/\/www.intoscana.it\/wp-content\/uploads\/Internet-Festival-2021-droni-e-piattaforma-cloud-per-Anci-e-Regione.jpeg\",\"contentUrl\":\"https:\/\/www.intoscana.it\/wp-content\/uploads\/Internet-Festival-2021-droni-e-piattaforma-cloud-per-Anci-e-Regione.jpeg\",\"width\":1000,\"height\":667},{\"@type\":\"BreadcrumbList\",\"@id\":\"https:\/\/www.intoscana.it\/it\/internet-festival-la-rivoluzione-digitale-per-la-toscana-di-domani\/#breadcrumb\",\"itemListElement\":[{\"@type\":\"ListItem\",\"position\":1,\"name\":\"Home\",\"item\":\"https:\/\/www.intoscana.it\/it\/\"},{\"@type\":\"ListItem\",\"position\":2,\"name\":\"Internet Festival, la rivoluzione digitale per la Toscana di domani\"}]},{\"@type\":\"WebSite\",\"@id\":\"https:\/\/www.intoscana.it\/it\/#website\",\"url\":\"https:\/\/www.intoscana.it\/it\/\",\"name\":\"intoscana\",\"description\":\"\",\"potentialAction\":[{\"@type\":\"SearchAction\",\"target\":{\"@type\":\"EntryPoint\",\"urlTemplate\":\"https:\/\/www.intoscana.it\/it\/?s={search_term_string}\"},\"query-input\":{\"@type\":\"PropertyValueSpecification\",\"valueRequired\":true,\"valueName\":\"search_term_string\"}}],\"inLanguage\":\"it-IT\"},{\"@type\":\"Person\",\"@id\":\"https:\/\/www.intoscana.it\/it\/#\/schema\/person\/9223810753230f20bd670fdd322661f8\",\"name\":\"Redazione\",\"url\":\"https:\/\/www.intoscana.it\/it\/author\/redazione\/\"}]}<\/script>\n<!-- \/ Yoast SEO Premium plugin. -->","yoast_head_json":{"title":"Internet Festival, la rivoluzione digitale per la Toscana di domani - intoscana","description":"Per Giani la kermesse in corso a Pisa \u00e8 la sintesi perfetta di come social e web hanno cambiato la nostra vita e di cosa aspettarsi dal futuro","robots":{"index":"index","follow":"follow","max-snippet":"max-snippet:-1","max-image-preview":"max-image-preview:large","max-video-preview":"max-video-preview:-1"},"canonical":"https:\/\/www.intoscana.it\/it\/internet-festival-la-rivoluzione-digitale-per-la-toscana-di-domani\/","og_locale":"it_IT","og_type":"article","og_title":"Internet Festival, la rivoluzione digitale per la Toscana di domani","og_description":"Per Giani la kermesse in corso a Pisa \u00e8 la sintesi perfetta di come social e web hanno cambiato la nostra vita e di cosa aspettarsi dal futuro","og_url":"https:\/\/www.intoscana.it\/it\/internet-festival-la-rivoluzione-digitale-per-la-toscana-di-domani\/","og_site_name":"intoscana","article_publisher":"https:\/\/www.facebook.com\/intoscana.it","article_published_time":"2022-10-06T14:50:45+00:00","article_modified_time":"2022-10-07T16:18:19+00:00","og_image":[{"width":1000,"height":667,"url":"https:\/\/www.intoscana.it\/wp-content\/uploads\/Internet-Festival-2021-droni-e-piattaforma-cloud-per-Anci-e-Regione.jpeg","type":"image\/jpeg"}],"author":"Redazione","twitter_card":"summary_large_image","twitter_creator":"@intoscana","twitter_site":"@intoscana","twitter_misc":{"Written by":"Redazione","Est. reading time":"4 minuti"},"schema":{"@context":"https:\/\/schema.org","@graph":[{"@type":"WebPage","@id":"https:\/\/www.intoscana.it\/it\/internet-festival-la-rivoluzione-digitale-per-la-toscana-di-domani\/","url":"https:\/\/www.intoscana.it\/it\/internet-festival-la-rivoluzione-digitale-per-la-toscana-di-domani\/","name":"Internet Festival, la rivoluzione digitale per la Toscana di domani - intoscana","isPartOf":{"@id":"https:\/\/www.intoscana.it\/it\/#website"},"primaryImageOfPage":{"@id":"https:\/\/www.intoscana.it\/it\/internet-festival-la-rivoluzione-digitale-per-la-toscana-di-domani\/#primaryimage"},"image":{"@id":"https:\/\/www.intoscana.it\/it\/internet-festival-la-rivoluzione-digitale-per-la-toscana-di-domani\/#primaryimage"},"thumbnailUrl":"https:\/\/www.intoscana.it\/wp-content\/uploads\/Internet-Festival-2021-droni-e-piattaforma-cloud-per-Anci-e-Regione.jpeg","datePublished":"2022-10-06T14:50:45+00:00","dateModified":"2022-10-07T16:18:19+00:00","author":{"@id":"https:\/\/www.intoscana.it\/it\/#\/schema\/person\/9223810753230f20bd670fdd322661f8"},"description":"Per Giani la kermesse in corso a Pisa \u00e8 la sintesi perfetta di come social e web hanno cambiato la nostra vita e di cosa aspettarsi dal futuro","breadcrumb":{"@id":"https:\/\/www.intoscana.it\/it\/internet-festival-la-rivoluzione-digitale-per-la-toscana-di-domani\/#breadcrumb"},"inLanguage":"it-IT","potentialAction":[{"@type":"ReadAction","target":["https:\/\/www.intoscana.it\/it\/internet-festival-la-rivoluzione-digitale-per-la-toscana-di-domani\/"]}]},{"@type":"ImageObject","inLanguage":"it-IT","@id":"https:\/\/www.intoscana.it\/it\/internet-festival-la-rivoluzione-digitale-per-la-toscana-di-domani\/#primaryimage","url":"https:\/\/www.intoscana.it\/wp-content\/uploads\/Internet-Festival-2021-droni-e-piattaforma-cloud-per-Anci-e-Regione.jpeg","contentUrl":"https:\/\/www.intoscana.it\/wp-content\/uploads\/Internet-Festival-2021-droni-e-piattaforma-cloud-per-Anci-e-Regione.jpeg","width":1000,"height":667},{"@type":"BreadcrumbList","@id":"https:\/\/www.intoscana.it\/it\/internet-festival-la-rivoluzione-digitale-per-la-toscana-di-domani\/#breadcrumb","itemListElement":[{"@type":"ListItem","position":1,"name":"Home","item":"https:\/\/www.intoscana.it\/it\/"},{"@type":"ListItem","position":2,"name":"Internet Festival, la rivoluzione digitale per la Toscana di domani"}]},{"@type":"WebSite","@id":"https:\/\/www.intoscana.it\/it\/#website","url":"https:\/\/www.intoscana.it\/it\/","name":"intoscana","description":"","potentialAction":[{"@type":"SearchAction","target":{"@type":"EntryPoint","urlTemplate":"https:\/\/www.intoscana.it\/it\/?s={search_term_string}"},"query-input":{"@type":"PropertyValueSpecification","valueRequired":true,"valueName":"search_term_string"}}],"inLanguage":"it-IT"},{"@type":"Person","@id":"https:\/\/www.intoscana.it\/it\/#\/schema\/person\/9223810753230f20bd670fdd322661f8","name":"Redazione","url":"https:\/\/www.intoscana.it\/it\/author\/redazione\/"}]}},"_links":{"self":[{"href":"https:\/\/www.intoscana.it\/it\/wp-json\/wp\/v2\/posts\/251476","targetHints":{"allow":["GET"]}}],"collection":[{"href":"https:\/\/www.intoscana.it\/it\/wp-json\/wp\/v2\/posts"}],"about":[{"href":"https:\/\/www.intoscana.it\/it\/wp-json\/wp\/v2\/types\/post"}],"author":[{"embeddable":true,"href":"https:\/\/www.intoscana.it\/it\/wp-json\/wp\/v2\/users\/525"}],"replies":[{"embeddable":true,"href":"https:\/\/www.intoscana.it\/it\/wp-json\/wp\/v2\/comments?post=251476"}],"version-history":[{"count":0,"href":"https:\/\/www.intoscana.it\/it\/wp-json\/wp\/v2\/posts\/251476\/revisions"}],"wp:featuredmedia":[{"embeddable":true,"href":"https:\/\/www.intoscana.it\/it\/wp-json\/wp\/v2\/media\/193301"}],"wp:attachment":[{"href":"https:\/\/www.intoscana.it\/it\/wp-json\/wp\/v2\/media?parent=251476"}],"wp:term":[{"taxonomy":"category","embeddable":true,"href":"https:\/\/www.intoscana.it\/it\/wp-json\/wp\/v2\/categories?post=251476"},{"taxonomy":"post_tag","embeddable":true,"href":"https:\/\/www.intoscana.it\/it\/wp-json\/wp\/v2\/tags?post=251476"}],"curies":[{"name":"wp","href":"https:\/\/api.w.org\/{rel}","templated":true}]}}