{"id":251514,"date":"2022-10-06T18:44:55","date_gmt":"2022-10-06T16:44:55","guid":{"rendered":"https:\/\/www.intoscana.it\/it\/?p=251514"},"modified":"2022-10-07T17:10:48","modified_gmt":"2022-10-07T15:10:48","slug":"trasporti-baccelli-troppi-disservizi-autolinee-chiarisca","status":"publish","type":"post","link":"https:\/\/www.intoscana.it\/it\/trasporti-baccelli-troppi-disservizi-autolinee-chiarisca\/","title":{"rendered":"Trasporti, Baccelli: &#8220;Troppi disservizi, Autolinee chiarisca&#8221;"},"content":{"rendered":"<div class=\"rt-page__content rt-page-content--left\">\n<div class=\"rt-page__content-text\">\n<p>Oltre <strong>1000 reclami giunti al Numero Verde<\/strong> regionale, il triplo di quelli pervenuti nello stesso periodo l\u2019anno scorso. <strong>Oltre il 40%<\/strong> di questi riguarda <strong>corse saltate<\/strong>, il resto <strong>carenza di informazione<\/strong>. Sono tanti, troppi per l\u2019assessore alle infrastrutture e trasporti <strong>Stefano Baccelli<\/strong> che, preoccupato, ha deciso di scrivere una lettera al presidente\u00a0 e amministratore delegato di <strong>Autolinee Toscane<\/strong> per chiedere chiarimenti.<\/p>\n<p>\u201c<em>Ai reclami pervenuti al Numero Verde TPL<\/em> \u2013 scrive l\u2019assessore regionale nella lettera indirizzata ad Autolinee Toscane- <em>si aggiungono quelli, prevalentemente inerenti salti di corse, inviati dagli utenti, tramite mail o posta elettronica certificata, direttamente a questo assessorato\u00a0 o al Presidente della Giunta regionale\u201d<\/em>.<\/p>\n<p>L\u2019assessore scrive anche del problema delle <strong>corse saltate<\/strong>. \u201c<em>La qualit\u00e0 del servizio, la puntualit\u00e0, l\u2019efficienza devono essere una priorit\u00e0<\/em> \u2013 ha spiegato Baccelli &#8211; . <em>I cittadini devono poter contare sul trasporto pubblico, essere informati con tempi adeguati su variazioni, annullamenti e altre modifiche che le corse possono subire.\u00a0 Solo cos\u00ec si pu\u00f2 parlare di mobilit\u00e0 sostenibile. Il mezzo privato si abbandona se c\u2019\u00e8 una valida alternativa e noi puntiamo su questo, ma questi disservizi mi spingono a chiedere chiarimenti, spiegazioni<\/em>\u201d.<\/p>\n<figure id=\"post-251521 media-251521\" class=\"align-none\"><img decoding=\"async\" src=\"https:\/\/www.intoscana.it\/wp-content\/uploads\/baccelli-At-e1665074922309.jpg\" alt=\"\" \/><\/figure>\n<div class=\"titleimg\">L\u2019assessore Stefano Baccelli<\/div>\n<p>\u201c<em>Dall\u2019analisi dei diari della regolarit\u00e0 del servizio effettuato nel mese di luglio, gli ultimi trasmessi dall&#8217;Azienda all\u2019Osservatorio Regionale per la Mobilit\u00e0<\/em> &#8211; ha proseguito Baccelli- , <em>\u00e8 emerso un numero rilevante di corse saltate sull\u2019intero territorio regionale, di cui quasi la met\u00e0 afferenti al servizio urbano di Firenze<\/em>&#8220;.<\/p>\n<p>Baccelli chiede ad Autolinee &#8220;<em>quali siano le azioni che ha intrapreso o intende intraprendere per la soluzione di questi problemi al fine di garantire l\u2019esercizio del servizio di trasporto pubblico locale nel rispetto della programmazione dello stesso<\/em>\u201d.<\/p>\n<\/div>\n<\/div>\n","protected":false},"excerpt":{"rendered":"<p>Oltre mille reclami al numero verde e il 40% delle corse saltate, l&#8217;assessore sollecita l&#8217;azienda a fornire spiegazioni<\/p>\n","protected":false},"author":525,"featured_media":223112,"comment_status":"open","ping_status":"open","sticky":false,"template":"","format":"standard","meta":{"_acf_changed":false,"footnotes":""},"categories":[494],"tags":[4296,1577,4818],"class_list":["post-251514","post","type-post","status-publish","format-standard","has-post-thumbnail","hentry","category-attualita","tag-autolinee-toscane","tag-muoversi-in-toscana","tag-stefano-baccelli"],"acf":[],"yoast_head":"<!-- This site is optimized with the Yoast SEO Premium plugin v24.2 (Yoast SEO v25.6) - https:\/\/yoast.com\/wordpress\/plugins\/seo\/ -->\n<title>Trasporti, Baccelli: &quot;Troppi disservizi, Autolinee chiarisca&quot; - intoscana<\/title>\n<meta name=\"description\" content=\"Oltre mille reclami al numero verde e il 40% delle corse saltate, l&#039;assessore sollecita l&#039;azienda a fornire spiegazioni\" \/>\n<meta name=\"robots\" content=\"index, follow, max-snippet:-1, max-image-preview:large, max-video-preview:-1\" \/>\n<link rel=\"canonical\" href=\"https:\/\/www.intoscana.it\/it\/trasporti-baccelli-troppi-disservizi-autolinee-chiarisca\/\" \/>\n<meta property=\"og:locale\" content=\"it_IT\" \/>\n<meta property=\"og:type\" content=\"article\" \/>\n<meta property=\"og:title\" content=\"Trasporti, Baccelli: &quot;Troppi disservizi, Autolinee chiarisca&quot;\" \/>\n<meta property=\"og:description\" content=\"Oltre mille reclami al numero verde e il 40% delle corse saltate, l&#039;assessore sollecita l&#039;azienda a fornire spiegazioni\" \/>\n<meta property=\"og:url\" content=\"https:\/\/www.intoscana.it\/it\/trasporti-baccelli-troppi-disservizi-autolinee-chiarisca\/\" \/>\n<meta property=\"og:site_name\" content=\"intoscana\" \/>\n<meta property=\"article:publisher\" content=\"https:\/\/www.facebook.com\/intoscana.it\" \/>\n<meta property=\"article:published_time\" content=\"2022-10-06T16:44:55+00:00\" \/>\n<meta property=\"article:modified_time\" content=\"2022-10-07T15:10:48+00:00\" \/>\n<meta property=\"og:image\" content=\"https:\/\/www.intoscana.it\/wp-content\/uploads\/Nuovi-bus-di-Autolinee-Toscane-a-Massa-15.jpeg\" \/>\n\t<meta property=\"og:image:width\" content=\"1600\" \/>\n\t<meta property=\"og:image:height\" content=\"1200\" \/>\n\t<meta property=\"og:image:type\" content=\"image\/jpeg\" \/>\n<meta name=\"author\" content=\"Redazione\" \/>\n<meta name=\"twitter:card\" content=\"summary_large_image\" \/>\n<meta name=\"twitter:creator\" content=\"@intoscana\" \/>\n<meta name=\"twitter:site\" content=\"@intoscana\" \/>\n<meta name=\"twitter:label1\" content=\"Written by\" \/>\n\t<meta name=\"twitter:data1\" content=\"Redazione\" \/>\n\t<meta name=\"twitter:label2\" content=\"Est. reading time\" \/>\n\t<meta name=\"twitter:data2\" content=\"1 minuto\" \/>\n<script type=\"application\/ld+json\" class=\"yoast-schema-graph\">{\"@context\":\"https:\/\/schema.org\",\"@graph\":[{\"@type\":\"WebPage\",\"@id\":\"https:\/\/www.intoscana.it\/it\/trasporti-baccelli-troppi-disservizi-autolinee-chiarisca\/\",\"url\":\"https:\/\/www.intoscana.it\/it\/trasporti-baccelli-troppi-disservizi-autolinee-chiarisca\/\",\"name\":\"Trasporti, Baccelli: \\\"Troppi disservizi, Autolinee chiarisca\\\" - intoscana\",\"isPartOf\":{\"@id\":\"https:\/\/www.intoscana.it\/it\/#website\"},\"primaryImageOfPage\":{\"@id\":\"https:\/\/www.intoscana.it\/it\/trasporti-baccelli-troppi-disservizi-autolinee-chiarisca\/#primaryimage\"},\"image\":{\"@id\":\"https:\/\/www.intoscana.it\/it\/trasporti-baccelli-troppi-disservizi-autolinee-chiarisca\/#primaryimage\"},\"thumbnailUrl\":\"https:\/\/www.intoscana.it\/wp-content\/uploads\/Nuovi-bus-di-Autolinee-Toscane-a-Massa-15.jpeg\",\"datePublished\":\"2022-10-06T16:44:55+00:00\",\"dateModified\":\"2022-10-07T15:10:48+00:00\",\"author\":{\"@id\":\"https:\/\/www.intoscana.it\/it\/#\/schema\/person\/9223810753230f20bd670fdd322661f8\"},\"description\":\"Oltre mille reclami al numero verde e il 40% delle corse saltate, l'assessore sollecita l'azienda a fornire spiegazioni\",\"breadcrumb\":{\"@id\":\"https:\/\/www.intoscana.it\/it\/trasporti-baccelli-troppi-disservizi-autolinee-chiarisca\/#breadcrumb\"},\"inLanguage\":\"it-IT\",\"potentialAction\":[{\"@type\":\"ReadAction\",\"target\":[\"https:\/\/www.intoscana.it\/it\/trasporti-baccelli-troppi-disservizi-autolinee-chiarisca\/\"]}]},{\"@type\":\"ImageObject\",\"inLanguage\":\"it-IT\",\"@id\":\"https:\/\/www.intoscana.it\/it\/trasporti-baccelli-troppi-disservizi-autolinee-chiarisca\/#primaryimage\",\"url\":\"https:\/\/www.intoscana.it\/wp-content\/uploads\/Nuovi-bus-di-Autolinee-Toscane-a-Massa-15.jpeg\",\"contentUrl\":\"https:\/\/www.intoscana.it\/wp-content\/uploads\/Nuovi-bus-di-Autolinee-Toscane-a-Massa-15.jpeg\",\"width\":1600,\"height\":1200,\"caption\":\"Bus di Autolinee Toscane\"},{\"@type\":\"BreadcrumbList\",\"@id\":\"https:\/\/www.intoscana.it\/it\/trasporti-baccelli-troppi-disservizi-autolinee-chiarisca\/#breadcrumb\",\"itemListElement\":[{\"@type\":\"ListItem\",\"position\":1,\"name\":\"Home\",\"item\":\"https:\/\/www.intoscana.it\/it\/\"},{\"@type\":\"ListItem\",\"position\":2,\"name\":\"Trasporti, Baccelli: &#8220;Troppi disservizi, Autolinee chiarisca&#8221;\"}]},{\"@type\":\"WebSite\",\"@id\":\"https:\/\/www.intoscana.it\/it\/#website\",\"url\":\"https:\/\/www.intoscana.it\/it\/\",\"name\":\"intoscana\",\"description\":\"\",\"potentialAction\":[{\"@type\":\"SearchAction\",\"target\":{\"@type\":\"EntryPoint\",\"urlTemplate\":\"https:\/\/www.intoscana.it\/it\/?s={search_term_string}\"},\"query-input\":{\"@type\":\"PropertyValueSpecification\",\"valueRequired\":true,\"valueName\":\"search_term_string\"}}],\"inLanguage\":\"it-IT\"},{\"@type\":\"Person\",\"@id\":\"https:\/\/www.intoscana.it\/it\/#\/schema\/person\/9223810753230f20bd670fdd322661f8\",\"name\":\"Redazione\",\"url\":\"https:\/\/www.intoscana.it\/it\/author\/redazione\/\"}]}<\/script>\n<!-- \/ Yoast SEO Premium plugin. -->","yoast_head_json":{"title":"Trasporti, Baccelli: \"Troppi disservizi, Autolinee chiarisca\" - intoscana","description":"Oltre mille reclami al numero verde e il 40% delle corse saltate, l'assessore sollecita l'azienda a fornire spiegazioni","robots":{"index":"index","follow":"follow","max-snippet":"max-snippet:-1","max-image-preview":"max-image-preview:large","max-video-preview":"max-video-preview:-1"},"canonical":"https:\/\/www.intoscana.it\/it\/trasporti-baccelli-troppi-disservizi-autolinee-chiarisca\/","og_locale":"it_IT","og_type":"article","og_title":"Trasporti, Baccelli: \"Troppi disservizi, Autolinee chiarisca\"","og_description":"Oltre mille reclami al numero verde e il 40% delle corse saltate, l'assessore sollecita l'azienda a fornire spiegazioni","og_url":"https:\/\/www.intoscana.it\/it\/trasporti-baccelli-troppi-disservizi-autolinee-chiarisca\/","og_site_name":"intoscana","article_publisher":"https:\/\/www.facebook.com\/intoscana.it","article_published_time":"2022-10-06T16:44:55+00:00","article_modified_time":"2022-10-07T15:10:48+00:00","og_image":[{"width":1600,"height":1200,"url":"https:\/\/www.intoscana.it\/wp-content\/uploads\/Nuovi-bus-di-Autolinee-Toscane-a-Massa-15.jpeg","type":"image\/jpeg"}],"author":"Redazione","twitter_card":"summary_large_image","twitter_creator":"@intoscana","twitter_site":"@intoscana","twitter_misc":{"Written by":"Redazione","Est. reading time":"1 minuto"},"schema":{"@context":"https:\/\/schema.org","@graph":[{"@type":"WebPage","@id":"https:\/\/www.intoscana.it\/it\/trasporti-baccelli-troppi-disservizi-autolinee-chiarisca\/","url":"https:\/\/www.intoscana.it\/it\/trasporti-baccelli-troppi-disservizi-autolinee-chiarisca\/","name":"Trasporti, Baccelli: \"Troppi disservizi, Autolinee chiarisca\" - intoscana","isPartOf":{"@id":"https:\/\/www.intoscana.it\/it\/#website"},"primaryImageOfPage":{"@id":"https:\/\/www.intoscana.it\/it\/trasporti-baccelli-troppi-disservizi-autolinee-chiarisca\/#primaryimage"},"image":{"@id":"https:\/\/www.intoscana.it\/it\/trasporti-baccelli-troppi-disservizi-autolinee-chiarisca\/#primaryimage"},"thumbnailUrl":"https:\/\/www.intoscana.it\/wp-content\/uploads\/Nuovi-bus-di-Autolinee-Toscane-a-Massa-15.jpeg","datePublished":"2022-10-06T16:44:55+00:00","dateModified":"2022-10-07T15:10:48+00:00","author":{"@id":"https:\/\/www.intoscana.it\/it\/#\/schema\/person\/9223810753230f20bd670fdd322661f8"},"description":"Oltre mille reclami al numero verde e il 40% delle corse saltate, l'assessore sollecita l'azienda a fornire spiegazioni","breadcrumb":{"@id":"https:\/\/www.intoscana.it\/it\/trasporti-baccelli-troppi-disservizi-autolinee-chiarisca\/#breadcrumb"},"inLanguage":"it-IT","potentialAction":[{"@type":"ReadAction","target":["https:\/\/www.intoscana.it\/it\/trasporti-baccelli-troppi-disservizi-autolinee-chiarisca\/"]}]},{"@type":"ImageObject","inLanguage":"it-IT","@id":"https:\/\/www.intoscana.it\/it\/trasporti-baccelli-troppi-disservizi-autolinee-chiarisca\/#primaryimage","url":"https:\/\/www.intoscana.it\/wp-content\/uploads\/Nuovi-bus-di-Autolinee-Toscane-a-Massa-15.jpeg","contentUrl":"https:\/\/www.intoscana.it\/wp-content\/uploads\/Nuovi-bus-di-Autolinee-Toscane-a-Massa-15.jpeg","width":1600,"height":1200,"caption":"Bus di Autolinee Toscane"},{"@type":"BreadcrumbList","@id":"https:\/\/www.intoscana.it\/it\/trasporti-baccelli-troppi-disservizi-autolinee-chiarisca\/#breadcrumb","itemListElement":[{"@type":"ListItem","position":1,"name":"Home","item":"https:\/\/www.intoscana.it\/it\/"},{"@type":"ListItem","position":2,"name":"Trasporti, Baccelli: &#8220;Troppi disservizi, Autolinee chiarisca&#8221;"}]},{"@type":"WebSite","@id":"https:\/\/www.intoscana.it\/it\/#website","url":"https:\/\/www.intoscana.it\/it\/","name":"intoscana","description":"","potentialAction":[{"@type":"SearchAction","target":{"@type":"EntryPoint","urlTemplate":"https:\/\/www.intoscana.it\/it\/?s={search_term_string}"},"query-input":{"@type":"PropertyValueSpecification","valueRequired":true,"valueName":"search_term_string"}}],"inLanguage":"it-IT"},{"@type":"Person","@id":"https:\/\/www.intoscana.it\/it\/#\/schema\/person\/9223810753230f20bd670fdd322661f8","name":"Redazione","url":"https:\/\/www.intoscana.it\/it\/author\/redazione\/"}]}},"_links":{"self":[{"href":"https:\/\/www.intoscana.it\/it\/wp-json\/wp\/v2\/posts\/251514","targetHints":{"allow":["GET"]}}],"collection":[{"href":"https:\/\/www.intoscana.it\/it\/wp-json\/wp\/v2\/posts"}],"about":[{"href":"https:\/\/www.intoscana.it\/it\/wp-json\/wp\/v2\/types\/post"}],"author":[{"embeddable":true,"href":"https:\/\/www.intoscana.it\/it\/wp-json\/wp\/v2\/users\/525"}],"replies":[{"embeddable":true,"href":"https:\/\/www.intoscana.it\/it\/wp-json\/wp\/v2\/comments?post=251514"}],"version-history":[{"count":0,"href":"https:\/\/www.intoscana.it\/it\/wp-json\/wp\/v2\/posts\/251514\/revisions"}],"wp:featuredmedia":[{"embeddable":true,"href":"https:\/\/www.intoscana.it\/it\/wp-json\/wp\/v2\/media\/223112"}],"wp:attachment":[{"href":"https:\/\/www.intoscana.it\/it\/wp-json\/wp\/v2\/media?parent=251514"}],"wp:term":[{"taxonomy":"category","embeddable":true,"href":"https:\/\/www.intoscana.it\/it\/wp-json\/wp\/v2\/categories?post=251514"},{"taxonomy":"post_tag","embeddable":true,"href":"https:\/\/www.intoscana.it\/it\/wp-json\/wp\/v2\/tags?post=251514"}],"curies":[{"name":"wp","href":"https:\/\/api.w.org\/{rel}","templated":true}]}}