{"id":251539,"date":"2022-10-07T09:08:01","date_gmt":"2022-10-07T07:08:01","guid":{"rendered":"https:\/\/www.intoscana.it\/it\/?p=251539"},"modified":"2022-10-08T11:47:31","modified_gmt":"2022-10-08T09:47:31","slug":"coronavirus-2-345-nuovi-casi-eta-media-51-anni-nove-i-decessi","status":"publish","type":"post","link":"https:\/\/www.intoscana.it\/it\/coronavirus-2-345-nuovi-casi-eta-media-51-anni-nove-i-decessi\/","title":{"rendered":"Coronavirus: 2.345 nuovi casi, et\u00e0 media 51 anni. Nove i decessi"},"content":{"rendered":"<p>Sono <strong>2.345 i nuovi casi<\/strong> di Covid-19 registrati nelle ultime ventiquattro ore in Toscana: <strong>340<\/strong> sono stati confermati <strong>con tampone molecolare<\/strong> e gli altri <strong>2.005 con test rapido<\/strong>. L&#8217;et\u00e0 media \u00e8 51 anni.<\/p>\n<p>Il numero dei contagiati rilevati nella regione <strong>dall&#8217;inizio della pandemia<\/strong> sale dunque a <strong>1.421.149<\/strong>. I nuovi casi sono lo 0,2% in pi\u00f9 rispetto al totale del giorno precedente. <strong>I guariti crescono<\/strong> dello 0,1% (1.177 persone) e raggiungono <strong>quota 1.366.625<\/strong> (96,2% dei casi totali).<\/p>\n<p>Al momento in Toscana risultano <strong>43.705 positivi<\/strong>, +2,7% rispetto a ieri. Di questi <strong>326<\/strong> (2 in pi\u00f9 rispetto a ieri) sono <strong>ricoverati in ospedale <\/strong>mentre invece\u00a0<strong>13<\/strong> (1 in meno) si trovano <strong>in terapia intensiva<\/strong>.<\/p>\n<p>In <strong>43.379 <\/strong>sono<strong> in isolamento a casa<\/strong>, perch\u00e9 presentano sintomi lievi che non richiedono cure ospedaliere o risultano prive di sintomi (1.157 in pi\u00f9 rispetto a ieri, pi\u00f9 2,7%).<\/p>\n<p>Dall&#8217;ultimo bollettino quotidiano sono stati eseguiti 871 tamponi molecolari e 10.986 tamponi antigenici rapidi: di questi il 19,8% \u00e8 risultato positivo. Sono invece 2.972 i soggetti testati, escludendo i tamponi di controllo: il 78,9% di questi \u00e8 risultato positivo.<\/p>\n<h3>L&#8217;andamento per provincia<\/h3>\n<p>Con gli ultimi casi salgono a 386.414 i positivi dall&#8217;inizio dell&#8217;emergenza nei comuni della <strong>Citt\u00e0 metropolitana<\/strong> di Firenze (562 in pi\u00f9 rispetto a ieri), 94.683 in <strong>provincia di Prato<\/strong> (128 in pi\u00f9), 111.929 a <strong>Pistoia<\/strong> (194 in pi\u00f9), 71.734 a <strong>Massa Carrara<\/strong> (133 in pi\u00f9), 151.814 a <strong>Lucca<\/strong> (311 in pi\u00f9), 164.798 a <strong>Pisa<\/strong> (264 in pi\u00f9), 128.863 a <strong>Livorno<\/strong> (206 in pi\u00f9), 129.589 ad <strong>Arezzo<\/strong> (208 in pi\u00f9), 102.287 a <strong>Siena<\/strong> (204 in pi\u00f9) e 78.483 a <strong>Grosseto<\/strong> (135 in pi\u00f9). A questi vanno aggiunti 555 casi di positivit\u00e0 notificati in Toscana ma che riguardano residenti in altre regioni.<\/p>\n<h3>L&#8217;andamento dei decessi<\/h3>\n<p>La lista dei decessi si aggiorna con <strong>9 nuovi decessi<\/strong>: 3 uomini e 6 donne con un&#8217;et\u00e0 media di 88,7 anni. Relativamente alla provincia di residenza, le persone decedute sono: 5 a Firenze, 2 a Arezzo, 2 a Siena.<\/p>\n<p>Sono <strong>10.819 i deceduti dall&#8217;inizio dell&#8217;epidemia<\/strong>: 3.405 nella Citt\u00e0 metropolitana di Firenze, 881 in provincia di Prato, 975 a Pistoia, 685 a Massa Carrara, 1.012 a Lucca, 1.216 a Pisa, 814 a Livorno, 697 ad Arezzo, 575 a Siena, 405 a Grosseto. Vanno aggiunte 154 persone decedute sul suolo toscano ma erano residenti fuori regione.<\/p>\n","protected":false},"excerpt":{"rendered":"<p>In Toscana risultano oggi 43.705 positivi, +2,7%: sono 326 (2 in pi\u00f9 rispetto a ieri) in ospedale, 13 (1 in meno) in terapia intensiva<\/p>\n","protected":false},"author":525,"featured_media":174112,"comment_status":"open","ping_status":"open","sticky":false,"template":"","format":"standard","meta":{"_acf_changed":false,"footnotes":""},"categories":[494],"tags":[418],"class_list":["post-251539","post","type-post","status-publish","format-standard","has-post-thumbnail","hentry","category-attualita","tag-covid-19"],"acf":[],"yoast_head":"<!-- This site is optimized with the Yoast SEO Premium plugin v24.2 (Yoast SEO v25.6) - https:\/\/yoast.com\/wordpress\/plugins\/seo\/ -->\n<title>Coronavirus: 2.345 nuovi casi, et\u00e0 media 51 anni. Nove i decessi - intoscana<\/title>\n<meta name=\"description\" content=\"In Toscana risultano oggi 43.705 positivi, +2,7%: sono 326 (2 in pi\u00f9 rispetto a ieri) in ospedale,\u00a013 (1 in meno) in terapia intensiva\" \/>\n<meta name=\"robots\" content=\"index, follow, max-snippet:-1, max-image-preview:large, max-video-preview:-1\" \/>\n<link rel=\"canonical\" href=\"https:\/\/www.intoscana.it\/it\/coronavirus-2-345-nuovi-casi-eta-media-51-anni-nove-i-decessi\/\" \/>\n<meta property=\"og:locale\" content=\"it_IT\" \/>\n<meta property=\"og:type\" content=\"article\" \/>\n<meta property=\"og:title\" content=\"Coronavirus: 2.345 nuovi casi, et\u00e0 media 51 anni. Nove i decessi\" \/>\n<meta property=\"og:description\" content=\"In Toscana risultano oggi 43.705 positivi, +2,7%: sono 326 (2 in pi\u00f9 rispetto a ieri) in ospedale,\u00a013 (1 in meno) in terapia intensiva\" \/>\n<meta property=\"og:url\" content=\"https:\/\/www.intoscana.it\/it\/coronavirus-2-345-nuovi-casi-eta-media-51-anni-nove-i-decessi\/\" \/>\n<meta property=\"og:site_name\" content=\"intoscana\" \/>\n<meta property=\"article:publisher\" content=\"https:\/\/www.facebook.com\/intoscana.it\" \/>\n<meta property=\"article:published_time\" content=\"2022-10-07T07:08:01+00:00\" \/>\n<meta property=\"article:modified_time\" content=\"2022-10-08T09:47:31+00:00\" \/>\n<meta property=\"og:image\" content=\"https:\/\/www.intoscana.it\/wp-content\/uploads\/Intoscana-Dati-Coronavirus-19-aprile-e1638022126224.jpeg\" \/>\n\t<meta property=\"og:image:width\" content=\"1053\" \/>\n\t<meta property=\"og:image:height\" content=\"531\" \/>\n\t<meta property=\"og:image:type\" content=\"image\/jpeg\" \/>\n<meta name=\"author\" content=\"Redazione\" \/>\n<meta name=\"twitter:card\" content=\"summary_large_image\" \/>\n<meta name=\"twitter:creator\" content=\"@intoscana\" \/>\n<meta name=\"twitter:site\" content=\"@intoscana\" \/>\n<meta name=\"twitter:label1\" content=\"Written by\" \/>\n\t<meta name=\"twitter:data1\" content=\"Redazione\" \/>\n\t<meta name=\"twitter:label2\" content=\"Est. reading time\" \/>\n\t<meta name=\"twitter:data2\" content=\"2 minuti\" \/>\n<script type=\"application\/ld+json\" class=\"yoast-schema-graph\">{\"@context\":\"https:\/\/schema.org\",\"@graph\":[{\"@type\":\"WebPage\",\"@id\":\"https:\/\/www.intoscana.it\/it\/coronavirus-2-345-nuovi-casi-eta-media-51-anni-nove-i-decessi\/\",\"url\":\"https:\/\/www.intoscana.it\/it\/coronavirus-2-345-nuovi-casi-eta-media-51-anni-nove-i-decessi\/\",\"name\":\"Coronavirus: 2.345 nuovi casi, et\u00e0 media 51 anni. Nove i decessi - intoscana\",\"isPartOf\":{\"@id\":\"https:\/\/www.intoscana.it\/it\/#website\"},\"primaryImageOfPage\":{\"@id\":\"https:\/\/www.intoscana.it\/it\/coronavirus-2-345-nuovi-casi-eta-media-51-anni-nove-i-decessi\/#primaryimage\"},\"image\":{\"@id\":\"https:\/\/www.intoscana.it\/it\/coronavirus-2-345-nuovi-casi-eta-media-51-anni-nove-i-decessi\/#primaryimage\"},\"thumbnailUrl\":\"https:\/\/www.intoscana.it\/wp-content\/uploads\/Intoscana-Dati-Coronavirus-19-aprile-e1638022126224.jpeg\",\"datePublished\":\"2022-10-07T07:08:01+00:00\",\"dateModified\":\"2022-10-08T09:47:31+00:00\",\"author\":{\"@id\":\"https:\/\/www.intoscana.it\/it\/#\/schema\/person\/9223810753230f20bd670fdd322661f8\"},\"description\":\"In Toscana risultano oggi 43.705 positivi, +2,7%: sono 326 (2 in pi\u00f9 rispetto a ieri) in ospedale,\u00a013 (1 in meno) in terapia intensiva\",\"breadcrumb\":{\"@id\":\"https:\/\/www.intoscana.it\/it\/coronavirus-2-345-nuovi-casi-eta-media-51-anni-nove-i-decessi\/#breadcrumb\"},\"inLanguage\":\"it-IT\",\"potentialAction\":[{\"@type\":\"ReadAction\",\"target\":[\"https:\/\/www.intoscana.it\/it\/coronavirus-2-345-nuovi-casi-eta-media-51-anni-nove-i-decessi\/\"]}]},{\"@type\":\"ImageObject\",\"inLanguage\":\"it-IT\",\"@id\":\"https:\/\/www.intoscana.it\/it\/coronavirus-2-345-nuovi-casi-eta-media-51-anni-nove-i-decessi\/#primaryimage\",\"url\":\"https:\/\/www.intoscana.it\/wp-content\/uploads\/Intoscana-Dati-Coronavirus-19-aprile-e1638022126224.jpeg\",\"contentUrl\":\"https:\/\/www.intoscana.it\/wp-content\/uploads\/Intoscana-Dati-Coronavirus-19-aprile-e1638022126224.jpeg\",\"width\":1053,\"height\":531,\"caption\":\"Coronavirus\"},{\"@type\":\"BreadcrumbList\",\"@id\":\"https:\/\/www.intoscana.it\/it\/coronavirus-2-345-nuovi-casi-eta-media-51-anni-nove-i-decessi\/#breadcrumb\",\"itemListElement\":[{\"@type\":\"ListItem\",\"position\":1,\"name\":\"Home\",\"item\":\"https:\/\/www.intoscana.it\/it\/\"},{\"@type\":\"ListItem\",\"position\":2,\"name\":\"Coronavirus: 2.345 nuovi casi, et\u00e0 media 51 anni. Nove i decessi\"}]},{\"@type\":\"WebSite\",\"@id\":\"https:\/\/www.intoscana.it\/it\/#website\",\"url\":\"https:\/\/www.intoscana.it\/it\/\",\"name\":\"intoscana\",\"description\":\"\",\"potentialAction\":[{\"@type\":\"SearchAction\",\"target\":{\"@type\":\"EntryPoint\",\"urlTemplate\":\"https:\/\/www.intoscana.it\/it\/?s={search_term_string}\"},\"query-input\":{\"@type\":\"PropertyValueSpecification\",\"valueRequired\":true,\"valueName\":\"search_term_string\"}}],\"inLanguage\":\"it-IT\"},{\"@type\":\"Person\",\"@id\":\"https:\/\/www.intoscana.it\/it\/#\/schema\/person\/9223810753230f20bd670fdd322661f8\",\"name\":\"Redazione\",\"url\":\"https:\/\/www.intoscana.it\/it\/author\/redazione\/\"}]}<\/script>\n<!-- \/ Yoast SEO Premium plugin. -->","yoast_head_json":{"title":"Coronavirus: 2.345 nuovi casi, et\u00e0 media 51 anni. Nove i decessi - intoscana","description":"In Toscana risultano oggi 43.705 positivi, +2,7%: sono 326 (2 in pi\u00f9 rispetto a ieri) in ospedale,\u00a013 (1 in meno) in terapia intensiva","robots":{"index":"index","follow":"follow","max-snippet":"max-snippet:-1","max-image-preview":"max-image-preview:large","max-video-preview":"max-video-preview:-1"},"canonical":"https:\/\/www.intoscana.it\/it\/coronavirus-2-345-nuovi-casi-eta-media-51-anni-nove-i-decessi\/","og_locale":"it_IT","og_type":"article","og_title":"Coronavirus: 2.345 nuovi casi, et\u00e0 media 51 anni. Nove i decessi","og_description":"In Toscana risultano oggi 43.705 positivi, +2,7%: sono 326 (2 in pi\u00f9 rispetto a ieri) in ospedale,\u00a013 (1 in meno) in terapia intensiva","og_url":"https:\/\/www.intoscana.it\/it\/coronavirus-2-345-nuovi-casi-eta-media-51-anni-nove-i-decessi\/","og_site_name":"intoscana","article_publisher":"https:\/\/www.facebook.com\/intoscana.it","article_published_time":"2022-10-07T07:08:01+00:00","article_modified_time":"2022-10-08T09:47:31+00:00","og_image":[{"width":1053,"height":531,"url":"https:\/\/www.intoscana.it\/wp-content\/uploads\/Intoscana-Dati-Coronavirus-19-aprile-e1638022126224.jpeg","type":"image\/jpeg"}],"author":"Redazione","twitter_card":"summary_large_image","twitter_creator":"@intoscana","twitter_site":"@intoscana","twitter_misc":{"Written by":"Redazione","Est. reading time":"2 minuti"},"schema":{"@context":"https:\/\/schema.org","@graph":[{"@type":"WebPage","@id":"https:\/\/www.intoscana.it\/it\/coronavirus-2-345-nuovi-casi-eta-media-51-anni-nove-i-decessi\/","url":"https:\/\/www.intoscana.it\/it\/coronavirus-2-345-nuovi-casi-eta-media-51-anni-nove-i-decessi\/","name":"Coronavirus: 2.345 nuovi casi, et\u00e0 media 51 anni. Nove i decessi - intoscana","isPartOf":{"@id":"https:\/\/www.intoscana.it\/it\/#website"},"primaryImageOfPage":{"@id":"https:\/\/www.intoscana.it\/it\/coronavirus-2-345-nuovi-casi-eta-media-51-anni-nove-i-decessi\/#primaryimage"},"image":{"@id":"https:\/\/www.intoscana.it\/it\/coronavirus-2-345-nuovi-casi-eta-media-51-anni-nove-i-decessi\/#primaryimage"},"thumbnailUrl":"https:\/\/www.intoscana.it\/wp-content\/uploads\/Intoscana-Dati-Coronavirus-19-aprile-e1638022126224.jpeg","datePublished":"2022-10-07T07:08:01+00:00","dateModified":"2022-10-08T09:47:31+00:00","author":{"@id":"https:\/\/www.intoscana.it\/it\/#\/schema\/person\/9223810753230f20bd670fdd322661f8"},"description":"In Toscana risultano oggi 43.705 positivi, +2,7%: sono 326 (2 in pi\u00f9 rispetto a ieri) in ospedale,\u00a013 (1 in meno) in terapia intensiva","breadcrumb":{"@id":"https:\/\/www.intoscana.it\/it\/coronavirus-2-345-nuovi-casi-eta-media-51-anni-nove-i-decessi\/#breadcrumb"},"inLanguage":"it-IT","potentialAction":[{"@type":"ReadAction","target":["https:\/\/www.intoscana.it\/it\/coronavirus-2-345-nuovi-casi-eta-media-51-anni-nove-i-decessi\/"]}]},{"@type":"ImageObject","inLanguage":"it-IT","@id":"https:\/\/www.intoscana.it\/it\/coronavirus-2-345-nuovi-casi-eta-media-51-anni-nove-i-decessi\/#primaryimage","url":"https:\/\/www.intoscana.it\/wp-content\/uploads\/Intoscana-Dati-Coronavirus-19-aprile-e1638022126224.jpeg","contentUrl":"https:\/\/www.intoscana.it\/wp-content\/uploads\/Intoscana-Dati-Coronavirus-19-aprile-e1638022126224.jpeg","width":1053,"height":531,"caption":"Coronavirus"},{"@type":"BreadcrumbList","@id":"https:\/\/www.intoscana.it\/it\/coronavirus-2-345-nuovi-casi-eta-media-51-anni-nove-i-decessi\/#breadcrumb","itemListElement":[{"@type":"ListItem","position":1,"name":"Home","item":"https:\/\/www.intoscana.it\/it\/"},{"@type":"ListItem","position":2,"name":"Coronavirus: 2.345 nuovi casi, et\u00e0 media 51 anni. Nove i decessi"}]},{"@type":"WebSite","@id":"https:\/\/www.intoscana.it\/it\/#website","url":"https:\/\/www.intoscana.it\/it\/","name":"intoscana","description":"","potentialAction":[{"@type":"SearchAction","target":{"@type":"EntryPoint","urlTemplate":"https:\/\/www.intoscana.it\/it\/?s={search_term_string}"},"query-input":{"@type":"PropertyValueSpecification","valueRequired":true,"valueName":"search_term_string"}}],"inLanguage":"it-IT"},{"@type":"Person","@id":"https:\/\/www.intoscana.it\/it\/#\/schema\/person\/9223810753230f20bd670fdd322661f8","name":"Redazione","url":"https:\/\/www.intoscana.it\/it\/author\/redazione\/"}]}},"_links":{"self":[{"href":"https:\/\/www.intoscana.it\/it\/wp-json\/wp\/v2\/posts\/251539","targetHints":{"allow":["GET"]}}],"collection":[{"href":"https:\/\/www.intoscana.it\/it\/wp-json\/wp\/v2\/posts"}],"about":[{"href":"https:\/\/www.intoscana.it\/it\/wp-json\/wp\/v2\/types\/post"}],"author":[{"embeddable":true,"href":"https:\/\/www.intoscana.it\/it\/wp-json\/wp\/v2\/users\/525"}],"replies":[{"embeddable":true,"href":"https:\/\/www.intoscana.it\/it\/wp-json\/wp\/v2\/comments?post=251539"}],"version-history":[{"count":0,"href":"https:\/\/www.intoscana.it\/it\/wp-json\/wp\/v2\/posts\/251539\/revisions"}],"wp:featuredmedia":[{"embeddable":true,"href":"https:\/\/www.intoscana.it\/it\/wp-json\/wp\/v2\/media\/174112"}],"wp:attachment":[{"href":"https:\/\/www.intoscana.it\/it\/wp-json\/wp\/v2\/media?parent=251539"}],"wp:term":[{"taxonomy":"category","embeddable":true,"href":"https:\/\/www.intoscana.it\/it\/wp-json\/wp\/v2\/categories?post=251539"},{"taxonomy":"post_tag","embeddable":true,"href":"https:\/\/www.intoscana.it\/it\/wp-json\/wp\/v2\/tags?post=251539"}],"curies":[{"name":"wp","href":"https:\/\/api.w.org\/{rel}","templated":true}]}}