{"id":251823,"date":"2022-10-09T19:49:05","date_gmt":"2022-10-09T17:49:05","guid":{"rendered":"https:\/\/www.intoscana.it\/it\/?p=251823"},"modified":"2022-10-09T19:55:59","modified_gmt":"2022-10-09T17:55:59","slug":"internet-festival-bilancio-edizione-2022","status":"publish","type":"post","link":"https:\/\/www.intoscana.it\/it\/internet-festival-bilancio-edizione-2022\/","title":{"rendered":"Cala il sipario su Internet Festival. Dal Metaverso agli NFT, il futuro si scrive a Pisa"},"content":{"rendered":"<p>Un salto nel domani e una riflessione sull&#8217;oggi:<strong> Internet Festival<\/strong> ha chiuso i battenti a Pisa con una giornata dedicata al <strong>Metaverso<\/strong> ma anche allo<strong> sport<\/strong>. Spazio dunque ai\u00a0parastinchi intelligenti, progettati da Soccerment e l\u2019incontro con gli atleti paralimpici <strong>Matteo Betti<\/strong> (schermidore), <strong>Chantal Pistelli<\/strong> (surf), e con <strong>Francesco Martinelli<\/strong>, Ct Spada squadra paralimpica nazionale.<\/p>\n<p>E poi l&#8217;attenzione sul Metaverso, un universo digitale alternativo in grado di rinnovare il modo in cui viviamo, lavoriamo e giochiamo. Una vera e propria convergenza della vita fisica e digitale. Un viaggio chiamato futuro che si snoda nel presente. Cos\u00ec nella quattro giorni c&#8217;\u00e8 stato modo di presentare\u00a0ologrammi pensati per accompagnarci nella sfida per la sostenibilit\u00e0,<strong><a href=\"https:\/\/www.intoscana.it\/it\/dettaglio-video\/tecnomagia-vincenzo-susca\/\" target=\"_blank\" rel=\"noopener\"> tecnomaghi<\/a><\/strong>, degustazioni multisensoriali, droni al servizio del territorio, agricoltura di precisione e mecenati virtuali.<\/p>\n<h3><strong>Giani: &#8220;Inserire il diritto alla connettivit\u00e0 nello Statuto della Regione Toscana&#8221;<\/strong><\/h3>\n<p>Dibattito ma anche riflessione politica. E&#8217; stato lo stesso governatore della Toscana <strong>Eugenio Gian<\/strong>i a ribadire la necessit\u00e0 di inserire il<a href=\"https:\/\/www.intoscana.it\/it\/dettaglio-video\/diritto-alla-connettivita-regione-e-infratel-porteranno-il-wi-fi-in-tutta-la-toscana\/\" target=\"_blank\" rel=\"noopener\"> <strong>diritto alla connettivit\u00e0<\/strong><\/a> nello Statuto della Regione Toscana. <em>&#8220;Va considerato a pieno titolo tra quelli ritenuti ormai fondamentali per garantire un adeguato livello di vita di comunit\u00e0-<\/em> ha detto &#8212; d<em>el resto si tratta di una delle esigenze pi\u00f9 sentite dai cittadini&#8221;<\/em>.<\/p>\n<p>Tra i temi cardine della 12\/a edizione c&#8217;\u00e8 stato poi il contrasto all\u2019<strong>Infodemia<\/strong>, ovvero la sovrabbondanza di informazioni, che secondo il responsabile del Center of Data Science and Complexity for Society della Sapienza di Roma <strong>Walter Quattrociocchi<\/strong> \u00e8 <em>\u201cpi\u00f9 pericolosa delle fake news\u201d<\/em>.<\/p>\n<p><em>&#8220;La tutela del pluralismo in Italia e in Europa<\/em> \u2013 aggiunge la commissaria AgCom <strong>Elisa Giomi<\/strong> &#8211; <em>\u00e8 giunta a un crocevia: in Europa si tende a far coincidere il pluralismo di voci con la pluralit\u00e0 degli attori economici. E&#8217; un assunto fallace: ci possono essere molti attori economici a cui non corrisponde una reale diversit\u00e0 di fonti, opinioni, punti di vista e orientamenti culturali. Viceversa una concentrazione di media non significa necessariamente mancanza di pluralismo di fonti e idee. Il pluralismo \u00e8 principalmente la diversificazione degli orientamenti culturali, anche contrastanti\u201d.<\/em><\/p>\n<h3><strong>Gli ospiti: Monica Guerritore ha presentato il progetto &#8220;Mecenati&#8221;<\/strong><\/h3>\n<p>Tra i protagonisti di IF2022 <a href=\"https:\/\/www.intoscana.it\/it\/dettaglio-video\/monica-guerritore-a-internet-festival-la-rivoluzione-a-teatro-parte-dai-token-ntt\/\" target=\"_blank\" rel=\"noopener\"><strong>Monica Guerritore<\/strong><\/a>, attrice e sceneggiatrice arrivata a Pisa per presentare in anteprima nazionale il progetto Mecenati, con il primo token NTT. Lo scrittore<a href=\"https:\/\/www.intoscana.it\/it\/dettaglio-video\/paolo-nori-intervista-internet-festival\/\" target=\"_blank\" rel=\"noopener\"><strong> Paolo Nori<\/strong> <\/a>ha emozionato un\u2019affollata sala al Centro Congressi Le Benedettine con la sua masterclass &#8220;Chi ha paura di Dostoevskij&#8221;.<\/p>\n<p>Partecipati anche gli appuntamenti della sezione <strong>Book(e)Book<\/strong> quest\u2019anno ospitata nello spazio OpenPi in piazza Vittorio Emanuele II: posti in piedi per gli incontri con <strong>Emilio Mola<\/strong>, uno dei commentatori politici pi\u00f9 seguiti sui social; i filosofi <strong>Maura Gancitano<\/strong> e<strong> Andrea Colamedici<\/strong>, e la \u201crockstar della fisica\u201d <strong>Gabriella Greison.<\/strong> Tra gli ospiti pi\u00f9 attesi il professore<strong> Giuseppe Remuzzi<\/strong> e i giuristi <strong>Caterina Flick<\/strong> e <strong>Giovanni Maria Flick.<\/strong><\/p>\n<p>Ad allargare la prospettiva sul futuro The next big things, giornata di studi ospitata dal Cnr, con le voci di <strong>Anna Grassellino<\/strong>, scienziata italiana incaricata dal governo USA di realizzare il computer quantistico pi\u00f9 potente al mondo, Yoshua Bengio, vincitore nel 2018 del Turing Award, il \u201cNobel\u201d dell\u2019informatica, Maria Chiara Carrozza presidente nazionale del Cnr.<\/p>\n<h3><strong>La staffetta inclusiva\u00a0<\/strong><\/h3>\n<p>#Inclusione, #attivismo e #genere sono state le parole chiave della Staffetta inclusive alla Gipsoteca dell\u2019Arte Antica dell\u2019Universit\u00e0 di Pisa a cui hanno partecipato, gli altri, la filosofa Maura Gancitano, la scrittrice e imprenditrice queer Francesca Cavallo, Fabrizio Acanfora, attivista impegnato a sostegno della cultura dell\u2019inclusione, e la neoeletta deputata Ouidad Bakkali, da sempre vicina ai temi dei diritti civili e sociali.<\/p>\n<p>Al Cinema Arsenale, sala piena per l\u2019incontro con Francesca Mannocchi che ha parlato della sua esperienza di giornalista in prima linea e grande curiosit\u00e0 tra il pubblico pi\u00f9 giovane per l\u2019arrivo di Phaim Bhuiyan, regista del film e della serie televisiva \u201cBangla\u201d, e di Eugenio Cesaro, frontman degli \u201cEugenio in via di Gioia\u201d, che ha presentato la web serie green \u201cIntorno al Futuro\u201d. Pubblico delle grandi occasioni al Cinema Lumi\u00e8re per Un bel niente, un film di Davide Barbafiera, e lo spettacolo Vita e calcoli di Leonardo Pisano, detto Fibonacci, prodotto da Internet Festival e I Sacchi di Sabbia, con il sostegno di Mic e Regione Toscana, con la partecipazione delle attrici e degli attori in detenzione della Scuola di Teatro della Casa Circondariale Don Bosco. E tutto esaurito per la lunga notte techno al Deposito Pontecorvo, per il closing party \u201cVerso l\u2019aurora digitale\u201d.<\/p>\n<h3><strong>Il gusto e il cibo del futuro<\/strong><\/h3>\n<p>Sold out anche per gli appuntamenti dedicati al gusto, per scoprire il cibo del futuro, tra prodotti dotati di certificati blindati in blockchain e sensori in grado di catturare le reazioni fisiche ed emotive a una degustazione enologica.<\/p>\n<p>Un successo oltre ogni previsione per la sezione<strong> T-Tour<\/strong>, che nei quattro giorni del festival ha visto i<strong>l Centro Congressi Le Benedettine<\/strong> preso d\u2019assalto da tantissimi studenti e professori (provenienti anche da fuori Toscana) e moltissime famiglie.<\/p>\n<p>Un palinsesto di laboratori, workshop, conferenze interattive che ha visto la partecipazione di<a href=\"https:\/\/www.intoscana.it\/it\/dettaglio-video\/influencer-e-attivisti-digitali-la-generazione-z-si-confronta-a-internet-festival-2022\/\" target=\"_blank\" rel=\"noopener\"> <strong>Bernard Dika<\/strong><\/a>, consigliere del presidente della Regione Toscana per le politiche giovanili, e alcuni degli influencer pi\u00f9 seguiti dalla Gen Z: l\u2019attivista Diletta Bellotti, il wine influencer Stefano Quaglierini, e il fiorentino Wikipedro. \u201cL\u2019imperfezione \u00e8 autenticit\u00e0, la verit\u00e0 \u00e8 imperfetta\u201d, chiosa quest\u2019ultimo.<\/p>\n<p>Gli appuntamenti di IF2022 proseguiranno online fino a dicembre. Tutto il programma sul sito www.internetfestival.it<\/p>\n","protected":false},"excerpt":{"rendered":"<p>Istituzioni, attivisti, influencer, comunicatori e mondo della ricerca si sono incontrati alla manifestazione promossa dalla Regione Toscana.\u00a0 Decine di ospiti internazionali hanno partecipato al dibattito diffuso in citt\u00e0.\u00a0Grande partecipazione del pubblico, decine di scuole da tutta Italia per i laboratori interattivi<\/p>\n","protected":false},"author":525,"featured_media":185976,"comment_status":"open","ping_status":"open","sticky":false,"template":"","format":"standard","meta":{"_acf_changed":false,"footnotes":""},"categories":[475],"tags":[4568,176,151],"class_list":["post-251823","post","type-post","status-publish","format-standard","has-post-thumbnail","hentry","category-innovazione","tag-digitale","tag-internet-festival","tag-regione-toscana"],"acf":[],"yoast_head":"<!-- This site is optimized with the Yoast SEO Premium plugin v24.2 (Yoast SEO v25.6) - https:\/\/yoast.com\/wordpress\/plugins\/seo\/ -->\n<title>Cala il sipario su Internet Festival. Dal Metaverso agli NFT, il futuro si scrive a Pisa - intoscana<\/title>\n<meta name=\"description\" content=\"Il bilancio dell&#039;edizione 2022 di Internet Festival che ha visto dibattere a Pisa decine di ospiti, dalle istituzioni agli influencer.\" \/>\n<meta name=\"robots\" content=\"index, follow, max-snippet:-1, max-image-preview:large, max-video-preview:-1\" \/>\n<link rel=\"canonical\" href=\"https:\/\/www.intoscana.it\/it\/internet-festival-bilancio-edizione-2022\/\" \/>\n<meta property=\"og:locale\" content=\"it_IT\" \/>\n<meta property=\"og:type\" content=\"article\" \/>\n<meta property=\"og:title\" content=\"Cala il sipario su Internet Festival. Dal Metaverso agli NFT, il futuro si scrive a Pisa\" \/>\n<meta property=\"og:description\" content=\"Il bilancio dell&#039;edizione 2022 di Internet Festival che ha visto dibattere a Pisa decine di ospiti, dalle istituzioni agli influencer.\" \/>\n<meta property=\"og:url\" content=\"https:\/\/www.intoscana.it\/it\/internet-festival-bilancio-edizione-2022\/\" \/>\n<meta property=\"og:site_name\" content=\"intoscana\" \/>\n<meta property=\"article:publisher\" content=\"https:\/\/www.facebook.com\/intoscana.it\" \/>\n<meta property=\"article:published_time\" content=\"2022-10-09T17:49:05+00:00\" \/>\n<meta property=\"article:modified_time\" content=\"2022-10-09T17:55:59+00:00\" \/>\n<meta property=\"og:image\" content=\"https:\/\/www.intoscana.it\/wp-content\/uploads\/Realta\u0300-aumentata-My-name-is-Yanick-Unsplash.jpg\" \/>\n\t<meta property=\"og:image:width\" content=\"1920\" \/>\n\t<meta property=\"og:image:height\" content=\"1280\" \/>\n\t<meta property=\"og:image:type\" content=\"image\/jpeg\" \/>\n<meta name=\"author\" content=\"Redazione\" \/>\n<meta name=\"twitter:card\" content=\"summary_large_image\" \/>\n<meta name=\"twitter:creator\" content=\"@intoscana\" \/>\n<meta name=\"twitter:site\" content=\"@intoscana\" \/>\n<meta name=\"twitter:label1\" content=\"Written by\" \/>\n\t<meta name=\"twitter:data1\" content=\"Redazione\" \/>\n\t<meta name=\"twitter:label2\" content=\"Est. reading time\" \/>\n\t<meta name=\"twitter:data2\" content=\"4 minuti\" \/>\n<script type=\"application\/ld+json\" class=\"yoast-schema-graph\">{\"@context\":\"https:\/\/schema.org\",\"@graph\":[{\"@type\":\"WebPage\",\"@id\":\"https:\/\/www.intoscana.it\/it\/internet-festival-bilancio-edizione-2022\/\",\"url\":\"https:\/\/www.intoscana.it\/it\/internet-festival-bilancio-edizione-2022\/\",\"name\":\"Cala il sipario su Internet Festival. Dal Metaverso agli NFT, il futuro si scrive a Pisa - intoscana\",\"isPartOf\":{\"@id\":\"https:\/\/www.intoscana.it\/it\/#website\"},\"primaryImageOfPage\":{\"@id\":\"https:\/\/www.intoscana.it\/it\/internet-festival-bilancio-edizione-2022\/#primaryimage\"},\"image\":{\"@id\":\"https:\/\/www.intoscana.it\/it\/internet-festival-bilancio-edizione-2022\/#primaryimage\"},\"thumbnailUrl\":\"https:\/\/www.intoscana.it\/wp-content\/uploads\/Realta\u0300-aumentata-My-name-is-Yanick-Unsplash.jpg\",\"datePublished\":\"2022-10-09T17:49:05+00:00\",\"dateModified\":\"2022-10-09T17:55:59+00:00\",\"author\":{\"@id\":\"https:\/\/www.intoscana.it\/it\/#\/schema\/person\/9223810753230f20bd670fdd322661f8\"},\"description\":\"Il bilancio dell'edizione 2022 di Internet Festival che ha visto dibattere a Pisa decine di ospiti, dalle istituzioni agli influencer.\",\"breadcrumb\":{\"@id\":\"https:\/\/www.intoscana.it\/it\/internet-festival-bilancio-edizione-2022\/#breadcrumb\"},\"inLanguage\":\"it-IT\",\"potentialAction\":[{\"@type\":\"ReadAction\",\"target\":[\"https:\/\/www.intoscana.it\/it\/internet-festival-bilancio-edizione-2022\/\"]}]},{\"@type\":\"ImageObject\",\"inLanguage\":\"it-IT\",\"@id\":\"https:\/\/www.intoscana.it\/it\/internet-festival-bilancio-edizione-2022\/#primaryimage\",\"url\":\"https:\/\/www.intoscana.it\/wp-content\/uploads\/Realta\u0300-aumentata-My-name-is-Yanick-Unsplash.jpg\",\"contentUrl\":\"https:\/\/www.intoscana.it\/wp-content\/uploads\/Realta\u0300-aumentata-My-name-is-Yanick-Unsplash.jpg\",\"width\":1920,\"height\":1280,\"caption\":\"Realta\u0300 aumentata\"},{\"@type\":\"BreadcrumbList\",\"@id\":\"https:\/\/www.intoscana.it\/it\/internet-festival-bilancio-edizione-2022\/#breadcrumb\",\"itemListElement\":[{\"@type\":\"ListItem\",\"position\":1,\"name\":\"Home\",\"item\":\"https:\/\/www.intoscana.it\/it\/\"},{\"@type\":\"ListItem\",\"position\":2,\"name\":\"Cala il sipario su Internet Festival. Dal Metaverso agli NFT, il futuro si scrive a Pisa\"}]},{\"@type\":\"WebSite\",\"@id\":\"https:\/\/www.intoscana.it\/it\/#website\",\"url\":\"https:\/\/www.intoscana.it\/it\/\",\"name\":\"intoscana\",\"description\":\"\",\"potentialAction\":[{\"@type\":\"SearchAction\",\"target\":{\"@type\":\"EntryPoint\",\"urlTemplate\":\"https:\/\/www.intoscana.it\/it\/?s={search_term_string}\"},\"query-input\":{\"@type\":\"PropertyValueSpecification\",\"valueRequired\":true,\"valueName\":\"search_term_string\"}}],\"inLanguage\":\"it-IT\"},{\"@type\":\"Person\",\"@id\":\"https:\/\/www.intoscana.it\/it\/#\/schema\/person\/9223810753230f20bd670fdd322661f8\",\"name\":\"Redazione\",\"url\":\"https:\/\/www.intoscana.it\/it\/author\/redazione\/\"}]}<\/script>\n<!-- \/ Yoast SEO Premium plugin. -->","yoast_head_json":{"title":"Cala il sipario su Internet Festival. Dal Metaverso agli NFT, il futuro si scrive a Pisa - intoscana","description":"Il bilancio dell'edizione 2022 di Internet Festival che ha visto dibattere a Pisa decine di ospiti, dalle istituzioni agli influencer.","robots":{"index":"index","follow":"follow","max-snippet":"max-snippet:-1","max-image-preview":"max-image-preview:large","max-video-preview":"max-video-preview:-1"},"canonical":"https:\/\/www.intoscana.it\/it\/internet-festival-bilancio-edizione-2022\/","og_locale":"it_IT","og_type":"article","og_title":"Cala il sipario su Internet Festival. Dal Metaverso agli NFT, il futuro si scrive a Pisa","og_description":"Il bilancio dell'edizione 2022 di Internet Festival che ha visto dibattere a Pisa decine di ospiti, dalle istituzioni agli influencer.","og_url":"https:\/\/www.intoscana.it\/it\/internet-festival-bilancio-edizione-2022\/","og_site_name":"intoscana","article_publisher":"https:\/\/www.facebook.com\/intoscana.it","article_published_time":"2022-10-09T17:49:05+00:00","article_modified_time":"2022-10-09T17:55:59+00:00","og_image":[{"width":1920,"height":1280,"url":"https:\/\/www.intoscana.it\/wp-content\/uploads\/Realta\u0300-aumentata-My-name-is-Yanick-Unsplash.jpg","type":"image\/jpeg"}],"author":"Redazione","twitter_card":"summary_large_image","twitter_creator":"@intoscana","twitter_site":"@intoscana","twitter_misc":{"Written by":"Redazione","Est. reading time":"4 minuti"},"schema":{"@context":"https:\/\/schema.org","@graph":[{"@type":"WebPage","@id":"https:\/\/www.intoscana.it\/it\/internet-festival-bilancio-edizione-2022\/","url":"https:\/\/www.intoscana.it\/it\/internet-festival-bilancio-edizione-2022\/","name":"Cala il sipario su Internet Festival. Dal Metaverso agli NFT, il futuro si scrive a Pisa - intoscana","isPartOf":{"@id":"https:\/\/www.intoscana.it\/it\/#website"},"primaryImageOfPage":{"@id":"https:\/\/www.intoscana.it\/it\/internet-festival-bilancio-edizione-2022\/#primaryimage"},"image":{"@id":"https:\/\/www.intoscana.it\/it\/internet-festival-bilancio-edizione-2022\/#primaryimage"},"thumbnailUrl":"https:\/\/www.intoscana.it\/wp-content\/uploads\/Realta\u0300-aumentata-My-name-is-Yanick-Unsplash.jpg","datePublished":"2022-10-09T17:49:05+00:00","dateModified":"2022-10-09T17:55:59+00:00","author":{"@id":"https:\/\/www.intoscana.it\/it\/#\/schema\/person\/9223810753230f20bd670fdd322661f8"},"description":"Il bilancio dell'edizione 2022 di Internet Festival che ha visto dibattere a Pisa decine di ospiti, dalle istituzioni agli influencer.","breadcrumb":{"@id":"https:\/\/www.intoscana.it\/it\/internet-festival-bilancio-edizione-2022\/#breadcrumb"},"inLanguage":"it-IT","potentialAction":[{"@type":"ReadAction","target":["https:\/\/www.intoscana.it\/it\/internet-festival-bilancio-edizione-2022\/"]}]},{"@type":"ImageObject","inLanguage":"it-IT","@id":"https:\/\/www.intoscana.it\/it\/internet-festival-bilancio-edizione-2022\/#primaryimage","url":"https:\/\/www.intoscana.it\/wp-content\/uploads\/Realta\u0300-aumentata-My-name-is-Yanick-Unsplash.jpg","contentUrl":"https:\/\/www.intoscana.it\/wp-content\/uploads\/Realta\u0300-aumentata-My-name-is-Yanick-Unsplash.jpg","width":1920,"height":1280,"caption":"Realta\u0300 aumentata"},{"@type":"BreadcrumbList","@id":"https:\/\/www.intoscana.it\/it\/internet-festival-bilancio-edizione-2022\/#breadcrumb","itemListElement":[{"@type":"ListItem","position":1,"name":"Home","item":"https:\/\/www.intoscana.it\/it\/"},{"@type":"ListItem","position":2,"name":"Cala il sipario su Internet Festival. Dal Metaverso agli NFT, il futuro si scrive a Pisa"}]},{"@type":"WebSite","@id":"https:\/\/www.intoscana.it\/it\/#website","url":"https:\/\/www.intoscana.it\/it\/","name":"intoscana","description":"","potentialAction":[{"@type":"SearchAction","target":{"@type":"EntryPoint","urlTemplate":"https:\/\/www.intoscana.it\/it\/?s={search_term_string}"},"query-input":{"@type":"PropertyValueSpecification","valueRequired":true,"valueName":"search_term_string"}}],"inLanguage":"it-IT"},{"@type":"Person","@id":"https:\/\/www.intoscana.it\/it\/#\/schema\/person\/9223810753230f20bd670fdd322661f8","name":"Redazione","url":"https:\/\/www.intoscana.it\/it\/author\/redazione\/"}]}},"_links":{"self":[{"href":"https:\/\/www.intoscana.it\/it\/wp-json\/wp\/v2\/posts\/251823","targetHints":{"allow":["GET"]}}],"collection":[{"href":"https:\/\/www.intoscana.it\/it\/wp-json\/wp\/v2\/posts"}],"about":[{"href":"https:\/\/www.intoscana.it\/it\/wp-json\/wp\/v2\/types\/post"}],"author":[{"embeddable":true,"href":"https:\/\/www.intoscana.it\/it\/wp-json\/wp\/v2\/users\/525"}],"replies":[{"embeddable":true,"href":"https:\/\/www.intoscana.it\/it\/wp-json\/wp\/v2\/comments?post=251823"}],"version-history":[{"count":0,"href":"https:\/\/www.intoscana.it\/it\/wp-json\/wp\/v2\/posts\/251823\/revisions"}],"wp:featuredmedia":[{"embeddable":true,"href":"https:\/\/www.intoscana.it\/it\/wp-json\/wp\/v2\/media\/185976"}],"wp:attachment":[{"href":"https:\/\/www.intoscana.it\/it\/wp-json\/wp\/v2\/media?parent=251823"}],"wp:term":[{"taxonomy":"category","embeddable":true,"href":"https:\/\/www.intoscana.it\/it\/wp-json\/wp\/v2\/categories?post=251823"},{"taxonomy":"post_tag","embeddable":true,"href":"https:\/\/www.intoscana.it\/it\/wp-json\/wp\/v2\/tags?post=251823"}],"curies":[{"name":"wp","href":"https:\/\/api.w.org\/{rel}","templated":true}]}}