{"id":251863,"date":"2022-10-10T10:01:07","date_gmt":"2022-10-10T08:01:07","guid":{"rendered":"https:\/\/www.intoscana.it\/it\/?p=251863"},"modified":"2022-10-10T10:03:10","modified_gmt":"2022-10-10T08:03:10","slug":"covid-19-toscana-3","status":"publish","type":"post","link":"https:\/\/www.intoscana.it\/it\/covid-19-toscana-3\/","title":{"rendered":"Coronavirus: 581 nuovi casi, et\u00e0 media 55 anni. Un decesso"},"content":{"rendered":"<p>Sono <strong>581 i nuovi casi di Covid-19<\/strong> registrati nelle ultime ventiquattro ore in Toscana: 166 sono stati confermati con tampone molecolare e gli altri 415 con test rapido. Et\u00e0 media 55 anni.<\/p>\n<p><strong>Il numero dei contagiati<\/strong> rilevati nella regione dall&#8217;inizio della pandemia sale dunque a <strong>1.426.086<\/strong>. I nuovi casi sono lo 0,04% in pi\u00f9 rispetto al totale del giorno precedente. <strong>I guariti<\/strong> crescono dello 0,03% (470 persone) e raggiungono <strong>quota 1.369.409<\/strong> (96% dei casi totali).<\/p>\n<p>Al momento <strong>in Toscana<\/strong> risultano <strong>45.845 positivi<\/strong>, +0,2% rispetto a ieri. Di questi 387 (18 in pi\u00f9 rispetto a ieri) sono ricoverati in ospedale: 18 (2 in pi\u00f9) si trovano in terapia intensiva.<\/p>\n<p><strong>In 45.458 sono in isolamento<\/strong> a casa, perch\u00e9 presentano sintomi lievi che non richiedono cure ospedaliere o risultano prive di sintomi (92 in pi\u00f9 rispetto a ieri, pi\u00f9 0,2%).<\/p>\n<p>Dall&#8217;ultimo bollettino quotidiano sono stati eseguiti <strong>505 tamponi molecolari<\/strong> e <strong>3.053 tamponi antigenici rapidi<\/strong>: di questi il 16,3% \u00e8 risultato positivo. Sono invece 918 i soggetti testati, escludendo i tamponi di controllo: il 63,3% di questi \u00e8 risultato positivo.<\/p>\n<h3>L&#8217;andamento per provincia<\/h3>\n<p>Con gli ultimi casi salgono a <strong>387.484 i positivi dall&#8217;inizio dell&#8217;emergenza<\/strong> nei comuni della Citt\u00e0 metropolitana di Firenze (107 in pi\u00f9 rispetto a ieri), 94.971 in provincia di Prato (42 in pi\u00f9), 112.375 a Pistoia (76 in pi\u00f9), 72.010 a Massa Carrara (39 in pi\u00f9), 152.435 a Lucca (68 in pi\u00f9), 165.364 a Pisa (30 in pi\u00f9), 129.328 a Livorno (62 in pi\u00f9), 130.091 ad Arezzo (65 in pi\u00f9), 102.703 a Siena (49 in pi\u00f9) e 78.770 a Grosseto (43 in pi\u00f9). A questi vanno aggiunti 555 casi di positivit\u00e0 notificati in Toscana ma che riguardano residenti in altre regioni.<\/p>\n<h3>L&#8217;andamento dei decessi<\/h3>\n<p>La lista dei decessi si aggiorna con <strong>1 nuovo decesso<\/strong>: una donna di 74 anni residente nella provincia di Livorno.<\/p>\n<p>Sono <strong>10.832 i deceduti dall&#8217;inizio dell&#8217;epidemia<\/strong>: 3.410 nella Citt\u00e0 metropolitana di Firenze, 882 in provincia di Prato, 975 a Pistoia, 685 a Massa Carrara, 1.013 a Lucca, 1.217 a Pisa, 816 a Livorno, 699 ad Arezzo, 576 a Siena, 405 a Grosseto. Vanno aggiunte 154 persone decedute sul suolo toscano ma erano residenti fuori regione.<\/p>\n","protected":false},"excerpt":{"rendered":"<p>In Toscana risultano 45.845 positivi: 387 pazienti Covid-19 (18 in pi\u00f9 rispetto a ieri) sono in ospedale, 18 (2 in pi\u00f9) in terapia intensiva<\/p>\n","protected":false},"author":525,"featured_media":202280,"comment_status":"open","ping_status":"open","sticky":false,"template":"","format":"standard","meta":{"_acf_changed":false,"footnotes":""},"categories":[494],"tags":[418],"class_list":["post-251863","post","type-post","status-publish","format-standard","has-post-thumbnail","hentry","category-attualita","tag-covid-19"],"acf":[],"yoast_head":"<!-- This site is optimized with the Yoast SEO Premium plugin v24.2 (Yoast SEO v25.6) - https:\/\/yoast.com\/wordpress\/plugins\/seo\/ -->\n<title>Coronavirus: 581 nuovi casi, et\u00e0 media 55 anni. Un decesso - intoscana<\/title>\n<meta name=\"description\" content=\"In Toscana risultano 45.845 positivi: 387 pazienti Covid-19 (18 in pi\u00f9 rispetto a ieri) sono in ospedale, 18 (2 in pi\u00f9) in terapia intensiva\" \/>\n<meta name=\"robots\" content=\"index, follow, max-snippet:-1, max-image-preview:large, max-video-preview:-1\" \/>\n<link rel=\"canonical\" href=\"https:\/\/www.intoscana.it\/it\/covid-19-toscana-3\/\" \/>\n<meta property=\"og:locale\" content=\"it_IT\" \/>\n<meta property=\"og:type\" content=\"article\" \/>\n<meta property=\"og:title\" content=\"Coronavirus: 581 nuovi casi, et\u00e0 media 55 anni. Un decesso\" \/>\n<meta property=\"og:description\" content=\"In Toscana risultano 45.845 positivi: 387 pazienti Covid-19 (18 in pi\u00f9 rispetto a ieri) sono in ospedale, 18 (2 in pi\u00f9) in terapia intensiva\" \/>\n<meta property=\"og:url\" content=\"https:\/\/www.intoscana.it\/it\/covid-19-toscana-3\/\" \/>\n<meta property=\"og:site_name\" content=\"intoscana\" \/>\n<meta property=\"article:publisher\" content=\"https:\/\/www.facebook.com\/intoscana.it\" \/>\n<meta property=\"article:published_time\" content=\"2022-10-10T08:01:07+00:00\" \/>\n<meta property=\"article:modified_time\" content=\"2022-10-10T08:03:10+00:00\" \/>\n<meta property=\"og:image\" content=\"https:\/\/www.intoscana.it\/wp-content\/uploads\/PFI_0679-scaled.jpg\" \/>\n\t<meta property=\"og:image:width\" content=\"2048\" \/>\n\t<meta property=\"og:image:height\" content=\"1363\" \/>\n\t<meta property=\"og:image:type\" content=\"image\/jpeg\" \/>\n<meta name=\"author\" content=\"Redazione\" \/>\n<meta name=\"twitter:card\" content=\"summary_large_image\" \/>\n<meta name=\"twitter:creator\" content=\"@intoscana\" \/>\n<meta name=\"twitter:site\" content=\"@intoscana\" \/>\n<meta name=\"twitter:label1\" content=\"Written by\" \/>\n\t<meta name=\"twitter:data1\" content=\"Redazione\" \/>\n\t<meta name=\"twitter:label2\" content=\"Est. reading time\" \/>\n\t<meta name=\"twitter:data2\" content=\"1 minuto\" \/>\n<script type=\"application\/ld+json\" class=\"yoast-schema-graph\">{\"@context\":\"https:\/\/schema.org\",\"@graph\":[{\"@type\":\"WebPage\",\"@id\":\"https:\/\/www.intoscana.it\/it\/covid-19-toscana-3\/\",\"url\":\"https:\/\/www.intoscana.it\/it\/covid-19-toscana-3\/\",\"name\":\"Coronavirus: 581 nuovi casi, et\u00e0 media 55 anni. Un decesso - intoscana\",\"isPartOf\":{\"@id\":\"https:\/\/www.intoscana.it\/it\/#website\"},\"primaryImageOfPage\":{\"@id\":\"https:\/\/www.intoscana.it\/it\/covid-19-toscana-3\/#primaryimage\"},\"image\":{\"@id\":\"https:\/\/www.intoscana.it\/it\/covid-19-toscana-3\/#primaryimage\"},\"thumbnailUrl\":\"https:\/\/www.intoscana.it\/wp-content\/uploads\/PFI_0679-scaled.jpg\",\"datePublished\":\"2022-10-10T08:01:07+00:00\",\"dateModified\":\"2022-10-10T08:03:10+00:00\",\"author\":{\"@id\":\"https:\/\/www.intoscana.it\/it\/#\/schema\/person\/9223810753230f20bd670fdd322661f8\"},\"description\":\"In Toscana risultano 45.845 positivi: 387 pazienti Covid-19 (18 in pi\u00f9 rispetto a ieri) sono in ospedale, 18 (2 in pi\u00f9) in terapia intensiva\",\"breadcrumb\":{\"@id\":\"https:\/\/www.intoscana.it\/it\/covid-19-toscana-3\/#breadcrumb\"},\"inLanguage\":\"it-IT\",\"potentialAction\":[{\"@type\":\"ReadAction\",\"target\":[\"https:\/\/www.intoscana.it\/it\/covid-19-toscana-3\/\"]}]},{\"@type\":\"ImageObject\",\"inLanguage\":\"it-IT\",\"@id\":\"https:\/\/www.intoscana.it\/it\/covid-19-toscana-3\/#primaryimage\",\"url\":\"https:\/\/www.intoscana.it\/wp-content\/uploads\/PFI_0679-scaled.jpg\",\"contentUrl\":\"https:\/\/www.intoscana.it\/wp-content\/uploads\/PFI_0679-scaled.jpg\",\"width\":2048,\"height\":1363,\"caption\":\"Vaccinazione anti-Covid\"},{\"@type\":\"BreadcrumbList\",\"@id\":\"https:\/\/www.intoscana.it\/it\/covid-19-toscana-3\/#breadcrumb\",\"itemListElement\":[{\"@type\":\"ListItem\",\"position\":1,\"name\":\"Home\",\"item\":\"https:\/\/www.intoscana.it\/it\/\"},{\"@type\":\"ListItem\",\"position\":2,\"name\":\"Coronavirus: 581 nuovi casi, et\u00e0 media 55 anni. Un decesso\"}]},{\"@type\":\"WebSite\",\"@id\":\"https:\/\/www.intoscana.it\/it\/#website\",\"url\":\"https:\/\/www.intoscana.it\/it\/\",\"name\":\"intoscana\",\"description\":\"\",\"potentialAction\":[{\"@type\":\"SearchAction\",\"target\":{\"@type\":\"EntryPoint\",\"urlTemplate\":\"https:\/\/www.intoscana.it\/it\/?s={search_term_string}\"},\"query-input\":{\"@type\":\"PropertyValueSpecification\",\"valueRequired\":true,\"valueName\":\"search_term_string\"}}],\"inLanguage\":\"it-IT\"},{\"@type\":\"Person\",\"@id\":\"https:\/\/www.intoscana.it\/it\/#\/schema\/person\/9223810753230f20bd670fdd322661f8\",\"name\":\"Redazione\",\"url\":\"https:\/\/www.intoscana.it\/it\/author\/redazione\/\"}]}<\/script>\n<!-- \/ Yoast SEO Premium plugin. -->","yoast_head_json":{"title":"Coronavirus: 581 nuovi casi, et\u00e0 media 55 anni. Un decesso - intoscana","description":"In Toscana risultano 45.845 positivi: 387 pazienti Covid-19 (18 in pi\u00f9 rispetto a ieri) sono in ospedale, 18 (2 in pi\u00f9) in terapia intensiva","robots":{"index":"index","follow":"follow","max-snippet":"max-snippet:-1","max-image-preview":"max-image-preview:large","max-video-preview":"max-video-preview:-1"},"canonical":"https:\/\/www.intoscana.it\/it\/covid-19-toscana-3\/","og_locale":"it_IT","og_type":"article","og_title":"Coronavirus: 581 nuovi casi, et\u00e0 media 55 anni. Un decesso","og_description":"In Toscana risultano 45.845 positivi: 387 pazienti Covid-19 (18 in pi\u00f9 rispetto a ieri) sono in ospedale, 18 (2 in pi\u00f9) in terapia intensiva","og_url":"https:\/\/www.intoscana.it\/it\/covid-19-toscana-3\/","og_site_name":"intoscana","article_publisher":"https:\/\/www.facebook.com\/intoscana.it","article_published_time":"2022-10-10T08:01:07+00:00","article_modified_time":"2022-10-10T08:03:10+00:00","og_image":[{"width":2048,"height":1363,"url":"https:\/\/www.intoscana.it\/wp-content\/uploads\/PFI_0679-scaled.jpg","type":"image\/jpeg"}],"author":"Redazione","twitter_card":"summary_large_image","twitter_creator":"@intoscana","twitter_site":"@intoscana","twitter_misc":{"Written by":"Redazione","Est. reading time":"1 minuto"},"schema":{"@context":"https:\/\/schema.org","@graph":[{"@type":"WebPage","@id":"https:\/\/www.intoscana.it\/it\/covid-19-toscana-3\/","url":"https:\/\/www.intoscana.it\/it\/covid-19-toscana-3\/","name":"Coronavirus: 581 nuovi casi, et\u00e0 media 55 anni. Un decesso - intoscana","isPartOf":{"@id":"https:\/\/www.intoscana.it\/it\/#website"},"primaryImageOfPage":{"@id":"https:\/\/www.intoscana.it\/it\/covid-19-toscana-3\/#primaryimage"},"image":{"@id":"https:\/\/www.intoscana.it\/it\/covid-19-toscana-3\/#primaryimage"},"thumbnailUrl":"https:\/\/www.intoscana.it\/wp-content\/uploads\/PFI_0679-scaled.jpg","datePublished":"2022-10-10T08:01:07+00:00","dateModified":"2022-10-10T08:03:10+00:00","author":{"@id":"https:\/\/www.intoscana.it\/it\/#\/schema\/person\/9223810753230f20bd670fdd322661f8"},"description":"In Toscana risultano 45.845 positivi: 387 pazienti Covid-19 (18 in pi\u00f9 rispetto a ieri) sono in ospedale, 18 (2 in pi\u00f9) in terapia intensiva","breadcrumb":{"@id":"https:\/\/www.intoscana.it\/it\/covid-19-toscana-3\/#breadcrumb"},"inLanguage":"it-IT","potentialAction":[{"@type":"ReadAction","target":["https:\/\/www.intoscana.it\/it\/covid-19-toscana-3\/"]}]},{"@type":"ImageObject","inLanguage":"it-IT","@id":"https:\/\/www.intoscana.it\/it\/covid-19-toscana-3\/#primaryimage","url":"https:\/\/www.intoscana.it\/wp-content\/uploads\/PFI_0679-scaled.jpg","contentUrl":"https:\/\/www.intoscana.it\/wp-content\/uploads\/PFI_0679-scaled.jpg","width":2048,"height":1363,"caption":"Vaccinazione anti-Covid"},{"@type":"BreadcrumbList","@id":"https:\/\/www.intoscana.it\/it\/covid-19-toscana-3\/#breadcrumb","itemListElement":[{"@type":"ListItem","position":1,"name":"Home","item":"https:\/\/www.intoscana.it\/it\/"},{"@type":"ListItem","position":2,"name":"Coronavirus: 581 nuovi casi, et\u00e0 media 55 anni. Un decesso"}]},{"@type":"WebSite","@id":"https:\/\/www.intoscana.it\/it\/#website","url":"https:\/\/www.intoscana.it\/it\/","name":"intoscana","description":"","potentialAction":[{"@type":"SearchAction","target":{"@type":"EntryPoint","urlTemplate":"https:\/\/www.intoscana.it\/it\/?s={search_term_string}"},"query-input":{"@type":"PropertyValueSpecification","valueRequired":true,"valueName":"search_term_string"}}],"inLanguage":"it-IT"},{"@type":"Person","@id":"https:\/\/www.intoscana.it\/it\/#\/schema\/person\/9223810753230f20bd670fdd322661f8","name":"Redazione","url":"https:\/\/www.intoscana.it\/it\/author\/redazione\/"}]}},"_links":{"self":[{"href":"https:\/\/www.intoscana.it\/it\/wp-json\/wp\/v2\/posts\/251863","targetHints":{"allow":["GET"]}}],"collection":[{"href":"https:\/\/www.intoscana.it\/it\/wp-json\/wp\/v2\/posts"}],"about":[{"href":"https:\/\/www.intoscana.it\/it\/wp-json\/wp\/v2\/types\/post"}],"author":[{"embeddable":true,"href":"https:\/\/www.intoscana.it\/it\/wp-json\/wp\/v2\/users\/525"}],"replies":[{"embeddable":true,"href":"https:\/\/www.intoscana.it\/it\/wp-json\/wp\/v2\/comments?post=251863"}],"version-history":[{"count":0,"href":"https:\/\/www.intoscana.it\/it\/wp-json\/wp\/v2\/posts\/251863\/revisions"}],"wp:featuredmedia":[{"embeddable":true,"href":"https:\/\/www.intoscana.it\/it\/wp-json\/wp\/v2\/media\/202280"}],"wp:attachment":[{"href":"https:\/\/www.intoscana.it\/it\/wp-json\/wp\/v2\/media?parent=251863"}],"wp:term":[{"taxonomy":"category","embeddable":true,"href":"https:\/\/www.intoscana.it\/it\/wp-json\/wp\/v2\/categories?post=251863"},{"taxonomy":"post_tag","embeddable":true,"href":"https:\/\/www.intoscana.it\/it\/wp-json\/wp\/v2\/tags?post=251863"}],"curies":[{"name":"wp","href":"https:\/\/api.w.org\/{rel}","templated":true}]}}