{"id":251938,"date":"2022-10-10T15:11:31","date_gmt":"2022-10-10T13:11:31","guid":{"rendered":"https:\/\/www.intoscana.it\/it\/?p=251938"},"modified":"2022-10-10T15:11:31","modified_gmt":"2022-10-10T13:11:31","slug":"enrico-fermi-pisa-celebra-gli-esordi-del-premio-nobel-a-100-anni-dalla-laurea","status":"publish","type":"post","link":"https:\/\/www.intoscana.it\/it\/enrico-fermi-pisa-celebra-gli-esordi-del-premio-nobel-a-100-anni-dalla-laurea\/","title":{"rendered":"Enrico Fermi, Pisa celebra gli esordi del premio Nobel a 100 anni dalla laurea"},"content":{"rendered":"<p style=\"font-weight: 400;\">Il frontespizio della tesi, alcuni oggetti di studio e una miriade di <strong>documenti e testimonianze<\/strong> per celebrare i 100 anni dalla laurea di <strong>Enrico Fermi a Pisa<\/strong>. A luglio del 1922 Fermi <strong>si laure\u00f2 in Fisica<\/strong> e subito dopo discusse la tesi di abilitazione alla <strong>Scuola Normale Superiore<\/strong>.<\/p>\n<p style=\"font-weight: 400;\"><mark>Un convegno e una mostra, l&#8217;inaugurazione \u00e8 fissata per gioved\u00ec 13 ottobre rendono omaggio alla figura dello scienziato italiano<\/mark>.<\/p>\n<p style=\"font-weight: 400;\">Per celebrare questi anniversari, <strong>l\u2019Universit\u00e0 di Pisa<\/strong>, attraverso il Dipartimento di Fisica, la Sezione di Pisa dell\u2018INFN e <strong>la Scuola Normale Superiore<\/strong> propongono <mark>una rilettura critica del contenuto delle due tesi<\/mark>. Vengono affrontati alcuni dei temi cari a Fermi che nella cultura accademica italiana faticavano a diffondersi.<\/p>\n<p style=\"font-weight: 400;\">Il\u00a0convegno, dal titolo \u201c<a href=\"https:\/\/agenda.infn.it\/event\/28645\/\"><em>Il giovane Fermi a 100 anni dalla laurea<\/em><\/a>\u201d sar\u00e0 inaugurato il 13 mattina <strong>nell\u2019Aula Magna Storica dell\u2019Universit\u00e0 di Pisa<\/strong>, in Sapienza; proseguir\u00e0 il mattino del 14 <strong>nell\u2019Aula Galileo Galilei<\/strong> dell\u2019INFN e del Dipartimento di Fisica, nell\u2019Area Pontecorvo.<\/p>\n<p style=\"font-weight: 400;\">Nelle due giornate saranno descritte, attraverso i relatori, l\u2019originalit\u00e0 e vastit\u00e0 degli <strong>interessi del giovane Fermi<\/strong> negli anni della sua presenza a Pisa e in quelli successivi, prima di prendere servizio come professore a Roma nel 1927.<\/p>\n<figure id=\"post-251943 media-251943\" class=\"align-none\"><img decoding=\"async\" src=\"https:\/\/www.intoscana.it\/wp-content\/uploads\/FrontespizioePrimaPagina-TesiFermi.jpg\" alt=\"\" \/><\/figure>\n<div class=\"titleimg\">Il frontespizio e la prima pagina della tesi di Fermi<\/div>\n<p style=\"font-weight: 400;\">Dopo <strong>i quattro anni di studi pisani<\/strong>, dal 1918 al 1922, Fermi torn\u00f2 a Roma, sua citt\u00e0 di origine, e si present\u00f2 a <strong>Orso Mario Corbino<\/strong>. L&#8217;allora direttore dell\u2019istituto di Fisica di via Panisperna cap\u00ec subito il valore di quel giovane. Corbino si interess\u00f2 a lui inviandolo a perfezionarsi <strong>a Gottinga e a Leida<\/strong>:\u00a0 nei due prestigiosi centri europei era fortissimo <mark>l\u2019interesse per gli sviluppi della teoria quantistica e della relativit\u00e0<\/mark>. Temi che gi\u00e0 erano negli interessi di Fermi dagli anni universitari.<\/p>\n<p style=\"font-weight: 400;\">Presa la libera docenza a 24 anni, Fermi insegn\u00f2 a Firenze per due anni; <mark>nel 1926 formul\u00f2 la \u201c<em>Statistica di Fermi<\/em>\u201d che gli consegn\u00f2 una fama internazionale<\/mark>.<\/p>\n<p style=\"font-weight: 400;\">Tra 1921 e 1926 Fermi pubblic\u00f2 <strong>pi\u00f9 di 30 lavori<\/strong> su aspetti fondamentali di relativit\u00e0, di probabilit\u00e0, sui fondamenti della <strong>meccanica statistica <\/strong>e di <strong>meccanica analitica<\/strong>, soprattutto nel collegamento con la nascente <strong>meccanica quantistica<\/strong>. Ad alcuni temi di questo periodo saranno dedicati gli interventi del convegno.<\/p>\n<figure id=\"post-251945 media-251945\" class=\"align-none\"><img decoding=\"async\" src=\"https:\/\/www.intoscana.it\/wp-content\/uploads\/CameraIonizzazioneeElettrometroEdelmann-MuseoFermi-LaSapienza.jpeg\" alt=\"\" \/><\/figure>\n<div class=\"titleimg\">La Camera a Ionizzazione collegata all\u2019Elettrometro di Edelmann del Museo Fermi (Universit\u00e0 La Sapienza, Roma)<\/div>\n<h3>La mostra su Fermi 100<\/h3>\n<p style=\"font-weight: 400;\">La\u00a0mostra su \u201c<a href=\"https:\/\/agenda.infn.it\/event\/28645\/page\/6708-mostra-fermi100\"><em>Fermi 100<\/em><\/a>\u201d sar\u00e0 inaugurata il 13 pomeriggio nel Palazzo della Canonica della <strong>Scuola Normale Superiore<\/strong>. Rimarr\u00e0 aperta per quattro settimane. Racconta di <mark>un giovane geniale e assetato di conoscenza sin dai tempi del liceo<\/mark>. Uno studioso destinato a segnare <strong>il futuro della fisica<\/strong>, e non solo: basti pensare a come la storia stessa sia stata sconvolta dalle scoperte di Fermi del 1934 e dalle loro conseguenze. Fu infatti lui, nel dicembre del 1942 a Chicago, ad accendere <strong>il primo reattore nucleare<\/strong>.<\/p>\n<p style=\"font-weight: 400;\">Nelle due sale sono esposti <strong>strumenti dell&#8217;epoca<\/strong> che documenti appartenenti alle <mark>collezioni del Museo degli Strumenti di Fisica, del Sistema Bibliotecario dell\u2019Ateneo di Pisa, della Domus Galilaeana, della Scuola Normale e del Museo di Fisica della Sapienza di Roma<\/mark>. Un modo per descrivere l\u2019attivit\u00e0 di studio e di ricerca in un arco di circa venti anni, di un gruppo di giovani, capeggiati da un altrettanto giovane Fermi, destinati a raccogliere successi in molti campi della scienza.<\/p>\n<figure id=\"post-251944 media-251944\" class=\"align-none\"><img decoding=\"async\" src=\"https:\/\/www.intoscana.it\/wp-content\/uploads\/Tubo-Crookes-MuseoStrumentidiFisica-SMA.jpg\" alt=\"\" \/><\/figure>\n<div class=\"titleimg\">Il Tubo di Crookes del Museo degli Strumenti di Fisica (SMA, Unipi)<\/div>\n<p style=\"font-weight: 400;\">Nella prima sala una serie di pannelli descrivono <strong>la vita e il lavoro di Fermi<\/strong>, con una ricca documentazione fotografica, e attraverso dei monitor si pu\u00f2 scorrere una ricca collezione di documenti, compresa <strong>la tesi di laurea di Fermi<\/strong>. Nella seconda sala si trovano <strong>gli strumenti originali<\/strong> presenti nell&#8217;Istituto di Fisica ai tempi di Fermi, tutti descritti in dettaglio su altri pannelli che ne spiegano il funzionamento. Qui si trova esposto anche materiale originale della vita di <strong>Fermi: lettere, certificati, documenti<\/strong>, i libri sui quali studiava.<\/p>\n<p style=\"font-weight: 400;\">Alla fine del percorso, a testimonianza del successo del lavoro del giovane (aveva solo 33 anni&#8230;) sono esposti <strong>gli strumenti originali<\/strong> con i quali, a Roma, effettu\u00f2 nel 1934 <strong>gli esperimenti<\/strong> che lo condussero al <strong>Nobel quattro anni dopo, nel 1938.<\/strong><\/p>\n","protected":false},"excerpt":{"rendered":"<p>Un convegno e una mostra approfondiscono il percorso di studi del giovane scienziato durante gli anni trascorsi all&#8217;ombra della torre pendente<\/p>\n","protected":false},"author":525,"featured_media":251940,"comment_status":"open","ping_status":"open","sticky":false,"template":"","format":"standard","meta":{"_acf_changed":false,"footnotes":""},"categories":[4],"tags":[4474,203],"class_list":["post-251938","post","type-post","status-publish","format-standard","has-post-thumbnail","hentry","category-storie","tag-eventi","tag-pisa"],"acf":[],"yoast_head":"<!-- This site is optimized with the Yoast SEO Premium plugin v24.2 (Yoast SEO v25.6) - https:\/\/yoast.com\/wordpress\/plugins\/seo\/ -->\n<title>Pisa celebra Enrico Fermi a cento anni dalla laurea - intoscana<\/title>\n<meta name=\"description\" content=\"Un convegno e una mostra approfondiscono il percorso di studi del giovane scienziato negli anni trascorsi all&#039;ombra della torre pendente\" \/>\n<meta name=\"robots\" content=\"index, follow, max-snippet:-1, max-image-preview:large, max-video-preview:-1\" \/>\n<link rel=\"canonical\" href=\"https:\/\/www.intoscana.it\/it\/enrico-fermi-pisa-celebra-gli-esordi-del-premio-nobel-a-100-anni-dalla-laurea\/\" \/>\n<meta property=\"og:locale\" content=\"it_IT\" \/>\n<meta property=\"og:type\" content=\"article\" \/>\n<meta property=\"og:title\" content=\"Enrico Fermi, Pisa celebra gli esordi del premio Nobel a 100 anni dalla laurea\" \/>\n<meta property=\"og:description\" content=\"Un convegno e una mostra approfondiscono il percorso di studi del giovane scienziato negli anni trascorsi all&#039;ombra della torre pendente\" \/>\n<meta property=\"og:url\" content=\"https:\/\/www.intoscana.it\/it\/enrico-fermi-pisa-celebra-gli-esordi-del-premio-nobel-a-100-anni-dalla-laurea\/\" \/>\n<meta property=\"og:site_name\" content=\"intoscana\" \/>\n<meta property=\"article:publisher\" content=\"https:\/\/www.facebook.com\/intoscana.it\" \/>\n<meta property=\"article:published_time\" content=\"2022-10-10T13:11:31+00:00\" \/>\n<meta property=\"og:image\" content=\"https:\/\/www.intoscana.it\/wp-content\/uploads\/Enrico-Fermi-Centro-ricerche-Enrico-Fermi.jpg\" \/>\n\t<meta property=\"og:image:width\" content=\"992\" \/>\n\t<meta property=\"og:image:height\" content=\"562\" \/>\n\t<meta property=\"og:image:type\" content=\"image\/jpeg\" \/>\n<meta name=\"author\" content=\"Redazione\" \/>\n<meta name=\"twitter:card\" content=\"summary_large_image\" \/>\n<meta name=\"twitter:creator\" content=\"@intoscana\" \/>\n<meta name=\"twitter:site\" content=\"@intoscana\" \/>\n<meta name=\"twitter:label1\" content=\"Written by\" \/>\n\t<meta name=\"twitter:data1\" content=\"Redazione\" \/>\n\t<meta name=\"twitter:label2\" content=\"Est. reading time\" \/>\n\t<meta name=\"twitter:data2\" content=\"3 minuti\" \/>\n<script type=\"application\/ld+json\" class=\"yoast-schema-graph\">{\"@context\":\"https:\/\/schema.org\",\"@graph\":[{\"@type\":\"WebPage\",\"@id\":\"https:\/\/www.intoscana.it\/it\/enrico-fermi-pisa-celebra-gli-esordi-del-premio-nobel-a-100-anni-dalla-laurea\/\",\"url\":\"https:\/\/www.intoscana.it\/it\/enrico-fermi-pisa-celebra-gli-esordi-del-premio-nobel-a-100-anni-dalla-laurea\/\",\"name\":\"Pisa celebra Enrico Fermi a cento anni dalla laurea - intoscana\",\"isPartOf\":{\"@id\":\"https:\/\/www.intoscana.it\/it\/#website\"},\"primaryImageOfPage\":{\"@id\":\"https:\/\/www.intoscana.it\/it\/enrico-fermi-pisa-celebra-gli-esordi-del-premio-nobel-a-100-anni-dalla-laurea\/#primaryimage\"},\"image\":{\"@id\":\"https:\/\/www.intoscana.it\/it\/enrico-fermi-pisa-celebra-gli-esordi-del-premio-nobel-a-100-anni-dalla-laurea\/#primaryimage\"},\"thumbnailUrl\":\"https:\/\/www.intoscana.it\/wp-content\/uploads\/Enrico-Fermi-Centro-ricerche-Enrico-Fermi.jpg\",\"datePublished\":\"2022-10-10T13:11:31+00:00\",\"author\":{\"@id\":\"https:\/\/www.intoscana.it\/it\/#\/schema\/person\/9223810753230f20bd670fdd322661f8\"},\"description\":\"Un convegno e una mostra approfondiscono il percorso di studi del giovane scienziato negli anni trascorsi all'ombra della torre pendente\",\"breadcrumb\":{\"@id\":\"https:\/\/www.intoscana.it\/it\/enrico-fermi-pisa-celebra-gli-esordi-del-premio-nobel-a-100-anni-dalla-laurea\/#breadcrumb\"},\"inLanguage\":\"it-IT\",\"potentialAction\":[{\"@type\":\"ReadAction\",\"target\":[\"https:\/\/www.intoscana.it\/it\/enrico-fermi-pisa-celebra-gli-esordi-del-premio-nobel-a-100-anni-dalla-laurea\/\"]}]},{\"@type\":\"ImageObject\",\"inLanguage\":\"it-IT\",\"@id\":\"https:\/\/www.intoscana.it\/it\/enrico-fermi-pisa-celebra-gli-esordi-del-premio-nobel-a-100-anni-dalla-laurea\/#primaryimage\",\"url\":\"https:\/\/www.intoscana.it\/wp-content\/uploads\/Enrico-Fermi-Centro-ricerche-Enrico-Fermi.jpg\",\"contentUrl\":\"https:\/\/www.intoscana.it\/wp-content\/uploads\/Enrico-Fermi-Centro-ricerche-Enrico-Fermi.jpg\",\"width\":992,\"height\":562},{\"@type\":\"BreadcrumbList\",\"@id\":\"https:\/\/www.intoscana.it\/it\/enrico-fermi-pisa-celebra-gli-esordi-del-premio-nobel-a-100-anni-dalla-laurea\/#breadcrumb\",\"itemListElement\":[{\"@type\":\"ListItem\",\"position\":1,\"name\":\"Home\",\"item\":\"https:\/\/www.intoscana.it\/it\/\"},{\"@type\":\"ListItem\",\"position\":2,\"name\":\"Enrico Fermi, Pisa celebra gli esordi del premio Nobel a 100 anni dalla laurea\"}]},{\"@type\":\"WebSite\",\"@id\":\"https:\/\/www.intoscana.it\/it\/#website\",\"url\":\"https:\/\/www.intoscana.it\/it\/\",\"name\":\"intoscana\",\"description\":\"\",\"potentialAction\":[{\"@type\":\"SearchAction\",\"target\":{\"@type\":\"EntryPoint\",\"urlTemplate\":\"https:\/\/www.intoscana.it\/it\/?s={search_term_string}\"},\"query-input\":{\"@type\":\"PropertyValueSpecification\",\"valueRequired\":true,\"valueName\":\"search_term_string\"}}],\"inLanguage\":\"it-IT\"},{\"@type\":\"Person\",\"@id\":\"https:\/\/www.intoscana.it\/it\/#\/schema\/person\/9223810753230f20bd670fdd322661f8\",\"name\":\"Redazione\",\"url\":\"https:\/\/www.intoscana.it\/it\/author\/redazione\/\"}]}<\/script>\n<!-- \/ Yoast SEO Premium plugin. -->","yoast_head_json":{"title":"Pisa celebra Enrico Fermi a cento anni dalla laurea - intoscana","description":"Un convegno e una mostra approfondiscono il percorso di studi del giovane scienziato negli anni trascorsi all'ombra della torre pendente","robots":{"index":"index","follow":"follow","max-snippet":"max-snippet:-1","max-image-preview":"max-image-preview:large","max-video-preview":"max-video-preview:-1"},"canonical":"https:\/\/www.intoscana.it\/it\/enrico-fermi-pisa-celebra-gli-esordi-del-premio-nobel-a-100-anni-dalla-laurea\/","og_locale":"it_IT","og_type":"article","og_title":"Enrico Fermi, Pisa celebra gli esordi del premio Nobel a 100 anni dalla laurea","og_description":"Un convegno e una mostra approfondiscono il percorso di studi del giovane scienziato negli anni trascorsi all'ombra della torre pendente","og_url":"https:\/\/www.intoscana.it\/it\/enrico-fermi-pisa-celebra-gli-esordi-del-premio-nobel-a-100-anni-dalla-laurea\/","og_site_name":"intoscana","article_publisher":"https:\/\/www.facebook.com\/intoscana.it","article_published_time":"2022-10-10T13:11:31+00:00","og_image":[{"width":992,"height":562,"url":"https:\/\/www.intoscana.it\/wp-content\/uploads\/Enrico-Fermi-Centro-ricerche-Enrico-Fermi.jpg","type":"image\/jpeg"}],"author":"Redazione","twitter_card":"summary_large_image","twitter_creator":"@intoscana","twitter_site":"@intoscana","twitter_misc":{"Written by":"Redazione","Est. reading time":"3 minuti"},"schema":{"@context":"https:\/\/schema.org","@graph":[{"@type":"WebPage","@id":"https:\/\/www.intoscana.it\/it\/enrico-fermi-pisa-celebra-gli-esordi-del-premio-nobel-a-100-anni-dalla-laurea\/","url":"https:\/\/www.intoscana.it\/it\/enrico-fermi-pisa-celebra-gli-esordi-del-premio-nobel-a-100-anni-dalla-laurea\/","name":"Pisa celebra Enrico Fermi a cento anni dalla laurea - intoscana","isPartOf":{"@id":"https:\/\/www.intoscana.it\/it\/#website"},"primaryImageOfPage":{"@id":"https:\/\/www.intoscana.it\/it\/enrico-fermi-pisa-celebra-gli-esordi-del-premio-nobel-a-100-anni-dalla-laurea\/#primaryimage"},"image":{"@id":"https:\/\/www.intoscana.it\/it\/enrico-fermi-pisa-celebra-gli-esordi-del-premio-nobel-a-100-anni-dalla-laurea\/#primaryimage"},"thumbnailUrl":"https:\/\/www.intoscana.it\/wp-content\/uploads\/Enrico-Fermi-Centro-ricerche-Enrico-Fermi.jpg","datePublished":"2022-10-10T13:11:31+00:00","author":{"@id":"https:\/\/www.intoscana.it\/it\/#\/schema\/person\/9223810753230f20bd670fdd322661f8"},"description":"Un convegno e una mostra approfondiscono il percorso di studi del giovane scienziato negli anni trascorsi all'ombra della torre pendente","breadcrumb":{"@id":"https:\/\/www.intoscana.it\/it\/enrico-fermi-pisa-celebra-gli-esordi-del-premio-nobel-a-100-anni-dalla-laurea\/#breadcrumb"},"inLanguage":"it-IT","potentialAction":[{"@type":"ReadAction","target":["https:\/\/www.intoscana.it\/it\/enrico-fermi-pisa-celebra-gli-esordi-del-premio-nobel-a-100-anni-dalla-laurea\/"]}]},{"@type":"ImageObject","inLanguage":"it-IT","@id":"https:\/\/www.intoscana.it\/it\/enrico-fermi-pisa-celebra-gli-esordi-del-premio-nobel-a-100-anni-dalla-laurea\/#primaryimage","url":"https:\/\/www.intoscana.it\/wp-content\/uploads\/Enrico-Fermi-Centro-ricerche-Enrico-Fermi.jpg","contentUrl":"https:\/\/www.intoscana.it\/wp-content\/uploads\/Enrico-Fermi-Centro-ricerche-Enrico-Fermi.jpg","width":992,"height":562},{"@type":"BreadcrumbList","@id":"https:\/\/www.intoscana.it\/it\/enrico-fermi-pisa-celebra-gli-esordi-del-premio-nobel-a-100-anni-dalla-laurea\/#breadcrumb","itemListElement":[{"@type":"ListItem","position":1,"name":"Home","item":"https:\/\/www.intoscana.it\/it\/"},{"@type":"ListItem","position":2,"name":"Enrico Fermi, Pisa celebra gli esordi del premio Nobel a 100 anni dalla laurea"}]},{"@type":"WebSite","@id":"https:\/\/www.intoscana.it\/it\/#website","url":"https:\/\/www.intoscana.it\/it\/","name":"intoscana","description":"","potentialAction":[{"@type":"SearchAction","target":{"@type":"EntryPoint","urlTemplate":"https:\/\/www.intoscana.it\/it\/?s={search_term_string}"},"query-input":{"@type":"PropertyValueSpecification","valueRequired":true,"valueName":"search_term_string"}}],"inLanguage":"it-IT"},{"@type":"Person","@id":"https:\/\/www.intoscana.it\/it\/#\/schema\/person\/9223810753230f20bd670fdd322661f8","name":"Redazione","url":"https:\/\/www.intoscana.it\/it\/author\/redazione\/"}]}},"_links":{"self":[{"href":"https:\/\/www.intoscana.it\/it\/wp-json\/wp\/v2\/posts\/251938","targetHints":{"allow":["GET"]}}],"collection":[{"href":"https:\/\/www.intoscana.it\/it\/wp-json\/wp\/v2\/posts"}],"about":[{"href":"https:\/\/www.intoscana.it\/it\/wp-json\/wp\/v2\/types\/post"}],"author":[{"embeddable":true,"href":"https:\/\/www.intoscana.it\/it\/wp-json\/wp\/v2\/users\/525"}],"replies":[{"embeddable":true,"href":"https:\/\/www.intoscana.it\/it\/wp-json\/wp\/v2\/comments?post=251938"}],"version-history":[{"count":0,"href":"https:\/\/www.intoscana.it\/it\/wp-json\/wp\/v2\/posts\/251938\/revisions"}],"wp:featuredmedia":[{"embeddable":true,"href":"https:\/\/www.intoscana.it\/it\/wp-json\/wp\/v2\/media\/251940"}],"wp:attachment":[{"href":"https:\/\/www.intoscana.it\/it\/wp-json\/wp\/v2\/media?parent=251938"}],"wp:term":[{"taxonomy":"category","embeddable":true,"href":"https:\/\/www.intoscana.it\/it\/wp-json\/wp\/v2\/categories?post=251938"},{"taxonomy":"post_tag","embeddable":true,"href":"https:\/\/www.intoscana.it\/it\/wp-json\/wp\/v2\/tags?post=251938"}],"curies":[{"name":"wp","href":"https:\/\/api.w.org\/{rel}","templated":true}]}}