{"id":252076,"date":"2022-10-11T09:51:56","date_gmt":"2022-10-11T07:51:56","guid":{"rendered":"https:\/\/www.intoscana.it\/it\/?p=252076"},"modified":"2022-10-11T10:18:50","modified_gmt":"2022-10-11T08:18:50","slug":"la-regione-toscana-dalla-parte-delle-donne-800-mila-euro-per-la-parita-di-genere","status":"publish","type":"post","link":"https:\/\/www.intoscana.it\/it\/la-regione-toscana-dalla-parte-delle-donne-800-mila-euro-per-la-parita-di-genere\/","title":{"rendered":"La Regione Toscana dalla parte delle donne: 800 mila euro per la parit\u00e0 di genere"},"content":{"rendered":"<p>La <strong>Regione Toscana<\/strong> ha deciso di destinare<strong> 800mila euro<\/strong> per il rifinanziamento\u00a0della legge regionale 16\/2009 sulla <em><strong>&#8220;Cittadinanza di genere&#8221;.<\/strong><\/em><\/p>\n<p>Grazie a questo finanziamento <strong>nove province toscane e la Citt\u00e0 metropolitana di Firenze<\/strong> potranno attuare: <strong>progetti nelle scuole<\/strong> per il contrasto degli stereotipi di genere, <strong>sostegno alle studentesse<\/strong> che scelgono percorsi universitari relativi alle <strong>materie Stem<\/strong>, elaborazione di <strong>bilanci di genere<\/strong> e\u00a0<strong>interventi formativi<\/strong> finalizzati a rafforzare le competenze professionali delle donne.<\/p>\n<p><strong>Il bando<\/strong>, pubblicato nei mesi scorsi, \u00e8 finanziato attraverso le risorse residue della programmazione del <strong>Fondo Sociale Europeo 2014-2020.<\/strong><\/p>\n<p><em>\u201cSono molto soddisfatto della progettualit\u00e0 delle province. \u00c8 segno della sensibilit\u00e0 diffusa su questi temi da parte degli enti locali toscani\u201d <\/em>ha dichiarato<strong> il presidente della Regione Eugenio Giani<\/strong>, che nella conferenza stampa per la presentazione degli esiti del bando ha ricordato come<em> \u201cla giunta ha voluto dare in questo mandato un impulso chiaro sul fronte delle misure a favore della parit\u00e0 tra uomini e donne. Se vogliamo costruire una ripartenza vera e un nuovo modello di sviluppo, dobbiamo lavorare seriamente per piene e reali pari opportunit\u00e0, che sono condizione imprescindibile di giustizia e uguaglianza\u201d.<\/em><\/p>\n<p><em>\u201c\u00c8 stata una risposta pronta ed entusiasta &#8211; <\/em><strong>ha commentato l\u2019assessora alle politiche di genere Alessandra Nardini<\/strong> a proposito delle progettualit\u00e0 presentate dalle Province <em>\u2013 che premia la scelta di tornare, dopo anni, a rifinanziare una legge regionale importante come la legge 16 sulla Cittadinanza di genere. Un impegno che ci eravamo presi in questa legislatura a cui abbiamo voluto tenere fede, adesso in maniera sperimentale con i residui della vecchia programmazione del Fondo Sociale Europeo, ma con l&#8217;intenzione di rendere strutturale questo rifinanziamento grazie alle risorse del nuovo settennato FSE 2021-2027.<\/em><\/p>\n<p><em>Mai come in questo momento c&#8217;\u00e8 necessit\u00e0 di rafforzare le azioni che mettiamo in campo per promuovere una cultura di parit\u00e0 e rispetto, una piena uguaglianza di opportunit\u00e0 e diritti in ogni ambito della vita. Per far questo abbiamo ritenuto strategica la sinergia con le Province, che mantengono la competenza in materia di pari opportunit\u00e0 ma che in questi anni hanno faticato dal punto di vista delle risorse&#8221;.<\/em><\/p>\n<p><em>\u201cGrazie ai progetti proposti &#8211;<\/em><strong>\u00a0ha proseguito l\u2019assessora <\/strong><em><strong>&#8211;<\/strong> saranno realizzate varie azioni su tutto il territorio regionale. Ho voluto inserire come &#8220;obbligatoria&#8221; l&#8217;azione rivolta alle scuole perch\u00e9 credo che sia fondamentale coltivare incessantemente quel cambiamento culturale di cui abbiamo bisogno, che passa in primo luogo dalle scuole e dalle giovani generazioni.&#8221;<\/em><\/p>\n<figure id=\"post-235714 media-235714\" class=\"align-none\"><img decoding=\"async\" src=\"https:\/\/www.intoscana.it\/wp-content\/uploads\/Donna-al-computer-scaled.jpg\" alt=\"\" \/><\/figure>\n<div class=\"titleimg\"><em>Donna al computer &#8211; \u00a9 Gorodenkoff\/Shutterstock<\/em><\/div>\n<h3>Quattro tipologie di azioni per la parit\u00e0 di genere<\/h3>\n<p><strong>1-<\/strong>La prima prevede la definizione di <strong>un sistema di gender mainstreaming<\/strong> attraverso l\u2019elaborazione\/redazione e pubblicazione di <strong>bilancio di genere da parte delle Province e dei Comuni.<\/strong><\/p>\n<p><strong>2-<\/strong>La seconda <strong>percorsi di diffusione della cultura di genere<\/strong> e della <strong>destrutturazione dello stereotipo di genere nelle scuole.<\/strong> L\u2019azione \u00e8 tesa a prevenire e contrastare la discriminazione di genere e la violenza di genere e a promuovere le pari opportunit\u00e0 attraverso percorsi didattico-educativi di diffusione della cultura di genere e di destrutturazione degli stereotipi nelle scuole, destinati a studenti e studentesse e alle rispettive famiglie, corpo docente e personale Amministrativo tecnico e ausiliario (Ata).<\/p>\n<p><strong>3-<\/strong>La terza ha l\u2019obiettivo di <strong>rafforzare le competenze professionali delle donne.<\/strong> L\u2019azione \u00e8 tesa a sostenere percorsi di formazione, riqualificazione professionale e di rafforzamento delle competenze (anche in ambito digitale) per donne inattive\/disoccupate\/occupate prevedendo voucher formativi.<\/p>\n<p><strong>4-<\/strong>La quarta riguarda il <strong>sostegno alla promozione delle materie Stem &#8220;Scienze, tecnologia, ingegneria e matematica&#8221;<\/strong>. L\u2019azione \u00e8 tesa a promuovere ed incentivare presso le studentesse lo studio delle materie Stem attraverso l\u2019erogazione di contributi.<\/p>\n<p>L\u2019azione destinata alle scuole e finalizzata a destrutturare gli stereotipi di genere e<strong> promuovere la cultura della parit\u00e0<\/strong> \u00e8 stata resa obbligatoria proprio a sottolineare la sua valenza strategica. Tutte le Province saranno quindi necessariamente impegnate sul fronte dell&#8217;educazione e dell&#8217;istruzione.<\/p>\n<p><strong>Tre Province, Livorno, Siena e Grosseto,<\/strong> hanno deciso di concentrare tutto il loro impegno esclusivamente su questa azione; due Province,<strong> Citt\u00e0 Metropolitana di Firenze e Provincia di Pisa<\/strong>, hanno previsto invece di impegnarsi anche nell&#8217;adozione e nella diffusione di bilanci di genere; quattro Province, <strong>Arezzo, Prato, Massa Carrara e Pistoia,<\/strong> hanno scelto si impegnarsi nel <strong>sostegno alle ragazze che scelgono corsi relativi alle materie S.T.E.M.;<\/strong> infine una Provincia, <strong>Lucca<\/strong>, ha previsto azioni tese a rafforzare le<strong> competenze professionali delle donne.<\/strong><\/p>\n<p>&nbsp;<\/p>\n","protected":false},"excerpt":{"rendered":"<p>Il bando, pubblicato nei mesi scorsi, \u00e8 finanziato attraverso le risorse residue della programmazione del Fondo Sociale Europeo 2014-2020<\/p>\n","protected":false},"author":525,"featured_media":145506,"comment_status":"open","ping_status":"open","sticky":false,"template":"","format":"standard","meta":{"_acf_changed":false,"footnotes":""},"categories":[494],"tags":[411,151],"class_list":["post-252076","post","type-post","status-publish","format-standard","has-post-thumbnail","hentry","category-attualita","tag-donne","tag-regione-toscana"],"acf":[],"yoast_head":"<!-- This site is optimized with the Yoast SEO Premium plugin v24.2 (Yoast SEO v25.6) - https:\/\/yoast.com\/wordpress\/plugins\/seo\/ -->\n<title>La Regione Toscana dalla parte delle donne: 800 mila euro per la parit\u00e0 di genere - intoscana<\/title>\n<meta name=\"description\" content=\"Il bando, pubblicato nei mesi scorsi, \u00e8 finanziato attraverso le risorse residue della programmazione del Fondo Sociale Europeo 2014-2020\" \/>\n<meta name=\"robots\" content=\"index, follow, max-snippet:-1, max-image-preview:large, max-video-preview:-1\" \/>\n<link rel=\"canonical\" href=\"https:\/\/www.intoscana.it\/it\/la-regione-toscana-dalla-parte-delle-donne-800-mila-euro-per-la-parita-di-genere\/\" \/>\n<meta property=\"og:locale\" content=\"it_IT\" \/>\n<meta property=\"og:type\" content=\"article\" \/>\n<meta property=\"og:title\" content=\"La Regione Toscana dalla parte delle donne: 800 mila euro per la parit\u00e0 di genere\" \/>\n<meta property=\"og:description\" content=\"Il bando, pubblicato nei mesi scorsi, \u00e8 finanziato attraverso le risorse residue della programmazione del Fondo Sociale Europeo 2014-2020\" \/>\n<meta property=\"og:url\" content=\"https:\/\/www.intoscana.it\/it\/la-regione-toscana-dalla-parte-delle-donne-800-mila-euro-per-la-parita-di-genere\/\" \/>\n<meta property=\"og:site_name\" content=\"intoscana\" \/>\n<meta property=\"article:publisher\" content=\"https:\/\/www.facebook.com\/intoscana.it\" \/>\n<meta property=\"article:published_time\" content=\"2022-10-11T07:51:56+00:00\" \/>\n<meta property=\"article:modified_time\" content=\"2022-10-11T08:18:50+00:00\" \/>\n<meta property=\"og:image\" content=\"https:\/\/www.intoscana.it\/wp-content\/uploads\/donne-3.jpg\" \/>\n\t<meta property=\"og:image:width\" content=\"2000\" \/>\n\t<meta property=\"og:image:height\" content=\"1335\" \/>\n\t<meta property=\"og:image:type\" content=\"image\/jpeg\" \/>\n<meta name=\"author\" content=\"Redazione\" \/>\n<meta name=\"twitter:card\" content=\"summary_large_image\" \/>\n<meta name=\"twitter:creator\" content=\"@intoscana\" \/>\n<meta name=\"twitter:site\" content=\"@intoscana\" \/>\n<meta name=\"twitter:label1\" content=\"Written by\" \/>\n\t<meta name=\"twitter:data1\" content=\"Redazione\" \/>\n\t<meta name=\"twitter:label2\" content=\"Est. reading time\" \/>\n\t<meta name=\"twitter:data2\" content=\"4 minuti\" \/>\n<script type=\"application\/ld+json\" class=\"yoast-schema-graph\">{\"@context\":\"https:\/\/schema.org\",\"@graph\":[{\"@type\":\"WebPage\",\"@id\":\"https:\/\/www.intoscana.it\/it\/la-regione-toscana-dalla-parte-delle-donne-800-mila-euro-per-la-parita-di-genere\/\",\"url\":\"https:\/\/www.intoscana.it\/it\/la-regione-toscana-dalla-parte-delle-donne-800-mila-euro-per-la-parita-di-genere\/\",\"name\":\"La Regione Toscana dalla parte delle donne: 800 mila euro per la parit\u00e0 di genere - intoscana\",\"isPartOf\":{\"@id\":\"https:\/\/www.intoscana.it\/it\/#website\"},\"primaryImageOfPage\":{\"@id\":\"https:\/\/www.intoscana.it\/it\/la-regione-toscana-dalla-parte-delle-donne-800-mila-euro-per-la-parita-di-genere\/#primaryimage\"},\"image\":{\"@id\":\"https:\/\/www.intoscana.it\/it\/la-regione-toscana-dalla-parte-delle-donne-800-mila-euro-per-la-parita-di-genere\/#primaryimage\"},\"thumbnailUrl\":\"https:\/\/www.intoscana.it\/wp-content\/uploads\/donne-3.jpg\",\"datePublished\":\"2022-10-11T07:51:56+00:00\",\"dateModified\":\"2022-10-11T08:18:50+00:00\",\"author\":{\"@id\":\"https:\/\/www.intoscana.it\/it\/#\/schema\/person\/9223810753230f20bd670fdd322661f8\"},\"description\":\"Il bando, pubblicato nei mesi scorsi, \u00e8 finanziato attraverso le risorse residue della programmazione del Fondo Sociale Europeo 2014-2020\",\"breadcrumb\":{\"@id\":\"https:\/\/www.intoscana.it\/it\/la-regione-toscana-dalla-parte-delle-donne-800-mila-euro-per-la-parita-di-genere\/#breadcrumb\"},\"inLanguage\":\"it-IT\",\"potentialAction\":[{\"@type\":\"ReadAction\",\"target\":[\"https:\/\/www.intoscana.it\/it\/la-regione-toscana-dalla-parte-delle-donne-800-mila-euro-per-la-parita-di-genere\/\"]}]},{\"@type\":\"ImageObject\",\"inLanguage\":\"it-IT\",\"@id\":\"https:\/\/www.intoscana.it\/it\/la-regione-toscana-dalla-parte-delle-donne-800-mila-euro-per-la-parita-di-genere\/#primaryimage\",\"url\":\"https:\/\/www.intoscana.it\/wp-content\/uploads\/donne-3.jpg\",\"contentUrl\":\"https:\/\/www.intoscana.it\/wp-content\/uploads\/donne-3.jpg\",\"width\":2000,\"height\":1335},{\"@type\":\"BreadcrumbList\",\"@id\":\"https:\/\/www.intoscana.it\/it\/la-regione-toscana-dalla-parte-delle-donne-800-mila-euro-per-la-parita-di-genere\/#breadcrumb\",\"itemListElement\":[{\"@type\":\"ListItem\",\"position\":1,\"name\":\"Home\",\"item\":\"https:\/\/www.intoscana.it\/it\/\"},{\"@type\":\"ListItem\",\"position\":2,\"name\":\"La Regione Toscana dalla parte delle donne: 800 mila euro per la parit\u00e0 di genere\"}]},{\"@type\":\"WebSite\",\"@id\":\"https:\/\/www.intoscana.it\/it\/#website\",\"url\":\"https:\/\/www.intoscana.it\/it\/\",\"name\":\"intoscana\",\"description\":\"\",\"potentialAction\":[{\"@type\":\"SearchAction\",\"target\":{\"@type\":\"EntryPoint\",\"urlTemplate\":\"https:\/\/www.intoscana.it\/it\/?s={search_term_string}\"},\"query-input\":{\"@type\":\"PropertyValueSpecification\",\"valueRequired\":true,\"valueName\":\"search_term_string\"}}],\"inLanguage\":\"it-IT\"},{\"@type\":\"Person\",\"@id\":\"https:\/\/www.intoscana.it\/it\/#\/schema\/person\/9223810753230f20bd670fdd322661f8\",\"name\":\"Redazione\",\"url\":\"https:\/\/www.intoscana.it\/it\/author\/redazione\/\"}]}<\/script>\n<!-- \/ Yoast SEO Premium plugin. -->","yoast_head_json":{"title":"La Regione Toscana dalla parte delle donne: 800 mila euro per la parit\u00e0 di genere - intoscana","description":"Il bando, pubblicato nei mesi scorsi, \u00e8 finanziato attraverso le risorse residue della programmazione del Fondo Sociale Europeo 2014-2020","robots":{"index":"index","follow":"follow","max-snippet":"max-snippet:-1","max-image-preview":"max-image-preview:large","max-video-preview":"max-video-preview:-1"},"canonical":"https:\/\/www.intoscana.it\/it\/la-regione-toscana-dalla-parte-delle-donne-800-mila-euro-per-la-parita-di-genere\/","og_locale":"it_IT","og_type":"article","og_title":"La Regione Toscana dalla parte delle donne: 800 mila euro per la parit\u00e0 di genere","og_description":"Il bando, pubblicato nei mesi scorsi, \u00e8 finanziato attraverso le risorse residue della programmazione del Fondo Sociale Europeo 2014-2020","og_url":"https:\/\/www.intoscana.it\/it\/la-regione-toscana-dalla-parte-delle-donne-800-mila-euro-per-la-parita-di-genere\/","og_site_name":"intoscana","article_publisher":"https:\/\/www.facebook.com\/intoscana.it","article_published_time":"2022-10-11T07:51:56+00:00","article_modified_time":"2022-10-11T08:18:50+00:00","og_image":[{"width":2000,"height":1335,"url":"https:\/\/www.intoscana.it\/wp-content\/uploads\/donne-3.jpg","type":"image\/jpeg"}],"author":"Redazione","twitter_card":"summary_large_image","twitter_creator":"@intoscana","twitter_site":"@intoscana","twitter_misc":{"Written by":"Redazione","Est. reading time":"4 minuti"},"schema":{"@context":"https:\/\/schema.org","@graph":[{"@type":"WebPage","@id":"https:\/\/www.intoscana.it\/it\/la-regione-toscana-dalla-parte-delle-donne-800-mila-euro-per-la-parita-di-genere\/","url":"https:\/\/www.intoscana.it\/it\/la-regione-toscana-dalla-parte-delle-donne-800-mila-euro-per-la-parita-di-genere\/","name":"La Regione Toscana dalla parte delle donne: 800 mila euro per la parit\u00e0 di genere - intoscana","isPartOf":{"@id":"https:\/\/www.intoscana.it\/it\/#website"},"primaryImageOfPage":{"@id":"https:\/\/www.intoscana.it\/it\/la-regione-toscana-dalla-parte-delle-donne-800-mila-euro-per-la-parita-di-genere\/#primaryimage"},"image":{"@id":"https:\/\/www.intoscana.it\/it\/la-regione-toscana-dalla-parte-delle-donne-800-mila-euro-per-la-parita-di-genere\/#primaryimage"},"thumbnailUrl":"https:\/\/www.intoscana.it\/wp-content\/uploads\/donne-3.jpg","datePublished":"2022-10-11T07:51:56+00:00","dateModified":"2022-10-11T08:18:50+00:00","author":{"@id":"https:\/\/www.intoscana.it\/it\/#\/schema\/person\/9223810753230f20bd670fdd322661f8"},"description":"Il bando, pubblicato nei mesi scorsi, \u00e8 finanziato attraverso le risorse residue della programmazione del Fondo Sociale Europeo 2014-2020","breadcrumb":{"@id":"https:\/\/www.intoscana.it\/it\/la-regione-toscana-dalla-parte-delle-donne-800-mila-euro-per-la-parita-di-genere\/#breadcrumb"},"inLanguage":"it-IT","potentialAction":[{"@type":"ReadAction","target":["https:\/\/www.intoscana.it\/it\/la-regione-toscana-dalla-parte-delle-donne-800-mila-euro-per-la-parita-di-genere\/"]}]},{"@type":"ImageObject","inLanguage":"it-IT","@id":"https:\/\/www.intoscana.it\/it\/la-regione-toscana-dalla-parte-delle-donne-800-mila-euro-per-la-parita-di-genere\/#primaryimage","url":"https:\/\/www.intoscana.it\/wp-content\/uploads\/donne-3.jpg","contentUrl":"https:\/\/www.intoscana.it\/wp-content\/uploads\/donne-3.jpg","width":2000,"height":1335},{"@type":"BreadcrumbList","@id":"https:\/\/www.intoscana.it\/it\/la-regione-toscana-dalla-parte-delle-donne-800-mila-euro-per-la-parita-di-genere\/#breadcrumb","itemListElement":[{"@type":"ListItem","position":1,"name":"Home","item":"https:\/\/www.intoscana.it\/it\/"},{"@type":"ListItem","position":2,"name":"La Regione Toscana dalla parte delle donne: 800 mila euro per la parit\u00e0 di genere"}]},{"@type":"WebSite","@id":"https:\/\/www.intoscana.it\/it\/#website","url":"https:\/\/www.intoscana.it\/it\/","name":"intoscana","description":"","potentialAction":[{"@type":"SearchAction","target":{"@type":"EntryPoint","urlTemplate":"https:\/\/www.intoscana.it\/it\/?s={search_term_string}"},"query-input":{"@type":"PropertyValueSpecification","valueRequired":true,"valueName":"search_term_string"}}],"inLanguage":"it-IT"},{"@type":"Person","@id":"https:\/\/www.intoscana.it\/it\/#\/schema\/person\/9223810753230f20bd670fdd322661f8","name":"Redazione","url":"https:\/\/www.intoscana.it\/it\/author\/redazione\/"}]}},"_links":{"self":[{"href":"https:\/\/www.intoscana.it\/it\/wp-json\/wp\/v2\/posts\/252076","targetHints":{"allow":["GET"]}}],"collection":[{"href":"https:\/\/www.intoscana.it\/it\/wp-json\/wp\/v2\/posts"}],"about":[{"href":"https:\/\/www.intoscana.it\/it\/wp-json\/wp\/v2\/types\/post"}],"author":[{"embeddable":true,"href":"https:\/\/www.intoscana.it\/it\/wp-json\/wp\/v2\/users\/525"}],"replies":[{"embeddable":true,"href":"https:\/\/www.intoscana.it\/it\/wp-json\/wp\/v2\/comments?post=252076"}],"version-history":[{"count":0,"href":"https:\/\/www.intoscana.it\/it\/wp-json\/wp\/v2\/posts\/252076\/revisions"}],"wp:featuredmedia":[{"embeddable":true,"href":"https:\/\/www.intoscana.it\/it\/wp-json\/wp\/v2\/media\/145506"}],"wp:attachment":[{"href":"https:\/\/www.intoscana.it\/it\/wp-json\/wp\/v2\/media?parent=252076"}],"wp:term":[{"taxonomy":"category","embeddable":true,"href":"https:\/\/www.intoscana.it\/it\/wp-json\/wp\/v2\/categories?post=252076"},{"taxonomy":"post_tag","embeddable":true,"href":"https:\/\/www.intoscana.it\/it\/wp-json\/wp\/v2\/tags?post=252076"}],"curies":[{"name":"wp","href":"https:\/\/api.w.org\/{rel}","templated":true}]}}