{"id":252086,"date":"2022-10-11T10:06:58","date_gmt":"2022-10-11T08:06:58","guid":{"rendered":"https:\/\/www.intoscana.it\/it\/?p=252086"},"modified":"2022-10-11T10:46:16","modified_gmt":"2022-10-11T08:46:16","slug":"micat-in-vertice-siena-100-edizione-2022-2023","status":"publish","type":"post","link":"https:\/\/www.intoscana.it\/it\/micat-in-vertice-siena-100-edizione-2022-2023\/","title":{"rendered":"&#8220;Micat in Vertice&#8221; a Siena: 20 concerti con star mondiali per l&#8217;edizione numero 100"},"content":{"rendered":"<p><em><strong>\u201cMicat In Vertice\u201d<\/strong><\/em> la storica stagione di concerti organizzata a<strong> Siena <\/strong>dall\u2019<strong>Accademia Chigiana<\/strong> raggiunge con la stagione 2022-2023 lo <strong>straordinario traguardo delle 100 edizioni.<\/strong><\/p>\n<p>Fu il <strong>Conte Guido Saracini<\/strong>\u00a0il<strong> 22 novembre 1923<\/strong>\u00a0con la <strong>Cantata \u201cA Siena\u201d <\/strong>a dare\u00a0il via alla kermesse che in un secolo ha portato nella citt\u00e0 toscana le <strong>figure di maggior rilievo della storia della musica del Novecento,<\/strong> quali A<strong>rthur Rubinstein, Alfred Cortot, Paul Hindemith, Sergej Prokof\u2019ev, Vladimir Horowitz, Andr\u00e9s Segovia, Daniel Barenboim, David Ojstrakh, Maurizio Pollini, Svjatoslav Richter, Martha Argerich, Quartetto Alban Berg, Krystian Zimerman<\/strong> e moltissimi altri.<\/p>\n<p><strong>Dal 18 novembre 2020 al 12 maggio 2023<\/strong> la stagione concertistica prevede<strong> 20 appuntamenti<\/strong> con una sequenza di straordinari<strong> solisti di fama mondiale, grandi orchestre, prestigiosi ensemble, giovani talenti e nuove proposte<\/strong> che annodano i fili del presente musicale con quelli di un glorioso passato.<\/p>\n<p>I concerti si terranno nei <strong>Teatri di Siena,<\/strong> grazie all&#8217;intensa collaborazione con il Comune di Siena e <strong>due\u00a0concerti nella Cattedrale,<\/strong> grazie alla collaborazione con l&#8217;<strong>Opera della Metropolitana.\u00a0<\/strong><\/p>\n<p>La stagione prende il via il <strong>18 novembre al Teatro dei Rinnovati di Siena<\/strong> con il ritorno alla Chigiana dell<strong>\u2019Orchestra dell\u2019Accademia Nazionale di Santa Cecilia<\/strong>, tra le pi\u00f9 prestigiose e affermate orchestre del mondo, con la direzione di <strong>Sir Antonio Pappano.<\/strong><\/p>\n<p>Ospite speciale la<strong> violinista georgiana Lisa Batiashvili, Premio Chigiana nel 2009,<\/strong> virtuosa tra le pi\u00f9 acclamate a livello mondiale, che eseguir\u00e0 una delle pagine pi\u00f9 conosciute dagli appassionati di musica: il <strong>Concerto per violino in re maggiore op.61 di Ludwig van Beethoven<\/strong>. Il secondo tempo sar\u00e0 dedicato a un altrettanto celebre capolavoro: la <strong>Sinfonia n.2 in do maggiore op.61 di Robert Schumann.<\/strong><\/p>\n<div class=\"titleimg\">\n<figure id=\"post-252103 media-252103\" class=\"align-none\"><img decoding=\"async\" src=\"https:\/\/www.intoscana.it\/wp-content\/uploads\/Lisa-Batiashvili_-Credit-Sammy-Hart.jpg\" alt=\"\" \/><\/figure>\n<div class=\"titleimg\"><em>Lisa Batiashvili, foto di Sammy Hart<\/em><\/div>\n<\/div>\n<h3>Il programma della stagione 2022\/2023<\/h3>\n<p>Quattro fra i grandi artisti in cartellone hanno dato il via alla loro prestigiosa carriera ricevendo il <em><strong>Premio Chigiana<\/strong><\/em>:<strong> Lisa Batiashvili nel 2009, Gidon Kremer nel 1982, Gil Shaham nel 1992 e Quartetto Hagen nel 1996.<\/strong><\/p>\n<p>Oltre a questi sono significativamente presenti nella <strong>100a stagione<\/strong> artisti che rappresentano un importante riferimento nella storia della Chigiana, come <strong>Mischa Maisky<\/strong>, docente del corso di perfezionamento estivo di violoncello dal 1995 al 1997,<strong> Clive Greensmith<\/strong>, ospite in stagione con il Trio Montrose, che \u00e8 oggi titolare della cattedra di musica da camera, nonch\u00e9 gli ex allievi dell\u2019Accademia internazionalmente affermati come la violoncellista<strong> Sol Gabetta, la violinista Francesca Dego, il violoncellista Vittorio Ceccanti e il giovane Quartetto Adorno.<\/strong><\/p>\n<p><strong>La 100a edizione della Micat In Vertice<\/strong> segna anche il ritorno di grandi interpreti particolarmente amati dalla Chigiana e presenti nelle passate edizioni della stagione: il <strong>22 novembre,<\/strong> il grande violinista e direttore<strong> Fabio Biondi con l&#8217;ensemble Europa Galante<\/strong>, vincitore con l\u2019Accademia Chigiana del Premio Abbiati nel 2009, rende omaggio a Vivaldi.<\/p>\n<p><strong>Il 13 gennaio 2023<\/strong> \u00e8 la volta del <strong>grande violinista americano vincitore di un Grammy Award Gil Shaham,<\/strong> che accoster\u00e0 le Sonate e Partite per violino solo di Johann Sebastian Bach a recenti composizioni di autori americani viventi &#8211; Scott Wheeler, con Isolation Rag, scritta per Shaham durante la pandemia, Max Raimi, con Violin Etude: Anger Management e la giovane artista statunitense di origini indiane Reena Esmail, con When the violin, basato sul raga indostano Charukeshi.<\/p>\n<p><strong>Il baritono Matthias Goerne,<\/strong> tra i pi\u00f9 acclamati interpreti a livello mondiale del repertorio liederistico, protagonista nel 2015 a Siena della straordinaria produzione scenica di William Kentridge della Winterreise di Schubert, dedica il suo recital del<strong> 20 gennaio<\/strong> ad alcuni tra i capolavori della produzione liederistica di Gustav Mahler (Des Knaben Wunderhorn, F\u00fcnf R\u00fcckert-Lieder, Kindertotenlieder) e di Dmitrij \u0160ostakovi\u010d (Suite per basso e pianoforte su versi di Michelangelo Buonarroti op. 145).<\/p>\n<p><strong>La celebre pianista canadese Angela Hewitt<\/strong> dedicher\u00e0 il suo concerto del<strong> 3 febbraio a Johann Sebastian Bach<\/strong>, di cui \u00e8 tra le pi\u00f9 celebrate interpreti viventi, eseguendo l\u2019Ouverture in stile francese in si minore BWV 831 accanto a un\u2019ampia selezione dal Volume II del Clavicembalo ben temperato.<\/p>\n<p><strong>Il 17 marzo Sol Gabetta, allieva dell\u2019Accademia Chigiana<\/strong>, divenuta una delle pi\u00f9 acclamate violoncelliste di oggi, in concerto con il pianista francese Bertrand Chamayou esplora il repertorio di Johannes Brahms e Felix Mendelssohn.<\/p>\n<p><strong>Il 28 aprile Louis Lortie<\/strong> incontra in un\u2019inedita collaborazione il <strong>Quartetto Adorno,<\/strong> nato da allievi dell\u2019Accademia Chigiana; in programma due autentiche e preziose opere di raro ascolto: il Quintetto in do op.45 di Giuseppe Martucci e il Quintetto per pianoforte e archi in re bemolle op.6 di Ermanno Wolf-Ferrari.<\/p>\n<p>Nel cartellone trova spazio anche la<strong> nuova generazione dei giovani talenti chigiani<\/strong>, formatisi ai corsi estivi di alto perfezionamento musicale dell\u2019Accademia Chigiana.<strong> Il pianista Gabriele Strata,<\/strong> in occasione del suo debutto in stagione il <strong>3 marzo<\/strong> propone un programma che nella prima parte dalla Londra settecentesca di Georg Friedrich H\u00e4ndel si proietta fino alla Londra di oggi con Thomas Ad\u00e8s, mentre nella seconda parte presenta l\u2019integrale delle Ballate di Chopin.<\/p>\n<figure id=\"post-252113 media-252113\" class=\"align-none\"><img decoding=\"async\" src=\"https:\/\/www.intoscana.it\/wp-content\/uploads\/Trio-Ceccanti-Fossi-3-ph\u00ae-Luigi-Angelucci.jpg\" alt=\"\" \/><\/figure>\n<p>Particolarmente rilevanti le presenze delle grandi formazioni cameristiche. Il <strong>Trio Montrose, guidato da Clive Greensmith,<\/strong> nel concerto del <strong>25 novembre<\/strong> lega la tradizione musicale del vecchio continente, da Felix Mendelssohn a Mieczys\u0142aw Weinberg, alle sonorit\u00e0 del nuovo mondo, con il jazz strumentale di David Baker e la musica tesa, carica di energia di Joan Tower, che in Big Sky trae ispirazione dall\u2019esperienza personale dei paesaggi andini della Bolivia.<\/p>\n<p><strong>Mischa Maisky il 9 dicembre<\/strong> ritorna all\u2019Accademia Chigiana dopo vent\u2019anni di assenza con il Trio Maisky insieme ai figli Lily e Sascha, rispettivamente al pianoforte e al violino. Il programma presenta pietre miliari del repertorio per trio con pianoforte di Johannes Brahms, Sergej Rachmaninov e Dmitrij \u0160ostakovi\u010d accanto alle Tre Romanze op.22 di Clara Schumann.<\/p>\n<p><strong>Il Quartetto Jerusalem il 27 gennaio 2023<\/strong> affronter\u00e0 i quartetti di Mendelssohn, \u010cajkovskij assieme a Langsamer Satz di Anton Webern, compositore alla cui diffusione in Italia la Chigiana ha largamente contribuito fin dal 1928.<\/p>\n<p><strong>Il Trio Ceccanti-Fossi, il 24 febbraio<\/strong>, affronta la cultura musicale mitteleuropea, dalla Vienna ottocentesca di Franz Schubert, al Romanticismo di Johannes Brahms, al Novecento di Anton\u00edn Dvo\u0159ak, fino a un grande protagonista della musica del nostro tempo recentemente scomparso, Ivan Vandor.<\/p>\n<p><strong>Il celebre Quartetto Hagen, il 24 marzo<\/strong>, interpreta capolavori di Wolfgang Amadeus Mozart e Dmitrij \u0160ostakovi\u010d.<\/p>\n<p><strong>Gidon Kremer,<\/strong> icona della musica del nostro tempo, torn<strong>a all\u2019Accademia Chigiana il 21 aprile con il Gidon Kremer Trio<\/strong>, affiancato da Giedr\u00e9 Dirvanauskait\u00e9 al violoncello e Georgijs Osokins al pianoforte.<\/p>\n<p><strong>Il 10 marzo al Teatro dei Rozzi<\/strong> prima mondiale della nuova produzione dell\u2019<strong>Ensemble Tabula Rasa,<\/strong> formazione promossa congiuntamente dall\u2019Accademia Chigiana e Siena Jazz University, diretta da Stefano Battaglia.<\/p>\n<p><strong>Il 5 maggio al Teatro dei Rinnovati i Carmina Burana di Carl Orff<\/strong> con Matteo Fossi e Marco Gaggini pianoforti, Leonardo Balucani, Bartolomeo Bertini, Matteo Damiano Bosotti, Jacopo Chitarrai e Federico Poli percussioni, SICH \u2013 Siena Children\u2019s Choir e Coro dell\u2019Istituto \u201cR. Franci\u201d e Coro della Cattedrale di Siena \u201cGuido Chigi Saracini\u201d, con la direzione di Claudia Morelli.<\/p>\n<p><strong>Il Coro della Cattedrale \u201cGuido Chigi Saracini\u201d<\/strong> sar\u00e0 inoltre impegnato in occasione delle festivit\u00e0:<strong> il 23 dicembre nella Cattedrale di Siena, per il Natale<\/strong> con un repertorio che spazia dalla lauda trecentesca a composizioni del nostro tempo su testi natalizi e il<strong> 6 aprile al Teatro dei Rozzi, in occasione della Pasqua<\/strong> con l\u2019esecuzione dell\u2019oratorio barocco Membra Jesu nostri, ciclo di sette cantate di Dieterich Buxtehude.<\/p>\n<p><strong>Evento speciale<\/strong> in occasione della stagione n.100 della Micat In Vertice,<strong> gioved\u00ec 30 marzo nella Cattedrale di Siena, la nuova produzione dell\u2019Accademia Chigiana<\/strong> dello<strong> Stabat Mater di Gioachino Rossini,<\/strong> in coproduzione con il CIDIM-Comitato Nazionale Italiano Musica, Emilia Romagna Concerti e Young Musicians European Orchestra.<\/p>\n<p>Il cast d\u2019eccezione vedr\u00e0 protagonisti<strong> Irina Lungu, soprano, Marianna Pizzolato, mezzosoprano, Antonino Siragusa, tenore, Antonio Di Matteo, basso, il M\u00fcnchener Bach-Chor diretto da Hansj\u014drg Albrecht<\/strong> insieme al <strong>Coro della Cattedrale di Siena \u201cGuido Chigi Saracini\u201d diretto da Lorenzo Donati,<\/strong> la Young Musicians European Orchestra con la direzione di Paolo Olmi.<\/p>\n<p><strong>Il concerto conclusivo della Micat In Vertice 2022-2023<\/strong> vedr\u00e0 sul palco del<strong> Teatro dei Rinnovati, venerd\u00ec 12 maggio<\/strong>, il ritorno della <strong>violinista Francesca Dego con l\u2019ORT \u2013 Orchestra della Toscana,<\/strong> diretta da Jordan De Souza, tra i direttori emergenti pi\u00f9 promettenti ed esuberanti dopo essersi distinto sulla scena musicale berlinese.<\/p>\n<figure id=\"post-252100 media-252100\" class=\"align-none\"><img decoding=\"async\" src=\"https:\/\/www.intoscana.it\/wp-content\/uploads\/Hewitt_credit_Keith-Saunders_4_hr.jpg\" alt=\"\" \/><\/figure>\n<div class=\"titleimg\"><em>Keith Saunders<\/em><\/div>\n<div class=\"titleimg\"><\/div>\n","protected":false},"excerpt":{"rendered":"<p>Dal 18 novembre 2020 al 12 maggio 2023 la stagione concertistica prevede 20 appuntamenti con una sequenza di straordinari solisti di fama mondiale, grandi orchestre, prestigiosi ensemble, giovani talenti e nuove proposte che annodano i fili del presente musicale con quelli di un glorioso passato<\/p>\n","protected":false},"author":525,"featured_media":252099,"comment_status":"open","ping_status":"open","sticky":false,"template":"","format":"standard","meta":{"_acf_changed":false,"footnotes":""},"categories":[14],"tags":[216,277,164],"class_list":["post-252086","post","type-post","status-publish","format-standard","has-post-thumbnail","hentry","category-musica","tag-concerti","tag-musica-classica","tag-siena"],"acf":[],"yoast_head":"<!-- This site is optimized with the Yoast SEO Premium plugin v24.2 (Yoast SEO v25.6) - https:\/\/yoast.com\/wordpress\/plugins\/seo\/ -->\n<title>&quot;Micat in Vertice&quot; a Siena: 20 concerti con star mondiali per l&#039;edizione numero 100 - intoscana<\/title>\n<meta name=\"description\" content=\"Inaugurazione il 18 novembre al Teatro dei Rinnovati di Siena con il ritorno alla Chigiana dell\u2019Orchestra dell\u2019Accademia di Santa Cecilia\" \/>\n<meta name=\"robots\" content=\"index, follow, max-snippet:-1, max-image-preview:large, max-video-preview:-1\" \/>\n<link rel=\"canonical\" href=\"https:\/\/www.intoscana.it\/it\/micat-in-vertice-siena-100-edizione-2022-2023\/\" \/>\n<meta property=\"og:locale\" content=\"it_IT\" \/>\n<meta property=\"og:type\" content=\"article\" \/>\n<meta property=\"og:title\" content=\"&quot;Micat in Vertice&quot; a Siena: 20 concerti con star mondiali per l&#039;edizione numero 100\" \/>\n<meta property=\"og:description\" content=\"Inaugurazione il 18 novembre al Teatro dei Rinnovati di Siena con il ritorno alla Chigiana dell\u2019Orchestra dell\u2019Accademia di Santa Cecilia\" \/>\n<meta property=\"og:url\" content=\"https:\/\/www.intoscana.it\/it\/micat-in-vertice-siena-100-edizione-2022-2023\/\" \/>\n<meta property=\"og:site_name\" content=\"intoscana\" \/>\n<meta property=\"article:publisher\" content=\"https:\/\/www.facebook.com\/intoscana.it\" \/>\n<meta property=\"article:published_time\" content=\"2022-10-11T08:06:58+00:00\" \/>\n<meta property=\"article:modified_time\" content=\"2022-10-11T08:46:16+00:00\" \/>\n<meta property=\"og:image\" content=\"https:\/\/www.intoscana.it\/wp-content\/uploads\/Hear-my-prayer-14-luglio-2020-Basilica-di-S.-Lucchese-Poggibonsi-\u00a9Roberto-Testi.jpg\" \/>\n\t<meta property=\"og:image:width\" content=\"1358\" \/>\n\t<meta property=\"og:image:height\" content=\"886\" \/>\n\t<meta property=\"og:image:type\" content=\"image\/jpeg\" \/>\n<meta name=\"author\" content=\"Redazione\" \/>\n<meta name=\"twitter:card\" content=\"summary_large_image\" \/>\n<meta name=\"twitter:creator\" content=\"@intoscana\" \/>\n<meta name=\"twitter:site\" content=\"@intoscana\" \/>\n<meta name=\"twitter:label1\" content=\"Written by\" \/>\n\t<meta name=\"twitter:data1\" content=\"Redazione\" \/>\n\t<meta name=\"twitter:label2\" content=\"Est. reading time\" \/>\n\t<meta name=\"twitter:data2\" content=\"7 minuti\" \/>\n<script type=\"application\/ld+json\" class=\"yoast-schema-graph\">{\"@context\":\"https:\/\/schema.org\",\"@graph\":[{\"@type\":\"WebPage\",\"@id\":\"https:\/\/www.intoscana.it\/it\/micat-in-vertice-siena-100-edizione-2022-2023\/\",\"url\":\"https:\/\/www.intoscana.it\/it\/micat-in-vertice-siena-100-edizione-2022-2023\/\",\"name\":\"\\\"Micat in Vertice\\\" a Siena: 20 concerti con star mondiali per l'edizione numero 100 - intoscana\",\"isPartOf\":{\"@id\":\"https:\/\/www.intoscana.it\/it\/#website\"},\"primaryImageOfPage\":{\"@id\":\"https:\/\/www.intoscana.it\/it\/micat-in-vertice-siena-100-edizione-2022-2023\/#primaryimage\"},\"image\":{\"@id\":\"https:\/\/www.intoscana.it\/it\/micat-in-vertice-siena-100-edizione-2022-2023\/#primaryimage\"},\"thumbnailUrl\":\"https:\/\/www.intoscana.it\/wp-content\/uploads\/Hear-my-prayer-14-luglio-2020-Basilica-di-S.-Lucchese-Poggibonsi-\u00a9Roberto-Testi.jpg\",\"datePublished\":\"2022-10-11T08:06:58+00:00\",\"dateModified\":\"2022-10-11T08:46:16+00:00\",\"author\":{\"@id\":\"https:\/\/www.intoscana.it\/it\/#\/schema\/person\/9223810753230f20bd670fdd322661f8\"},\"description\":\"Inaugurazione il 18 novembre al Teatro dei Rinnovati di Siena con il ritorno alla Chigiana dell\u2019Orchestra dell\u2019Accademia di Santa Cecilia\",\"breadcrumb\":{\"@id\":\"https:\/\/www.intoscana.it\/it\/micat-in-vertice-siena-100-edizione-2022-2023\/#breadcrumb\"},\"inLanguage\":\"it-IT\",\"potentialAction\":[{\"@type\":\"ReadAction\",\"target\":[\"https:\/\/www.intoscana.it\/it\/micat-in-vertice-siena-100-edizione-2022-2023\/\"]}]},{\"@type\":\"ImageObject\",\"inLanguage\":\"it-IT\",\"@id\":\"https:\/\/www.intoscana.it\/it\/micat-in-vertice-siena-100-edizione-2022-2023\/#primaryimage\",\"url\":\"https:\/\/www.intoscana.it\/wp-content\/uploads\/Hear-my-prayer-14-luglio-2020-Basilica-di-S.-Lucchese-Poggibonsi-\u00a9Roberto-Testi.jpg\",\"contentUrl\":\"https:\/\/www.intoscana.it\/wp-content\/uploads\/Hear-my-prayer-14-luglio-2020-Basilica-di-S.-Lucchese-Poggibonsi-\u00a9Roberto-Testi.jpg\",\"width\":1358,\"height\":886},{\"@type\":\"BreadcrumbList\",\"@id\":\"https:\/\/www.intoscana.it\/it\/micat-in-vertice-siena-100-edizione-2022-2023\/#breadcrumb\",\"itemListElement\":[{\"@type\":\"ListItem\",\"position\":1,\"name\":\"Home\",\"item\":\"https:\/\/www.intoscana.it\/it\/\"},{\"@type\":\"ListItem\",\"position\":2,\"name\":\"&#8220;Micat in Vertice&#8221; a Siena: 20 concerti con star mondiali per l&#8217;edizione numero 100\"}]},{\"@type\":\"WebSite\",\"@id\":\"https:\/\/www.intoscana.it\/it\/#website\",\"url\":\"https:\/\/www.intoscana.it\/it\/\",\"name\":\"intoscana\",\"description\":\"\",\"potentialAction\":[{\"@type\":\"SearchAction\",\"target\":{\"@type\":\"EntryPoint\",\"urlTemplate\":\"https:\/\/www.intoscana.it\/it\/?s={search_term_string}\"},\"query-input\":{\"@type\":\"PropertyValueSpecification\",\"valueRequired\":true,\"valueName\":\"search_term_string\"}}],\"inLanguage\":\"it-IT\"},{\"@type\":\"Person\",\"@id\":\"https:\/\/www.intoscana.it\/it\/#\/schema\/person\/9223810753230f20bd670fdd322661f8\",\"name\":\"Redazione\",\"url\":\"https:\/\/www.intoscana.it\/it\/author\/redazione\/\"}]}<\/script>\n<!-- \/ Yoast SEO Premium plugin. -->","yoast_head_json":{"title":"\"Micat in Vertice\" a Siena: 20 concerti con star mondiali per l'edizione numero 100 - intoscana","description":"Inaugurazione il 18 novembre al Teatro dei Rinnovati di Siena con il ritorno alla Chigiana dell\u2019Orchestra dell\u2019Accademia di Santa Cecilia","robots":{"index":"index","follow":"follow","max-snippet":"max-snippet:-1","max-image-preview":"max-image-preview:large","max-video-preview":"max-video-preview:-1"},"canonical":"https:\/\/www.intoscana.it\/it\/micat-in-vertice-siena-100-edizione-2022-2023\/","og_locale":"it_IT","og_type":"article","og_title":"\"Micat in Vertice\" a Siena: 20 concerti con star mondiali per l'edizione numero 100","og_description":"Inaugurazione il 18 novembre al Teatro dei Rinnovati di Siena con il ritorno alla Chigiana dell\u2019Orchestra dell\u2019Accademia di Santa Cecilia","og_url":"https:\/\/www.intoscana.it\/it\/micat-in-vertice-siena-100-edizione-2022-2023\/","og_site_name":"intoscana","article_publisher":"https:\/\/www.facebook.com\/intoscana.it","article_published_time":"2022-10-11T08:06:58+00:00","article_modified_time":"2022-10-11T08:46:16+00:00","og_image":[{"width":1358,"height":886,"url":"https:\/\/www.intoscana.it\/wp-content\/uploads\/Hear-my-prayer-14-luglio-2020-Basilica-di-S.-Lucchese-Poggibonsi-\u00a9Roberto-Testi.jpg","type":"image\/jpeg"}],"author":"Redazione","twitter_card":"summary_large_image","twitter_creator":"@intoscana","twitter_site":"@intoscana","twitter_misc":{"Written by":"Redazione","Est. reading time":"7 minuti"},"schema":{"@context":"https:\/\/schema.org","@graph":[{"@type":"WebPage","@id":"https:\/\/www.intoscana.it\/it\/micat-in-vertice-siena-100-edizione-2022-2023\/","url":"https:\/\/www.intoscana.it\/it\/micat-in-vertice-siena-100-edizione-2022-2023\/","name":"\"Micat in Vertice\" a Siena: 20 concerti con star mondiali per l'edizione numero 100 - intoscana","isPartOf":{"@id":"https:\/\/www.intoscana.it\/it\/#website"},"primaryImageOfPage":{"@id":"https:\/\/www.intoscana.it\/it\/micat-in-vertice-siena-100-edizione-2022-2023\/#primaryimage"},"image":{"@id":"https:\/\/www.intoscana.it\/it\/micat-in-vertice-siena-100-edizione-2022-2023\/#primaryimage"},"thumbnailUrl":"https:\/\/www.intoscana.it\/wp-content\/uploads\/Hear-my-prayer-14-luglio-2020-Basilica-di-S.-Lucchese-Poggibonsi-\u00a9Roberto-Testi.jpg","datePublished":"2022-10-11T08:06:58+00:00","dateModified":"2022-10-11T08:46:16+00:00","author":{"@id":"https:\/\/www.intoscana.it\/it\/#\/schema\/person\/9223810753230f20bd670fdd322661f8"},"description":"Inaugurazione il 18 novembre al Teatro dei Rinnovati di Siena con il ritorno alla Chigiana dell\u2019Orchestra dell\u2019Accademia di Santa Cecilia","breadcrumb":{"@id":"https:\/\/www.intoscana.it\/it\/micat-in-vertice-siena-100-edizione-2022-2023\/#breadcrumb"},"inLanguage":"it-IT","potentialAction":[{"@type":"ReadAction","target":["https:\/\/www.intoscana.it\/it\/micat-in-vertice-siena-100-edizione-2022-2023\/"]}]},{"@type":"ImageObject","inLanguage":"it-IT","@id":"https:\/\/www.intoscana.it\/it\/micat-in-vertice-siena-100-edizione-2022-2023\/#primaryimage","url":"https:\/\/www.intoscana.it\/wp-content\/uploads\/Hear-my-prayer-14-luglio-2020-Basilica-di-S.-Lucchese-Poggibonsi-\u00a9Roberto-Testi.jpg","contentUrl":"https:\/\/www.intoscana.it\/wp-content\/uploads\/Hear-my-prayer-14-luglio-2020-Basilica-di-S.-Lucchese-Poggibonsi-\u00a9Roberto-Testi.jpg","width":1358,"height":886},{"@type":"BreadcrumbList","@id":"https:\/\/www.intoscana.it\/it\/micat-in-vertice-siena-100-edizione-2022-2023\/#breadcrumb","itemListElement":[{"@type":"ListItem","position":1,"name":"Home","item":"https:\/\/www.intoscana.it\/it\/"},{"@type":"ListItem","position":2,"name":"&#8220;Micat in Vertice&#8221; a Siena: 20 concerti con star mondiali per l&#8217;edizione numero 100"}]},{"@type":"WebSite","@id":"https:\/\/www.intoscana.it\/it\/#website","url":"https:\/\/www.intoscana.it\/it\/","name":"intoscana","description":"","potentialAction":[{"@type":"SearchAction","target":{"@type":"EntryPoint","urlTemplate":"https:\/\/www.intoscana.it\/it\/?s={search_term_string}"},"query-input":{"@type":"PropertyValueSpecification","valueRequired":true,"valueName":"search_term_string"}}],"inLanguage":"it-IT"},{"@type":"Person","@id":"https:\/\/www.intoscana.it\/it\/#\/schema\/person\/9223810753230f20bd670fdd322661f8","name":"Redazione","url":"https:\/\/www.intoscana.it\/it\/author\/redazione\/"}]}},"_links":{"self":[{"href":"https:\/\/www.intoscana.it\/it\/wp-json\/wp\/v2\/posts\/252086","targetHints":{"allow":["GET"]}}],"collection":[{"href":"https:\/\/www.intoscana.it\/it\/wp-json\/wp\/v2\/posts"}],"about":[{"href":"https:\/\/www.intoscana.it\/it\/wp-json\/wp\/v2\/types\/post"}],"author":[{"embeddable":true,"href":"https:\/\/www.intoscana.it\/it\/wp-json\/wp\/v2\/users\/525"}],"replies":[{"embeddable":true,"href":"https:\/\/www.intoscana.it\/it\/wp-json\/wp\/v2\/comments?post=252086"}],"version-history":[{"count":0,"href":"https:\/\/www.intoscana.it\/it\/wp-json\/wp\/v2\/posts\/252086\/revisions"}],"wp:featuredmedia":[{"embeddable":true,"href":"https:\/\/www.intoscana.it\/it\/wp-json\/wp\/v2\/media\/252099"}],"wp:attachment":[{"href":"https:\/\/www.intoscana.it\/it\/wp-json\/wp\/v2\/media?parent=252086"}],"wp:term":[{"taxonomy":"category","embeddable":true,"href":"https:\/\/www.intoscana.it\/it\/wp-json\/wp\/v2\/categories?post=252086"},{"taxonomy":"post_tag","embeddable":true,"href":"https:\/\/www.intoscana.it\/it\/wp-json\/wp\/v2\/tags?post=252086"}],"curies":[{"name":"wp","href":"https:\/\/api.w.org\/{rel}","templated":true}]}}