{"id":252196,"date":"2022-10-11T14:33:37","date_gmt":"2022-10-11T12:33:37","guid":{"rendered":"https:\/\/www.intoscana.it\/it\/?p=252196"},"modified":"2022-10-11T16:18:59","modified_gmt":"2022-10-11T14:18:59","slug":"il-colibri-in-uscita-il-film-di-francesca-archibugi","status":"publish","type":"post","link":"https:\/\/www.intoscana.it\/it\/il-colibri-in-uscita-il-film-di-francesca-archibugi\/","title":{"rendered":"&#8220;Il Colibr\u00ec&#8221;, in uscita il film di Francesca Archibugi"},"content":{"rendered":"<p>Sar\u00e0 presentato in anteprima nazionale, come evento d\u2019apertura della <strong>Festa del Cinema di Roma<\/strong>, mercoled\u00ec 13 ottobre, il film <em><strong>Il Colibr\u00ec,<\/strong><\/em> diretto da Francesca Archibugi e ispirato all\u2019omonimo romanzo dello scrittore toscano <strong>Sandro Veronesi<\/strong>, a cui \u00e8 valso il \u201cPremio Strega\u201d 2020.<\/p>\n<p>Il film \u00e8 un diario intimo del protagonista, <strong>Marco Carrera (Pierfrancesco Favino)<\/strong>, che ripercorre gli anni della giovent\u00f9 a Firenze, la vita da adulto a Roma, gli affetti familiari, le perdite e i drammi esistenziali, un m\u00e9nage travagliato con la moglie Marina (<strong>Kasia Smutniak<\/strong>), il rapporto con la <strong>figlia Adele (Benedetta Porcaroli<\/strong>) e l\u2019amore assoluto &#8211; idealizzato e mai realmente vissuto &#8211; con <strong>Luisa Lattes (B\u00e9renice B\u00e9jo)<\/strong>, conosciuta al mare, nelle vacanze estive a Bibbona, nella costa degli Etruschi.<\/p>\n<p>Tra ricordi, salti temporali, punteggiati da una fitta corrispondenza con Luisa, il protagonista torner\u00e0 a Firenze, per affrontare un destino implacabile, sostenuto moralmente\u00a0 da <strong>Daniele Carradori (Nanni Moretti)<\/strong>, lo psicoanalista della moglie Marina, che indicher\u00e0 a Marco la strada per affrontare i cambi di rotta pi\u00f9 inaspettati. Una storia che trasmette un messaggio di resilienza agli urti della vita, ai mutamenti delle situazioni contingenti e dello spirito &#8211; perch\u00e9 il colibr\u00ec \u00e8 un uccello che impiega settanta battiti di ali al secondo per rimanere fermo &#8211; la cui forza sta proprio nel percorso travagliato e non nel facile e scontato happy and. Anche se il romanzo, che ispira il film, introduce nell&#8217;ultima parta l&#8217;arrivo di &#8220;uomo nuovo&#8221;, nel senso ontologico del termine: si tratta in realt\u00e0 di una donna, una bambina, il cui nome \u00e8 Miraijin.<\/p>\n<figure id=\"post-252240 media-252240\" class=\"align-none\"><img decoding=\"async\" src=\"https:\/\/www.intoscana.it\/wp-content\/uploads\/foto-il-colibri-2-low.jpg\" alt=\"\" \/><\/figure>\n<div class=\"titleimg\">Una scena del film \u201cIl Colibr\u00ec\u201d &#8211; \u00a9 Foto: Enrico De Luigi<\/div>\n<h3>&#8220;Il Colibr\u00ec&#8221;, un film dedicato anche alla Toscana<\/h3>\n<p>Il film \u00e8 stato girato in parte in Toscana nel 2021, con la collaborazione di <strong>Toscana Promozione Turistica<\/strong> e <a href=\"http:\/\/Toscana Film Commission\"><strong>Toscana Film Commission<\/strong><\/a>, per tre settimane, andando a coinvolgere alcune location in provincia di Grosseto, tra cui il Monte Argentario, Orbetello e Capalbio, mentre altre scene sono state girate nel centro storico di Firenze, tra Piazza Savonarola, Piazza Santo Spirito, Piazza del Mercato Nuovo e Ponte Santa Trinita.<\/p>\n<p>Un film, <em><strong>Il Colibr\u00ec<\/strong><\/em>, che ha molte attinenze con la Toscana: per la storia raccontata &#8211; cos\u00ec come nel libro &#8211; nella quale spesso ricorrono Firenze e Bibbona; per l\u2019autore del romanzo al quale si ispira, <strong>Sandro Veronesi<\/strong>, fiorentino di nascita e pratese d&#8217;adozione, fratello maggiore del regista e sceneggiatore Giovanni Veronesi, uno scrittore che ha gi\u00e0 visto trasporre sul grande schermo (con successo) alcuni suoi romanzi, come <em>Caos Calmo<\/em> e <em>La forza del passato<\/em>; per il cast, che vede in scena gli attori toscani <strong>Laura Morante<\/strong>, <strong>Sergio Albelli<\/strong> e <strong>Massimo Ceccherini;<\/strong> per le location interessate nel corso delle riprese.<\/p>\n<p>Da segnalare, oltre alle musiche firmate da Battista Lena, un <strong>brano inedito di \u00a0Sergio Endrigo e Riccardo Sinigallia<\/strong>, dal titolo <strong><em>Caro amore lontanissimo<\/em><\/strong> e interpretato dal cantante <strong>Marco Mengoni. <\/strong>Il film uscir\u00e0 nelle sale italiane dal 14 ottobre, distribuito da 01 Distribution.<\/p>\n<p><iframe loading=\"lazy\" title=\"YouTube video player\" src=\"https:\/\/www.youtube.com\/embed\/YAwAStOsU0M\" width=\"860\" height=\"615\" frameborder=\"0\" allowfullscreen=\"allowfullscreen\"><span style=\"display: inline-block; width: 0px; overflow: hidden; line-height: 0;\" data-mce-type=\"bookmark\" class=\"mce_SELRES_start\">\ufeff<\/span><\/iframe><\/p>\n","protected":false},"excerpt":{"rendered":"<p>Ispirato all\u2019omonimo romanzo di Sandro Veronesi, Premio Strega 2020, il film \u00e8 stato girato in parte in Toscana. Dopo l&#8217;anteprima alla Festa del Cinema di Roma, il film arriva in sala il 14 ottobre<\/p>\n","protected":false},"author":492,"featured_media":252245,"comment_status":"open","ping_status":"open","sticky":false,"template":"","format":"standard","meta":{"_acf_changed":false,"footnotes":""},"categories":[493],"tags":[188,5199],"class_list":["post-252196","post","type-post","status-publish","format-standard","has-post-thumbnail","hentry","category-cultura","tag-cinema","tag-toscana-film-commission"],"acf":[],"yoast_head":"<!-- This site is optimized with the Yoast SEO Premium plugin v24.2 (Yoast SEO v25.6) - https:\/\/yoast.com\/wordpress\/plugins\/seo\/ -->\n<title>&quot;Il Colibr\u00ec&quot;, in uscita il film di Francesca Archibugi - intoscana<\/title>\n<meta name=\"robots\" content=\"index, follow, max-snippet:-1, max-image-preview:large, max-video-preview:-1\" \/>\n<link rel=\"canonical\" href=\"https:\/\/www.intoscana.it\/it\/il-colibri-in-uscita-il-film-di-francesca-archibugi\/\" \/>\n<meta property=\"og:locale\" content=\"it_IT\" \/>\n<meta property=\"og:type\" content=\"article\" \/>\n<meta property=\"og:title\" content=\"&quot;Il Colibr\u00ec&quot;, in uscita il film di Francesca Archibugi\" \/>\n<meta property=\"og:description\" content=\"Ispirato all\u2019omonimo romanzo di Sandro Veronesi, Premio Strega 2020, il film \u00e8 stato girato in parte in Toscana. Dopo l&#039;anteprima alla Festa del Cinema di Roma, il film arriva in sala il 14 ottobre\" \/>\n<meta property=\"og:url\" content=\"https:\/\/www.intoscana.it\/it\/il-colibri-in-uscita-il-film-di-francesca-archibugi\/\" \/>\n<meta property=\"og:site_name\" content=\"intoscana\" \/>\n<meta property=\"article:publisher\" content=\"https:\/\/www.facebook.com\/intoscana.it\" \/>\n<meta property=\"article:published_time\" content=\"2022-10-11T12:33:37+00:00\" \/>\n<meta property=\"article:modified_time\" content=\"2022-10-11T14:18:59+00:00\" \/>\n<meta property=\"og:image\" content=\"https:\/\/www.intoscana.it\/wp-content\/uploads\/foto-il-colibri-10-low.jpg\" \/>\n\t<meta property=\"og:image:width\" content=\"1500\" \/>\n\t<meta property=\"og:image:height\" content=\"1000\" \/>\n\t<meta property=\"og:image:type\" content=\"image\/jpeg\" \/>\n<meta name=\"author\" content=\"Elisabetta Vagaggini\" \/>\n<meta name=\"twitter:card\" content=\"summary_large_image\" \/>\n<meta name=\"twitter:creator\" content=\"@intoscana\" \/>\n<meta name=\"twitter:site\" content=\"@intoscana\" \/>\n<meta name=\"twitter:label1\" content=\"Written by\" \/>\n\t<meta name=\"twitter:data1\" content=\"Elisabetta Vagaggini\" \/>\n\t<meta name=\"twitter:label2\" content=\"Est. reading time\" \/>\n\t<meta name=\"twitter:data2\" content=\"2 minuti\" \/>\n<script type=\"application\/ld+json\" class=\"yoast-schema-graph\">{\"@context\":\"https:\/\/schema.org\",\"@graph\":[{\"@type\":\"WebPage\",\"@id\":\"https:\/\/www.intoscana.it\/it\/il-colibri-in-uscita-il-film-di-francesca-archibugi\/\",\"url\":\"https:\/\/www.intoscana.it\/it\/il-colibri-in-uscita-il-film-di-francesca-archibugi\/\",\"name\":\"\\\"Il Colibr\u00ec\\\", in uscita il film di Francesca Archibugi - intoscana\",\"isPartOf\":{\"@id\":\"https:\/\/www.intoscana.it\/it\/#website\"},\"primaryImageOfPage\":{\"@id\":\"https:\/\/www.intoscana.it\/it\/il-colibri-in-uscita-il-film-di-francesca-archibugi\/#primaryimage\"},\"image\":{\"@id\":\"https:\/\/www.intoscana.it\/it\/il-colibri-in-uscita-il-film-di-francesca-archibugi\/#primaryimage\"},\"thumbnailUrl\":\"https:\/\/www.intoscana.it\/wp-content\/uploads\/foto-il-colibri-10-low.jpg\",\"datePublished\":\"2022-10-11T12:33:37+00:00\",\"dateModified\":\"2022-10-11T14:18:59+00:00\",\"author\":{\"@id\":\"https:\/\/www.intoscana.it\/it\/#\/schema\/person\/20956e1a83baf96027b69e776f754e43\"},\"breadcrumb\":{\"@id\":\"https:\/\/www.intoscana.it\/it\/il-colibri-in-uscita-il-film-di-francesca-archibugi\/#breadcrumb\"},\"inLanguage\":\"it-IT\",\"potentialAction\":[{\"@type\":\"ReadAction\",\"target\":[\"https:\/\/www.intoscana.it\/it\/il-colibri-in-uscita-il-film-di-francesca-archibugi\/\"]}]},{\"@type\":\"ImageObject\",\"inLanguage\":\"it-IT\",\"@id\":\"https:\/\/www.intoscana.it\/it\/il-colibri-in-uscita-il-film-di-francesca-archibugi\/#primaryimage\",\"url\":\"https:\/\/www.intoscana.it\/wp-content\/uploads\/foto-il-colibri-10-low.jpg\",\"contentUrl\":\"https:\/\/www.intoscana.it\/wp-content\/uploads\/foto-il-colibri-10-low.jpg\",\"width\":1500,\"height\":1000,\"caption\":\"Una scena del film \\\"Il Colibr\u00ec\\\"\"},{\"@type\":\"BreadcrumbList\",\"@id\":\"https:\/\/www.intoscana.it\/it\/il-colibri-in-uscita-il-film-di-francesca-archibugi\/#breadcrumb\",\"itemListElement\":[{\"@type\":\"ListItem\",\"position\":1,\"name\":\"Home\",\"item\":\"https:\/\/www.intoscana.it\/it\/\"},{\"@type\":\"ListItem\",\"position\":2,\"name\":\"&#8220;Il Colibr\u00ec&#8221;, in uscita il film di Francesca Archibugi\"}]},{\"@type\":\"WebSite\",\"@id\":\"https:\/\/www.intoscana.it\/it\/#website\",\"url\":\"https:\/\/www.intoscana.it\/it\/\",\"name\":\"intoscana\",\"description\":\"\",\"potentialAction\":[{\"@type\":\"SearchAction\",\"target\":{\"@type\":\"EntryPoint\",\"urlTemplate\":\"https:\/\/www.intoscana.it\/it\/?s={search_term_string}\"},\"query-input\":{\"@type\":\"PropertyValueSpecification\",\"valueRequired\":true,\"valueName\":\"search_term_string\"}}],\"inLanguage\":\"it-IT\"},{\"@type\":\"Person\",\"@id\":\"https:\/\/www.intoscana.it\/it\/#\/schema\/person\/20956e1a83baf96027b69e776f754e43\",\"name\":\"Elisabetta Vagaggini\",\"url\":\"https:\/\/www.intoscana.it\/it\/author\/elisabetta-vagaggini\/\"}]}<\/script>\n<!-- \/ Yoast SEO Premium plugin. -->","yoast_head_json":{"title":"\"Il Colibr\u00ec\", in uscita il film di Francesca Archibugi - intoscana","robots":{"index":"index","follow":"follow","max-snippet":"max-snippet:-1","max-image-preview":"max-image-preview:large","max-video-preview":"max-video-preview:-1"},"canonical":"https:\/\/www.intoscana.it\/it\/il-colibri-in-uscita-il-film-di-francesca-archibugi\/","og_locale":"it_IT","og_type":"article","og_title":"\"Il Colibr\u00ec\", in uscita il film di Francesca Archibugi","og_description":"Ispirato all\u2019omonimo romanzo di Sandro Veronesi, Premio Strega 2020, il film \u00e8 stato girato in parte in Toscana. Dopo l'anteprima alla Festa del Cinema di Roma, il film arriva in sala il 14 ottobre","og_url":"https:\/\/www.intoscana.it\/it\/il-colibri-in-uscita-il-film-di-francesca-archibugi\/","og_site_name":"intoscana","article_publisher":"https:\/\/www.facebook.com\/intoscana.it","article_published_time":"2022-10-11T12:33:37+00:00","article_modified_time":"2022-10-11T14:18:59+00:00","og_image":[{"width":1500,"height":1000,"url":"https:\/\/www.intoscana.it\/wp-content\/uploads\/foto-il-colibri-10-low.jpg","type":"image\/jpeg"}],"author":"Elisabetta Vagaggini","twitter_card":"summary_large_image","twitter_creator":"@intoscana","twitter_site":"@intoscana","twitter_misc":{"Written by":"Elisabetta Vagaggini","Est. reading time":"2 minuti"},"schema":{"@context":"https:\/\/schema.org","@graph":[{"@type":"WebPage","@id":"https:\/\/www.intoscana.it\/it\/il-colibri-in-uscita-il-film-di-francesca-archibugi\/","url":"https:\/\/www.intoscana.it\/it\/il-colibri-in-uscita-il-film-di-francesca-archibugi\/","name":"\"Il Colibr\u00ec\", in uscita il film di Francesca Archibugi - intoscana","isPartOf":{"@id":"https:\/\/www.intoscana.it\/it\/#website"},"primaryImageOfPage":{"@id":"https:\/\/www.intoscana.it\/it\/il-colibri-in-uscita-il-film-di-francesca-archibugi\/#primaryimage"},"image":{"@id":"https:\/\/www.intoscana.it\/it\/il-colibri-in-uscita-il-film-di-francesca-archibugi\/#primaryimage"},"thumbnailUrl":"https:\/\/www.intoscana.it\/wp-content\/uploads\/foto-il-colibri-10-low.jpg","datePublished":"2022-10-11T12:33:37+00:00","dateModified":"2022-10-11T14:18:59+00:00","author":{"@id":"https:\/\/www.intoscana.it\/it\/#\/schema\/person\/20956e1a83baf96027b69e776f754e43"},"breadcrumb":{"@id":"https:\/\/www.intoscana.it\/it\/il-colibri-in-uscita-il-film-di-francesca-archibugi\/#breadcrumb"},"inLanguage":"it-IT","potentialAction":[{"@type":"ReadAction","target":["https:\/\/www.intoscana.it\/it\/il-colibri-in-uscita-il-film-di-francesca-archibugi\/"]}]},{"@type":"ImageObject","inLanguage":"it-IT","@id":"https:\/\/www.intoscana.it\/it\/il-colibri-in-uscita-il-film-di-francesca-archibugi\/#primaryimage","url":"https:\/\/www.intoscana.it\/wp-content\/uploads\/foto-il-colibri-10-low.jpg","contentUrl":"https:\/\/www.intoscana.it\/wp-content\/uploads\/foto-il-colibri-10-low.jpg","width":1500,"height":1000,"caption":"Una scena del film \"Il Colibr\u00ec\""},{"@type":"BreadcrumbList","@id":"https:\/\/www.intoscana.it\/it\/il-colibri-in-uscita-il-film-di-francesca-archibugi\/#breadcrumb","itemListElement":[{"@type":"ListItem","position":1,"name":"Home","item":"https:\/\/www.intoscana.it\/it\/"},{"@type":"ListItem","position":2,"name":"&#8220;Il Colibr\u00ec&#8221;, in uscita il film di Francesca Archibugi"}]},{"@type":"WebSite","@id":"https:\/\/www.intoscana.it\/it\/#website","url":"https:\/\/www.intoscana.it\/it\/","name":"intoscana","description":"","potentialAction":[{"@type":"SearchAction","target":{"@type":"EntryPoint","urlTemplate":"https:\/\/www.intoscana.it\/it\/?s={search_term_string}"},"query-input":{"@type":"PropertyValueSpecification","valueRequired":true,"valueName":"search_term_string"}}],"inLanguage":"it-IT"},{"@type":"Person","@id":"https:\/\/www.intoscana.it\/it\/#\/schema\/person\/20956e1a83baf96027b69e776f754e43","name":"Elisabetta Vagaggini","url":"https:\/\/www.intoscana.it\/it\/author\/elisabetta-vagaggini\/"}]}},"_links":{"self":[{"href":"https:\/\/www.intoscana.it\/it\/wp-json\/wp\/v2\/posts\/252196","targetHints":{"allow":["GET"]}}],"collection":[{"href":"https:\/\/www.intoscana.it\/it\/wp-json\/wp\/v2\/posts"}],"about":[{"href":"https:\/\/www.intoscana.it\/it\/wp-json\/wp\/v2\/types\/post"}],"author":[{"embeddable":true,"href":"https:\/\/www.intoscana.it\/it\/wp-json\/wp\/v2\/users\/492"}],"replies":[{"embeddable":true,"href":"https:\/\/www.intoscana.it\/it\/wp-json\/wp\/v2\/comments?post=252196"}],"version-history":[{"count":0,"href":"https:\/\/www.intoscana.it\/it\/wp-json\/wp\/v2\/posts\/252196\/revisions"}],"wp:featuredmedia":[{"embeddable":true,"href":"https:\/\/www.intoscana.it\/it\/wp-json\/wp\/v2\/media\/252245"}],"wp:attachment":[{"href":"https:\/\/www.intoscana.it\/it\/wp-json\/wp\/v2\/media?parent=252196"}],"wp:term":[{"taxonomy":"category","embeddable":true,"href":"https:\/\/www.intoscana.it\/it\/wp-json\/wp\/v2\/categories?post=252196"},{"taxonomy":"post_tag","embeddable":true,"href":"https:\/\/www.intoscana.it\/it\/wp-json\/wp\/v2\/tags?post=252196"}],"curies":[{"name":"wp","href":"https:\/\/api.w.org\/{rel}","templated":true}]}}