{"id":252399,"date":"2022-10-12T09:55:13","date_gmt":"2022-10-12T07:55:13","guid":{"rendered":"https:\/\/www.intoscana.it\/it\/?p=252399"},"modified":"2022-10-12T15:05:35","modified_gmt":"2022-10-12T13:05:35","slug":"il-palazzo-pretorio-di-figline-diventa-il-tempio-della-fotografia-per-raccontare-il-territorio","status":"publish","type":"post","link":"https:\/\/www.intoscana.it\/it\/il-palazzo-pretorio-di-figline-diventa-il-tempio-della-fotografia-per-raccontare-il-territorio\/","title":{"rendered":"Palazzo Pretorio a Figline diventa il tempio della fotografia per raccontare il territorio"},"content":{"rendered":"<p>Non solo <strong>luoghi e paesaggi,<\/strong> ma anche ritratti e tanta <strong>vita quotidiana, tra lavoro, studio, cultura, svago e spiritualit\u00e0,<\/strong> per raccontare il territorio di <strong>Figline e Incisa Valdarno<\/strong> attraverso la storia di chi ci vive.<\/p>\n<p>Sono queste le immagini che sar\u00e0 presto possibile ammirare al<strong> Palazzo Pretorio di Figline<\/strong> che,<strong> dal 29 ottobre al 15 gennaio<\/strong>, diventer\u00e0 <strong>\u201cIl Palazzo della Fotografia\u201d.<\/strong><\/p>\n<p>\u00c8 l\u00ec, infatti, che sar\u00e0 allestita la mostra<em><strong> \u201cIl senso dei luoghi\u201d<\/strong><\/em>, che prevede l\u2019esposizione di scatti realizzati ad hoc a Figline e Incisa Valdarno, nell\u2019ultimo anno, dal <strong>collettivo TerraProject<\/strong>, insieme a quelli su Figline firmati (e gi\u00e0 esposti in passato) da due grandi della fotografia, <strong>Paolo Monti (1980) e Gianni Berengo Gardin (2011),<\/strong> riproposti in una selezione a cura del <strong>Circolo Fotografico Arno<\/strong>, che li conserva nell\u2019<strong>Archivio storico comunale.<\/strong><\/p>\n<p>L\u2019esposizione, curata dagli stessi autori, \u00e8 una produzione del Servizio Cultura e Marketing territoriale del Comune di Figline e Incisa Valdarno e include <strong>i testi dello scrittore valdarnese Vanni Santoni,<\/strong> sia in formato \u201ccontenuti extra\u201d delle didascalie in mostra sia nel catalogo cartaceo, a cura di <strong>Giovanna Calvenzi, una delle pi\u00f9 grandi photo editor italiane.<\/strong><\/p>\n<figure id=\"post-252405 media-252405\" class=\"align-none\"><img decoding=\"async\" src=\"https:\/\/www.intoscana.it\/wp-content\/uploads\/Il-senso-dei-luoghi_007-scaled.jpg\" alt=\"\" \/><\/figure>\n<h3>Il progetto e gli eventi collaterali<\/h3>\n<p>Il progetto si propone di <strong>raccontare il territorio e la sua comunit\u00e0<\/strong>, per conservarne la <strong>memoria collettiva.<\/strong> Come? Abbinando gli <strong>scatti commissionati nel 1980 e nel 2011 dalle allora Amministrazioni comunali di Figline Valdarno<\/strong> con quelli \u201caggiornati\u201d e<strong> realizzati, tra il 2021 e il 2022, da TerraProject<\/strong>.<\/p>\n<p>Non solo foto da cartolina, ma<strong> un reportage sul territorio, per mostrarne punti di interesse e attivit\u00e0 produttive<\/strong> ma, soprattutto,<strong> le persone che lo abitano, ci lavorano,<\/strong> lo vivono e lo rendono unico.<\/p>\n<p>Un\u2019occasione, quindi, non solo per aggiornare l\u2019Archivio storico comunale, proseguendo idealmente le campagne fotografiche iniziate con Paolo\u00a0<strong>Monti<\/strong> e continuate con <strong>Berengo Gardin<\/strong> ai tempi dell\u2019ex Comune di Figline Valdarno, ma anche di mostrare come e quanto il territorio \u00e8 cambiato nel tempo, a partire dall\u2019unione con l\u2019ex Comune di Incisa in Val d\u2019Arno che, contrariamente alle mostre di Monti e Berengo Gardin, oggi \u00e8 incluso nella mostra.<\/p>\n<p>Oltre alla mostra, il progetto prevede:<strong>\u00a0visite guidate, riservate alle scuole primarie e secondarie<\/strong> di primo grado (per info: cultura@comunefiv.it);\u00a0la possibilit\u00e0 per i gruppi (numero minimo: 10 persone) con accompagnatore, di richiedere l\u2019apertura straordinaria della mostra.<\/p>\n<p>In programma anche<strong> tre serate per scoprire, insieme al Circolo Fotografico Arno, la storia di Figline<\/strong> e l\u2019Archivio storico fotografico comunale (sabato 5 novembre alle 17 e sabato 17 dicembre ore 17), oltre ad un approfondimento sulla fotografia di paesaggio (sabato 12 novembre ore 17);\u00a0<strong>due laboratori di ritratto per imparare insieme a Foto d\u2019Arte Lab,<\/strong> usando una macchina fotografica (propria o presa in prestito, per l\u2019occasione, dai soci dell\u2019associazione) o uno smartphone, a realizzare un ritratto fotografico, dal primo approccio con il protagonista dello scatto fino alla fase di stampa (sabato 26 e sabato 3 dicembre, ore 17).<\/p>\n<p><strong>I quattro fotografi del collettivo TerraProject<\/strong> faranno anche visite guidate alla mostra e accompagneranno i visitatori, raccontando il loro lavoro di documentazione del territorio e illustrando le loro scelte metodologiche e stilistiche (sabato 19 novembre e sabato 10 dicembre ore 17).<\/p>\n<p>Infine si terr\u00e0 <strong>un convegno finale in occasione del finissage della mostra<\/strong> sabato 14 gennaio, ore 17.<\/p>\n<p>Il programma dettagliato degli eventi collaterali \u00e8 gi\u00e0 disponibile su <a href=\"http:\/\/www.fiv-eventi.it\" target=\"_blank\" rel=\"noopener\"><strong>www.fiv-eventi.it<\/strong><\/a><\/p>\n<figure id=\"post-252417 media-252417\" class=\"align-none\"><img decoding=\"async\" src=\"https:\/\/www.intoscana.it\/wp-content\/uploads\/TerraProject.jpeg\" alt=\"\" \/><\/figure>\n<h3>Gli autori dei nuovi scatti: il collettivo TerraProject<\/h3>\n<p><strong>TerraProject Photographers<\/strong> \u00e8 un <strong>collettivo di fotografia documentaria<\/strong> fondato a Firenze nel 2006 da <strong>Michele Borzoni, Simone Donati, Pietro Paolini e Rocco Rorandelli.<\/strong> Tra i primi collettivi fotografici nati nel nostro paese, <strong>TerraProject<\/strong> \u00e8 ben presto divenuto un&#8217;importante piattaforma di confronto e promozione per i suoi membri, che con gli anni hanno inoltre sviluppato un&#8217;originale metodologia di \u201cscrittura collettiva\u201d, con progetti di gruppo definiti da una ricercata uniformit\u00e0 stilistica.<\/p>\n<p>Gli autori hanno da sempre incentrato la propria ricerca su<strong> temi sociali e ambientali, sia a livello globale che nazionale<\/strong>. In Italia hanno costruito nel tempo un importante archivio di documentazione del territorio, grazie a rilevanti commissioni pubbliche e private.<\/p>\n<p><strong>I lavori del collettivo sono regolarmente pubblicati sulle pagine delle principali riviste italiane e internazionali<\/strong> e sono stati esposti in gallerie, festival e prestigiosi musei internazionali, tra cui Institut du Monde Arabe (Paris), MAXXI (Roma), Fondazione MAST (Bologna), MACRO (Roma), Benaki Museum (Atene), Palazzo Ducale (Genova), UCCA Center for Contemporary Art (Pechino), Katzen Arts Center (Washington), National Gallery of Victoria (Melbourne), Les Rencontres d\u2019Arles (Arles), Cortona on the Move Festival (Cortona), Festival della Fotografia Etica (Lodi) e il Parlamento Europeo (Bruxelles).<\/p>\n<p>I membri del collettivo hanno ricevuto prestigiosi riconoscimenti internazionali, tra i quali il <strong>World Press Photo<\/strong> (2010 e 2012), Premio Canon (2010), Fund for Investigative Journalism (2011), Premio Pesaresi per la fotografia contemporanea (2013), Premio Graziadei (2014), Celeste Prize-Streamers (2016), Landskrona photobook dummy award (2018) e il Premio Gabriele Basilico (2020).<\/p>\n<figure id=\"post-252407 media-252407\" class=\"align-none\"><img decoding=\"async\" src=\"https:\/\/www.intoscana.it\/wp-content\/uploads\/Il-senso-dei-luoghi_009-scaled.jpg\" alt=\"\" \/><\/figure>\n<div class=\"titleimg\">IL SENSO DEI LUOGHI<\/div>\n","protected":false},"excerpt":{"rendered":"<p>Dal 29 ottobre al 15 gennaio si apre la mostra \u201cIl senso dei luoghi\u201d che prevede l\u2019esposizione di scatti realizzati sul territorio da TerraProject, Monti e Gardin, un catalogo, laboratori, visite guidate e un convegno conclusivo<\/p>\n","protected":false},"author":525,"featured_media":252414,"comment_status":"open","ping_status":"open","sticky":false,"template":"","format":"standard","meta":{"_acf_changed":false,"footnotes":""},"categories":[493],"tags":[174,242,222],"class_list":["post-252399","post","type-post","status-publish","format-standard","has-post-thumbnail","hentry","category-cultura","tag-arte","tag-fotografia","tag-mostre"],"acf":[],"yoast_head":"<!-- This site is optimized with the Yoast SEO Premium plugin v24.2 (Yoast SEO v25.6) - https:\/\/yoast.com\/wordpress\/plugins\/seo\/ -->\n<title>Palazzo Pretorio a Figline diventa il tempio della fotografia per raccontare il territorio - intoscana<\/title>\n<meta name=\"robots\" content=\"index, follow, max-snippet:-1, max-image-preview:large, max-video-preview:-1\" \/>\n<link rel=\"canonical\" href=\"https:\/\/www.intoscana.it\/it\/il-palazzo-pretorio-di-figline-diventa-il-tempio-della-fotografia-per-raccontare-il-territorio\/\" \/>\n<meta property=\"og:locale\" content=\"it_IT\" \/>\n<meta property=\"og:type\" content=\"article\" \/>\n<meta property=\"og:title\" content=\"Palazzo Pretorio a Figline diventa il tempio della fotografia per raccontare il territorio\" \/>\n<meta property=\"og:description\" content=\"Dal 29 ottobre al 15 gennaio si apre la mostra \u201cIl senso dei luoghi\u201d che prevede l\u2019esposizione di scatti realizzati sul territorio da TerraProject, Monti e Gardin, un catalogo, laboratori, visite guidate e un convegno conclusivo\" \/>\n<meta property=\"og:url\" content=\"https:\/\/www.intoscana.it\/it\/il-palazzo-pretorio-di-figline-diventa-il-tempio-della-fotografia-per-raccontare-il-territorio\/\" \/>\n<meta property=\"og:site_name\" content=\"intoscana\" \/>\n<meta property=\"article:publisher\" content=\"https:\/\/www.facebook.com\/intoscana.it\" \/>\n<meta property=\"article:published_time\" content=\"2022-10-12T07:55:13+00:00\" \/>\n<meta property=\"article:modified_time\" content=\"2022-10-12T13:05:35+00:00\" \/>\n<meta property=\"og:image\" content=\"https:\/\/www.intoscana.it\/wp-content\/uploads\/Il-senso-dei-luoghi_coniugi-dallo-Sri-Lanka-negozio-piazza-Ficino004-scaled.jpg\" \/>\n\t<meta property=\"og:image:width\" content=\"2048\" \/>\n\t<meta property=\"og:image:height\" content=\"1536\" \/>\n\t<meta property=\"og:image:type\" content=\"image\/jpeg\" \/>\n<meta name=\"author\" content=\"Redazione\" \/>\n<meta name=\"twitter:card\" content=\"summary_large_image\" \/>\n<meta name=\"twitter:creator\" content=\"@intoscana\" \/>\n<meta name=\"twitter:site\" content=\"@intoscana\" \/>\n<meta name=\"twitter:label1\" content=\"Written by\" \/>\n\t<meta name=\"twitter:data1\" content=\"Redazione\" \/>\n\t<meta name=\"twitter:label2\" content=\"Est. reading time\" \/>\n\t<meta name=\"twitter:data2\" content=\"4 minuti\" \/>\n<script type=\"application\/ld+json\" class=\"yoast-schema-graph\">{\"@context\":\"https:\/\/schema.org\",\"@graph\":[{\"@type\":\"WebPage\",\"@id\":\"https:\/\/www.intoscana.it\/it\/il-palazzo-pretorio-di-figline-diventa-il-tempio-della-fotografia-per-raccontare-il-territorio\/\",\"url\":\"https:\/\/www.intoscana.it\/it\/il-palazzo-pretorio-di-figline-diventa-il-tempio-della-fotografia-per-raccontare-il-territorio\/\",\"name\":\"Palazzo Pretorio a Figline diventa il tempio della fotografia per raccontare il territorio - intoscana\",\"isPartOf\":{\"@id\":\"https:\/\/www.intoscana.it\/it\/#website\"},\"primaryImageOfPage\":{\"@id\":\"https:\/\/www.intoscana.it\/it\/il-palazzo-pretorio-di-figline-diventa-il-tempio-della-fotografia-per-raccontare-il-territorio\/#primaryimage\"},\"image\":{\"@id\":\"https:\/\/www.intoscana.it\/it\/il-palazzo-pretorio-di-figline-diventa-il-tempio-della-fotografia-per-raccontare-il-territorio\/#primaryimage\"},\"thumbnailUrl\":\"https:\/\/www.intoscana.it\/wp-content\/uploads\/Il-senso-dei-luoghi_coniugi-dallo-Sri-Lanka-negozio-piazza-Ficino004-scaled.jpg\",\"datePublished\":\"2022-10-12T07:55:13+00:00\",\"dateModified\":\"2022-10-12T13:05:35+00:00\",\"author\":{\"@id\":\"https:\/\/www.intoscana.it\/it\/#\/schema\/person\/9223810753230f20bd670fdd322661f8\"},\"breadcrumb\":{\"@id\":\"https:\/\/www.intoscana.it\/it\/il-palazzo-pretorio-di-figline-diventa-il-tempio-della-fotografia-per-raccontare-il-territorio\/#breadcrumb\"},\"inLanguage\":\"it-IT\",\"potentialAction\":[{\"@type\":\"ReadAction\",\"target\":[\"https:\/\/www.intoscana.it\/it\/il-palazzo-pretorio-di-figline-diventa-il-tempio-della-fotografia-per-raccontare-il-territorio\/\"]}]},{\"@type\":\"ImageObject\",\"inLanguage\":\"it-IT\",\"@id\":\"https:\/\/www.intoscana.it\/it\/il-palazzo-pretorio-di-figline-diventa-il-tempio-della-fotografia-per-raccontare-il-territorio\/#primaryimage\",\"url\":\"https:\/\/www.intoscana.it\/wp-content\/uploads\/Il-senso-dei-luoghi_coniugi-dallo-Sri-Lanka-negozio-piazza-Ficino004-scaled.jpg\",\"contentUrl\":\"https:\/\/www.intoscana.it\/wp-content\/uploads\/Il-senso-dei-luoghi_coniugi-dallo-Sri-Lanka-negozio-piazza-Ficino004-scaled.jpg\",\"width\":2048,\"height\":1536,\"caption\":\"Febbraio 2022. Nelka Hewage, 50 anni, e Amarasiri Misseri, 48 anni, coniugi dello Sri Lanka, dal 1992 nel negozio di frutta e verdura in Piazza Marsilio Ficino, Figline.\"},{\"@type\":\"BreadcrumbList\",\"@id\":\"https:\/\/www.intoscana.it\/it\/il-palazzo-pretorio-di-figline-diventa-il-tempio-della-fotografia-per-raccontare-il-territorio\/#breadcrumb\",\"itemListElement\":[{\"@type\":\"ListItem\",\"position\":1,\"name\":\"Home\",\"item\":\"https:\/\/www.intoscana.it\/it\/\"},{\"@type\":\"ListItem\",\"position\":2,\"name\":\"Palazzo Pretorio a Figline diventa il tempio della fotografia per raccontare il territorio\"}]},{\"@type\":\"WebSite\",\"@id\":\"https:\/\/www.intoscana.it\/it\/#website\",\"url\":\"https:\/\/www.intoscana.it\/it\/\",\"name\":\"intoscana\",\"description\":\"\",\"potentialAction\":[{\"@type\":\"SearchAction\",\"target\":{\"@type\":\"EntryPoint\",\"urlTemplate\":\"https:\/\/www.intoscana.it\/it\/?s={search_term_string}\"},\"query-input\":{\"@type\":\"PropertyValueSpecification\",\"valueRequired\":true,\"valueName\":\"search_term_string\"}}],\"inLanguage\":\"it-IT\"},{\"@type\":\"Person\",\"@id\":\"https:\/\/www.intoscana.it\/it\/#\/schema\/person\/9223810753230f20bd670fdd322661f8\",\"name\":\"Redazione\",\"url\":\"https:\/\/www.intoscana.it\/it\/author\/redazione\/\"}]}<\/script>\n<!-- \/ Yoast SEO Premium plugin. -->","yoast_head_json":{"title":"Palazzo Pretorio a Figline diventa il tempio della fotografia per raccontare il territorio - intoscana","robots":{"index":"index","follow":"follow","max-snippet":"max-snippet:-1","max-image-preview":"max-image-preview:large","max-video-preview":"max-video-preview:-1"},"canonical":"https:\/\/www.intoscana.it\/it\/il-palazzo-pretorio-di-figline-diventa-il-tempio-della-fotografia-per-raccontare-il-territorio\/","og_locale":"it_IT","og_type":"article","og_title":"Palazzo Pretorio a Figline diventa il tempio della fotografia per raccontare il territorio","og_description":"Dal 29 ottobre al 15 gennaio si apre la mostra \u201cIl senso dei luoghi\u201d che prevede l\u2019esposizione di scatti realizzati sul territorio da TerraProject, Monti e Gardin, un catalogo, laboratori, visite guidate e un convegno conclusivo","og_url":"https:\/\/www.intoscana.it\/it\/il-palazzo-pretorio-di-figline-diventa-il-tempio-della-fotografia-per-raccontare-il-territorio\/","og_site_name":"intoscana","article_publisher":"https:\/\/www.facebook.com\/intoscana.it","article_published_time":"2022-10-12T07:55:13+00:00","article_modified_time":"2022-10-12T13:05:35+00:00","og_image":[{"width":2048,"height":1536,"url":"https:\/\/www.intoscana.it\/wp-content\/uploads\/Il-senso-dei-luoghi_coniugi-dallo-Sri-Lanka-negozio-piazza-Ficino004-scaled.jpg","type":"image\/jpeg"}],"author":"Redazione","twitter_card":"summary_large_image","twitter_creator":"@intoscana","twitter_site":"@intoscana","twitter_misc":{"Written by":"Redazione","Est. reading time":"4 minuti"},"schema":{"@context":"https:\/\/schema.org","@graph":[{"@type":"WebPage","@id":"https:\/\/www.intoscana.it\/it\/il-palazzo-pretorio-di-figline-diventa-il-tempio-della-fotografia-per-raccontare-il-territorio\/","url":"https:\/\/www.intoscana.it\/it\/il-palazzo-pretorio-di-figline-diventa-il-tempio-della-fotografia-per-raccontare-il-territorio\/","name":"Palazzo Pretorio a Figline diventa il tempio della fotografia per raccontare il territorio - intoscana","isPartOf":{"@id":"https:\/\/www.intoscana.it\/it\/#website"},"primaryImageOfPage":{"@id":"https:\/\/www.intoscana.it\/it\/il-palazzo-pretorio-di-figline-diventa-il-tempio-della-fotografia-per-raccontare-il-territorio\/#primaryimage"},"image":{"@id":"https:\/\/www.intoscana.it\/it\/il-palazzo-pretorio-di-figline-diventa-il-tempio-della-fotografia-per-raccontare-il-territorio\/#primaryimage"},"thumbnailUrl":"https:\/\/www.intoscana.it\/wp-content\/uploads\/Il-senso-dei-luoghi_coniugi-dallo-Sri-Lanka-negozio-piazza-Ficino004-scaled.jpg","datePublished":"2022-10-12T07:55:13+00:00","dateModified":"2022-10-12T13:05:35+00:00","author":{"@id":"https:\/\/www.intoscana.it\/it\/#\/schema\/person\/9223810753230f20bd670fdd322661f8"},"breadcrumb":{"@id":"https:\/\/www.intoscana.it\/it\/il-palazzo-pretorio-di-figline-diventa-il-tempio-della-fotografia-per-raccontare-il-territorio\/#breadcrumb"},"inLanguage":"it-IT","potentialAction":[{"@type":"ReadAction","target":["https:\/\/www.intoscana.it\/it\/il-palazzo-pretorio-di-figline-diventa-il-tempio-della-fotografia-per-raccontare-il-territorio\/"]}]},{"@type":"ImageObject","inLanguage":"it-IT","@id":"https:\/\/www.intoscana.it\/it\/il-palazzo-pretorio-di-figline-diventa-il-tempio-della-fotografia-per-raccontare-il-territorio\/#primaryimage","url":"https:\/\/www.intoscana.it\/wp-content\/uploads\/Il-senso-dei-luoghi_coniugi-dallo-Sri-Lanka-negozio-piazza-Ficino004-scaled.jpg","contentUrl":"https:\/\/www.intoscana.it\/wp-content\/uploads\/Il-senso-dei-luoghi_coniugi-dallo-Sri-Lanka-negozio-piazza-Ficino004-scaled.jpg","width":2048,"height":1536,"caption":"Febbraio 2022. Nelka Hewage, 50 anni, e Amarasiri Misseri, 48 anni, coniugi dello Sri Lanka, dal 1992 nel negozio di frutta e verdura in Piazza Marsilio Ficino, Figline."},{"@type":"BreadcrumbList","@id":"https:\/\/www.intoscana.it\/it\/il-palazzo-pretorio-di-figline-diventa-il-tempio-della-fotografia-per-raccontare-il-territorio\/#breadcrumb","itemListElement":[{"@type":"ListItem","position":1,"name":"Home","item":"https:\/\/www.intoscana.it\/it\/"},{"@type":"ListItem","position":2,"name":"Palazzo Pretorio a Figline diventa il tempio della fotografia per raccontare il territorio"}]},{"@type":"WebSite","@id":"https:\/\/www.intoscana.it\/it\/#website","url":"https:\/\/www.intoscana.it\/it\/","name":"intoscana","description":"","potentialAction":[{"@type":"SearchAction","target":{"@type":"EntryPoint","urlTemplate":"https:\/\/www.intoscana.it\/it\/?s={search_term_string}"},"query-input":{"@type":"PropertyValueSpecification","valueRequired":true,"valueName":"search_term_string"}}],"inLanguage":"it-IT"},{"@type":"Person","@id":"https:\/\/www.intoscana.it\/it\/#\/schema\/person\/9223810753230f20bd670fdd322661f8","name":"Redazione","url":"https:\/\/www.intoscana.it\/it\/author\/redazione\/"}]}},"_links":{"self":[{"href":"https:\/\/www.intoscana.it\/it\/wp-json\/wp\/v2\/posts\/252399","targetHints":{"allow":["GET"]}}],"collection":[{"href":"https:\/\/www.intoscana.it\/it\/wp-json\/wp\/v2\/posts"}],"about":[{"href":"https:\/\/www.intoscana.it\/it\/wp-json\/wp\/v2\/types\/post"}],"author":[{"embeddable":true,"href":"https:\/\/www.intoscana.it\/it\/wp-json\/wp\/v2\/users\/525"}],"replies":[{"embeddable":true,"href":"https:\/\/www.intoscana.it\/it\/wp-json\/wp\/v2\/comments?post=252399"}],"version-history":[{"count":0,"href":"https:\/\/www.intoscana.it\/it\/wp-json\/wp\/v2\/posts\/252399\/revisions"}],"wp:featuredmedia":[{"embeddable":true,"href":"https:\/\/www.intoscana.it\/it\/wp-json\/wp\/v2\/media\/252414"}],"wp:attachment":[{"href":"https:\/\/www.intoscana.it\/it\/wp-json\/wp\/v2\/media?parent=252399"}],"wp:term":[{"taxonomy":"category","embeddable":true,"href":"https:\/\/www.intoscana.it\/it\/wp-json\/wp\/v2\/categories?post=252399"},{"taxonomy":"post_tag","embeddable":true,"href":"https:\/\/www.intoscana.it\/it\/wp-json\/wp\/v2\/tags?post=252399"}],"curies":[{"name":"wp","href":"https:\/\/api.w.org\/{rel}","templated":true}]}}