{"id":252411,"date":"2022-10-12T10:05:59","date_gmt":"2022-10-12T08:05:59","guid":{"rendered":"https:\/\/www.intoscana.it\/it\/?p=252411"},"modified":"2022-10-13T11:43:34","modified_gmt":"2022-10-13T09:43:34","slug":"covid-2-716-nuovi-casi","status":"publish","type":"post","link":"https:\/\/www.intoscana.it\/it\/covid-2-716-nuovi-casi\/","title":{"rendered":"Covid, 2.716 nuovi casi. In aumento i ricoveri: +30 rispetto a ieri"},"content":{"rendered":"<p>Sono<strong> 2.716 i nuovi casi di Covid-19<\/strong> registrati nelle ultime ventiquattro ore in Toscana: 429 sono stati confermati con tampone molecolare e gli altri 2.287 con test rapido.<\/p>\n<p><mark>Il numero dei contagiati rilevati nella regione dall&#8217;inizio della pandemia sale dunque a 1.432.887 <\/mark>. I nuovi casi sono lo<strong> 0,2%<\/strong> in pi\u00f9 rispetto al totale del giorno precedente. <mark>I guariti crescono dello 0,1% (1.640 persone) e raggiungono quota 1.373.362 (95,8% dei casi totali) <\/mark>.<\/p>\n<p>Al momento in Toscana risultano pertanto <strong>48.677 positivi<\/strong>, +2,2% rispetto a ieri. <mark>Di questi 458 (30 in pi\u00f9 rispetto a ieri) sono ricoverati in ospedale: 19 (2 in meno) si trovano in terapia intensiva <\/mark>.<\/p>\n<p>Dall&#8217;ultimo bollettino quotidiano sono stati eseguiti 1.516 tamponi molecolari e 13.007 tamponi antigenici rapidi: di questi il 18,7% \u00e8 risultato positivo. Sono invece 4.056 i soggetti testati, escludendo i tamponi di controllo: il 67% di questi \u00e8 risultato positivo. L&#8217;et\u00e0 media dei 2.716 nuovi positivi \u00e8 di 52 anni circa (6% ha meno di 20 anni, 15% tra 20 e 39 anni, 32% tra 40 e 59 anni, 36% tra 60 e 79 anni, 11% ha 80 anni o pi\u00f9).<\/p>\n<h3>L&#8217;andamento per provincia<\/h3>\n<p>Con gli ultimi casi salgono a 389.080 i positivi dall&#8217;inizio dell&#8217;emergenza nei comuni della Citt\u00e0 metropolitana di Firenze (688 in pi\u00f9 rispetto a ieri), 95.341 in provincia di Prato (148 in pi\u00f9), 112.845 a Pistoia (192 in pi\u00f9), 72.404 a Massa Carrara (154 in pi\u00f9), 153.383 a Lucca (377 in pi\u00f9), 166.260 a Pisa (305 in pi\u00f9), 129.923 a Livorno (234 in pi\u00f9), 130.682 ad Arezzo (243 in pi\u00f9), 103.266 a Siena (231 in pi\u00f9) e 79.148 a Grosseto (144 in pi\u00f9). A questi vanno aggiunti 555 casi di positivit\u00e0 notificati in Toscana ma che riguardano residenti in altre regioni.<\/p>\n<p>Sono 1.055 le nuove segnalazioni nell&#8217;Asl Centro, 1.043 nella Nord Ovest, 618 nella Sud Est.<\/p>\n<p>La Toscana si trova al 10\u00b0 posto in Italia come numerosit\u00e0 di casi complessivi dall&#8217;inizio della pandemia (tra residenti e non residenti), con circa 38.801 casi ogni 100.000 abitanti (la media italiana \u00e9 38.653 x100.000, dato di ieri). Al momento la provincia di notifica con il tasso pi\u00f9 alto \u00e9 Lucca (con 39.948 casi ogni 100 mila abitanti), seguita da Pisa (39.777) e Livorno (39.491). La pi\u00f9 bassa concentrazione si riscontra a Prato (con un tasso di 35.941).<\/p>\n<p>In 48.219 sono in isolamento a casa, perch\u00e9 presentano sintomi lievi che non richiedono cure ospedaliere o risultano prive di sintomi (1.040 in pi\u00f9 rispetto a ieri, pi\u00f9 2,2%).<\/p>\n<p>I 1.373.362 guariti registrati a oggi lo sono a tutti gli effetti, da un punto di vista virale, certificati con tampone negativo.<\/p>\n<h3>I decessi<\/h3>\n<p>La lista dei decessi si aggiorna con <strong>6 nuovi decessi<\/strong>: 4 uomini e 2 donne con un&#8217;et\u00e0 media di 79,2 anni.<\/p>\n<p>Relativamente alla provincia di residenza, le persone decedute sono: 2 a Massa Carrara, 1 a Livorno, 1 a Arezzo, 2 a Siena.<\/p>\n<p>Sono 10.848 i deceduti dall&#8217;inizio dell&#8217;epidemia: 3.416 nella Citt\u00e0 metropolitana di Firenze, 883 in provincia di Prato, 977 a Pistoia, 687 a Massa Carrara, 1.014 a Lucca, 1.217 a Pisa, 817 a Livorno, 700 ad Arezzo, 578 a Siena, 405 a Grosseto. Vanno aggiunte 154 persone decedute sul suolo toscano ma erano residenti fuori regione.<\/p>\n<p>Il tasso grezzo di mortalit\u00e0 per Covid-19 (numero di deceduti\/popolazione residente) \u00e8 al momento 293,8 ogni 100 mila residenti, contro il 299,9 x100.000 della media italiana. La Toscana \u00e9 9\u00b0 tra le regioni. Per quanto riguarda le province, il tasso di mortalit\u00e0 pi\u00f9 alto si riscontra a Massa Carrara (361,9 ogni 100 mila abitanti), seguita da Firenze (342,1 x100.000) e Pistoia (336,6 x100.000), mentre il pi\u00f9 basso \u00e8 a Grosseto (185,9 x100.000).<\/p>\n<p>&nbsp;<\/p>\n","protected":false},"excerpt":{"rendered":"<p>La lista dei decessi si aggiorna con 6 nuovi decessi: 4 uomini e 2 donne con un&#8217;et\u00e0 media di 79,2 anni. Al momento in Toscana risultano pertanto 48.677 positivi, +2,2% rispetto a ieri<\/p>\n","protected":false},"author":525,"featured_media":216826,"comment_status":"open","ping_status":"open","sticky":false,"template":"","format":"standard","meta":{"_acf_changed":false,"footnotes":""},"categories":[494],"tags":[4868,5149,349],"class_list":["post-252411","post","type-post","status-publish","format-standard","has-post-thumbnail","hentry","category-attualita","tag-bollettino-covid-toscana","tag-pandemia","tag-sanita"],"acf":[],"yoast_head":"<!-- This site is optimized with the Yoast SEO Premium plugin v24.2 (Yoast SEO v25.6) - https:\/\/yoast.com\/wordpress\/plugins\/seo\/ -->\n<title>Covid, 2.716 nuovi casi. In aumento i ricoveri: +30 rispetto a ieri - intoscana<\/title>\n<meta name=\"description\" content=\"6 i decessi con un&#039;et\u00e0 media di 79,2 anni. Al momento in Toscana risultano pertanto 48.677 positivi, +2,2% rispetto a ieri\" \/>\n<meta name=\"robots\" content=\"index, follow, max-snippet:-1, max-image-preview:large, max-video-preview:-1\" \/>\n<link rel=\"canonical\" href=\"https:\/\/www.intoscana.it\/it\/covid-2-716-nuovi-casi\/\" \/>\n<meta property=\"og:locale\" content=\"it_IT\" \/>\n<meta property=\"og:type\" content=\"article\" \/>\n<meta property=\"og:title\" content=\"Covid, 2.716 nuovi casi. In aumento i ricoveri: +30 rispetto a ieri\" \/>\n<meta property=\"og:description\" content=\"6 i decessi con un&#039;et\u00e0 media di 79,2 anni. Al momento in Toscana risultano pertanto 48.677 positivi, +2,2% rispetto a ieri\" \/>\n<meta property=\"og:url\" content=\"https:\/\/www.intoscana.it\/it\/covid-2-716-nuovi-casi\/\" \/>\n<meta property=\"og:site_name\" content=\"intoscana\" \/>\n<meta property=\"article:publisher\" content=\"https:\/\/www.facebook.com\/intoscana.it\" \/>\n<meta property=\"article:published_time\" content=\"2022-10-12T08:05:59+00:00\" \/>\n<meta property=\"article:modified_time\" content=\"2022-10-13T09:43:34+00:00\" \/>\n<meta property=\"og:image\" content=\"https:\/\/www.intoscana.it\/wp-content\/uploads\/16_occhi_pandemia_Balostro_2022-6410-scaled.jpg\" \/>\n\t<meta property=\"og:image:width\" content=\"2048\" \/>\n\t<meta property=\"og:image:height\" content=\"1363\" \/>\n\t<meta property=\"og:image:type\" content=\"image\/jpeg\" \/>\n<meta name=\"author\" content=\"Redazione\" \/>\n<meta name=\"twitter:card\" content=\"summary_large_image\" \/>\n<meta name=\"twitter:creator\" content=\"@intoscana\" \/>\n<meta name=\"twitter:site\" content=\"@intoscana\" \/>\n<meta name=\"twitter:label1\" content=\"Written by\" \/>\n\t<meta name=\"twitter:data1\" content=\"Redazione\" \/>\n\t<meta name=\"twitter:label2\" content=\"Est. reading time\" \/>\n\t<meta name=\"twitter:data2\" content=\"3 minuti\" \/>\n<script type=\"application\/ld+json\" class=\"yoast-schema-graph\">{\"@context\":\"https:\/\/schema.org\",\"@graph\":[{\"@type\":\"WebPage\",\"@id\":\"https:\/\/www.intoscana.it\/it\/covid-2-716-nuovi-casi\/\",\"url\":\"https:\/\/www.intoscana.it\/it\/covid-2-716-nuovi-casi\/\",\"name\":\"Covid, 2.716 nuovi casi. In aumento i ricoveri: +30 rispetto a ieri - intoscana\",\"isPartOf\":{\"@id\":\"https:\/\/www.intoscana.it\/it\/#website\"},\"primaryImageOfPage\":{\"@id\":\"https:\/\/www.intoscana.it\/it\/covid-2-716-nuovi-casi\/#primaryimage\"},\"image\":{\"@id\":\"https:\/\/www.intoscana.it\/it\/covid-2-716-nuovi-casi\/#primaryimage\"},\"thumbnailUrl\":\"https:\/\/www.intoscana.it\/wp-content\/uploads\/16_occhi_pandemia_Balostro_2022-6410-scaled.jpg\",\"datePublished\":\"2022-10-12T08:05:59+00:00\",\"dateModified\":\"2022-10-13T09:43:34+00:00\",\"author\":{\"@id\":\"https:\/\/www.intoscana.it\/it\/#\/schema\/person\/9223810753230f20bd670fdd322661f8\"},\"description\":\"6 i decessi con un'et\u00e0 media di 79,2 anni. Al momento in Toscana risultano pertanto 48.677 positivi, +2,2% rispetto a ieri\",\"breadcrumb\":{\"@id\":\"https:\/\/www.intoscana.it\/it\/covid-2-716-nuovi-casi\/#breadcrumb\"},\"inLanguage\":\"it-IT\",\"potentialAction\":[{\"@type\":\"ReadAction\",\"target\":[\"https:\/\/www.intoscana.it\/it\/covid-2-716-nuovi-casi\/\"]}]},{\"@type\":\"ImageObject\",\"inLanguage\":\"it-IT\",\"@id\":\"https:\/\/www.intoscana.it\/it\/covid-2-716-nuovi-casi\/#primaryimage\",\"url\":\"https:\/\/www.intoscana.it\/wp-content\/uploads\/16_occhi_pandemia_Balostro_2022-6410-scaled.jpg\",\"contentUrl\":\"https:\/\/www.intoscana.it\/wp-content\/uploads\/16_occhi_pandemia_Balostro_2022-6410-scaled.jpg\",\"width\":2048,\"height\":1363,\"caption\":\"Covid-19\"},{\"@type\":\"BreadcrumbList\",\"@id\":\"https:\/\/www.intoscana.it\/it\/covid-2-716-nuovi-casi\/#breadcrumb\",\"itemListElement\":[{\"@type\":\"ListItem\",\"position\":1,\"name\":\"Home\",\"item\":\"https:\/\/www.intoscana.it\/it\/\"},{\"@type\":\"ListItem\",\"position\":2,\"name\":\"Covid, 2.716 nuovi casi. In aumento i ricoveri: +30 rispetto a ieri\"}]},{\"@type\":\"WebSite\",\"@id\":\"https:\/\/www.intoscana.it\/it\/#website\",\"url\":\"https:\/\/www.intoscana.it\/it\/\",\"name\":\"intoscana\",\"description\":\"\",\"potentialAction\":[{\"@type\":\"SearchAction\",\"target\":{\"@type\":\"EntryPoint\",\"urlTemplate\":\"https:\/\/www.intoscana.it\/it\/?s={search_term_string}\"},\"query-input\":{\"@type\":\"PropertyValueSpecification\",\"valueRequired\":true,\"valueName\":\"search_term_string\"}}],\"inLanguage\":\"it-IT\"},{\"@type\":\"Person\",\"@id\":\"https:\/\/www.intoscana.it\/it\/#\/schema\/person\/9223810753230f20bd670fdd322661f8\",\"name\":\"Redazione\",\"url\":\"https:\/\/www.intoscana.it\/it\/author\/redazione\/\"}]}<\/script>\n<!-- \/ Yoast SEO Premium plugin. -->","yoast_head_json":{"title":"Covid, 2.716 nuovi casi. In aumento i ricoveri: +30 rispetto a ieri - intoscana","description":"6 i decessi con un'et\u00e0 media di 79,2 anni. Al momento in Toscana risultano pertanto 48.677 positivi, +2,2% rispetto a ieri","robots":{"index":"index","follow":"follow","max-snippet":"max-snippet:-1","max-image-preview":"max-image-preview:large","max-video-preview":"max-video-preview:-1"},"canonical":"https:\/\/www.intoscana.it\/it\/covid-2-716-nuovi-casi\/","og_locale":"it_IT","og_type":"article","og_title":"Covid, 2.716 nuovi casi. In aumento i ricoveri: +30 rispetto a ieri","og_description":"6 i decessi con un'et\u00e0 media di 79,2 anni. Al momento in Toscana risultano pertanto 48.677 positivi, +2,2% rispetto a ieri","og_url":"https:\/\/www.intoscana.it\/it\/covid-2-716-nuovi-casi\/","og_site_name":"intoscana","article_publisher":"https:\/\/www.facebook.com\/intoscana.it","article_published_time":"2022-10-12T08:05:59+00:00","article_modified_time":"2022-10-13T09:43:34+00:00","og_image":[{"width":2048,"height":1363,"url":"https:\/\/www.intoscana.it\/wp-content\/uploads\/16_occhi_pandemia_Balostro_2022-6410-scaled.jpg","type":"image\/jpeg"}],"author":"Redazione","twitter_card":"summary_large_image","twitter_creator":"@intoscana","twitter_site":"@intoscana","twitter_misc":{"Written by":"Redazione","Est. reading time":"3 minuti"},"schema":{"@context":"https:\/\/schema.org","@graph":[{"@type":"WebPage","@id":"https:\/\/www.intoscana.it\/it\/covid-2-716-nuovi-casi\/","url":"https:\/\/www.intoscana.it\/it\/covid-2-716-nuovi-casi\/","name":"Covid, 2.716 nuovi casi. In aumento i ricoveri: +30 rispetto a ieri - intoscana","isPartOf":{"@id":"https:\/\/www.intoscana.it\/it\/#website"},"primaryImageOfPage":{"@id":"https:\/\/www.intoscana.it\/it\/covid-2-716-nuovi-casi\/#primaryimage"},"image":{"@id":"https:\/\/www.intoscana.it\/it\/covid-2-716-nuovi-casi\/#primaryimage"},"thumbnailUrl":"https:\/\/www.intoscana.it\/wp-content\/uploads\/16_occhi_pandemia_Balostro_2022-6410-scaled.jpg","datePublished":"2022-10-12T08:05:59+00:00","dateModified":"2022-10-13T09:43:34+00:00","author":{"@id":"https:\/\/www.intoscana.it\/it\/#\/schema\/person\/9223810753230f20bd670fdd322661f8"},"description":"6 i decessi con un'et\u00e0 media di 79,2 anni. Al momento in Toscana risultano pertanto 48.677 positivi, +2,2% rispetto a ieri","breadcrumb":{"@id":"https:\/\/www.intoscana.it\/it\/covid-2-716-nuovi-casi\/#breadcrumb"},"inLanguage":"it-IT","potentialAction":[{"@type":"ReadAction","target":["https:\/\/www.intoscana.it\/it\/covid-2-716-nuovi-casi\/"]}]},{"@type":"ImageObject","inLanguage":"it-IT","@id":"https:\/\/www.intoscana.it\/it\/covid-2-716-nuovi-casi\/#primaryimage","url":"https:\/\/www.intoscana.it\/wp-content\/uploads\/16_occhi_pandemia_Balostro_2022-6410-scaled.jpg","contentUrl":"https:\/\/www.intoscana.it\/wp-content\/uploads\/16_occhi_pandemia_Balostro_2022-6410-scaled.jpg","width":2048,"height":1363,"caption":"Covid-19"},{"@type":"BreadcrumbList","@id":"https:\/\/www.intoscana.it\/it\/covid-2-716-nuovi-casi\/#breadcrumb","itemListElement":[{"@type":"ListItem","position":1,"name":"Home","item":"https:\/\/www.intoscana.it\/it\/"},{"@type":"ListItem","position":2,"name":"Covid, 2.716 nuovi casi. In aumento i ricoveri: +30 rispetto a ieri"}]},{"@type":"WebSite","@id":"https:\/\/www.intoscana.it\/it\/#website","url":"https:\/\/www.intoscana.it\/it\/","name":"intoscana","description":"","potentialAction":[{"@type":"SearchAction","target":{"@type":"EntryPoint","urlTemplate":"https:\/\/www.intoscana.it\/it\/?s={search_term_string}"},"query-input":{"@type":"PropertyValueSpecification","valueRequired":true,"valueName":"search_term_string"}}],"inLanguage":"it-IT"},{"@type":"Person","@id":"https:\/\/www.intoscana.it\/it\/#\/schema\/person\/9223810753230f20bd670fdd322661f8","name":"Redazione","url":"https:\/\/www.intoscana.it\/it\/author\/redazione\/"}]}},"_links":{"self":[{"href":"https:\/\/www.intoscana.it\/it\/wp-json\/wp\/v2\/posts\/252411","targetHints":{"allow":["GET"]}}],"collection":[{"href":"https:\/\/www.intoscana.it\/it\/wp-json\/wp\/v2\/posts"}],"about":[{"href":"https:\/\/www.intoscana.it\/it\/wp-json\/wp\/v2\/types\/post"}],"author":[{"embeddable":true,"href":"https:\/\/www.intoscana.it\/it\/wp-json\/wp\/v2\/users\/525"}],"replies":[{"embeddable":true,"href":"https:\/\/www.intoscana.it\/it\/wp-json\/wp\/v2\/comments?post=252411"}],"version-history":[{"count":0,"href":"https:\/\/www.intoscana.it\/it\/wp-json\/wp\/v2\/posts\/252411\/revisions"}],"wp:featuredmedia":[{"embeddable":true,"href":"https:\/\/www.intoscana.it\/it\/wp-json\/wp\/v2\/media\/216826"}],"wp:attachment":[{"href":"https:\/\/www.intoscana.it\/it\/wp-json\/wp\/v2\/media?parent=252411"}],"wp:term":[{"taxonomy":"category","embeddable":true,"href":"https:\/\/www.intoscana.it\/it\/wp-json\/wp\/v2\/categories?post=252411"},{"taxonomy":"post_tag","embeddable":true,"href":"https:\/\/www.intoscana.it\/it\/wp-json\/wp\/v2\/tags?post=252411"}],"curies":[{"name":"wp","href":"https:\/\/api.w.org\/{rel}","templated":true}]}}