{"id":252532,"date":"2022-10-12T17:53:33","date_gmt":"2022-10-12T15:53:33","guid":{"rendered":"https:\/\/www.intoscana.it\/it\/?p=252532"},"modified":"2022-10-12T17:53:58","modified_gmt":"2022-10-12T15:53:58","slug":"fiera-san-luca-impruneta","status":"publish","type":"post","link":"https:\/\/www.intoscana.it\/it\/fiera-san-luca-impruneta\/","title":{"rendered":"Torna la fiera di San Luca di Impruneta, una delle pi\u00f9 antiche fiere di bestiame d&#8217;Europa"},"content":{"rendered":"<p>Dal 16 al 23 ottobre torna la fiera di San Luca di Impruneta, una delle pi\u00f9 antiche fiere di bestiame di Europa, che si festeggia la settimana in cui cade la festa dei San Luca (18 ottobre), santo patrono del paese.<\/p>\n<p>La Fiera di San Luca oggi, accanto alla dimensione pi\u00f9 agricola, propone mercati enogastronomici, di casalinghi, di artigianato, esposizioni d\u2019arte, mostre e numerosi eventi culturali e ricreativi, come il luna park e lo spettacolo pirotecnico finale.\u00a0 \u201c<em>Questa fiera \u00e8 un\u2019eccellenza dell\u2019intera Toscana<\/em> \u2013 ha detto <strong>Antonio Mazzeo,<\/strong> presidente del Consiglio regionale\u2013. <em>L\u2019edizione di quest\u2019anno \u00e8 il simbolo della ripartenza dopo anni difficili, rappresenta la socialit\u00e0, la possibilit\u00e0 di conoscere le nostre tradizioni e portarle verso il futuro. \u00c8 importante valorizzare realt\u00e0 come quelle degli allevatori e degli agricoltori locali, che hanno sofferto particolarmente e che soffriranno nei prossimi mesi a causa del caro energia, e che devono essere sostenuti in ogni modo<\/em>\u201d.<\/p>\n<p>Quest\u2019anno infatti si \u00e8 deciso di dare un nuovo connotato all\u2019evento, riportando la fiera alle sue radici tradizionali: sar\u00e0 un\u2019edizione sperimentale che, da sabato 15 ottobre a domenica 23 ottobre, privileger\u00e0 la vendita di prodotti agricoli, animali, artigianato e la promozione delle eccellenze del territorio.<\/p>\n<p>\u201c<em>Abbiamo deciso di cogliere la sfida di rilanciare la Fiera puntando sulla promozione delle eccellenze del territorio<\/em> \u2013 ha aggiunto il vicesindaco di Impruneta <strong>Aramini<\/strong> \u2013 <em>Il programma \u00e8 incentrato dunque sul mercato degli animali che si terr\u00e0 marted\u00ec 18 ottobre, sull\u2019artigianato e su tanti appuntamenti culturali<\/em>\u201d. Nell\u2019occasione sar\u00e0 anche inaugurato il nuovo loggiato del Pellegrino, vicino alla basilica, con un punto informazioni per visitatori.<\/p>\n<p><strong>Le origini della fiera<\/strong><\/p>\n<p>Le origini della fiera si fanno risalire ad oltre mille anni fa, quando la transumanza dei pastori dall&#8217;Appennino alla Maremma era diventata pratica consolidata, in un flusso scandito dal ritmo delle stagioni: sicuramente i pastori e i mercanti di bestiame si trovavano e sostavano all&#8217;Impruneta, crocevia di comunicazione e sede di un importante culto mariano alla Pieve di Santa Maria &#8211; consacrata nel 1060 &#8211; per trattare i capi di bestiame. I pastori vendevano anche latte, formaggi, lana e gli imprunetini a loro volta accoglievano i transumanti offrendo al mercato oggetti che avrebbero potuto far loro comodo, come scarpe, vestiti, utensili e i vasi di quella terracotta particolare che sarebbe divenuta il cotto dell\u2019Impruneta, famoso in tutto il mondo. La fama della fiera crebbe nel tempo al punto di richiamare, dalla citt\u00e0 e dintorni, folle di visitatori, e non pi\u00f9 solo pastori.<\/p>\n","protected":false},"excerpt":{"rendered":"<p>L&#8217;edizione 2022 si terr\u00e0 da sabato 15 ottobre a domenica 23 ottobre e privileger\u00e0 la vendita di prodotti agricoli, animali, artigianato e la promozione delle eccellenze del territorio<\/p>\n","protected":false},"author":525,"featured_media":252540,"comment_status":"open","ping_status":"open","sticky":false,"template":"","format":"standard","meta":{"_acf_changed":false,"footnotes":""},"categories":[493],"tags":[363,142,2122],"class_list":["post-252532","post","type-post","status-publish","format-standard","has-post-thumbnail","hentry","category-cultura","tag-agricoltura","tag-enogastronomia","tag-tradizione"],"acf":[],"yoast_head":"<!-- This site is optimized with the Yoast SEO Premium plugin v24.2 (Yoast SEO v25.6) - https:\/\/yoast.com\/wordpress\/plugins\/seo\/ -->\n<title>Torna la fiera di San Luca di Impruneta, una delle pi\u00f9 antiche fiere di bestiame d&#039;Europa - intoscana<\/title>\n<meta name=\"description\" content=\"L&#039;edizione 2022 privileger\u00e0 la vendita di prodotti agricoli, animali, artigianato e la promozione delle eccellenze del territorio\" \/>\n<meta name=\"robots\" content=\"index, follow, max-snippet:-1, max-image-preview:large, max-video-preview:-1\" \/>\n<link rel=\"canonical\" href=\"https:\/\/www.intoscana.it\/it\/fiera-san-luca-impruneta\/\" \/>\n<meta property=\"og:locale\" content=\"it_IT\" \/>\n<meta property=\"og:type\" content=\"article\" \/>\n<meta property=\"og:title\" content=\"Torna la fiera di San Luca di Impruneta, una delle pi\u00f9 antiche fiere di bestiame d&#039;Europa\" \/>\n<meta property=\"og:description\" content=\"L&#039;edizione 2022 privileger\u00e0 la vendita di prodotti agricoli, animali, artigianato e la promozione delle eccellenze del territorio\" \/>\n<meta property=\"og:url\" content=\"https:\/\/www.intoscana.it\/it\/fiera-san-luca-impruneta\/\" \/>\n<meta property=\"og:site_name\" content=\"intoscana\" \/>\n<meta property=\"article:publisher\" content=\"https:\/\/www.facebook.com\/intoscana.it\" \/>\n<meta property=\"article:published_time\" content=\"2022-10-12T15:53:33+00:00\" \/>\n<meta property=\"article:modified_time\" content=\"2022-10-12T15:53:58+00:00\" \/>\n<meta property=\"og:image\" content=\"https:\/\/www.intoscana.it\/wp-content\/uploads\/Presentazione-Fiera-San-Luca.jpg\" \/>\n\t<meta property=\"og:image:width\" content=\"1024\" \/>\n\t<meta property=\"og:image:height\" content=\"768\" \/>\n\t<meta property=\"og:image:type\" content=\"image\/jpeg\" \/>\n<meta name=\"author\" content=\"Redazione\" \/>\n<meta name=\"twitter:card\" content=\"summary_large_image\" \/>\n<meta name=\"twitter:creator\" content=\"@intoscana\" \/>\n<meta name=\"twitter:site\" content=\"@intoscana\" \/>\n<meta name=\"twitter:label1\" content=\"Written by\" \/>\n\t<meta name=\"twitter:data1\" content=\"Redazione\" \/>\n\t<meta name=\"twitter:label2\" content=\"Est. reading time\" \/>\n\t<meta name=\"twitter:data2\" content=\"2 minuti\" \/>\n<script type=\"application\/ld+json\" class=\"yoast-schema-graph\">{\"@context\":\"https:\/\/schema.org\",\"@graph\":[{\"@type\":\"WebPage\",\"@id\":\"https:\/\/www.intoscana.it\/it\/fiera-san-luca-impruneta\/\",\"url\":\"https:\/\/www.intoscana.it\/it\/fiera-san-luca-impruneta\/\",\"name\":\"Torna la fiera di San Luca di Impruneta, una delle pi\u00f9 antiche fiere di bestiame d'Europa - intoscana\",\"isPartOf\":{\"@id\":\"https:\/\/www.intoscana.it\/it\/#website\"},\"primaryImageOfPage\":{\"@id\":\"https:\/\/www.intoscana.it\/it\/fiera-san-luca-impruneta\/#primaryimage\"},\"image\":{\"@id\":\"https:\/\/www.intoscana.it\/it\/fiera-san-luca-impruneta\/#primaryimage\"},\"thumbnailUrl\":\"https:\/\/www.intoscana.it\/wp-content\/uploads\/Presentazione-Fiera-San-Luca.jpg\",\"datePublished\":\"2022-10-12T15:53:33+00:00\",\"dateModified\":\"2022-10-12T15:53:58+00:00\",\"author\":{\"@id\":\"https:\/\/www.intoscana.it\/it\/#\/schema\/person\/9223810753230f20bd670fdd322661f8\"},\"description\":\"L'edizione 2022 privileger\u00e0 la vendita di prodotti agricoli, animali, artigianato e la promozione delle eccellenze del territorio\",\"breadcrumb\":{\"@id\":\"https:\/\/www.intoscana.it\/it\/fiera-san-luca-impruneta\/#breadcrumb\"},\"inLanguage\":\"it-IT\",\"potentialAction\":[{\"@type\":\"ReadAction\",\"target\":[\"https:\/\/www.intoscana.it\/it\/fiera-san-luca-impruneta\/\"]}]},{\"@type\":\"ImageObject\",\"inLanguage\":\"it-IT\",\"@id\":\"https:\/\/www.intoscana.it\/it\/fiera-san-luca-impruneta\/#primaryimage\",\"url\":\"https:\/\/www.intoscana.it\/wp-content\/uploads\/Presentazione-Fiera-San-Luca.jpg\",\"contentUrl\":\"https:\/\/www.intoscana.it\/wp-content\/uploads\/Presentazione-Fiera-San-Luca.jpg\",\"width\":1024,\"height\":768,\"caption\":\"Presentazione Fiera San Luca\"},{\"@type\":\"BreadcrumbList\",\"@id\":\"https:\/\/www.intoscana.it\/it\/fiera-san-luca-impruneta\/#breadcrumb\",\"itemListElement\":[{\"@type\":\"ListItem\",\"position\":1,\"name\":\"Home\",\"item\":\"https:\/\/www.intoscana.it\/it\/\"},{\"@type\":\"ListItem\",\"position\":2,\"name\":\"Torna la fiera di San Luca di Impruneta, una delle pi\u00f9 antiche fiere di bestiame d&#8217;Europa\"}]},{\"@type\":\"WebSite\",\"@id\":\"https:\/\/www.intoscana.it\/it\/#website\",\"url\":\"https:\/\/www.intoscana.it\/it\/\",\"name\":\"intoscana\",\"description\":\"\",\"potentialAction\":[{\"@type\":\"SearchAction\",\"target\":{\"@type\":\"EntryPoint\",\"urlTemplate\":\"https:\/\/www.intoscana.it\/it\/?s={search_term_string}\"},\"query-input\":{\"@type\":\"PropertyValueSpecification\",\"valueRequired\":true,\"valueName\":\"search_term_string\"}}],\"inLanguage\":\"it-IT\"},{\"@type\":\"Person\",\"@id\":\"https:\/\/www.intoscana.it\/it\/#\/schema\/person\/9223810753230f20bd670fdd322661f8\",\"name\":\"Redazione\",\"url\":\"https:\/\/www.intoscana.it\/it\/author\/redazione\/\"}]}<\/script>\n<!-- \/ Yoast SEO Premium plugin. -->","yoast_head_json":{"title":"Torna la fiera di San Luca di Impruneta, una delle pi\u00f9 antiche fiere di bestiame d'Europa - intoscana","description":"L'edizione 2022 privileger\u00e0 la vendita di prodotti agricoli, animali, artigianato e la promozione delle eccellenze del territorio","robots":{"index":"index","follow":"follow","max-snippet":"max-snippet:-1","max-image-preview":"max-image-preview:large","max-video-preview":"max-video-preview:-1"},"canonical":"https:\/\/www.intoscana.it\/it\/fiera-san-luca-impruneta\/","og_locale":"it_IT","og_type":"article","og_title":"Torna la fiera di San Luca di Impruneta, una delle pi\u00f9 antiche fiere di bestiame d'Europa","og_description":"L'edizione 2022 privileger\u00e0 la vendita di prodotti agricoli, animali, artigianato e la promozione delle eccellenze del territorio","og_url":"https:\/\/www.intoscana.it\/it\/fiera-san-luca-impruneta\/","og_site_name":"intoscana","article_publisher":"https:\/\/www.facebook.com\/intoscana.it","article_published_time":"2022-10-12T15:53:33+00:00","article_modified_time":"2022-10-12T15:53:58+00:00","og_image":[{"width":1024,"height":768,"url":"https:\/\/www.intoscana.it\/wp-content\/uploads\/Presentazione-Fiera-San-Luca.jpg","type":"image\/jpeg"}],"author":"Redazione","twitter_card":"summary_large_image","twitter_creator":"@intoscana","twitter_site":"@intoscana","twitter_misc":{"Written by":"Redazione","Est. reading time":"2 minuti"},"schema":{"@context":"https:\/\/schema.org","@graph":[{"@type":"WebPage","@id":"https:\/\/www.intoscana.it\/it\/fiera-san-luca-impruneta\/","url":"https:\/\/www.intoscana.it\/it\/fiera-san-luca-impruneta\/","name":"Torna la fiera di San Luca di Impruneta, una delle pi\u00f9 antiche fiere di bestiame d'Europa - intoscana","isPartOf":{"@id":"https:\/\/www.intoscana.it\/it\/#website"},"primaryImageOfPage":{"@id":"https:\/\/www.intoscana.it\/it\/fiera-san-luca-impruneta\/#primaryimage"},"image":{"@id":"https:\/\/www.intoscana.it\/it\/fiera-san-luca-impruneta\/#primaryimage"},"thumbnailUrl":"https:\/\/www.intoscana.it\/wp-content\/uploads\/Presentazione-Fiera-San-Luca.jpg","datePublished":"2022-10-12T15:53:33+00:00","dateModified":"2022-10-12T15:53:58+00:00","author":{"@id":"https:\/\/www.intoscana.it\/it\/#\/schema\/person\/9223810753230f20bd670fdd322661f8"},"description":"L'edizione 2022 privileger\u00e0 la vendita di prodotti agricoli, animali, artigianato e la promozione delle eccellenze del territorio","breadcrumb":{"@id":"https:\/\/www.intoscana.it\/it\/fiera-san-luca-impruneta\/#breadcrumb"},"inLanguage":"it-IT","potentialAction":[{"@type":"ReadAction","target":["https:\/\/www.intoscana.it\/it\/fiera-san-luca-impruneta\/"]}]},{"@type":"ImageObject","inLanguage":"it-IT","@id":"https:\/\/www.intoscana.it\/it\/fiera-san-luca-impruneta\/#primaryimage","url":"https:\/\/www.intoscana.it\/wp-content\/uploads\/Presentazione-Fiera-San-Luca.jpg","contentUrl":"https:\/\/www.intoscana.it\/wp-content\/uploads\/Presentazione-Fiera-San-Luca.jpg","width":1024,"height":768,"caption":"Presentazione Fiera San Luca"},{"@type":"BreadcrumbList","@id":"https:\/\/www.intoscana.it\/it\/fiera-san-luca-impruneta\/#breadcrumb","itemListElement":[{"@type":"ListItem","position":1,"name":"Home","item":"https:\/\/www.intoscana.it\/it\/"},{"@type":"ListItem","position":2,"name":"Torna la fiera di San Luca di Impruneta, una delle pi\u00f9 antiche fiere di bestiame d&#8217;Europa"}]},{"@type":"WebSite","@id":"https:\/\/www.intoscana.it\/it\/#website","url":"https:\/\/www.intoscana.it\/it\/","name":"intoscana","description":"","potentialAction":[{"@type":"SearchAction","target":{"@type":"EntryPoint","urlTemplate":"https:\/\/www.intoscana.it\/it\/?s={search_term_string}"},"query-input":{"@type":"PropertyValueSpecification","valueRequired":true,"valueName":"search_term_string"}}],"inLanguage":"it-IT"},{"@type":"Person","@id":"https:\/\/www.intoscana.it\/it\/#\/schema\/person\/9223810753230f20bd670fdd322661f8","name":"Redazione","url":"https:\/\/www.intoscana.it\/it\/author\/redazione\/"}]}},"_links":{"self":[{"href":"https:\/\/www.intoscana.it\/it\/wp-json\/wp\/v2\/posts\/252532","targetHints":{"allow":["GET"]}}],"collection":[{"href":"https:\/\/www.intoscana.it\/it\/wp-json\/wp\/v2\/posts"}],"about":[{"href":"https:\/\/www.intoscana.it\/it\/wp-json\/wp\/v2\/types\/post"}],"author":[{"embeddable":true,"href":"https:\/\/www.intoscana.it\/it\/wp-json\/wp\/v2\/users\/525"}],"replies":[{"embeddable":true,"href":"https:\/\/www.intoscana.it\/it\/wp-json\/wp\/v2\/comments?post=252532"}],"version-history":[{"count":0,"href":"https:\/\/www.intoscana.it\/it\/wp-json\/wp\/v2\/posts\/252532\/revisions"}],"wp:featuredmedia":[{"embeddable":true,"href":"https:\/\/www.intoscana.it\/it\/wp-json\/wp\/v2\/media\/252540"}],"wp:attachment":[{"href":"https:\/\/www.intoscana.it\/it\/wp-json\/wp\/v2\/media?parent=252532"}],"wp:term":[{"taxonomy":"category","embeddable":true,"href":"https:\/\/www.intoscana.it\/it\/wp-json\/wp\/v2\/categories?post=252532"},{"taxonomy":"post_tag","embeddable":true,"href":"https:\/\/www.intoscana.it\/it\/wp-json\/wp\/v2\/tags?post=252532"}],"curies":[{"name":"wp","href":"https:\/\/api.w.org\/{rel}","templated":true}]}}