{"id":252592,"date":"2022-10-13T11:11:17","date_gmt":"2022-10-13T09:11:17","guid":{"rendered":"https:\/\/www.intoscana.it\/it\/?p=252592"},"modified":"2022-10-13T11:11:56","modified_gmt":"2022-10-13T09:11:56","slug":"farnae-viareggio-smau","status":"publish","type":"post","link":"https:\/\/www.intoscana.it\/it\/farnae-viareggio-smau\/","title":{"rendered":"Salute e sostenibilit\u00e0, la Farma\u00e8 di Viareggio vince il premio innovazione Smau di Milano"},"content":{"rendered":"<p>La societ\u00e0 <strong>Farma\u00e8<\/strong> di Viareggio, piattaforma leader nell&#8217;e-commerce di farmaci e prodotti dedicati alla bellezza, ha vinto il <mark>Premio innovazione allo Smau di Milano nel settore salute e benessere.<\/mark><\/p>\n<p>L&#8217;azienda &#8211; nata in Versilia nel 2014 e quotato sul mercato Euronext growth Milan di Borsa Italiana da luglio 2019 &#8211; \u00e8 la prima esperienza di rivenditore &#8220;onlife&#8221;\u00a0 sul web per questo tipo di prodotti.\u00a0 Ha infatti proposto un nuovo paradigma economico &#8220;dove online, offline e logistica diventano una cosa sola&#8221;.\u00a0 Oltre alla piattaforma e-commerce \u00e8 presente anche sul territorio nazionale con nove negozi in Toscana.<\/p>\n<h3><em>Perch\u00e9 ha vinto il premio Smau<\/em><\/h3>\n<p><strong>Smau Milano<\/strong> \u00e8 l&#8217;appuntamento pi\u00f9 importante su innovazioni e startup. Qui l&#8217;azienda di Viareggio si \u00e8 distinta perch\u00e9 ha deciso di redigere il bilancio di <strong>sostenibilit\u00e0<\/strong> relativo all&#8217;esercizio 2022 nel 2023 in anticipo rispetto agli adempimenti di legge previsti, &#8220;con un approccio che integra consapevolezza e concretezza, informazione, formazione, cambiamenti, nelle proprie aziende e nella filiera di riferimento&#8221;. <mark>Il Gruppo, inoltre, ha gi\u00e0 raggiunto la carbon neutrality nel 2022, anche grazie alla collaborazione con la start up &#8220;B Corp Up2You&#8221;.<\/mark><\/p>\n<figure id=\"post-252616 media-252616\" class=\"align-none\"><img decoding=\"async\" src=\"https:\/\/www.intoscana.it\/wp-content\/uploads\/Farmae\u0300-smau-2022.jpeg\" alt=\"\" \/><\/figure>\n<p>Il premio \u00e8 stato ritirato da <strong>Daniele Bertuccelli<\/strong>, responsabile corporate social responsability di Farma\u00e8: &#8220;Siamo molto orgogliosi di questo premio che si inserisce all&#8217;interno del percorso pi\u00f9 ampio che abbiamo intrapreso &#8211; sottolinea &#8211; e che ci ha visto raggiungere gi\u00e0 importanti traguardi, come la carbon neutrality. <mark>Il prossimo significativo passo \u00e8 la redazione del primo bilancio di sostenibilit\u00e0 nel 2023 che prevede la misurazione delle attivit\u00e0 ad impatto ambientale, l&#8217;individuazione delle strategie di riduzione ed efficientamento delle emissioni e la presentazione ai nostri stakeholder delle soluzioni pi\u00f9 efficaci con una dettagliata analisi costi benefici&#8221;.<\/mark><\/p>\n","protected":false},"excerpt":{"rendered":"<p>L&#8217;azienda di Viareggio, leader nell&#8217;e-commerce, si \u00e8 distinta per le sue pratiche green: ha gi\u00e0 raggiunto la &#8220;carbon neutrality&#8221; nel 2022<\/p>\n","protected":false},"author":525,"featured_media":252617,"comment_status":"open","ping_status":"open","sticky":false,"template":"","format":"standard","meta":{"_acf_changed":false,"footnotes":""},"categories":[475],"tags":[213,371],"class_list":["post-252592","post","type-post","status-publish","format-standard","has-post-thumbnail","hentry","category-innovazione","tag-ricerca","tag-sostenibilita"],"acf":[],"yoast_head":"<!-- This site is optimized with the Yoast SEO Premium plugin v24.2 (Yoast SEO v25.6) - https:\/\/yoast.com\/wordpress\/plugins\/seo\/ -->\n<title>Salute e sostenibilit\u00e0, la Farma\u00e8 di Viareggio vince il premio innovazione Smau di Milano - intoscana<\/title>\n<meta name=\"description\" content=\"L&#039;azienda di Viareggio, leader nell&#039;e-commerce, si \u00e8 distinta per le sue pratiche green: ha gi\u00e0 raggiunto la &quot;carbon neutrality&quot; nel 2022\" \/>\n<meta name=\"robots\" content=\"index, follow, max-snippet:-1, max-image-preview:large, max-video-preview:-1\" \/>\n<link rel=\"canonical\" href=\"https:\/\/www.intoscana.it\/it\/farnae-viareggio-smau\/\" \/>\n<meta property=\"og:locale\" content=\"it_IT\" \/>\n<meta property=\"og:type\" content=\"article\" \/>\n<meta property=\"og:title\" content=\"Salute e sostenibilit\u00e0, la Farma\u00e8 di Viareggio vince il premio innovazione Smau di Milano\" \/>\n<meta property=\"og:description\" content=\"L&#039;azienda di Viareggio, leader nell&#039;e-commerce, si \u00e8 distinta per le sue pratiche green: ha gi\u00e0 raggiunto la &quot;carbon neutrality&quot; nel 2022\" \/>\n<meta property=\"og:url\" content=\"https:\/\/www.intoscana.it\/it\/farnae-viareggio-smau\/\" \/>\n<meta property=\"og:site_name\" content=\"intoscana\" \/>\n<meta property=\"article:publisher\" content=\"https:\/\/www.facebook.com\/intoscana.it\" \/>\n<meta property=\"article:published_time\" content=\"2022-10-13T09:11:17+00:00\" \/>\n<meta property=\"article:modified_time\" content=\"2022-10-13T09:11:56+00:00\" \/>\n<meta property=\"og:image\" content=\"https:\/\/www.intoscana.it\/wp-content\/uploads\/Farmae\u0300-Smau-Milano.jpeg\" \/>\n\t<meta property=\"og:image:width\" content=\"1600\" \/>\n\t<meta property=\"og:image:height\" content=\"1066\" \/>\n\t<meta property=\"og:image:type\" content=\"image\/jpeg\" \/>\n<meta name=\"author\" content=\"Redazione\" \/>\n<meta name=\"twitter:card\" content=\"summary_large_image\" \/>\n<meta name=\"twitter:creator\" content=\"@intoscana\" \/>\n<meta name=\"twitter:site\" content=\"@intoscana\" \/>\n<meta name=\"twitter:label1\" content=\"Written by\" \/>\n\t<meta name=\"twitter:data1\" content=\"Redazione\" \/>\n\t<meta name=\"twitter:label2\" content=\"Est. reading time\" \/>\n\t<meta name=\"twitter:data2\" content=\"1 minuto\" \/>\n<script type=\"application\/ld+json\" class=\"yoast-schema-graph\">{\"@context\":\"https:\/\/schema.org\",\"@graph\":[{\"@type\":\"WebPage\",\"@id\":\"https:\/\/www.intoscana.it\/it\/farnae-viareggio-smau\/\",\"url\":\"https:\/\/www.intoscana.it\/it\/farnae-viareggio-smau\/\",\"name\":\"Salute e sostenibilit\u00e0, la Farma\u00e8 di Viareggio vince il premio innovazione Smau di Milano - intoscana\",\"isPartOf\":{\"@id\":\"https:\/\/www.intoscana.it\/it\/#website\"},\"primaryImageOfPage\":{\"@id\":\"https:\/\/www.intoscana.it\/it\/farnae-viareggio-smau\/#primaryimage\"},\"image\":{\"@id\":\"https:\/\/www.intoscana.it\/it\/farnae-viareggio-smau\/#primaryimage\"},\"thumbnailUrl\":\"https:\/\/www.intoscana.it\/wp-content\/uploads\/Farmae\u0300-Smau-Milano.jpeg\",\"datePublished\":\"2022-10-13T09:11:17+00:00\",\"dateModified\":\"2022-10-13T09:11:56+00:00\",\"author\":{\"@id\":\"https:\/\/www.intoscana.it\/it\/#\/schema\/person\/9223810753230f20bd670fdd322661f8\"},\"description\":\"L'azienda di Viareggio, leader nell'e-commerce, si \u00e8 distinta per le sue pratiche green: ha gi\u00e0 raggiunto la \\\"carbon neutrality\\\" nel 2022\",\"breadcrumb\":{\"@id\":\"https:\/\/www.intoscana.it\/it\/farnae-viareggio-smau\/#breadcrumb\"},\"inLanguage\":\"it-IT\",\"potentialAction\":[{\"@type\":\"ReadAction\",\"target\":[\"https:\/\/www.intoscana.it\/it\/farnae-viareggio-smau\/\"]}]},{\"@type\":\"ImageObject\",\"inLanguage\":\"it-IT\",\"@id\":\"https:\/\/www.intoscana.it\/it\/farnae-viareggio-smau\/#primaryimage\",\"url\":\"https:\/\/www.intoscana.it\/wp-content\/uploads\/Farmae\u0300-Smau-Milano.jpeg\",\"contentUrl\":\"https:\/\/www.intoscana.it\/wp-content\/uploads\/Farmae\u0300-Smau-Milano.jpeg\",\"width\":1600,\"height\":1066},{\"@type\":\"BreadcrumbList\",\"@id\":\"https:\/\/www.intoscana.it\/it\/farnae-viareggio-smau\/#breadcrumb\",\"itemListElement\":[{\"@type\":\"ListItem\",\"position\":1,\"name\":\"Home\",\"item\":\"https:\/\/www.intoscana.it\/it\/\"},{\"@type\":\"ListItem\",\"position\":2,\"name\":\"Salute e sostenibilit\u00e0, la Farma\u00e8 di Viareggio vince il premio innovazione Smau di Milano\"}]},{\"@type\":\"WebSite\",\"@id\":\"https:\/\/www.intoscana.it\/it\/#website\",\"url\":\"https:\/\/www.intoscana.it\/it\/\",\"name\":\"intoscana\",\"description\":\"\",\"potentialAction\":[{\"@type\":\"SearchAction\",\"target\":{\"@type\":\"EntryPoint\",\"urlTemplate\":\"https:\/\/www.intoscana.it\/it\/?s={search_term_string}\"},\"query-input\":{\"@type\":\"PropertyValueSpecification\",\"valueRequired\":true,\"valueName\":\"search_term_string\"}}],\"inLanguage\":\"it-IT\"},{\"@type\":\"Person\",\"@id\":\"https:\/\/www.intoscana.it\/it\/#\/schema\/person\/9223810753230f20bd670fdd322661f8\",\"name\":\"Redazione\",\"url\":\"https:\/\/www.intoscana.it\/it\/author\/redazione\/\"}]}<\/script>\n<!-- \/ Yoast SEO Premium plugin. -->","yoast_head_json":{"title":"Salute e sostenibilit\u00e0, la Farma\u00e8 di Viareggio vince il premio innovazione Smau di Milano - intoscana","description":"L'azienda di Viareggio, leader nell'e-commerce, si \u00e8 distinta per le sue pratiche green: ha gi\u00e0 raggiunto la \"carbon neutrality\" nel 2022","robots":{"index":"index","follow":"follow","max-snippet":"max-snippet:-1","max-image-preview":"max-image-preview:large","max-video-preview":"max-video-preview:-1"},"canonical":"https:\/\/www.intoscana.it\/it\/farnae-viareggio-smau\/","og_locale":"it_IT","og_type":"article","og_title":"Salute e sostenibilit\u00e0, la Farma\u00e8 di Viareggio vince il premio innovazione Smau di Milano","og_description":"L'azienda di Viareggio, leader nell'e-commerce, si \u00e8 distinta per le sue pratiche green: ha gi\u00e0 raggiunto la \"carbon neutrality\" nel 2022","og_url":"https:\/\/www.intoscana.it\/it\/farnae-viareggio-smau\/","og_site_name":"intoscana","article_publisher":"https:\/\/www.facebook.com\/intoscana.it","article_published_time":"2022-10-13T09:11:17+00:00","article_modified_time":"2022-10-13T09:11:56+00:00","og_image":[{"width":1600,"height":1066,"url":"https:\/\/www.intoscana.it\/wp-content\/uploads\/Farmae\u0300-Smau-Milano.jpeg","type":"image\/jpeg"}],"author":"Redazione","twitter_card":"summary_large_image","twitter_creator":"@intoscana","twitter_site":"@intoscana","twitter_misc":{"Written by":"Redazione","Est. reading time":"1 minuto"},"schema":{"@context":"https:\/\/schema.org","@graph":[{"@type":"WebPage","@id":"https:\/\/www.intoscana.it\/it\/farnae-viareggio-smau\/","url":"https:\/\/www.intoscana.it\/it\/farnae-viareggio-smau\/","name":"Salute e sostenibilit\u00e0, la Farma\u00e8 di Viareggio vince il premio innovazione Smau di Milano - intoscana","isPartOf":{"@id":"https:\/\/www.intoscana.it\/it\/#website"},"primaryImageOfPage":{"@id":"https:\/\/www.intoscana.it\/it\/farnae-viareggio-smau\/#primaryimage"},"image":{"@id":"https:\/\/www.intoscana.it\/it\/farnae-viareggio-smau\/#primaryimage"},"thumbnailUrl":"https:\/\/www.intoscana.it\/wp-content\/uploads\/Farmae\u0300-Smau-Milano.jpeg","datePublished":"2022-10-13T09:11:17+00:00","dateModified":"2022-10-13T09:11:56+00:00","author":{"@id":"https:\/\/www.intoscana.it\/it\/#\/schema\/person\/9223810753230f20bd670fdd322661f8"},"description":"L'azienda di Viareggio, leader nell'e-commerce, si \u00e8 distinta per le sue pratiche green: ha gi\u00e0 raggiunto la \"carbon neutrality\" nel 2022","breadcrumb":{"@id":"https:\/\/www.intoscana.it\/it\/farnae-viareggio-smau\/#breadcrumb"},"inLanguage":"it-IT","potentialAction":[{"@type":"ReadAction","target":["https:\/\/www.intoscana.it\/it\/farnae-viareggio-smau\/"]}]},{"@type":"ImageObject","inLanguage":"it-IT","@id":"https:\/\/www.intoscana.it\/it\/farnae-viareggio-smau\/#primaryimage","url":"https:\/\/www.intoscana.it\/wp-content\/uploads\/Farmae\u0300-Smau-Milano.jpeg","contentUrl":"https:\/\/www.intoscana.it\/wp-content\/uploads\/Farmae\u0300-Smau-Milano.jpeg","width":1600,"height":1066},{"@type":"BreadcrumbList","@id":"https:\/\/www.intoscana.it\/it\/farnae-viareggio-smau\/#breadcrumb","itemListElement":[{"@type":"ListItem","position":1,"name":"Home","item":"https:\/\/www.intoscana.it\/it\/"},{"@type":"ListItem","position":2,"name":"Salute e sostenibilit\u00e0, la Farma\u00e8 di Viareggio vince il premio innovazione Smau di Milano"}]},{"@type":"WebSite","@id":"https:\/\/www.intoscana.it\/it\/#website","url":"https:\/\/www.intoscana.it\/it\/","name":"intoscana","description":"","potentialAction":[{"@type":"SearchAction","target":{"@type":"EntryPoint","urlTemplate":"https:\/\/www.intoscana.it\/it\/?s={search_term_string}"},"query-input":{"@type":"PropertyValueSpecification","valueRequired":true,"valueName":"search_term_string"}}],"inLanguage":"it-IT"},{"@type":"Person","@id":"https:\/\/www.intoscana.it\/it\/#\/schema\/person\/9223810753230f20bd670fdd322661f8","name":"Redazione","url":"https:\/\/www.intoscana.it\/it\/author\/redazione\/"}]}},"_links":{"self":[{"href":"https:\/\/www.intoscana.it\/it\/wp-json\/wp\/v2\/posts\/252592","targetHints":{"allow":["GET"]}}],"collection":[{"href":"https:\/\/www.intoscana.it\/it\/wp-json\/wp\/v2\/posts"}],"about":[{"href":"https:\/\/www.intoscana.it\/it\/wp-json\/wp\/v2\/types\/post"}],"author":[{"embeddable":true,"href":"https:\/\/www.intoscana.it\/it\/wp-json\/wp\/v2\/users\/525"}],"replies":[{"embeddable":true,"href":"https:\/\/www.intoscana.it\/it\/wp-json\/wp\/v2\/comments?post=252592"}],"version-history":[{"count":0,"href":"https:\/\/www.intoscana.it\/it\/wp-json\/wp\/v2\/posts\/252592\/revisions"}],"wp:featuredmedia":[{"embeddable":true,"href":"https:\/\/www.intoscana.it\/it\/wp-json\/wp\/v2\/media\/252617"}],"wp:attachment":[{"href":"https:\/\/www.intoscana.it\/it\/wp-json\/wp\/v2\/media?parent=252592"}],"wp:term":[{"taxonomy":"category","embeddable":true,"href":"https:\/\/www.intoscana.it\/it\/wp-json\/wp\/v2\/categories?post=252592"},{"taxonomy":"post_tag","embeddable":true,"href":"https:\/\/www.intoscana.it\/it\/wp-json\/wp\/v2\/tags?post=252592"}],"curies":[{"name":"wp","href":"https:\/\/api.w.org\/{rel}","templated":true}]}}