{"id":252632,"date":"2022-10-13T12:08:34","date_gmt":"2022-10-13T10:08:34","guid":{"rendered":"https:\/\/www.intoscana.it\/it\/?p=252632"},"modified":"2022-10-14T10:43:02","modified_gmt":"2022-10-14T08:43:02","slug":"coronavirus-2-675-nuovi-casi-eta-media-54-anni-quattro-i-decessi","status":"publish","type":"post","link":"https:\/\/www.intoscana.it\/it\/coronavirus-2-675-nuovi-casi-eta-media-54-anni-quattro-i-decessi\/","title":{"rendered":"Coronavirus: 2.675 nuovi casi, et\u00e0 media 54 anni. Quattro i decessi"},"content":{"rendered":"<p>Sono <strong>2.675 i nuovi casi<\/strong> di\u00a0<span class=\"il\">Covid<\/span>-19 registrati nelle ultime ventiquattro ore in Toscana: 483 sono stati confermati con tampone molecolare e gli altri 2.192 con test rapido. <strong>Et\u00e0 media 54 anni<\/strong>.<\/p>\n<p><strong>Il numero dei contagiati<\/strong> rilevati nella regione dall&#8217;inizio della pandemia sale dunque a<strong> 1.435.562<\/strong>. I nuovi casi sono lo 0,2% in pi\u00f9 rispetto al totale del giorno precedente. <strong>I guariti<\/strong> crescono dello 0,1% (1.924 persone) e raggiungono <strong>quota 1.375.286<\/strong> (95,8% dei casi totali).<\/p>\n<p>Al momento in Toscana sono <strong>49.424 i positivi<\/strong>, +1,5% rispetto a ieri. Di questi <strong>466<\/strong> (8 in pi\u00f9 rispetto a ieri) sono ricoverati <strong>in ospedale: 21<\/strong> (2 in pi\u00f9) si trovano <strong>in terapia intensiva<\/strong>.<\/p>\n<p><strong>In 48.958<\/strong> sono <strong>in isolamento a casa<\/strong>, perch\u00e9 presentano sintomi lievi che non richiedono cure ospedaliere o risultano prive di sintomi (739 in pi\u00f9 rispetto a ieri, pi\u00f9 1,5%).<\/p>\n<p>Dall&#8217;ultimo bollettino quotidiano sono stati eseguiti <strong>1.387 tamponi molecolari e 13.823 tamponi antigenici rapidi<\/strong>: di questi <strong>il 17,6% \u00e8 risultato positivo<\/strong>. Sono invece 3.832 i soggetti testati, escludendo i tamponi di controllo: il 69,8% di questi \u00e8 risultato positivo.<\/p>\n<h3>L&#8217;andamento per provincia<\/h3>\n<p>Con gli ultimi casi salgono a <strong>389.716 i positivi dall&#8217;inizio dell&#8217;emergenza<\/strong> nei comuni della Citt\u00e0 metropolitana di Firenze (636 in pi\u00f9 rispetto a ieri), 95.498 in provincia di <strong>Prato<\/strong> (157 in pi\u00f9), 113.057 a <strong>Pistoia<\/strong> (212 in pi\u00f9), 72.545 a <strong>Massa Carrara<\/strong> (141 in pi\u00f9), 153.725 a <strong>Lucca<\/strong> (342 in pi\u00f9), 166.587 a <strong>Pisa<\/strong> (327 in pi\u00f9), 130.138 a <strong>Livorno<\/strong> (215 in pi\u00f9), 130.923 ad <strong>Arezzo<\/strong> (241 in pi\u00f9), 103.486 a <strong>Siena<\/strong> (220 in pi\u00f9) e 79.332 a <strong>Grosseto<\/strong> (184 in pi\u00f9). A questi vanno aggiunti 555 casi di positivit\u00e0 notificati in Toscana ma che riguardano residenti in altre regioni.<\/p>\n<h3>L&#8217;andamento dei decessi<\/h3>\n<p>La lista dei decessi si aggiorna con <strong>4 nuovi decessi<\/strong>: 2 uomini e 2 donne con un&#8217;et\u00e0 media di 85,5 anni. La provincia di residenza delle persone decedute \u00e8: 1 a Firenze, 2 a Siena, 1 fuori Toscana.<\/p>\n<p>Sono <strong>10.852 i deceduti dall&#8217;inizio dell&#8217;epidemia<\/strong>: 3.417 nella Citt\u00e0 metropolitana di Firenze, 883 in provincia di Prato, 977 a Pistoia, 687 a Massa Carrara, 1.014 a Lucca, 1.217 a Pisa, 817 a Livorno, 700 ad Arezzo, 580 a Siena, 405 a Grosseto. Vanno aggiunte 155 persone decedute sul suolo toscano ma erano residenti fuori regione.<\/p>\n","protected":false},"excerpt":{"rendered":"<p>In Toscana sono 49.424 i positivi, +1,5% rispetto a ieri: 466 (8 in pi\u00f9) ricoverati in ospedale e 21 (2 in pi\u00f9) in terapia intensiva<\/p>\n","protected":false},"author":525,"featured_media":189488,"comment_status":"open","ping_status":"open","sticky":false,"template":"","format":"standard","meta":{"_acf_changed":false,"footnotes":""},"categories":[494],"tags":[418],"class_list":["post-252632","post","type-post","status-publish","format-standard","has-post-thumbnail","hentry","category-attualita","tag-covid-19"],"acf":[],"yoast_head":"<!-- This site is optimized with the Yoast SEO Premium plugin v24.2 (Yoast SEO v25.6) - https:\/\/yoast.com\/wordpress\/plugins\/seo\/ -->\n<title>Coronavirus: 2.675 nuovi casi. Quattro i decessi - intoscana<\/title>\n<meta name=\"description\" content=\"In Toscana sono 49.424 i positivi, +1,5% rispetto a ieri: 466 (8 in pi\u00f9) ricoverati in ospedale e 21 (2 in pi\u00f9) in terapia intensiva\" \/>\n<meta name=\"robots\" content=\"index, follow, max-snippet:-1, max-image-preview:large, max-video-preview:-1\" \/>\n<link rel=\"canonical\" href=\"https:\/\/www.intoscana.it\/it\/coronavirus-2-675-nuovi-casi-eta-media-54-anni-quattro-i-decessi\/\" \/>\n<meta property=\"og:locale\" content=\"it_IT\" \/>\n<meta property=\"og:type\" content=\"article\" \/>\n<meta property=\"og:title\" content=\"Coronavirus: 2.675 nuovi casi, et\u00e0 media 54 anni. Quattro i decessi\" \/>\n<meta property=\"og:description\" content=\"In Toscana sono 49.424 i positivi, +1,5% rispetto a ieri: 466 (8 in pi\u00f9) ricoverati in ospedale e 21 (2 in pi\u00f9) in terapia intensiva\" \/>\n<meta property=\"og:url\" content=\"https:\/\/www.intoscana.it\/it\/coronavirus-2-675-nuovi-casi-eta-media-54-anni-quattro-i-decessi\/\" \/>\n<meta property=\"og:site_name\" content=\"intoscana\" \/>\n<meta property=\"article:publisher\" content=\"https:\/\/www.facebook.com\/intoscana.it\" \/>\n<meta property=\"article:published_time\" content=\"2022-10-13T10:08:34+00:00\" \/>\n<meta property=\"article:modified_time\" content=\"2022-10-14T08:43:02+00:00\" \/>\n<meta property=\"og:image\" content=\"https:\/\/www.intoscana.it\/wp-content\/uploads\/Test-covid-Mufid-Majnun-Unsplash.jpg\" \/>\n\t<meta property=\"og:image:width\" content=\"1920\" \/>\n\t<meta property=\"og:image:height\" content=\"1280\" \/>\n\t<meta property=\"og:image:type\" content=\"image\/jpeg\" \/>\n<meta name=\"author\" content=\"Redazione\" \/>\n<meta name=\"twitter:card\" content=\"summary_large_image\" \/>\n<meta name=\"twitter:creator\" content=\"@intoscana\" \/>\n<meta name=\"twitter:site\" content=\"@intoscana\" \/>\n<meta name=\"twitter:label1\" content=\"Written by\" \/>\n\t<meta name=\"twitter:data1\" content=\"Redazione\" \/>\n\t<meta name=\"twitter:label2\" content=\"Est. reading time\" \/>\n\t<meta name=\"twitter:data2\" content=\"2 minuti\" \/>\n<script type=\"application\/ld+json\" class=\"yoast-schema-graph\">{\"@context\":\"https:\/\/schema.org\",\"@graph\":[{\"@type\":\"WebPage\",\"@id\":\"https:\/\/www.intoscana.it\/it\/coronavirus-2-675-nuovi-casi-eta-media-54-anni-quattro-i-decessi\/\",\"url\":\"https:\/\/www.intoscana.it\/it\/coronavirus-2-675-nuovi-casi-eta-media-54-anni-quattro-i-decessi\/\",\"name\":\"Coronavirus: 2.675 nuovi casi. Quattro i decessi - intoscana\",\"isPartOf\":{\"@id\":\"https:\/\/www.intoscana.it\/it\/#website\"},\"primaryImageOfPage\":{\"@id\":\"https:\/\/www.intoscana.it\/it\/coronavirus-2-675-nuovi-casi-eta-media-54-anni-quattro-i-decessi\/#primaryimage\"},\"image\":{\"@id\":\"https:\/\/www.intoscana.it\/it\/coronavirus-2-675-nuovi-casi-eta-media-54-anni-quattro-i-decessi\/#primaryimage\"},\"thumbnailUrl\":\"https:\/\/www.intoscana.it\/wp-content\/uploads\/Test-covid-Mufid-Majnun-Unsplash.jpg\",\"datePublished\":\"2022-10-13T10:08:34+00:00\",\"dateModified\":\"2022-10-14T08:43:02+00:00\",\"author\":{\"@id\":\"https:\/\/www.intoscana.it\/it\/#\/schema\/person\/9223810753230f20bd670fdd322661f8\"},\"description\":\"In Toscana sono 49.424 i positivi, +1,5% rispetto a ieri: 466 (8 in pi\u00f9) ricoverati in ospedale e 21 (2 in pi\u00f9) in terapia intensiva\",\"breadcrumb\":{\"@id\":\"https:\/\/www.intoscana.it\/it\/coronavirus-2-675-nuovi-casi-eta-media-54-anni-quattro-i-decessi\/#breadcrumb\"},\"inLanguage\":\"it-IT\",\"potentialAction\":[{\"@type\":\"ReadAction\",\"target\":[\"https:\/\/www.intoscana.it\/it\/coronavirus-2-675-nuovi-casi-eta-media-54-anni-quattro-i-decessi\/\"]}]},{\"@type\":\"ImageObject\",\"inLanguage\":\"it-IT\",\"@id\":\"https:\/\/www.intoscana.it\/it\/coronavirus-2-675-nuovi-casi-eta-media-54-anni-quattro-i-decessi\/#primaryimage\",\"url\":\"https:\/\/www.intoscana.it\/wp-content\/uploads\/Test-covid-Mufid-Majnun-Unsplash.jpg\",\"contentUrl\":\"https:\/\/www.intoscana.it\/wp-content\/uploads\/Test-covid-Mufid-Majnun-Unsplash.jpg\",\"width\":1920,\"height\":1280,\"caption\":\"Un tampone per il Covid-19\"},{\"@type\":\"BreadcrumbList\",\"@id\":\"https:\/\/www.intoscana.it\/it\/coronavirus-2-675-nuovi-casi-eta-media-54-anni-quattro-i-decessi\/#breadcrumb\",\"itemListElement\":[{\"@type\":\"ListItem\",\"position\":1,\"name\":\"Home\",\"item\":\"https:\/\/www.intoscana.it\/it\/\"},{\"@type\":\"ListItem\",\"position\":2,\"name\":\"Coronavirus: 2.675 nuovi casi, et\u00e0 media 54 anni. Quattro i decessi\"}]},{\"@type\":\"WebSite\",\"@id\":\"https:\/\/www.intoscana.it\/it\/#website\",\"url\":\"https:\/\/www.intoscana.it\/it\/\",\"name\":\"intoscana\",\"description\":\"\",\"potentialAction\":[{\"@type\":\"SearchAction\",\"target\":{\"@type\":\"EntryPoint\",\"urlTemplate\":\"https:\/\/www.intoscana.it\/it\/?s={search_term_string}\"},\"query-input\":{\"@type\":\"PropertyValueSpecification\",\"valueRequired\":true,\"valueName\":\"search_term_string\"}}],\"inLanguage\":\"it-IT\"},{\"@type\":\"Person\",\"@id\":\"https:\/\/www.intoscana.it\/it\/#\/schema\/person\/9223810753230f20bd670fdd322661f8\",\"name\":\"Redazione\",\"url\":\"https:\/\/www.intoscana.it\/it\/author\/redazione\/\"}]}<\/script>\n<!-- \/ Yoast SEO Premium plugin. -->","yoast_head_json":{"title":"Coronavirus: 2.675 nuovi casi. Quattro i decessi - intoscana","description":"In Toscana sono 49.424 i positivi, +1,5% rispetto a ieri: 466 (8 in pi\u00f9) ricoverati in ospedale e 21 (2 in pi\u00f9) in terapia intensiva","robots":{"index":"index","follow":"follow","max-snippet":"max-snippet:-1","max-image-preview":"max-image-preview:large","max-video-preview":"max-video-preview:-1"},"canonical":"https:\/\/www.intoscana.it\/it\/coronavirus-2-675-nuovi-casi-eta-media-54-anni-quattro-i-decessi\/","og_locale":"it_IT","og_type":"article","og_title":"Coronavirus: 2.675 nuovi casi, et\u00e0 media 54 anni. Quattro i decessi","og_description":"In Toscana sono 49.424 i positivi, +1,5% rispetto a ieri: 466 (8 in pi\u00f9) ricoverati in ospedale e 21 (2 in pi\u00f9) in terapia intensiva","og_url":"https:\/\/www.intoscana.it\/it\/coronavirus-2-675-nuovi-casi-eta-media-54-anni-quattro-i-decessi\/","og_site_name":"intoscana","article_publisher":"https:\/\/www.facebook.com\/intoscana.it","article_published_time":"2022-10-13T10:08:34+00:00","article_modified_time":"2022-10-14T08:43:02+00:00","og_image":[{"width":1920,"height":1280,"url":"https:\/\/www.intoscana.it\/wp-content\/uploads\/Test-covid-Mufid-Majnun-Unsplash.jpg","type":"image\/jpeg"}],"author":"Redazione","twitter_card":"summary_large_image","twitter_creator":"@intoscana","twitter_site":"@intoscana","twitter_misc":{"Written by":"Redazione","Est. reading time":"2 minuti"},"schema":{"@context":"https:\/\/schema.org","@graph":[{"@type":"WebPage","@id":"https:\/\/www.intoscana.it\/it\/coronavirus-2-675-nuovi-casi-eta-media-54-anni-quattro-i-decessi\/","url":"https:\/\/www.intoscana.it\/it\/coronavirus-2-675-nuovi-casi-eta-media-54-anni-quattro-i-decessi\/","name":"Coronavirus: 2.675 nuovi casi. Quattro i decessi - intoscana","isPartOf":{"@id":"https:\/\/www.intoscana.it\/it\/#website"},"primaryImageOfPage":{"@id":"https:\/\/www.intoscana.it\/it\/coronavirus-2-675-nuovi-casi-eta-media-54-anni-quattro-i-decessi\/#primaryimage"},"image":{"@id":"https:\/\/www.intoscana.it\/it\/coronavirus-2-675-nuovi-casi-eta-media-54-anni-quattro-i-decessi\/#primaryimage"},"thumbnailUrl":"https:\/\/www.intoscana.it\/wp-content\/uploads\/Test-covid-Mufid-Majnun-Unsplash.jpg","datePublished":"2022-10-13T10:08:34+00:00","dateModified":"2022-10-14T08:43:02+00:00","author":{"@id":"https:\/\/www.intoscana.it\/it\/#\/schema\/person\/9223810753230f20bd670fdd322661f8"},"description":"In Toscana sono 49.424 i positivi, +1,5% rispetto a ieri: 466 (8 in pi\u00f9) ricoverati in ospedale e 21 (2 in pi\u00f9) in terapia intensiva","breadcrumb":{"@id":"https:\/\/www.intoscana.it\/it\/coronavirus-2-675-nuovi-casi-eta-media-54-anni-quattro-i-decessi\/#breadcrumb"},"inLanguage":"it-IT","potentialAction":[{"@type":"ReadAction","target":["https:\/\/www.intoscana.it\/it\/coronavirus-2-675-nuovi-casi-eta-media-54-anni-quattro-i-decessi\/"]}]},{"@type":"ImageObject","inLanguage":"it-IT","@id":"https:\/\/www.intoscana.it\/it\/coronavirus-2-675-nuovi-casi-eta-media-54-anni-quattro-i-decessi\/#primaryimage","url":"https:\/\/www.intoscana.it\/wp-content\/uploads\/Test-covid-Mufid-Majnun-Unsplash.jpg","contentUrl":"https:\/\/www.intoscana.it\/wp-content\/uploads\/Test-covid-Mufid-Majnun-Unsplash.jpg","width":1920,"height":1280,"caption":"Un tampone per il Covid-19"},{"@type":"BreadcrumbList","@id":"https:\/\/www.intoscana.it\/it\/coronavirus-2-675-nuovi-casi-eta-media-54-anni-quattro-i-decessi\/#breadcrumb","itemListElement":[{"@type":"ListItem","position":1,"name":"Home","item":"https:\/\/www.intoscana.it\/it\/"},{"@type":"ListItem","position":2,"name":"Coronavirus: 2.675 nuovi casi, et\u00e0 media 54 anni. Quattro i decessi"}]},{"@type":"WebSite","@id":"https:\/\/www.intoscana.it\/it\/#website","url":"https:\/\/www.intoscana.it\/it\/","name":"intoscana","description":"","potentialAction":[{"@type":"SearchAction","target":{"@type":"EntryPoint","urlTemplate":"https:\/\/www.intoscana.it\/it\/?s={search_term_string}"},"query-input":{"@type":"PropertyValueSpecification","valueRequired":true,"valueName":"search_term_string"}}],"inLanguage":"it-IT"},{"@type":"Person","@id":"https:\/\/www.intoscana.it\/it\/#\/schema\/person\/9223810753230f20bd670fdd322661f8","name":"Redazione","url":"https:\/\/www.intoscana.it\/it\/author\/redazione\/"}]}},"_links":{"self":[{"href":"https:\/\/www.intoscana.it\/it\/wp-json\/wp\/v2\/posts\/252632","targetHints":{"allow":["GET"]}}],"collection":[{"href":"https:\/\/www.intoscana.it\/it\/wp-json\/wp\/v2\/posts"}],"about":[{"href":"https:\/\/www.intoscana.it\/it\/wp-json\/wp\/v2\/types\/post"}],"author":[{"embeddable":true,"href":"https:\/\/www.intoscana.it\/it\/wp-json\/wp\/v2\/users\/525"}],"replies":[{"embeddable":true,"href":"https:\/\/www.intoscana.it\/it\/wp-json\/wp\/v2\/comments?post=252632"}],"version-history":[{"count":0,"href":"https:\/\/www.intoscana.it\/it\/wp-json\/wp\/v2\/posts\/252632\/revisions"}],"wp:featuredmedia":[{"embeddable":true,"href":"https:\/\/www.intoscana.it\/it\/wp-json\/wp\/v2\/media\/189488"}],"wp:attachment":[{"href":"https:\/\/www.intoscana.it\/it\/wp-json\/wp\/v2\/media?parent=252632"}],"wp:term":[{"taxonomy":"category","embeddable":true,"href":"https:\/\/www.intoscana.it\/it\/wp-json\/wp\/v2\/categories?post=252632"},{"taxonomy":"post_tag","embeddable":true,"href":"https:\/\/www.intoscana.it\/it\/wp-json\/wp\/v2\/tags?post=252632"}],"curies":[{"name":"wp","href":"https:\/\/api.w.org\/{rel}","templated":true}]}}