{"id":253070,"date":"2022-10-17T10:00:33","date_gmt":"2022-10-17T08:00:33","guid":{"rendered":"https:\/\/www.intoscana.it\/it\/?p=253070"},"modified":"2022-10-18T10:29:48","modified_gmt":"2022-10-18T08:29:48","slug":"covid-19-in-toscana-512-nuovi-positivi-eta-media-55-anni-i-decessi-sono-cinque","status":"publish","type":"post","link":"https:\/\/www.intoscana.it\/it\/covid-19-in-toscana-512-nuovi-positivi-eta-media-55-anni-i-decessi-sono-cinque\/","title":{"rendered":"Covid-19: in Toscana 512 nuovi positivi, et\u00e0 media 55 anni. I decessi sono cinque"},"content":{"rendered":"<p><strong>Sono 512 i nuovi casi di Covid-19<\/strong> registrati nelle ultime ventiquattro ore in Toscana: 144 sono stati confermati con tampone molecolare e gli altri 368 con test rapido.<\/p>\n<p>Il numero dei contagiati rilevati nella regione dall&#8217;inizio della pandemia sale dunque a 1.442.452. I nuovi casi sono lo 0,04% in pi\u00f9 rispetto al totale del giorno precedente. I guariti crescono dello 0,03% (463 persone) e raggiungono quota 1.381.040 (95,7% dei casi totali).<\/p>\n<p><strong>Al momento in Toscana risultano pertanto 50.536 positivi,<\/strong> +0,1% rispetto a ieri. Di questi 448 (9 in meno rispetto a ieri) sono ricoverati in ospedale: 14 (2 in meno) si trovano in terapia intensiva.<\/p>\n<p>La lista dei decessi si aggiorna con <strong>5 nuovi decessi: 3 uomini e 2 donne con un&#8217;et\u00e0 media di 89 anni.<\/strong><\/p>\n<p>Dall&#8217;ultimo bollettino quotidiano sono stati eseguiti <strong>543 tamponi molecolari e 2.938 tamponi antigenici rapidi<\/strong>: di questi il 14,7% \u00e8 risultato positivo. Sono invece 799 i soggetti testati, escludendo i tamponi di controllo: il 64,1% di questi \u00e8 risultato positivo. L&#8217;et\u00e0 media dei 512 nuovi positivi \u00e8 di 55 anni circa (10% ha meno di 20 anni, 14% tra 20 e 39 anni, 35% tra 40 e 59 anni, 25% tra 60 e 79 anni, 16% ha 80 anni o pi\u00f9).<\/p>\n<h3>L&#8217;andamento per provincia<\/h3>\n<p>Con gli ultimi casi salgono a <strong>391.308 i positivi dall&#8217;inizio dell&#8217;emergenza nei comuni della Citt\u00e0 metropolitana di Firenze<\/strong> (99 in pi\u00f9 rispetto a ieri), 95.877 in provincia di Prato (37 in pi\u00f9), 113.592 a Pistoia (36 in pi\u00f9), 72.974 a Massa Carrara (48 in pi\u00f9), 154.589 a Lucca (50 in pi\u00f9), 167.455 a Pisa (34 in pi\u00f9), 130.806 a Livorno (72 in pi\u00f9), 131.487 ad Arezzo (60 in pi\u00f9), 103.996 a Siena (30 in pi\u00f9) e 79.813 a Grosseto (46 in pi\u00f9). A questi vanno aggiunti 555 casi di positivit\u00e0 notificati in Toscana ma che riguardano residenti in altre regioni.<\/p>\n<p>Sono 175 le nuove segnalazioni nell&#8217;Asl Centro, 201 nella Nord Ovest, 136 nella Sud Est.<\/p>\n<p><strong>La Toscana si trova al 10\u00b0 posto in Italia<\/strong> come numerosit\u00e0 di casi complessivi dall&#8217;inizio della pandemia (tra residenti e non residenti), con circa 39.061 casi ogni 100.000 abitanti (la media italiana \u00e9 38.996 x100.000, dato di ieri). Al momento la provincia di notifica con il tasso pi\u00f9 alto \u00e9 Lucca (con 40.262 casi ogni 100 mila abitanti), seguita da Pisa (40.063) e Livorno (39.759). La pi\u00f9 bassa concentrazione si riscontra a Prato (con un tasso di 36.143).<\/p>\n<p><strong>In 50.088 sono in isolamento a casa, perch\u00e9 presentano sintomi lievi<\/strong> che non richiedono cure ospedaliere o risultano prive di sintomi (53 in pi\u00f9 rispetto a ieri, pi\u00f9 0,1%).<\/p>\n<p>I 1.381.040 guariti registrati a oggi lo sono a tutti gli effetti, da un punto di vista virale, certificati con tampone negativo.<\/p>\n<h3>I decessi<\/h3>\n<p>La lista dei decessi si aggiorna con <strong>5 nuovi decessi: 3 uomini e 2 donne con un&#8217;et\u00e0 media di 89 anni.<\/strong><\/p>\n<p>Relativamente alla provincia di residenza, le persone decedute sono: 1 a Massa Carrara, 1 a Lucca, 3 a Pisa.<\/p>\n<p><strong>Sono 10.876 i deceduti dall&#8217;inizio dell&#8217;epidemia:<\/strong> 3.424 nella Citt\u00e0 metropolitana di Firenze, 885 in provincia di Prato, 977 a Pistoia, 689 a Massa Carrara, 1.018 a Lucca, 1.223 a Pisa, 817 a Livorno, 702 ad Arezzo, 580 a Siena, 405 a Grosseto. Vanno aggiunte 156 persone decedute sul suolo toscano ma erano residenti fuori regione.<\/p>\n<p>Il tasso grezzo di mortalit\u00e0 per Covid-19 (numero di deceduti\/popolazione residente) \u00e8 al momento 294,5 ogni 100 mila residenti, contro il 300,5 x100.000 della media italiana. La Toscana \u00e9 9\u00b0 tra le regioni. Per quanto riguarda le province, il tasso di mortalit\u00e0 pi\u00f9 alto si riscontra a Massa Carrara (362,9 ogni 100 mila abitanti), seguita da Firenze (342,9 x100.000) e Pistoia (336,6 x100.000), mentre il pi\u00f9 basso \u00e8 a Grosseto (185,9 x100.000).<\/p>\n","protected":false},"excerpt":{"rendered":"<p>Sono 448 (9 in meno rispetto a ieri) i ricoverati in ospedale: 14 (2 in meno) si trovano in terapia intensiva<\/p>\n","protected":false},"author":525,"featured_media":222673,"comment_status":"open","ping_status":"open","sticky":false,"template":"","format":"standard","meta":{"_acf_changed":false,"footnotes":""},"categories":[494],"tags":[418,151],"class_list":["post-253070","post","type-post","status-publish","format-standard","has-post-thumbnail","hentry","category-attualita","tag-covid-19","tag-regione-toscana"],"acf":[],"yoast_head":"<!-- This site is optimized with the Yoast SEO Premium plugin v24.2 (Yoast SEO v25.6) - https:\/\/yoast.com\/wordpress\/plugins\/seo\/ -->\n<title>Covid-19: in Toscana 512 nuovi positivi, et\u00e0 media 55 anni. I decessi sono cinque - intoscana<\/title>\n<meta name=\"description\" content=\"Sono 448 (9 in meno rispetto a ieri) i ricoverati in ospedale: 14 (2 in meno) si trovano in terapia intensiva\" \/>\n<meta name=\"robots\" content=\"index, follow, max-snippet:-1, max-image-preview:large, max-video-preview:-1\" \/>\n<link rel=\"canonical\" href=\"https:\/\/www.intoscana.it\/it\/covid-19-in-toscana-512-nuovi-positivi-eta-media-55-anni-i-decessi-sono-cinque\/\" \/>\n<meta property=\"og:locale\" content=\"it_IT\" \/>\n<meta property=\"og:type\" content=\"article\" \/>\n<meta property=\"og:title\" content=\"Covid-19: in Toscana 512 nuovi positivi, et\u00e0 media 55 anni. I decessi sono cinque\" \/>\n<meta property=\"og:description\" content=\"Sono 448 (9 in meno rispetto a ieri) i ricoverati in ospedale: 14 (2 in meno) si trovano in terapia intensiva\" \/>\n<meta property=\"og:url\" content=\"https:\/\/www.intoscana.it\/it\/covid-19-in-toscana-512-nuovi-positivi-eta-media-55-anni-i-decessi-sono-cinque\/\" \/>\n<meta property=\"og:site_name\" content=\"intoscana\" \/>\n<meta property=\"article:publisher\" content=\"https:\/\/www.facebook.com\/intoscana.it\" \/>\n<meta property=\"article:published_time\" content=\"2022-10-17T08:00:33+00:00\" \/>\n<meta property=\"article:modified_time\" content=\"2022-10-18T08:29:48+00:00\" \/>\n<meta property=\"og:image\" content=\"https:\/\/www.intoscana.it\/wp-content\/uploads\/Ragazza-con-mascherina-Jan-Babora\u0301k-Unsplash.jpg\" \/>\n\t<meta property=\"og:image:width\" content=\"1920\" \/>\n\t<meta property=\"og:image:height\" content=\"1280\" \/>\n\t<meta property=\"og:image:type\" content=\"image\/jpeg\" \/>\n<meta name=\"author\" content=\"Redazione\" \/>\n<meta name=\"twitter:card\" content=\"summary_large_image\" \/>\n<meta name=\"twitter:creator\" content=\"@intoscana\" \/>\n<meta name=\"twitter:site\" content=\"@intoscana\" \/>\n<meta name=\"twitter:label1\" content=\"Written by\" \/>\n\t<meta name=\"twitter:data1\" content=\"Redazione\" \/>\n\t<meta name=\"twitter:label2\" content=\"Est. reading time\" \/>\n\t<meta name=\"twitter:data2\" content=\"3 minuti\" \/>\n<script type=\"application\/ld+json\" class=\"yoast-schema-graph\">{\"@context\":\"https:\/\/schema.org\",\"@graph\":[{\"@type\":\"WebPage\",\"@id\":\"https:\/\/www.intoscana.it\/it\/covid-19-in-toscana-512-nuovi-positivi-eta-media-55-anni-i-decessi-sono-cinque\/\",\"url\":\"https:\/\/www.intoscana.it\/it\/covid-19-in-toscana-512-nuovi-positivi-eta-media-55-anni-i-decessi-sono-cinque\/\",\"name\":\"Covid-19: in Toscana 512 nuovi positivi, et\u00e0 media 55 anni. I decessi sono cinque - intoscana\",\"isPartOf\":{\"@id\":\"https:\/\/www.intoscana.it\/it\/#website\"},\"primaryImageOfPage\":{\"@id\":\"https:\/\/www.intoscana.it\/it\/covid-19-in-toscana-512-nuovi-positivi-eta-media-55-anni-i-decessi-sono-cinque\/#primaryimage\"},\"image\":{\"@id\":\"https:\/\/www.intoscana.it\/it\/covid-19-in-toscana-512-nuovi-positivi-eta-media-55-anni-i-decessi-sono-cinque\/#primaryimage\"},\"thumbnailUrl\":\"https:\/\/www.intoscana.it\/wp-content\/uploads\/Ragazza-con-mascherina-Jan-Babora\u0301k-Unsplash.jpg\",\"datePublished\":\"2022-10-17T08:00:33+00:00\",\"dateModified\":\"2022-10-18T08:29:48+00:00\",\"author\":{\"@id\":\"https:\/\/www.intoscana.it\/it\/#\/schema\/person\/9223810753230f20bd670fdd322661f8\"},\"description\":\"Sono 448 (9 in meno rispetto a ieri) i ricoverati in ospedale: 14 (2 in meno) si trovano in terapia intensiva\",\"breadcrumb\":{\"@id\":\"https:\/\/www.intoscana.it\/it\/covid-19-in-toscana-512-nuovi-positivi-eta-media-55-anni-i-decessi-sono-cinque\/#breadcrumb\"},\"inLanguage\":\"it-IT\",\"potentialAction\":[{\"@type\":\"ReadAction\",\"target\":[\"https:\/\/www.intoscana.it\/it\/covid-19-in-toscana-512-nuovi-positivi-eta-media-55-anni-i-decessi-sono-cinque\/\"]}]},{\"@type\":\"ImageObject\",\"inLanguage\":\"it-IT\",\"@id\":\"https:\/\/www.intoscana.it\/it\/covid-19-in-toscana-512-nuovi-positivi-eta-media-55-anni-i-decessi-sono-cinque\/#primaryimage\",\"url\":\"https:\/\/www.intoscana.it\/wp-content\/uploads\/Ragazza-con-mascherina-Jan-Babora\u0301k-Unsplash.jpg\",\"contentUrl\":\"https:\/\/www.intoscana.it\/wp-content\/uploads\/Ragazza-con-mascherina-Jan-Babora\u0301k-Unsplash.jpg\",\"width\":1920,\"height\":1280},{\"@type\":\"BreadcrumbList\",\"@id\":\"https:\/\/www.intoscana.it\/it\/covid-19-in-toscana-512-nuovi-positivi-eta-media-55-anni-i-decessi-sono-cinque\/#breadcrumb\",\"itemListElement\":[{\"@type\":\"ListItem\",\"position\":1,\"name\":\"Home\",\"item\":\"https:\/\/www.intoscana.it\/it\/\"},{\"@type\":\"ListItem\",\"position\":2,\"name\":\"Covid-19: in Toscana 512 nuovi positivi, et\u00e0 media 55 anni. I decessi sono cinque\"}]},{\"@type\":\"WebSite\",\"@id\":\"https:\/\/www.intoscana.it\/it\/#website\",\"url\":\"https:\/\/www.intoscana.it\/it\/\",\"name\":\"intoscana\",\"description\":\"\",\"potentialAction\":[{\"@type\":\"SearchAction\",\"target\":{\"@type\":\"EntryPoint\",\"urlTemplate\":\"https:\/\/www.intoscana.it\/it\/?s={search_term_string}\"},\"query-input\":{\"@type\":\"PropertyValueSpecification\",\"valueRequired\":true,\"valueName\":\"search_term_string\"}}],\"inLanguage\":\"it-IT\"},{\"@type\":\"Person\",\"@id\":\"https:\/\/www.intoscana.it\/it\/#\/schema\/person\/9223810753230f20bd670fdd322661f8\",\"name\":\"Redazione\",\"url\":\"https:\/\/www.intoscana.it\/it\/author\/redazione\/\"}]}<\/script>\n<!-- \/ Yoast SEO Premium plugin. -->","yoast_head_json":{"title":"Covid-19: in Toscana 512 nuovi positivi, et\u00e0 media 55 anni. I decessi sono cinque - intoscana","description":"Sono 448 (9 in meno rispetto a ieri) i ricoverati in ospedale: 14 (2 in meno) si trovano in terapia intensiva","robots":{"index":"index","follow":"follow","max-snippet":"max-snippet:-1","max-image-preview":"max-image-preview:large","max-video-preview":"max-video-preview:-1"},"canonical":"https:\/\/www.intoscana.it\/it\/covid-19-in-toscana-512-nuovi-positivi-eta-media-55-anni-i-decessi-sono-cinque\/","og_locale":"it_IT","og_type":"article","og_title":"Covid-19: in Toscana 512 nuovi positivi, et\u00e0 media 55 anni. I decessi sono cinque","og_description":"Sono 448 (9 in meno rispetto a ieri) i ricoverati in ospedale: 14 (2 in meno) si trovano in terapia intensiva","og_url":"https:\/\/www.intoscana.it\/it\/covid-19-in-toscana-512-nuovi-positivi-eta-media-55-anni-i-decessi-sono-cinque\/","og_site_name":"intoscana","article_publisher":"https:\/\/www.facebook.com\/intoscana.it","article_published_time":"2022-10-17T08:00:33+00:00","article_modified_time":"2022-10-18T08:29:48+00:00","og_image":[{"width":1920,"height":1280,"url":"https:\/\/www.intoscana.it\/wp-content\/uploads\/Ragazza-con-mascherina-Jan-Babora\u0301k-Unsplash.jpg","type":"image\/jpeg"}],"author":"Redazione","twitter_card":"summary_large_image","twitter_creator":"@intoscana","twitter_site":"@intoscana","twitter_misc":{"Written by":"Redazione","Est. reading time":"3 minuti"},"schema":{"@context":"https:\/\/schema.org","@graph":[{"@type":"WebPage","@id":"https:\/\/www.intoscana.it\/it\/covid-19-in-toscana-512-nuovi-positivi-eta-media-55-anni-i-decessi-sono-cinque\/","url":"https:\/\/www.intoscana.it\/it\/covid-19-in-toscana-512-nuovi-positivi-eta-media-55-anni-i-decessi-sono-cinque\/","name":"Covid-19: in Toscana 512 nuovi positivi, et\u00e0 media 55 anni. I decessi sono cinque - intoscana","isPartOf":{"@id":"https:\/\/www.intoscana.it\/it\/#website"},"primaryImageOfPage":{"@id":"https:\/\/www.intoscana.it\/it\/covid-19-in-toscana-512-nuovi-positivi-eta-media-55-anni-i-decessi-sono-cinque\/#primaryimage"},"image":{"@id":"https:\/\/www.intoscana.it\/it\/covid-19-in-toscana-512-nuovi-positivi-eta-media-55-anni-i-decessi-sono-cinque\/#primaryimage"},"thumbnailUrl":"https:\/\/www.intoscana.it\/wp-content\/uploads\/Ragazza-con-mascherina-Jan-Babora\u0301k-Unsplash.jpg","datePublished":"2022-10-17T08:00:33+00:00","dateModified":"2022-10-18T08:29:48+00:00","author":{"@id":"https:\/\/www.intoscana.it\/it\/#\/schema\/person\/9223810753230f20bd670fdd322661f8"},"description":"Sono 448 (9 in meno rispetto a ieri) i ricoverati in ospedale: 14 (2 in meno) si trovano in terapia intensiva","breadcrumb":{"@id":"https:\/\/www.intoscana.it\/it\/covid-19-in-toscana-512-nuovi-positivi-eta-media-55-anni-i-decessi-sono-cinque\/#breadcrumb"},"inLanguage":"it-IT","potentialAction":[{"@type":"ReadAction","target":["https:\/\/www.intoscana.it\/it\/covid-19-in-toscana-512-nuovi-positivi-eta-media-55-anni-i-decessi-sono-cinque\/"]}]},{"@type":"ImageObject","inLanguage":"it-IT","@id":"https:\/\/www.intoscana.it\/it\/covid-19-in-toscana-512-nuovi-positivi-eta-media-55-anni-i-decessi-sono-cinque\/#primaryimage","url":"https:\/\/www.intoscana.it\/wp-content\/uploads\/Ragazza-con-mascherina-Jan-Babora\u0301k-Unsplash.jpg","contentUrl":"https:\/\/www.intoscana.it\/wp-content\/uploads\/Ragazza-con-mascherina-Jan-Babora\u0301k-Unsplash.jpg","width":1920,"height":1280},{"@type":"BreadcrumbList","@id":"https:\/\/www.intoscana.it\/it\/covid-19-in-toscana-512-nuovi-positivi-eta-media-55-anni-i-decessi-sono-cinque\/#breadcrumb","itemListElement":[{"@type":"ListItem","position":1,"name":"Home","item":"https:\/\/www.intoscana.it\/it\/"},{"@type":"ListItem","position":2,"name":"Covid-19: in Toscana 512 nuovi positivi, et\u00e0 media 55 anni. I decessi sono cinque"}]},{"@type":"WebSite","@id":"https:\/\/www.intoscana.it\/it\/#website","url":"https:\/\/www.intoscana.it\/it\/","name":"intoscana","description":"","potentialAction":[{"@type":"SearchAction","target":{"@type":"EntryPoint","urlTemplate":"https:\/\/www.intoscana.it\/it\/?s={search_term_string}"},"query-input":{"@type":"PropertyValueSpecification","valueRequired":true,"valueName":"search_term_string"}}],"inLanguage":"it-IT"},{"@type":"Person","@id":"https:\/\/www.intoscana.it\/it\/#\/schema\/person\/9223810753230f20bd670fdd322661f8","name":"Redazione","url":"https:\/\/www.intoscana.it\/it\/author\/redazione\/"}]}},"_links":{"self":[{"href":"https:\/\/www.intoscana.it\/it\/wp-json\/wp\/v2\/posts\/253070","targetHints":{"allow":["GET"]}}],"collection":[{"href":"https:\/\/www.intoscana.it\/it\/wp-json\/wp\/v2\/posts"}],"about":[{"href":"https:\/\/www.intoscana.it\/it\/wp-json\/wp\/v2\/types\/post"}],"author":[{"embeddable":true,"href":"https:\/\/www.intoscana.it\/it\/wp-json\/wp\/v2\/users\/525"}],"replies":[{"embeddable":true,"href":"https:\/\/www.intoscana.it\/it\/wp-json\/wp\/v2\/comments?post=253070"}],"version-history":[{"count":0,"href":"https:\/\/www.intoscana.it\/it\/wp-json\/wp\/v2\/posts\/253070\/revisions"}],"wp:featuredmedia":[{"embeddable":true,"href":"https:\/\/www.intoscana.it\/it\/wp-json\/wp\/v2\/media\/222673"}],"wp:attachment":[{"href":"https:\/\/www.intoscana.it\/it\/wp-json\/wp\/v2\/media?parent=253070"}],"wp:term":[{"taxonomy":"category","embeddable":true,"href":"https:\/\/www.intoscana.it\/it\/wp-json\/wp\/v2\/categories?post=253070"},{"taxonomy":"post_tag","embeddable":true,"href":"https:\/\/www.intoscana.it\/it\/wp-json\/wp\/v2\/tags?post=253070"}],"curies":[{"name":"wp","href":"https:\/\/api.w.org\/{rel}","templated":true}]}}