{"id":253138,"date":"2022-10-17T12:02:35","date_gmt":"2022-10-17T10:02:35","guid":{"rendered":"https:\/\/www.intoscana.it\/it\/?p=253138"},"modified":"2022-10-17T12:03:00","modified_gmt":"2022-10-17T10:03:00","slug":"a-palazzo-vecchio-in-mostra-le-donne-fiorentine-ritratte-da-maranghi-da-oriana-fallaci-a-margherita-hack","status":"publish","type":"post","link":"https:\/\/www.intoscana.it\/it\/a-palazzo-vecchio-in-mostra-le-donne-fiorentine-ritratte-da-maranghi-da-oriana-fallaci-a-margherita-hack\/","title":{"rendered":"A Palazzo Vecchio in mostra le donne fiorentine ritratte da Maranghi: da Oriana Fallaci a Margherita Hack"},"content":{"rendered":"<p>Da <strong>Margherita Hack a Caterina de&#8217; Medici, da Oriana Fallaci alla Venere del Botticelli: <\/strong>le donne fiorentine e le icone cittadine pi\u00f9 famose al mondo sono le protagoniste dei <strong>ritratti di Giovanni Maranghi,<\/strong> in mostra in <strong>Sala d\u2019Arme a Palazzo Vecchio fino a domenica 13 novembre<\/strong> a<strong> ingresso libero.<\/strong><\/p>\n<p>Nell\u2019esposizione, dal titolo <em><strong>\u201cIl Rosa Fiorentino\u201d <\/strong><\/em>Maranghi reinterpreta alcune<strong> grandi icone femminili del capoluogo toscano,<\/strong> in esposizione non ci sono ritratti eseguiti in senso canonico ma opere che attraverso studiati elementi rimandano alla storia e alla natura del soggetto.<\/p>\n<p>A tutte le protagoniste sono dedicate due interpretazioni, come nel caso di <strong>Anna Maria Luisa de\u2019 Medici,<\/strong> che viene ritratta in doppia veste: in una composta e nobiliare, nell\u2019altra ammiccante e borghese.<\/p>\n<p><strong>Oriana Fallaci<\/strong> viene ritratta in un\u2019opera dove un rosso cremisi ha la predominanza, quasi un segnale di emergenza e nella seconda interpretazione compare la scritta <em><strong>\u201cGO\u201d,<\/strong><\/em> un esplicito invito e uno stimolo a migliorare il nostro quotidiano.<\/p>\n<figure id=\"post-253140 media-253140\" class=\"align-none\"><img decoding=\"async\" src=\"https:\/\/www.intoscana.it\/wp-content\/uploads\/165211775-8f464bb8-dd02-406b-8594-c6c352c84649.jpg\" alt=\"\" \/><\/figure>\n<div class=\"titleimg\"><em>Oriana Fallaci<\/em><\/div>\n<p><strong>Maranghi si cimenta con figure realmente esistite<\/strong> che hanno lasciato una traccia indelebile nella storia fiorentina, esaltando la donna come archetipo: il tempo passa, le situazioni cambiano, ma la bellezza e la sensualit\u00e0 dell\u2019essere femminile rimangono in eterno.<\/p>\n<p>Figure appena tratteggiate appaiono come sogni disegnati.<strong> La donna \u00e8 figlia, \u00e8 madre, \u00e8 amante, \u00e8 regnante potente e illuminata<\/strong>. Maranghi le indaga attraverso le tracce che hanno lasciato nella storia, non dimenticando l\u2019importanza di restituirci una visione contemporanea del loro essere.<\/p>\n<p>Tecnicamente la <strong>pittura di Maranghi<\/strong> \u00e8 connotata da una propensione a<strong> mescolare diversi elementi,<\/strong> da una straordinaria peculiarit\u00e0 e da una forte curiosit\u00e0 verso materiali e competenze che non sono propriamente tradizionali.<\/p>\n<p>Ad eccezione dell\u2019encausto, molti sono <strong>i materiali industriali<\/strong> utilizzati per ottenere una differente resa tattile e luministica. Maranghi infatti usa fibre sintetiche come la<strong> resina, il plexiglass, il PVC, il Kristal<\/strong> ma troviamo anche un uso di <strong>collage e stampe serigrafiche<\/strong> che conferiscono ai suoi dipinti un complesso dinamismo.<\/p>\n<p>La mostra \u00e8 promossa dal C.R.A. \u201cCentro Raccolta Arte\u201d con la collaborazione di Casa d&#8217;Arte San Lorenzo e Kunstgalerie Bech, col patrocinio del <strong>Comune di Firenze e della Regione Toscana.<\/strong><\/p>\n<figure id=\"post-253143 media-253143\" class=\"align-none\"><img decoding=\"async\" src=\"https:\/\/www.intoscana.it\/wp-content\/uploads\/Anna-Maria-Luisa-de-Medici-Resina-140x120-.jpg\" alt=\"\" \/><\/figure>\n<div class=\"titleimg\"><em>Anna Maria Luisa de\u2019 Medici \u2013 Resina\u00a0<\/em><\/div>\n<p>&nbsp;<\/p>\n<p>&nbsp;<\/p>\n","protected":false},"excerpt":{"rendered":"<p>Nella Sala d\u2019Arme di Palazzo Vecchio fino a domenica 13 novembre sono esposti a ingresso libero i ritratti alle grandi icone femminili del capoluogo toscano<\/p>\n","protected":false},"author":525,"featured_media":253142,"comment_status":"open","ping_status":"open","sticky":false,"template":"","format":"standard","meta":{"_acf_changed":false,"footnotes":""},"categories":[493],"tags":[174,227,411,202,222],"class_list":["post-253138","post","type-post","status-publish","format-standard","has-post-thumbnail","hentry","category-cultura","tag-arte","tag-arte-contemporanea","tag-donne","tag-firenze","tag-mostre"],"acf":[],"yoast_head":"<!-- This site is optimized with the Yoast SEO Premium plugin v24.2 (Yoast SEO v25.6) - https:\/\/yoast.com\/wordpress\/plugins\/seo\/ -->\n<title>A Palazzo Vecchio in mostra le donne fiorentine ritratte da Maranghi: da Oriana Fallaci a Margherita Hack - intoscana<\/title>\n<meta name=\"description\" content=\"Nella Sala d\u2019Arme di Palazzo Vecchio fino al 13 novembre sono esposti a ingresso libero ritratti alle grandi icone femminili fiorentine\" \/>\n<meta name=\"robots\" content=\"index, follow, max-snippet:-1, max-image-preview:large, max-video-preview:-1\" \/>\n<link rel=\"canonical\" href=\"https:\/\/www.intoscana.it\/it\/a-palazzo-vecchio-in-mostra-le-donne-fiorentine-ritratte-da-maranghi-da-oriana-fallaci-a-margherita-hack\/\" \/>\n<meta property=\"og:locale\" content=\"it_IT\" \/>\n<meta property=\"og:type\" content=\"article\" \/>\n<meta property=\"og:title\" content=\"A Palazzo Vecchio in mostra le donne fiorentine ritratte da Maranghi: da Oriana Fallaci a Margherita Hack\" \/>\n<meta property=\"og:description\" content=\"Nella Sala d\u2019Arme di Palazzo Vecchio fino al 13 novembre sono esposti a ingresso libero ritratti alle grandi icone femminili fiorentine\" \/>\n<meta property=\"og:url\" content=\"https:\/\/www.intoscana.it\/it\/a-palazzo-vecchio-in-mostra-le-donne-fiorentine-ritratte-da-maranghi-da-oriana-fallaci-a-margherita-hack\/\" \/>\n<meta property=\"og:site_name\" content=\"intoscana\" \/>\n<meta property=\"article:publisher\" content=\"https:\/\/www.facebook.com\/intoscana.it\" \/>\n<meta property=\"article:published_time\" content=\"2022-10-17T10:02:35+00:00\" \/>\n<meta property=\"article:modified_time\" content=\"2022-10-17T10:03:00+00:00\" \/>\n<meta property=\"og:image\" content=\"https:\/\/www.intoscana.it\/wp-content\/uploads\/165204592-a2ca5554-b670-45de-9198-9ea1d2b59777.jpg\" \/>\n\t<meta property=\"og:image:width\" content=\"1280\" \/>\n\t<meta property=\"og:image:height\" content=\"720\" \/>\n\t<meta property=\"og:image:type\" content=\"image\/jpeg\" \/>\n<meta name=\"author\" content=\"Redazione\" \/>\n<meta name=\"twitter:card\" content=\"summary_large_image\" \/>\n<meta name=\"twitter:creator\" content=\"@intoscana\" \/>\n<meta name=\"twitter:site\" content=\"@intoscana\" \/>\n<meta name=\"twitter:label1\" content=\"Written by\" \/>\n\t<meta name=\"twitter:data1\" content=\"Redazione\" \/>\n\t<meta name=\"twitter:label2\" content=\"Est. reading time\" \/>\n\t<meta name=\"twitter:data2\" content=\"2 minuti\" \/>\n<script type=\"application\/ld+json\" class=\"yoast-schema-graph\">{\"@context\":\"https:\/\/schema.org\",\"@graph\":[{\"@type\":\"WebPage\",\"@id\":\"https:\/\/www.intoscana.it\/it\/a-palazzo-vecchio-in-mostra-le-donne-fiorentine-ritratte-da-maranghi-da-oriana-fallaci-a-margherita-hack\/\",\"url\":\"https:\/\/www.intoscana.it\/it\/a-palazzo-vecchio-in-mostra-le-donne-fiorentine-ritratte-da-maranghi-da-oriana-fallaci-a-margherita-hack\/\",\"name\":\"A Palazzo Vecchio in mostra le donne fiorentine ritratte da Maranghi: da Oriana Fallaci a Margherita Hack - intoscana\",\"isPartOf\":{\"@id\":\"https:\/\/www.intoscana.it\/it\/#website\"},\"primaryImageOfPage\":{\"@id\":\"https:\/\/www.intoscana.it\/it\/a-palazzo-vecchio-in-mostra-le-donne-fiorentine-ritratte-da-maranghi-da-oriana-fallaci-a-margherita-hack\/#primaryimage\"},\"image\":{\"@id\":\"https:\/\/www.intoscana.it\/it\/a-palazzo-vecchio-in-mostra-le-donne-fiorentine-ritratte-da-maranghi-da-oriana-fallaci-a-margherita-hack\/#primaryimage\"},\"thumbnailUrl\":\"https:\/\/www.intoscana.it\/wp-content\/uploads\/165204592-a2ca5554-b670-45de-9198-9ea1d2b59777.jpg\",\"datePublished\":\"2022-10-17T10:02:35+00:00\",\"dateModified\":\"2022-10-17T10:03:00+00:00\",\"author\":{\"@id\":\"https:\/\/www.intoscana.it\/it\/#\/schema\/person\/9223810753230f20bd670fdd322661f8\"},\"description\":\"Nella Sala d\u2019Arme di Palazzo Vecchio fino al 13 novembre sono esposti a ingresso libero ritratti alle grandi icone femminili fiorentine\",\"breadcrumb\":{\"@id\":\"https:\/\/www.intoscana.it\/it\/a-palazzo-vecchio-in-mostra-le-donne-fiorentine-ritratte-da-maranghi-da-oriana-fallaci-a-margherita-hack\/#breadcrumb\"},\"inLanguage\":\"it-IT\",\"potentialAction\":[{\"@type\":\"ReadAction\",\"target\":[\"https:\/\/www.intoscana.it\/it\/a-palazzo-vecchio-in-mostra-le-donne-fiorentine-ritratte-da-maranghi-da-oriana-fallaci-a-margherita-hack\/\"]}]},{\"@type\":\"ImageObject\",\"inLanguage\":\"it-IT\",\"@id\":\"https:\/\/www.intoscana.it\/it\/a-palazzo-vecchio-in-mostra-le-donne-fiorentine-ritratte-da-maranghi-da-oriana-fallaci-a-margherita-hack\/#primaryimage\",\"url\":\"https:\/\/www.intoscana.it\/wp-content\/uploads\/165204592-a2ca5554-b670-45de-9198-9ea1d2b59777.jpg\",\"contentUrl\":\"https:\/\/www.intoscana.it\/wp-content\/uploads\/165204592-a2ca5554-b670-45de-9198-9ea1d2b59777.jpg\",\"width\":1280,\"height\":720},{\"@type\":\"BreadcrumbList\",\"@id\":\"https:\/\/www.intoscana.it\/it\/a-palazzo-vecchio-in-mostra-le-donne-fiorentine-ritratte-da-maranghi-da-oriana-fallaci-a-margherita-hack\/#breadcrumb\",\"itemListElement\":[{\"@type\":\"ListItem\",\"position\":1,\"name\":\"Home\",\"item\":\"https:\/\/www.intoscana.it\/it\/\"},{\"@type\":\"ListItem\",\"position\":2,\"name\":\"A Palazzo Vecchio in mostra le donne fiorentine ritratte da Maranghi: da Oriana Fallaci a Margherita Hack\"}]},{\"@type\":\"WebSite\",\"@id\":\"https:\/\/www.intoscana.it\/it\/#website\",\"url\":\"https:\/\/www.intoscana.it\/it\/\",\"name\":\"intoscana\",\"description\":\"\",\"potentialAction\":[{\"@type\":\"SearchAction\",\"target\":{\"@type\":\"EntryPoint\",\"urlTemplate\":\"https:\/\/www.intoscana.it\/it\/?s={search_term_string}\"},\"query-input\":{\"@type\":\"PropertyValueSpecification\",\"valueRequired\":true,\"valueName\":\"search_term_string\"}}],\"inLanguage\":\"it-IT\"},{\"@type\":\"Person\",\"@id\":\"https:\/\/www.intoscana.it\/it\/#\/schema\/person\/9223810753230f20bd670fdd322661f8\",\"name\":\"Redazione\",\"url\":\"https:\/\/www.intoscana.it\/it\/author\/redazione\/\"}]}<\/script>\n<!-- \/ Yoast SEO Premium plugin. -->","yoast_head_json":{"title":"A Palazzo Vecchio in mostra le donne fiorentine ritratte da Maranghi: da Oriana Fallaci a Margherita Hack - intoscana","description":"Nella Sala d\u2019Arme di Palazzo Vecchio fino al 13 novembre sono esposti a ingresso libero ritratti alle grandi icone femminili fiorentine","robots":{"index":"index","follow":"follow","max-snippet":"max-snippet:-1","max-image-preview":"max-image-preview:large","max-video-preview":"max-video-preview:-1"},"canonical":"https:\/\/www.intoscana.it\/it\/a-palazzo-vecchio-in-mostra-le-donne-fiorentine-ritratte-da-maranghi-da-oriana-fallaci-a-margherita-hack\/","og_locale":"it_IT","og_type":"article","og_title":"A Palazzo Vecchio in mostra le donne fiorentine ritratte da Maranghi: da Oriana Fallaci a Margherita Hack","og_description":"Nella Sala d\u2019Arme di Palazzo Vecchio fino al 13 novembre sono esposti a ingresso libero ritratti alle grandi icone femminili fiorentine","og_url":"https:\/\/www.intoscana.it\/it\/a-palazzo-vecchio-in-mostra-le-donne-fiorentine-ritratte-da-maranghi-da-oriana-fallaci-a-margherita-hack\/","og_site_name":"intoscana","article_publisher":"https:\/\/www.facebook.com\/intoscana.it","article_published_time":"2022-10-17T10:02:35+00:00","article_modified_time":"2022-10-17T10:03:00+00:00","og_image":[{"width":1280,"height":720,"url":"https:\/\/www.intoscana.it\/wp-content\/uploads\/165204592-a2ca5554-b670-45de-9198-9ea1d2b59777.jpg","type":"image\/jpeg"}],"author":"Redazione","twitter_card":"summary_large_image","twitter_creator":"@intoscana","twitter_site":"@intoscana","twitter_misc":{"Written by":"Redazione","Est. reading time":"2 minuti"},"schema":{"@context":"https:\/\/schema.org","@graph":[{"@type":"WebPage","@id":"https:\/\/www.intoscana.it\/it\/a-palazzo-vecchio-in-mostra-le-donne-fiorentine-ritratte-da-maranghi-da-oriana-fallaci-a-margherita-hack\/","url":"https:\/\/www.intoscana.it\/it\/a-palazzo-vecchio-in-mostra-le-donne-fiorentine-ritratte-da-maranghi-da-oriana-fallaci-a-margherita-hack\/","name":"A Palazzo Vecchio in mostra le donne fiorentine ritratte da Maranghi: da Oriana Fallaci a Margherita Hack - intoscana","isPartOf":{"@id":"https:\/\/www.intoscana.it\/it\/#website"},"primaryImageOfPage":{"@id":"https:\/\/www.intoscana.it\/it\/a-palazzo-vecchio-in-mostra-le-donne-fiorentine-ritratte-da-maranghi-da-oriana-fallaci-a-margherita-hack\/#primaryimage"},"image":{"@id":"https:\/\/www.intoscana.it\/it\/a-palazzo-vecchio-in-mostra-le-donne-fiorentine-ritratte-da-maranghi-da-oriana-fallaci-a-margherita-hack\/#primaryimage"},"thumbnailUrl":"https:\/\/www.intoscana.it\/wp-content\/uploads\/165204592-a2ca5554-b670-45de-9198-9ea1d2b59777.jpg","datePublished":"2022-10-17T10:02:35+00:00","dateModified":"2022-10-17T10:03:00+00:00","author":{"@id":"https:\/\/www.intoscana.it\/it\/#\/schema\/person\/9223810753230f20bd670fdd322661f8"},"description":"Nella Sala d\u2019Arme di Palazzo Vecchio fino al 13 novembre sono esposti a ingresso libero ritratti alle grandi icone femminili fiorentine","breadcrumb":{"@id":"https:\/\/www.intoscana.it\/it\/a-palazzo-vecchio-in-mostra-le-donne-fiorentine-ritratte-da-maranghi-da-oriana-fallaci-a-margherita-hack\/#breadcrumb"},"inLanguage":"it-IT","potentialAction":[{"@type":"ReadAction","target":["https:\/\/www.intoscana.it\/it\/a-palazzo-vecchio-in-mostra-le-donne-fiorentine-ritratte-da-maranghi-da-oriana-fallaci-a-margherita-hack\/"]}]},{"@type":"ImageObject","inLanguage":"it-IT","@id":"https:\/\/www.intoscana.it\/it\/a-palazzo-vecchio-in-mostra-le-donne-fiorentine-ritratte-da-maranghi-da-oriana-fallaci-a-margherita-hack\/#primaryimage","url":"https:\/\/www.intoscana.it\/wp-content\/uploads\/165204592-a2ca5554-b670-45de-9198-9ea1d2b59777.jpg","contentUrl":"https:\/\/www.intoscana.it\/wp-content\/uploads\/165204592-a2ca5554-b670-45de-9198-9ea1d2b59777.jpg","width":1280,"height":720},{"@type":"BreadcrumbList","@id":"https:\/\/www.intoscana.it\/it\/a-palazzo-vecchio-in-mostra-le-donne-fiorentine-ritratte-da-maranghi-da-oriana-fallaci-a-margherita-hack\/#breadcrumb","itemListElement":[{"@type":"ListItem","position":1,"name":"Home","item":"https:\/\/www.intoscana.it\/it\/"},{"@type":"ListItem","position":2,"name":"A Palazzo Vecchio in mostra le donne fiorentine ritratte da Maranghi: da Oriana Fallaci a Margherita Hack"}]},{"@type":"WebSite","@id":"https:\/\/www.intoscana.it\/it\/#website","url":"https:\/\/www.intoscana.it\/it\/","name":"intoscana","description":"","potentialAction":[{"@type":"SearchAction","target":{"@type":"EntryPoint","urlTemplate":"https:\/\/www.intoscana.it\/it\/?s={search_term_string}"},"query-input":{"@type":"PropertyValueSpecification","valueRequired":true,"valueName":"search_term_string"}}],"inLanguage":"it-IT"},{"@type":"Person","@id":"https:\/\/www.intoscana.it\/it\/#\/schema\/person\/9223810753230f20bd670fdd322661f8","name":"Redazione","url":"https:\/\/www.intoscana.it\/it\/author\/redazione\/"}]}},"_links":{"self":[{"href":"https:\/\/www.intoscana.it\/it\/wp-json\/wp\/v2\/posts\/253138","targetHints":{"allow":["GET"]}}],"collection":[{"href":"https:\/\/www.intoscana.it\/it\/wp-json\/wp\/v2\/posts"}],"about":[{"href":"https:\/\/www.intoscana.it\/it\/wp-json\/wp\/v2\/types\/post"}],"author":[{"embeddable":true,"href":"https:\/\/www.intoscana.it\/it\/wp-json\/wp\/v2\/users\/525"}],"replies":[{"embeddable":true,"href":"https:\/\/www.intoscana.it\/it\/wp-json\/wp\/v2\/comments?post=253138"}],"version-history":[{"count":0,"href":"https:\/\/www.intoscana.it\/it\/wp-json\/wp\/v2\/posts\/253138\/revisions"}],"wp:featuredmedia":[{"embeddable":true,"href":"https:\/\/www.intoscana.it\/it\/wp-json\/wp\/v2\/media\/253142"}],"wp:attachment":[{"href":"https:\/\/www.intoscana.it\/it\/wp-json\/wp\/v2\/media?parent=253138"}],"wp:term":[{"taxonomy":"category","embeddable":true,"href":"https:\/\/www.intoscana.it\/it\/wp-json\/wp\/v2\/categories?post=253138"},{"taxonomy":"post_tag","embeddable":true,"href":"https:\/\/www.intoscana.it\/it\/wp-json\/wp\/v2\/tags?post=253138"}],"curies":[{"name":"wp","href":"https:\/\/api.w.org\/{rel}","templated":true}]}}