{"id":253253,"date":"2022-10-17T17:23:56","date_gmt":"2022-10-17T15:23:56","guid":{"rendered":"https:\/\/www.intoscana.it\/it\/?p=253253"},"modified":"2022-10-17T17:23:56","modified_gmt":"2022-10-17T15:23:56","slug":"agricoltura-urbana-sostenibile-con-il-tavolo-la-filiera-corta-diventa-circolare","status":"publish","type":"post","link":"https:\/\/www.intoscana.it\/it\/agricoltura-urbana-sostenibile-con-il-tavolo-la-filiera-corta-diventa-circolare\/","title":{"rendered":"Agricoltura urbana sostenibile, con il Tavolo la filiera corta diventa circolare"},"content":{"rendered":"<p>Promozione sostenibile, e circolare, per <strong>l&#8217;agricoltura e la filiera corta pratese<\/strong>. Da oggi la valorizzazione delle <strong>produzioni agroalimentari<\/strong> passer\u00e0 sempre pi\u00f9 dal <strong>Tavolo sull&#8217;Agricoltura Urbana Sostenibile<\/strong>. [\/mark]L&#8217;obiettivo \u00e8 di <strong>sostenere l&#8217;economia locale<\/strong> urbana e periurbana del territorio.<\/p>\n<p>Il documento che ne ufficializza la nascita \u00e8 stato firmato dal <strong>Comune di Prato<\/strong>. Nell&#8217;elenco dei firmatari: Pin Polo Universitario Citt\u00e0 di Prato, Ciao Toscana Centro, Federazione Interprovinciale Coldiretti Firenze Prato, Associazione Mercato Terra di Prato, Unione Pratese degli Agricoltori, Confartigianato Imprese Prato, Confesercenti Prato, Confcommercio Pistoia e Prato, CNA Toscana Centro, Pane di Luna APS.<\/p>\n<figure id=\"post-97033 media-97033\" class=\"align-none\"><img decoding=\"async\" src=\"https:\/\/www.intoscana.it\/wp-content\/uploads\/economia-circolare-toscana.jpg\" alt=\"\" \/><\/figure>\n<div class=\"titleimg\">Economia circolare<\/div>\n<p>Questo Tavolo rientra nella strategia &#8220;<em>Prato Circular City<\/em>&#8220;, promossa dal Comune di Prato. L&#8217;obiettivo \u00e8 facilitare<strong> la transizione verso l&#8217;economia circolare<\/strong>. I principali output sono stati individuati attingendo al <strong>Next Generation Prato<\/strong>, un documento programmatico grazie al quale la citt\u00e0 si \u00e8 allineata alle <strong>priorit\u00e0 individuate dal Pnrr<\/strong> a livello nazionale e dal <strong>Recovery Fund<\/strong> a livello europeo.<\/p>\n<p>L&#8217;impegno di tutti <strong>gli stakeholder del territorio<\/strong> \u00e8 indirizzato a riunirsi per pianificare le politiche strategiche per l&#8217;attuazione di <strong>percorsi virtuosi<\/strong>, <strong>ridurre gli scarti<\/strong> agroalimentari e spingere al <strong>consumo responsabile<\/strong> in chiave di economia circolare.<\/p>\n<p>Si punta inoltre alla definizione di un <strong>modello di governance<\/strong> che coordini la gestione del territorio agricolo, la produzione agricola periurbana e quella urbana e allo sviluppo di un <strong>sistema agricolo urbano circolare<\/strong> basato sui saperi e sulle eccellenze del territorio applicando politiche sostenibili e di innovazione. Un Piano di Azione per un <strong>Sistema Agricolo Urbano Circolare per Prato<\/strong>, che sar\u00e0 parte integrante del Piano Strutturale \u2013 <strong>Agenda Urbana Prato 2050<\/strong>.<\/p>\n<p>&#8220;<em>Il protocollo si inserisce nel pi\u00f9 generale progetto di Prato Circular City per costruire politiche sulla gestione del territorio agricolo<\/em> &#8211; ha commentato l&#8217;assessore all&#8217;Urbanistica e all&#8217;Ambiente <strong>Valerio Barberis<\/strong> &#8211; <em>L&#8217;obiettivo \u00e8 di realizzare un&#8217;idea della citt\u00e0 in cui il tema dell&#8217;agricoltura \u00e8 sicuramente centrale per la gestione ecologica e ambientale strettamente connesso con la produzione agricola e agroalimentare. Nel concreto<\/em> &#8211; ha concluso <strong>Barberis<\/strong> &#8211; <em>il protocollo si traduce in tavoli di lavoro che possono riguardare, ad esempio, il rapporto tra produzione agricola locale e le mense pubbliche, oppure ancora la possibile relazione tra aziende del distretto tessile e l&#8217;agricoltura<\/em>&#8220;.<\/p>\n<p>&#8220;<em>Il tema dell&#8217;agricoltura e dell&#8217;agroalimentare si inserisce in una strategia pi\u00f9 generale, che a sua volta mira a guardare anche ai modelli in materia a livello regionale e nazionale<\/em> &#8211; ha dichiarato l&#8217;assessora alle Attivit\u00e0 Produttive <strong>Benedetta Squittieri<\/strong> &#8211; <em>Da questo lavoro condiviso possono consolidarsi e rafforzarsi non solo le scelte prese insieme, ma pu\u00f2 anche essere sistematizzata la distribuzione delle competenze tra gli attori che affrontano il tema. In questo, la presenza anche del PIN tra i firmatari, e quindi del mondo della ricerca, qualifica e d\u00e0 valore al lavoro futuro<\/em>&#8220;.<\/p>\n<p>&#8220;<em>Questo protocollo \u00e8 una prova tecnica di trasmissione della strategia di economia circolare dall&#8217;ambito del tessile a quello alimentare<\/em> &#8211; ha concluso la presidente del PIN <strong>Daniela Toccafondi<\/strong> &#8211; <em>Questa \u00e8 una prova di coerenza complessiva per la citt\u00e0 di Prato: ovvero, ovunque si applichino certi concetti, questi\u00a0possono diventare un modello di successo indipendentemente dal settore. Pertanto, la sfida non \u00e8 legarsi a delle tradizioni, ma unire le due tradizioni, tessile e agricola, con la volont\u00e0 di guardare a tempi che collocati nel futuro<\/em>&#8220;.<\/p>\n","protected":false},"excerpt":{"rendered":"<p>L&#8217;impegno del Comune di Prato e di associazioni e organizzazioni locali per la promozione dei prodotti tipici del territorio<\/p>\n","protected":false},"author":525,"featured_media":253257,"comment_status":"open","ping_status":"open","sticky":false,"template":"","format":"standard","meta":{"_acf_changed":false,"footnotes":""},"categories":[19],"tags":[363,259,371],"class_list":["post-253253","post","type-post","status-publish","format-standard","has-post-thumbnail","hentry","category-ambiente","tag-agricoltura","tag-prato","tag-sostenibilita"],"acf":[],"yoast_head":"<!-- This site is optimized with the Yoast SEO Premium plugin v24.2 (Yoast SEO v25.6) - https:\/\/yoast.com\/wordpress\/plugins\/seo\/ -->\n<title>Agricoltura urbana sostenibile, con il Tavolo la filiera corta diventa circolare - intoscana<\/title>\n<meta name=\"description\" content=\"L&#039;impegno del Comune di Prato e di associazioni e organizzazioni locali per la promozione dei prodotti tipici del territorio\" \/>\n<meta name=\"robots\" content=\"index, follow, max-snippet:-1, max-image-preview:large, max-video-preview:-1\" \/>\n<link rel=\"canonical\" href=\"https:\/\/www.intoscana.it\/it\/agricoltura-urbana-sostenibile-con-il-tavolo-la-filiera-corta-diventa-circolare\/\" \/>\n<meta property=\"og:locale\" content=\"it_IT\" \/>\n<meta property=\"og:type\" content=\"article\" \/>\n<meta property=\"og:title\" content=\"Agricoltura urbana sostenibile, con il Tavolo la filiera corta diventa circolare\" \/>\n<meta property=\"og:description\" content=\"L&#039;impegno del Comune di Prato e di associazioni e organizzazioni locali per la promozione dei prodotti tipici del territorio\" \/>\n<meta property=\"og:url\" content=\"https:\/\/www.intoscana.it\/it\/agricoltura-urbana-sostenibile-con-il-tavolo-la-filiera-corta-diventa-circolare\/\" \/>\n<meta property=\"og:site_name\" content=\"intoscana\" \/>\n<meta property=\"article:publisher\" content=\"https:\/\/www.facebook.com\/intoscana.it\" \/>\n<meta property=\"article:published_time\" content=\"2022-10-17T15:23:56+00:00\" \/>\n<meta property=\"og:image\" content=\"https:\/\/www.intoscana.it\/wp-content\/uploads\/tavolo-agricoltura-urbana-sostenibile_conf.st_.-scaled.jpg\" \/>\n\t<meta property=\"og:image:width\" content=\"2048\" \/>\n\t<meta property=\"og:image:height\" content=\"1536\" \/>\n\t<meta property=\"og:image:type\" content=\"image\/jpeg\" \/>\n<meta name=\"author\" content=\"Redazione\" \/>\n<meta name=\"twitter:card\" content=\"summary_large_image\" \/>\n<meta name=\"twitter:creator\" content=\"@intoscana\" \/>\n<meta name=\"twitter:site\" content=\"@intoscana\" \/>\n<meta name=\"twitter:label1\" content=\"Written by\" \/>\n\t<meta name=\"twitter:data1\" content=\"Redazione\" \/>\n\t<meta name=\"twitter:label2\" content=\"Est. reading time\" \/>\n\t<meta name=\"twitter:data2\" content=\"3 minuti\" \/>\n<script type=\"application\/ld+json\" class=\"yoast-schema-graph\">{\"@context\":\"https:\/\/schema.org\",\"@graph\":[{\"@type\":\"WebPage\",\"@id\":\"https:\/\/www.intoscana.it\/it\/agricoltura-urbana-sostenibile-con-il-tavolo-la-filiera-corta-diventa-circolare\/\",\"url\":\"https:\/\/www.intoscana.it\/it\/agricoltura-urbana-sostenibile-con-il-tavolo-la-filiera-corta-diventa-circolare\/\",\"name\":\"Agricoltura urbana sostenibile, con il Tavolo la filiera corta diventa circolare - intoscana\",\"isPartOf\":{\"@id\":\"https:\/\/www.intoscana.it\/it\/#website\"},\"primaryImageOfPage\":{\"@id\":\"https:\/\/www.intoscana.it\/it\/agricoltura-urbana-sostenibile-con-il-tavolo-la-filiera-corta-diventa-circolare\/#primaryimage\"},\"image\":{\"@id\":\"https:\/\/www.intoscana.it\/it\/agricoltura-urbana-sostenibile-con-il-tavolo-la-filiera-corta-diventa-circolare\/#primaryimage\"},\"thumbnailUrl\":\"https:\/\/www.intoscana.it\/wp-content\/uploads\/tavolo-agricoltura-urbana-sostenibile_conf.st_.-scaled.jpg\",\"datePublished\":\"2022-10-17T15:23:56+00:00\",\"author\":{\"@id\":\"https:\/\/www.intoscana.it\/it\/#\/schema\/person\/9223810753230f20bd670fdd322661f8\"},\"description\":\"L'impegno del Comune di Prato e di associazioni e organizzazioni locali per la promozione dei prodotti tipici del territorio\",\"breadcrumb\":{\"@id\":\"https:\/\/www.intoscana.it\/it\/agricoltura-urbana-sostenibile-con-il-tavolo-la-filiera-corta-diventa-circolare\/#breadcrumb\"},\"inLanguage\":\"it-IT\",\"potentialAction\":[{\"@type\":\"ReadAction\",\"target\":[\"https:\/\/www.intoscana.it\/it\/agricoltura-urbana-sostenibile-con-il-tavolo-la-filiera-corta-diventa-circolare\/\"]}]},{\"@type\":\"ImageObject\",\"inLanguage\":\"it-IT\",\"@id\":\"https:\/\/www.intoscana.it\/it\/agricoltura-urbana-sostenibile-con-il-tavolo-la-filiera-corta-diventa-circolare\/#primaryimage\",\"url\":\"https:\/\/www.intoscana.it\/wp-content\/uploads\/tavolo-agricoltura-urbana-sostenibile_conf.st_.-scaled.jpg\",\"contentUrl\":\"https:\/\/www.intoscana.it\/wp-content\/uploads\/tavolo-agricoltura-urbana-sostenibile_conf.st_.-scaled.jpg\",\"width\":2048,\"height\":1536,\"caption\":\"Il tavolo per l'agricoltura urbana sostenibile a Prato\"},{\"@type\":\"BreadcrumbList\",\"@id\":\"https:\/\/www.intoscana.it\/it\/agricoltura-urbana-sostenibile-con-il-tavolo-la-filiera-corta-diventa-circolare\/#breadcrumb\",\"itemListElement\":[{\"@type\":\"ListItem\",\"position\":1,\"name\":\"Home\",\"item\":\"https:\/\/www.intoscana.it\/it\/\"},{\"@type\":\"ListItem\",\"position\":2,\"name\":\"Agricoltura urbana sostenibile, con il Tavolo la filiera corta diventa circolare\"}]},{\"@type\":\"WebSite\",\"@id\":\"https:\/\/www.intoscana.it\/it\/#website\",\"url\":\"https:\/\/www.intoscana.it\/it\/\",\"name\":\"intoscana\",\"description\":\"\",\"potentialAction\":[{\"@type\":\"SearchAction\",\"target\":{\"@type\":\"EntryPoint\",\"urlTemplate\":\"https:\/\/www.intoscana.it\/it\/?s={search_term_string}\"},\"query-input\":{\"@type\":\"PropertyValueSpecification\",\"valueRequired\":true,\"valueName\":\"search_term_string\"}}],\"inLanguage\":\"it-IT\"},{\"@type\":\"Person\",\"@id\":\"https:\/\/www.intoscana.it\/it\/#\/schema\/person\/9223810753230f20bd670fdd322661f8\",\"name\":\"Redazione\",\"url\":\"https:\/\/www.intoscana.it\/it\/author\/redazione\/\"}]}<\/script>\n<!-- \/ Yoast SEO Premium plugin. -->","yoast_head_json":{"title":"Agricoltura urbana sostenibile, con il Tavolo la filiera corta diventa circolare - intoscana","description":"L'impegno del Comune di Prato e di associazioni e organizzazioni locali per la promozione dei prodotti tipici del territorio","robots":{"index":"index","follow":"follow","max-snippet":"max-snippet:-1","max-image-preview":"max-image-preview:large","max-video-preview":"max-video-preview:-1"},"canonical":"https:\/\/www.intoscana.it\/it\/agricoltura-urbana-sostenibile-con-il-tavolo-la-filiera-corta-diventa-circolare\/","og_locale":"it_IT","og_type":"article","og_title":"Agricoltura urbana sostenibile, con il Tavolo la filiera corta diventa circolare","og_description":"L'impegno del Comune di Prato e di associazioni e organizzazioni locali per la promozione dei prodotti tipici del territorio","og_url":"https:\/\/www.intoscana.it\/it\/agricoltura-urbana-sostenibile-con-il-tavolo-la-filiera-corta-diventa-circolare\/","og_site_name":"intoscana","article_publisher":"https:\/\/www.facebook.com\/intoscana.it","article_published_time":"2022-10-17T15:23:56+00:00","og_image":[{"width":2048,"height":1536,"url":"https:\/\/www.intoscana.it\/wp-content\/uploads\/tavolo-agricoltura-urbana-sostenibile_conf.st_.-scaled.jpg","type":"image\/jpeg"}],"author":"Redazione","twitter_card":"summary_large_image","twitter_creator":"@intoscana","twitter_site":"@intoscana","twitter_misc":{"Written by":"Redazione","Est. reading time":"3 minuti"},"schema":{"@context":"https:\/\/schema.org","@graph":[{"@type":"WebPage","@id":"https:\/\/www.intoscana.it\/it\/agricoltura-urbana-sostenibile-con-il-tavolo-la-filiera-corta-diventa-circolare\/","url":"https:\/\/www.intoscana.it\/it\/agricoltura-urbana-sostenibile-con-il-tavolo-la-filiera-corta-diventa-circolare\/","name":"Agricoltura urbana sostenibile, con il Tavolo la filiera corta diventa circolare - intoscana","isPartOf":{"@id":"https:\/\/www.intoscana.it\/it\/#website"},"primaryImageOfPage":{"@id":"https:\/\/www.intoscana.it\/it\/agricoltura-urbana-sostenibile-con-il-tavolo-la-filiera-corta-diventa-circolare\/#primaryimage"},"image":{"@id":"https:\/\/www.intoscana.it\/it\/agricoltura-urbana-sostenibile-con-il-tavolo-la-filiera-corta-diventa-circolare\/#primaryimage"},"thumbnailUrl":"https:\/\/www.intoscana.it\/wp-content\/uploads\/tavolo-agricoltura-urbana-sostenibile_conf.st_.-scaled.jpg","datePublished":"2022-10-17T15:23:56+00:00","author":{"@id":"https:\/\/www.intoscana.it\/it\/#\/schema\/person\/9223810753230f20bd670fdd322661f8"},"description":"L'impegno del Comune di Prato e di associazioni e organizzazioni locali per la promozione dei prodotti tipici del territorio","breadcrumb":{"@id":"https:\/\/www.intoscana.it\/it\/agricoltura-urbana-sostenibile-con-il-tavolo-la-filiera-corta-diventa-circolare\/#breadcrumb"},"inLanguage":"it-IT","potentialAction":[{"@type":"ReadAction","target":["https:\/\/www.intoscana.it\/it\/agricoltura-urbana-sostenibile-con-il-tavolo-la-filiera-corta-diventa-circolare\/"]}]},{"@type":"ImageObject","inLanguage":"it-IT","@id":"https:\/\/www.intoscana.it\/it\/agricoltura-urbana-sostenibile-con-il-tavolo-la-filiera-corta-diventa-circolare\/#primaryimage","url":"https:\/\/www.intoscana.it\/wp-content\/uploads\/tavolo-agricoltura-urbana-sostenibile_conf.st_.-scaled.jpg","contentUrl":"https:\/\/www.intoscana.it\/wp-content\/uploads\/tavolo-agricoltura-urbana-sostenibile_conf.st_.-scaled.jpg","width":2048,"height":1536,"caption":"Il tavolo per l'agricoltura urbana sostenibile a Prato"},{"@type":"BreadcrumbList","@id":"https:\/\/www.intoscana.it\/it\/agricoltura-urbana-sostenibile-con-il-tavolo-la-filiera-corta-diventa-circolare\/#breadcrumb","itemListElement":[{"@type":"ListItem","position":1,"name":"Home","item":"https:\/\/www.intoscana.it\/it\/"},{"@type":"ListItem","position":2,"name":"Agricoltura urbana sostenibile, con il Tavolo la filiera corta diventa circolare"}]},{"@type":"WebSite","@id":"https:\/\/www.intoscana.it\/it\/#website","url":"https:\/\/www.intoscana.it\/it\/","name":"intoscana","description":"","potentialAction":[{"@type":"SearchAction","target":{"@type":"EntryPoint","urlTemplate":"https:\/\/www.intoscana.it\/it\/?s={search_term_string}"},"query-input":{"@type":"PropertyValueSpecification","valueRequired":true,"valueName":"search_term_string"}}],"inLanguage":"it-IT"},{"@type":"Person","@id":"https:\/\/www.intoscana.it\/it\/#\/schema\/person\/9223810753230f20bd670fdd322661f8","name":"Redazione","url":"https:\/\/www.intoscana.it\/it\/author\/redazione\/"}]}},"_links":{"self":[{"href":"https:\/\/www.intoscana.it\/it\/wp-json\/wp\/v2\/posts\/253253","targetHints":{"allow":["GET"]}}],"collection":[{"href":"https:\/\/www.intoscana.it\/it\/wp-json\/wp\/v2\/posts"}],"about":[{"href":"https:\/\/www.intoscana.it\/it\/wp-json\/wp\/v2\/types\/post"}],"author":[{"embeddable":true,"href":"https:\/\/www.intoscana.it\/it\/wp-json\/wp\/v2\/users\/525"}],"replies":[{"embeddable":true,"href":"https:\/\/www.intoscana.it\/it\/wp-json\/wp\/v2\/comments?post=253253"}],"version-history":[{"count":0,"href":"https:\/\/www.intoscana.it\/it\/wp-json\/wp\/v2\/posts\/253253\/revisions"}],"wp:featuredmedia":[{"embeddable":true,"href":"https:\/\/www.intoscana.it\/it\/wp-json\/wp\/v2\/media\/253257"}],"wp:attachment":[{"href":"https:\/\/www.intoscana.it\/it\/wp-json\/wp\/v2\/media?parent=253253"}],"wp:term":[{"taxonomy":"category","embeddable":true,"href":"https:\/\/www.intoscana.it\/it\/wp-json\/wp\/v2\/categories?post=253253"},{"taxonomy":"post_tag","embeddable":true,"href":"https:\/\/www.intoscana.it\/it\/wp-json\/wp\/v2\/tags?post=253253"}],"curies":[{"name":"wp","href":"https:\/\/api.w.org\/{rel}","templated":true}]}}