{"id":253264,"date":"2022-10-17T16:26:08","date_gmt":"2022-10-17T14:26:08","guid":{"rendered":"https:\/\/www.intoscana.it\/it\/?p=253264"},"modified":"2022-10-18T10:19:30","modified_gmt":"2022-10-18T08:19:30","slug":"grazie-a-una-rete-multidiscliplinare-azzerati-in-toscana-i-casi-di-morte-per-disturbi-alimentari","status":"publish","type":"post","link":"https:\/\/www.intoscana.it\/it\/grazie-a-una-rete-multidiscliplinare-azzerati-in-toscana-i-casi-di-morte-per-disturbi-alimentari\/","title":{"rendered":"Grazie a una rete multidiscliplinare azzerati in Toscana i casi di morte per disturbi alimentari"},"content":{"rendered":"<p><strong>L\u20198 per cento delle donne<\/strong> si trova nell\u2019arco della propria vita ad affrontare <strong><a href=\"https:\/\/www.intoscana.it\/it\/articolo\/arriva-lestate-e-la-prova-costume-no-grazie-intervista-allattivista-dalila-bagnuli\/\" target=\"_blank\" rel=\"noopener\">problemi alimentari<\/a>:<\/strong> casi in aumento, spiegano i medici, e che non riguardano pi\u00f9 solo le adolescenti ma che si iniziano a riscontrare con maggiore frequenza <strong>anche tra gli uomini.<\/strong><\/p>\n<p>Si tratta di patologie di lungo corso,<strong> con costi per singoli e collettivit\u00e0 enormi.<\/strong><\/p>\n<p>Dai dati che riguardano le pazienti prese in carico in quasi trent\u2019anni da<strong> Careggi e dall\u2019Asl Toscana Centro<\/strong> emergono due elementi: l\u2019assenza di suicidi,<strong> l\u2019assenza di morti legate a complicanze derivate dai disturbi alimentari<\/strong> e un tasso di <strong>remissione dei sintomi,<\/strong> a distanza di venti anni dalla presa in carico,<strong> tra il 40 e il 50 per cento.<\/strong><\/p>\n<p>Anche <strong>uno studio scientifico,<\/strong> pubblicato sulla rivista <a href=\"https:\/\/onlinelibrary.wiley.com\/doi\/10.1111\/acps.13487\" target=\"_blank\" rel=\"noopener\" class=\"broken_link\"><strong>Acta Psychiatrica Scandinavica<\/strong><\/a> conferma<strong> la validit\u00e0 della rete toscana per la cura dei disturbi alimentari,<\/strong> quali anoressia e bulimia, realizzata grazie all\u2019impegno congiunto della <strong>Asl Toscana centro e dell\u2019Azienda ospedalariero universitaria di Careggi.\u00a0<\/strong><\/p>\n<p>La ricerca \u00e8 stata condotta su <strong>un campione di 1277 pazienti, seguite tra il 1994 e il 2018<\/strong> nell\u2019ambito del <strong>network toscano multidisciplinare<\/strong> per i disturbi dell\u2019alimentazione.<\/p>\n<p><em>\u201cIl \u2018fare squadra\u2019, la collaborazione e il coordinamento tra strutture diverse porta sempre ad ottimi risultati \u2013<\/em> sottolineano <strong>il presidente della Toscana Eugenio Giani e l\u2019assessore al diritto alla salute, Simone Bezzini<\/strong> &#8211; <em>Anoressia e bulimia sono autentici drammi per chi le vive e per le famiglie di chi \u00e8 vittima. Servono spesso approcci multidisciplinari e personalizzati per uscirne e la ricerca condotta conferma che le azioni messe in campo in Toscana, con l\u2019esempio virtuoso di Careggi e dell\u2019Asl Toscana centro, vanno nelle direzione giusta. Dall\u2019azione messa in campo emergono tre elementi che hanno portato a risultati cos\u00ec importanti: la grande professionalit\u00e0 degli operatori, la multidisciplinarit\u00e0 con una presa in carico integrata e spesso personalizzata e la sinergia e capacit\u00e0, per l\u2019appunto di fare squadra\u201d.<\/em><\/p>\n<p><em>\u201cIl network toscano, costituito da Careggi e dalla Asl Toscana Centro, che si occupa del trattamento delle pazienti con disturbi dell\u2019alimentazione, si \u00e8 dimostrato in grado di annullare la mortalit\u00e0 per queste patologie: sia quella dovuta alle complicanze mediche di tali disturbi, sia quella attribuibile al suicidio. I risultati, pubblicati sulla rivista scientifica Acta Psychiatrica Scandinavica, hanno particolare valore considerando che la letteratura indica, per le pazienti con disturbi dell\u2019alimentazione, una mortalit\u00e0 del 4-7% e un rischio suicidario dalle 7 alle 31 volte maggiore rispetto alla popolazione generale\u201d.<\/em><\/p>\n<h3>Il metodo toscano per la cura di disturbi alimentari<\/h3>\n<p>Quello toscano \u00e8 <strong>un approccio con percorsi spesso personalizzati.<\/strong><\/p>\n<p>A seconda della gravit\u00e0 complessiva del quadro clinico, <strong>gli interventi terapeutici di tipo psichiatrico e psicoterapeutico<\/strong> possono essere erogati a livello ambulatoriale, in regime di day hospital, con un ricovero presso i servizi psichiatrici di diagnosi e cura (Spdc) della Asl<strong> in presenza di elevato rischio suicidiario<\/strong> o attraverso una degenza terapeutico-riabilitativa, presso la Casa di cura Villa dei Pini a Firenze, convenzionata con l\u2019Asl Toscana centro.<\/p>\n<p>Sono previste <strong>visite mediche specialistiche per la gestione delle complicanze internistiche<\/strong> ed esami diagnostici per accertare le condizioni mediche generali.<\/p>\n<p>l ricovero nel reparto di medicina interna di Careggi \u00e8 previsto in particolare per le pazienti con gravi complicanze mediche secondarie alla patologia anoressica o bulimica.<\/p>\n<p><em>\u201cL\u2019esistenza di una rete<\/em> \u2013 afferma il professor <strong>Giovanni Castellini della Psichiatria dell\u2019azienda ospedaliera universitaria di Careggi<\/strong> \u2013 <em>permette di <strong>seguire la persona in cura con continuit\u00e0 in tutte le fasi della malattia<\/strong> e di offrire un percorso terapeutico personalizzato. In particolare, dopo la prima valutazione, le pazienti sono indirizzate alle <strong>visite psichiatriche, nutrizionali e ad una psicoterapia cognitivo-comportamentale<\/strong>. Quando necessari sono previsti interventi di terapia dialettico-comportamentale per la gestione della disregolazione emotiva o percorsi di psicoterapia specifici per le conseguenze di eventi traumatici di abuso. Per i genitori delle pazienti, sono previsti gruppi di psico educazione incentrati sull\u2019informazione e coinvolgimento dei familiari relativamente ai percorsi terapeutici\u201d.<\/em><\/p>\n<p><em>\u201cIl progetto<\/em> \u2013 dichiara il dottor <strong>Stefano Lucarelli, direttore Disturbi alimentari della Asl Toscana centro<\/strong> \u2013 <em>\u00e8 riuscito a garantire l<strong>&#8216;accessibilit\u00e0 ad una diagnosi precoce, una presa in carico reale del paziente e dei suoi familiari<\/strong> in tutte le fasi del trattamento attraverso la realizzazione di <strong>un percorso terapeutico multidisciplinare ed integrato,<\/strong> in una rete omogenea di sinergie tra Ufsd Disturbi Alimentari (Ausl Toscana Centro) e Sodc Psichiatria (Azienda ospedaliera universitaria Careggi). Inoltre <strong>setting di cura multipli hanno permesso di erogare prestazioni differenziate e personalizzate<\/strong> sulla base della gravit\u00e0 e fase della malattia\u201d. <\/em><\/p>\n","protected":false},"excerpt":{"rendered":"<p>Il metodo toscano garantisce l&#8217;accessibilit\u00e0 ad una diagnosi precoce, una presa in carico del paziente e dei suoi familiari in tutte le fasi del trattamento, attraverso la realizzazione di un percorso terapeutico personalizzato<\/p>\n","protected":false},"author":525,"featured_media":253267,"comment_status":"open","ping_status":"open","sticky":false,"template":"","format":"standard","meta":{"_acf_changed":false,"footnotes":""},"categories":[494],"tags":[411,151,134,349],"class_list":["post-253264","post","type-post","status-publish","format-standard","has-post-thumbnail","hentry","category-attualita","tag-donne","tag-regione-toscana","tag-salute","tag-sanita"],"acf":[],"yoast_head":"<!-- This site is optimized with the Yoast SEO Premium plugin v24.2 (Yoast SEO v25.6) - https:\/\/yoast.com\/wordpress\/plugins\/seo\/ -->\n<title>Grazie a una rete multidiscliplinare azzerati in Toscana i casi di morte per disturbi alimentari - intoscana<\/title>\n<meta name=\"description\" content=\"Il metodo toscano garantisce l&#039;accessibilit\u00e0 ad una diagnosi precoce e un percorso terapeutico multidisciplinare ed integrato\" \/>\n<meta name=\"robots\" content=\"index, follow, max-snippet:-1, max-image-preview:large, max-video-preview:-1\" \/>\n<link rel=\"canonical\" href=\"https:\/\/www.intoscana.it\/it\/grazie-a-una-rete-multidiscliplinare-azzerati-in-toscana-i-casi-di-morte-per-disturbi-alimentari\/\" \/>\n<meta property=\"og:locale\" content=\"it_IT\" \/>\n<meta property=\"og:type\" content=\"article\" \/>\n<meta property=\"og:title\" content=\"Grazie a una rete multidiscliplinare azzerati in Toscana i casi di morte per disturbi alimentari\" \/>\n<meta property=\"og:description\" content=\"Il metodo toscano garantisce l&#039;accessibilit\u00e0 ad una diagnosi precoce e un percorso terapeutico multidisciplinare ed integrato\" \/>\n<meta property=\"og:url\" content=\"https:\/\/www.intoscana.it\/it\/grazie-a-una-rete-multidiscliplinare-azzerati-in-toscana-i-casi-di-morte-per-disturbi-alimentari\/\" \/>\n<meta property=\"og:site_name\" content=\"intoscana\" \/>\n<meta property=\"article:publisher\" content=\"https:\/\/www.facebook.com\/intoscana.it\" \/>\n<meta property=\"article:published_time\" content=\"2022-10-17T14:26:08+00:00\" \/>\n<meta property=\"article:modified_time\" content=\"2022-10-18T08:19:30+00:00\" \/>\n<meta property=\"og:image\" content=\"https:\/\/www.intoscana.it\/wp-content\/uploads\/disturbi-alimentari-san-rossore.jpg\" \/>\n\t<meta property=\"og:image:width\" content=\"1200\" \/>\n\t<meta property=\"og:image:height\" content=\"800\" \/>\n\t<meta property=\"og:image:type\" content=\"image\/jpeg\" \/>\n<meta name=\"author\" content=\"Redazione\" \/>\n<meta name=\"twitter:card\" content=\"summary_large_image\" \/>\n<meta name=\"twitter:creator\" content=\"@intoscana\" \/>\n<meta name=\"twitter:site\" content=\"@intoscana\" \/>\n<meta name=\"twitter:label1\" content=\"Written by\" \/>\n\t<meta name=\"twitter:data1\" content=\"Redazione\" \/>\n\t<meta name=\"twitter:label2\" content=\"Est. reading time\" \/>\n\t<meta name=\"twitter:data2\" content=\"4 minuti\" \/>\n<script type=\"application\/ld+json\" class=\"yoast-schema-graph\">{\"@context\":\"https:\/\/schema.org\",\"@graph\":[{\"@type\":\"WebPage\",\"@id\":\"https:\/\/www.intoscana.it\/it\/grazie-a-una-rete-multidiscliplinare-azzerati-in-toscana-i-casi-di-morte-per-disturbi-alimentari\/\",\"url\":\"https:\/\/www.intoscana.it\/it\/grazie-a-una-rete-multidiscliplinare-azzerati-in-toscana-i-casi-di-morte-per-disturbi-alimentari\/\",\"name\":\"Grazie a una rete multidiscliplinare azzerati in Toscana i casi di morte per disturbi alimentari - intoscana\",\"isPartOf\":{\"@id\":\"https:\/\/www.intoscana.it\/it\/#website\"},\"primaryImageOfPage\":{\"@id\":\"https:\/\/www.intoscana.it\/it\/grazie-a-una-rete-multidiscliplinare-azzerati-in-toscana-i-casi-di-morte-per-disturbi-alimentari\/#primaryimage\"},\"image\":{\"@id\":\"https:\/\/www.intoscana.it\/it\/grazie-a-una-rete-multidiscliplinare-azzerati-in-toscana-i-casi-di-morte-per-disturbi-alimentari\/#primaryimage\"},\"thumbnailUrl\":\"https:\/\/www.intoscana.it\/wp-content\/uploads\/disturbi-alimentari-san-rossore.jpg\",\"datePublished\":\"2022-10-17T14:26:08+00:00\",\"dateModified\":\"2022-10-18T08:19:30+00:00\",\"author\":{\"@id\":\"https:\/\/www.intoscana.it\/it\/#\/schema\/person\/9223810753230f20bd670fdd322661f8\"},\"description\":\"Il metodo toscano garantisce l'accessibilit\u00e0 ad una diagnosi precoce e un percorso terapeutico multidisciplinare ed integrato\",\"breadcrumb\":{\"@id\":\"https:\/\/www.intoscana.it\/it\/grazie-a-una-rete-multidiscliplinare-azzerati-in-toscana-i-casi-di-morte-per-disturbi-alimentari\/#breadcrumb\"},\"inLanguage\":\"it-IT\",\"potentialAction\":[{\"@type\":\"ReadAction\",\"target\":[\"https:\/\/www.intoscana.it\/it\/grazie-a-una-rete-multidiscliplinare-azzerati-in-toscana-i-casi-di-morte-per-disturbi-alimentari\/\"]}]},{\"@type\":\"ImageObject\",\"inLanguage\":\"it-IT\",\"@id\":\"https:\/\/www.intoscana.it\/it\/grazie-a-una-rete-multidiscliplinare-azzerati-in-toscana-i-casi-di-morte-per-disturbi-alimentari\/#primaryimage\",\"url\":\"https:\/\/www.intoscana.it\/wp-content\/uploads\/disturbi-alimentari-san-rossore.jpg\",\"contentUrl\":\"https:\/\/www.intoscana.it\/wp-content\/uploads\/disturbi-alimentari-san-rossore.jpg\",\"width\":1200,\"height\":800},{\"@type\":\"BreadcrumbList\",\"@id\":\"https:\/\/www.intoscana.it\/it\/grazie-a-una-rete-multidiscliplinare-azzerati-in-toscana-i-casi-di-morte-per-disturbi-alimentari\/#breadcrumb\",\"itemListElement\":[{\"@type\":\"ListItem\",\"position\":1,\"name\":\"Home\",\"item\":\"https:\/\/www.intoscana.it\/it\/\"},{\"@type\":\"ListItem\",\"position\":2,\"name\":\"Grazie a una rete multidiscliplinare azzerati in Toscana i casi di morte per disturbi alimentari\"}]},{\"@type\":\"WebSite\",\"@id\":\"https:\/\/www.intoscana.it\/it\/#website\",\"url\":\"https:\/\/www.intoscana.it\/it\/\",\"name\":\"intoscana\",\"description\":\"\",\"potentialAction\":[{\"@type\":\"SearchAction\",\"target\":{\"@type\":\"EntryPoint\",\"urlTemplate\":\"https:\/\/www.intoscana.it\/it\/?s={search_term_string}\"},\"query-input\":{\"@type\":\"PropertyValueSpecification\",\"valueRequired\":true,\"valueName\":\"search_term_string\"}}],\"inLanguage\":\"it-IT\"},{\"@type\":\"Person\",\"@id\":\"https:\/\/www.intoscana.it\/it\/#\/schema\/person\/9223810753230f20bd670fdd322661f8\",\"name\":\"Redazione\",\"url\":\"https:\/\/www.intoscana.it\/it\/author\/redazione\/\"}]}<\/script>\n<!-- \/ Yoast SEO Premium plugin. -->","yoast_head_json":{"title":"Grazie a una rete multidiscliplinare azzerati in Toscana i casi di morte per disturbi alimentari - intoscana","description":"Il metodo toscano garantisce l'accessibilit\u00e0 ad una diagnosi precoce e un percorso terapeutico multidisciplinare ed integrato","robots":{"index":"index","follow":"follow","max-snippet":"max-snippet:-1","max-image-preview":"max-image-preview:large","max-video-preview":"max-video-preview:-1"},"canonical":"https:\/\/www.intoscana.it\/it\/grazie-a-una-rete-multidiscliplinare-azzerati-in-toscana-i-casi-di-morte-per-disturbi-alimentari\/","og_locale":"it_IT","og_type":"article","og_title":"Grazie a una rete multidiscliplinare azzerati in Toscana i casi di morte per disturbi alimentari","og_description":"Il metodo toscano garantisce l'accessibilit\u00e0 ad una diagnosi precoce e un percorso terapeutico multidisciplinare ed integrato","og_url":"https:\/\/www.intoscana.it\/it\/grazie-a-una-rete-multidiscliplinare-azzerati-in-toscana-i-casi-di-morte-per-disturbi-alimentari\/","og_site_name":"intoscana","article_publisher":"https:\/\/www.facebook.com\/intoscana.it","article_published_time":"2022-10-17T14:26:08+00:00","article_modified_time":"2022-10-18T08:19:30+00:00","og_image":[{"width":1200,"height":800,"url":"https:\/\/www.intoscana.it\/wp-content\/uploads\/disturbi-alimentari-san-rossore.jpg","type":"image\/jpeg"}],"author":"Redazione","twitter_card":"summary_large_image","twitter_creator":"@intoscana","twitter_site":"@intoscana","twitter_misc":{"Written by":"Redazione","Est. reading time":"4 minuti"},"schema":{"@context":"https:\/\/schema.org","@graph":[{"@type":"WebPage","@id":"https:\/\/www.intoscana.it\/it\/grazie-a-una-rete-multidiscliplinare-azzerati-in-toscana-i-casi-di-morte-per-disturbi-alimentari\/","url":"https:\/\/www.intoscana.it\/it\/grazie-a-una-rete-multidiscliplinare-azzerati-in-toscana-i-casi-di-morte-per-disturbi-alimentari\/","name":"Grazie a una rete multidiscliplinare azzerati in Toscana i casi di morte per disturbi alimentari - intoscana","isPartOf":{"@id":"https:\/\/www.intoscana.it\/it\/#website"},"primaryImageOfPage":{"@id":"https:\/\/www.intoscana.it\/it\/grazie-a-una-rete-multidiscliplinare-azzerati-in-toscana-i-casi-di-morte-per-disturbi-alimentari\/#primaryimage"},"image":{"@id":"https:\/\/www.intoscana.it\/it\/grazie-a-una-rete-multidiscliplinare-azzerati-in-toscana-i-casi-di-morte-per-disturbi-alimentari\/#primaryimage"},"thumbnailUrl":"https:\/\/www.intoscana.it\/wp-content\/uploads\/disturbi-alimentari-san-rossore.jpg","datePublished":"2022-10-17T14:26:08+00:00","dateModified":"2022-10-18T08:19:30+00:00","author":{"@id":"https:\/\/www.intoscana.it\/it\/#\/schema\/person\/9223810753230f20bd670fdd322661f8"},"description":"Il metodo toscano garantisce l'accessibilit\u00e0 ad una diagnosi precoce e un percorso terapeutico multidisciplinare ed integrato","breadcrumb":{"@id":"https:\/\/www.intoscana.it\/it\/grazie-a-una-rete-multidiscliplinare-azzerati-in-toscana-i-casi-di-morte-per-disturbi-alimentari\/#breadcrumb"},"inLanguage":"it-IT","potentialAction":[{"@type":"ReadAction","target":["https:\/\/www.intoscana.it\/it\/grazie-a-una-rete-multidiscliplinare-azzerati-in-toscana-i-casi-di-morte-per-disturbi-alimentari\/"]}]},{"@type":"ImageObject","inLanguage":"it-IT","@id":"https:\/\/www.intoscana.it\/it\/grazie-a-una-rete-multidiscliplinare-azzerati-in-toscana-i-casi-di-morte-per-disturbi-alimentari\/#primaryimage","url":"https:\/\/www.intoscana.it\/wp-content\/uploads\/disturbi-alimentari-san-rossore.jpg","contentUrl":"https:\/\/www.intoscana.it\/wp-content\/uploads\/disturbi-alimentari-san-rossore.jpg","width":1200,"height":800},{"@type":"BreadcrumbList","@id":"https:\/\/www.intoscana.it\/it\/grazie-a-una-rete-multidiscliplinare-azzerati-in-toscana-i-casi-di-morte-per-disturbi-alimentari\/#breadcrumb","itemListElement":[{"@type":"ListItem","position":1,"name":"Home","item":"https:\/\/www.intoscana.it\/it\/"},{"@type":"ListItem","position":2,"name":"Grazie a una rete multidiscliplinare azzerati in Toscana i casi di morte per disturbi alimentari"}]},{"@type":"WebSite","@id":"https:\/\/www.intoscana.it\/it\/#website","url":"https:\/\/www.intoscana.it\/it\/","name":"intoscana","description":"","potentialAction":[{"@type":"SearchAction","target":{"@type":"EntryPoint","urlTemplate":"https:\/\/www.intoscana.it\/it\/?s={search_term_string}"},"query-input":{"@type":"PropertyValueSpecification","valueRequired":true,"valueName":"search_term_string"}}],"inLanguage":"it-IT"},{"@type":"Person","@id":"https:\/\/www.intoscana.it\/it\/#\/schema\/person\/9223810753230f20bd670fdd322661f8","name":"Redazione","url":"https:\/\/www.intoscana.it\/it\/author\/redazione\/"}]}},"_links":{"self":[{"href":"https:\/\/www.intoscana.it\/it\/wp-json\/wp\/v2\/posts\/253264","targetHints":{"allow":["GET"]}}],"collection":[{"href":"https:\/\/www.intoscana.it\/it\/wp-json\/wp\/v2\/posts"}],"about":[{"href":"https:\/\/www.intoscana.it\/it\/wp-json\/wp\/v2\/types\/post"}],"author":[{"embeddable":true,"href":"https:\/\/www.intoscana.it\/it\/wp-json\/wp\/v2\/users\/525"}],"replies":[{"embeddable":true,"href":"https:\/\/www.intoscana.it\/it\/wp-json\/wp\/v2\/comments?post=253264"}],"version-history":[{"count":0,"href":"https:\/\/www.intoscana.it\/it\/wp-json\/wp\/v2\/posts\/253264\/revisions"}],"wp:featuredmedia":[{"embeddable":true,"href":"https:\/\/www.intoscana.it\/it\/wp-json\/wp\/v2\/media\/253267"}],"wp:attachment":[{"href":"https:\/\/www.intoscana.it\/it\/wp-json\/wp\/v2\/media?parent=253264"}],"wp:term":[{"taxonomy":"category","embeddable":true,"href":"https:\/\/www.intoscana.it\/it\/wp-json\/wp\/v2\/categories?post=253264"},{"taxonomy":"post_tag","embeddable":true,"href":"https:\/\/www.intoscana.it\/it\/wp-json\/wp\/v2\/tags?post=253264"}],"curies":[{"name":"wp","href":"https:\/\/api.w.org\/{rel}","templated":true}]}}