{"id":253539,"date":"2022-10-19T16:03:04","date_gmt":"2022-10-19T14:03:04","guid":{"rendered":"https:\/\/www.intoscana.it\/it\/?p=253539"},"modified":"2022-10-19T16:24:27","modified_gmt":"2022-10-19T14:24:27","slug":"the-cage-livorno-20-anni-libro","status":"publish","type":"post","link":"https:\/\/www.intoscana.it\/it\/the-cage-livorno-20-anni-libro\/","title":{"rendered":"Il The Cage di Livorno festeggia 20 anni: un club che ha cambiato la vita della citt\u00e0 labronica"},"content":{"rendered":"<p>Sono vent&#8217;anni che a <strong>Livorno<\/strong> esiste un posto dove si ascolta suonare musica proveniente da tutto il mondo,<strong> si chiama The Cage ed \u00e8 aperto dal 2002 grazie alla volont\u00e0 di Mimmo Rosa e Toto Barbato.\u00a0<\/strong><\/p>\n<p>Prima si trovava <strong>in via Cestoni nel quartiere popolare di &#8220;Shangai&#8221;<\/strong>\u00a0mentre <strong>dal 2011 \u00e8 ospitato presso il\u00a0Teatro Mascagni di Villa Corridi.<\/strong><\/p>\n<p>Da questo club sono passate band del calibro di\u00a0<strong>Melvins, Lagwagon, Asian Dub Foundation, Soulfly, Tonino Carotone, Bobo Rondelli, Nada, Bandabard\u00f2, Modena City Ramblers, Max Gazz\u00e8, Diodato, Calcutta, Luci della Centrale Elettrica, Coez<\/strong> e persino i\u00a0<strong>M\u00e5neskin<\/strong> nel loro primo tour ufficiale.<\/p>\n<p>Per celebrare i vent&#8217;anni di vita di\u00a0questo<strong> luogo di sana e rumorosa aggregazione giovanile<\/strong> \u00e8 uscito il libro <i><\/i><strong><i>\u201cThe Cage: 2002\/2022 \u2013 20 anni di live club\u201d<\/i><\/strong> edito da Sillabe, scritto dal <strong>giornalista Dario Serpan<\/strong> con le bellissime<strong> fotografie di Sebastiano Bongi Tom\u00e0.<\/strong><\/p>\n<p><strong>L\u2019associazione culturale The Cage<\/strong> \u00e8 una realt\u00e0 che opera a livello nazionale, ma che mantiene saldo il suo epicentro a Livorno, nel libro i due fondatori raccontano <strong>lo slancio verso il domani<\/strong> di un live club che<strong> affrontando le sfide del presente,<\/strong> adattandosi ai cambiamenti e ascoltando le nuove generazioni punta a consolidare e rinnovare il proprio ruolo nella<strong> scena culturale cittadina e italiana.<\/strong><\/p>\n<figure id=\"post-253558 media-253558\" class=\"align-none\"><img decoding=\"async\" src=\"https:\/\/www.intoscana.it\/wp-content\/uploads\/Mimmo-Rosa-e-Toto-Barbato-anno-2022-scaled.jpg\" alt=\"\" \/><\/figure>\n<div class=\"titleimg\"><em>Mimmo Rosa e Toto Barbato, 2022<\/em><\/div>\n<h3>Ecco la nostra intervista a Toto Barbato<\/h3>\n<p><strong>Ciao Toto! Ti ricordi com&#8217;\u00e8 nato il The Cage? Tu c&#8217;eri?<\/strong><\/p>\n<p><strong>Io sono il The Cage!<\/strong> L&#8217;idea nacque dai due soci fondatori che siamo<strong> io e Mimmo Rosa.<\/strong> Prima di noi a <strong>Livorno<\/strong> non esisteva un locale dove si potesse stare in piedi ad ascoltare musica e ballare dopo. Esisteva solo<strong> un piccolissimo club in uno scantinato fumoso<\/strong> che si chiamava<strong> The Cave, <\/strong>molto, molto underground che poi ha chiuso. In onore a loro e a una canzone dei Genesis che io ho sempre amato molto abbiamo chiamato <strong>The Cage<\/strong> il nostro primo locale che si trovava nel quartiere Shangai. Negli anni &#8217;90 c&#8217;\u00e8 stata una grande rinascita dei gruppi italiani con <strong>Afterhours, Subsonica, Modena City Ramblers, Bandabard\u00f2,<\/strong> anch&#8217;io nel mio piccolo suonavo negli <strong>Snaporaz <\/strong>e quindi ci siamo detti perch\u00e8 non aprire un locale anche a Livorno.<\/p>\n<p><strong>Qual \u00e8 stato un momento in cui al The Cage vi siete resi conto di aver fatto una cosa bella, importante?<\/strong><\/p>\n<p>Ne abbiamo avuti veramente tanti sinceramente.\u00a0Il The Cage prima di farsi accettare dalla citt\u00e0 ha dovuto cambiare diverse location. In quella definitiva, in cui siamo adesso, ospiti di un teatro di propriet\u00e0 del comune, nel 2012 riuscii con una fatica enorme a fissare <strong>un concerto di una band americana<\/strong> che forse a molti non dir\u00e0 nulla, i\u00a0<strong>Lagwagon una delle band capostipite del movimento punk-hardcore della West Coast.<\/strong> La prima volta che li ho portati a Livorno, una citt\u00e0 di surfisti, c&#8217;era un&#8217;atmosfera che avevo cercato da dieci anni. Eravamo a met\u00e0 del nostro cammino e abbiamo fatto il pienone, con un pogo esagerato, nessuno si \u00e8 fatto male, \u00e8 stata una serata stupenda.<strong> L\u00ec mi sono detto siamo un club &#8216;vero&#8217; come quelli europei<\/strong>, infatti la foto di copertina del libro \u00e8 proprio di quella serata.<\/p>\n<figure id=\"post-253548 media-253548\" class=\"align-none\"><img decoding=\"async\" src=\"https:\/\/www.intoscana.it\/wp-content\/uploads\/Concerto_Maneskin-08-03-2018-scaled.jpg\" alt=\"\" \/><\/figure>\n<div class=\"titleimg\"><em>M\u00e5neskin al The Cage 08-03-2018<\/em><\/div>\n<p><strong>Sono passati da voi anche i Maneskin, cosa successe al concerto?<\/strong><\/p>\n<p>Per me i Maneskin sono state una delle poche band gestite bene una volta uscite da <strong>X-Factor,\u00a0<\/strong>usciti dal programma non sono stati messi in un &#8216;parcheggio&#8217; come tutti gli altri, per poi tirarli fuori dopo qualche mese. Sicuramente <strong>avevano i numeri fin dall&#8217;inizio<\/strong>, erano pronti per andare in tour e la loro agenzia mand\u00f2 un avviso che c&#8217;era il calendario aperto. <strong>In tre giorni fissarono tutte le date in tutti i live club d&#8217;Italia<\/strong>, si sono fatti una gavetta allucinante.<strong> Tanti artisti dovrebbero imparare da loro,<\/strong> i ragazzini oggi fanno un milione di stream su Spotify che poi non vuol dire nulla e gi\u00e0 decidono che i club di provincia come il Cage non vanno bene, si sentono gi\u00e0 arrivati e dopo un anno spariscono nel nulla. Se non si va a cercare le persone citt\u00e0 per citt\u00e0 si sparisce, invece<strong> i Maneskin fecero un tour con 40-50 date e suonarono dovunque dall&#8217;Alcatraz di Milano al The Cage a Livorno.<\/strong> Tutto il tour italiano fece sold out in 3 minuti, gi\u00e0 l\u00ec si cap\u00ec che non avevamo in mano il solito gruppetto.<strong> Io da vero volpone avevo fissato la data dell&#8217;8 marzo<\/strong> che era un gioved\u00ec, la Festa delle donne, la data pi\u00f9 giusta di tutte. Quindi come and\u00f2: facemmo il tutto esaurito, locale strapieno di tanti giovani ma soprattutto mamme, le pi\u00f9 impazzite erano loro. <strong>Fecero un concerto incredibile, pensa che due di loro il chitarrista e il batterista erano ancora minorenni<\/strong> quindi il concerto dovette finire prima di mezzanotte e suonavano da paura, forse Damiano era quello che ancora doveva uscire al meglio. Quello che posso dire dei Maneskin \u00e8 che<strong> il successo che hanno adesso se lo meritano tutto.<\/strong><\/p>\n<p><strong>In Italia a causa anche della pandemia c&#8217;\u00e8 stata una strage dei club live, a Firenze per esempi<a href=\"https:\/\/www.intoscana.it\/it\/articolo\/lauditorium-flog-rischia-di-chiudere-per-sempre-parlano-i-gestori-del-tempio-del-rock-fiorentino\/\" target=\"_blank\" rel=\"noopener\">o \u00e8 chiusa la Flog<\/a> un locale storico e non sappiamo quando riaprir\u00e0, \u00e8 una ferita ancora aperta nella citt\u00e0. Voi al The Cage come siete riusciti a sopravvivere a questa grande tempesta?<\/strong><\/p>\n<p>A Firenze \u00e8 successa una cosa assurda, secondo me<strong>\u00a0la pandemia c&#8217;entra ben poco<\/strong>, l\u00ec c&#8217;entra lo scontro tra i proprietari storici dell&#8217;immobile e chi gestiva i concerti da 30 anni. <strong>Rimpiazzare un know how cos\u00ec importante \u00e8 difficile.<\/strong> La cosa assurda e che mi fa piangere il cuore \u00e8 che <strong>il The Cage esiste perch\u00e8 ha preso spunto dalla Flog<\/strong>. Io ho iniziato a fare questo lavoro perch\u00e8 <strong>Enrico Romero mi ha dato dei consigli<\/strong>. Tra l&#8217;altro Livorno \u00e8 una citt\u00e0 che \u00e8 nata per volont\u00e0 dei fiorentini, e la stessa cosa \u00e8 successa anche per il Cage.<\/p>\n<p>Per quanto riguarda i live club in generale<strong> chi \u00e8 riuscito a resistere e faceva le cose per bene, e devo dire che non siamo pochi, i ristori sono arrivati.<\/strong> Noi siamo una realt\u00e0 in cui<strong> eravamo tutti assunti regolarmente<\/strong>, quindi abbiamo avuto la cassa integrazione e poi ci sono arrivati gli aiuti dallo Stato. Ovviamente <strong>non \u00e8 stato un bel periodo perch\u00e8 ci \u00e8 stato detto fondamentalmente &#8220;siete inutili&#8221;<\/strong>. Mi ricordo ancora la frase del presidente Conte <em><strong>&#8220;i lavoratori dello spettacolo quelli che ci fanno tanto divertire&#8221;,<\/strong><\/em> una frase che ci gel\u00f2. Io ho quasi 50 anni e il mio lavoro \u00e8 quello di fare &#8220;tanto divertire&#8221;, c&#8217;\u00e8 da vergognarsi. Va detto che per\u00f2<strong> la pandemia \u00e8 servita a farci riconoscere come lavoratori dello spettacolo. <\/strong>Prima della pandemia <strong>per lo Stato la parola &#8220;musica&#8221; riguardava solo la musica classica e lirica<\/strong>, ora sanno che esistiamo anche noi.\u00a0Noi abbiamo resistito come tanti e <strong>adesso le cose vanno molto bene.<\/strong><\/p>\n<figure id=\"post-253545 media-253545\" class=\"align-none\"><img decoding=\"async\" src=\"https:\/\/www.intoscana.it\/wp-content\/uploads\/Concerto_Lo-stato-sociale-10-04-2015--scaled.jpg\" alt=\"\" \/><\/figure>\n<div class=\"titleimg\"><em>Lo stato sociale 10-04-2015<\/em><\/div>\n<p><strong>Secondo te i giovani d&#8217;oggi vanno ancora ad ascoltare un concerto in un club? Vanno in discoteca? Dove vanno? Il The Cage che pubblico ha?<\/strong><\/p>\n<p>Il<strong> The Cage<\/strong> ha un pubblico di giovani e giovanissimi perch\u00e8 ce lo siamo saputo tenere. Perch\u00e8 <strong>ci siamo inventati una cosa d&#8217;avanguardia per dargli un&#8217;alternativa alla discoteca.<\/strong> Noi da mezzanotte e mezzo circa ci trasformiamo in qualcosa di simile a una discoteca perch\u00e8 \u00e8 l&#8217;unico modo di sopravvivere e l\u00ec c&#8217;\u00e8 posto anche per le canzoni pi\u00f9 commerciali perch\u00e8 se vuoi ballare ti devi divertire. Livorno \u00e8 un posto che si inventa da solo, <strong>al The Cage abbiamo una situazione tutta nostra, indipendente, siamo un posto libero.<\/strong> C&#8217;\u00e8 una valanga di ragazzi che non vogliono mettersi in fila, subire un dress code, lottare per entrare nelle liste. Non sai quante richieste ho di tavoli, priv\u00e8, io dico a tutti di no. <strong>Al Cage non c&#8217;\u00e8 spazio per differenziare tra caste le persone come viene fatto nelle discoteche,<\/strong> noi odiamo e combattiamo alla radice quel modo di essere. Da imprenditore potrei dividere la sala in aree e far pagare di pi\u00f9 nei posti migliori, sicuramente porterebbe soldi, ma <strong>a volte bisogna dire di no.\u00a0<\/strong><\/p>\n<p><strong>Siete tornati alla grande con un programma ricchissimo di concerti, ci sar\u00e0 anche qualche sorpresa?<\/strong><\/p>\n<p>Si avremo in concerto <strong>Nada,\u00a0Emma Nolde, i Verdena che sono gi\u00e0 sold out<\/strong>. Questo fine settimana c&#8217;\u00e8<strong> Gianluca Petrella<\/strong>, visto che sabato vengono i giovanissimi lo abbiamo convinto a fare <strong>un biglietto speciale a 10 euro per gli under 18.<\/strong> Cos\u00ec vedono il trombonista di Jovanotti che \u00e8 anche uno dei pi\u00f9 grandi musicisti jazz del mondo. Grazie a una collaborazione con il <strong>Musicus Concentus<\/strong>\u00a0a cui teniamo moltissimo, tutti i sabati facciamo un programma di concerti pensato per i giovanissimi. Poi torneranno i <strong>Punkreas<\/strong> una delle prime band che suon\u00f2 nella sede del quartiere Shangai, sicuramente ad anno nuovo avremo i<strong> Savana Funk<\/strong>, torneranno i\u00a0<strong>Modena City Ramblers<\/strong> il 24 aprile e penso che ci sar\u00e0 un tour nel club della <strong>Bandabard\u00f2 con Cisco<\/strong> e verranno al The Cage perch\u00e8 qui sono sempre benvenuti, con Orla, Nuti e lo scomparso Erriquez <strong>siamo fratelli.\u00a0<\/strong><\/p>\n<figure id=\"post-253540 media-253540\" class=\"align-none\"><img decoding=\"async\" src=\"https:\/\/www.intoscana.it\/wp-content\/uploads\/BANDABARDo-28-Concerto_02-2015_02-04-2016_07-04-2018-scaled.jpg\" alt=\"\" \/><\/figure>\n<div class=\"titleimg\">Erriquez della Bandabard\u00f2<\/div>\n<p>&nbsp;<\/p>\n<p>&nbsp;<\/p>\n<p>&nbsp;<\/p>\n","protected":false},"excerpt":{"rendered":"<p>Intervista a uno dei fondatori Toto Barbato che ci racconta 20 anni di attivit\u00e0 di uno dei club musicali pi\u00f9 longevi d&#8217;Italia da cui sono passati anche i\u00a0M\u00e5neskin\u00a0nel loro primo tour ufficiale<\/p>\n","protected":false},"author":518,"featured_media":253544,"comment_status":"open","ping_status":"open","sticky":false,"template":"","format":"standard","meta":{"_acf_changed":false,"footnotes":""},"categories":[14],"tags":[216,273,167],"class_list":["post-253539","post","type-post","status-publish","format-standard","has-post-thumbnail","hentry","category-musica","tag-concerti","tag-livorno","tag-musica"],"acf":[],"yoast_head":"<!-- This site is optimized with the Yoast SEO Premium plugin v24.2 (Yoast SEO v25.6) - https:\/\/yoast.com\/wordpress\/plugins\/seo\/ -->\n<title>Il The Cage di Livorno festeggia 20 anni: un club che ha cambiato la vita della citt\u00e0 labronica - intoscana<\/title>\n<meta name=\"description\" content=\"Intervista a Toto Barbato che ci racconta 20 anni di attivit\u00e0 tra alti e bassi di uno dei club musicali pi\u00f9 longevi d&#039;Italia\" \/>\n<meta name=\"robots\" content=\"index, follow, max-snippet:-1, max-image-preview:large, max-video-preview:-1\" \/>\n<link rel=\"canonical\" href=\"https:\/\/www.intoscana.it\/it\/the-cage-livorno-20-anni-libro\/\" \/>\n<meta property=\"og:locale\" content=\"it_IT\" \/>\n<meta property=\"og:type\" content=\"article\" \/>\n<meta property=\"og:title\" content=\"Il The Cage di Livorno festeggia 20 anni: un club che ha cambiato la vita della citt\u00e0 labronica\" \/>\n<meta property=\"og:description\" content=\"Intervista a Toto Barbato che ci racconta 20 anni di attivit\u00e0 tra alti e bassi di uno dei club musicali pi\u00f9 longevi d&#039;Italia\" \/>\n<meta property=\"og:url\" content=\"https:\/\/www.intoscana.it\/it\/the-cage-livorno-20-anni-libro\/\" \/>\n<meta property=\"og:site_name\" content=\"intoscana\" \/>\n<meta property=\"article:publisher\" content=\"https:\/\/www.facebook.com\/intoscana.it\" \/>\n<meta property=\"article:published_time\" content=\"2022-10-19T14:03:04+00:00\" \/>\n<meta property=\"article:modified_time\" content=\"2022-10-19T14:24:27+00:00\" \/>\n<meta property=\"og:image\" content=\"https:\/\/www.intoscana.it\/wp-content\/uploads\/Concerto_Lagwagon-12-06-2012_03-04-2015--scaled.jpg\" \/>\n\t<meta property=\"og:image:width\" content=\"2048\" \/>\n\t<meta property=\"og:image:height\" content=\"1365\" \/>\n\t<meta property=\"og:image:type\" content=\"image\/jpeg\" \/>\n<meta name=\"author\" content=\"Costanza Baldini\" \/>\n<meta name=\"twitter:card\" content=\"summary_large_image\" \/>\n<meta name=\"twitter:creator\" content=\"@intoscana\" \/>\n<meta name=\"twitter:site\" content=\"@intoscana\" \/>\n<meta name=\"twitter:label1\" content=\"Written by\" \/>\n\t<meta name=\"twitter:data1\" content=\"Costanza Baldini\" \/>\n\t<meta name=\"twitter:label2\" content=\"Est. reading time\" \/>\n\t<meta name=\"twitter:data2\" content=\"7 minuti\" \/>\n<script type=\"application\/ld+json\" class=\"yoast-schema-graph\">{\"@context\":\"https:\/\/schema.org\",\"@graph\":[{\"@type\":\"WebPage\",\"@id\":\"https:\/\/www.intoscana.it\/it\/the-cage-livorno-20-anni-libro\/\",\"url\":\"https:\/\/www.intoscana.it\/it\/the-cage-livorno-20-anni-libro\/\",\"name\":\"Il The Cage di Livorno festeggia 20 anni: un club che ha cambiato la vita della citt\u00e0 labronica - intoscana\",\"isPartOf\":{\"@id\":\"https:\/\/www.intoscana.it\/it\/#website\"},\"primaryImageOfPage\":{\"@id\":\"https:\/\/www.intoscana.it\/it\/the-cage-livorno-20-anni-libro\/#primaryimage\"},\"image\":{\"@id\":\"https:\/\/www.intoscana.it\/it\/the-cage-livorno-20-anni-libro\/#primaryimage\"},\"thumbnailUrl\":\"https:\/\/www.intoscana.it\/wp-content\/uploads\/Concerto_Lagwagon-12-06-2012_03-04-2015--scaled.jpg\",\"datePublished\":\"2022-10-19T14:03:04+00:00\",\"dateModified\":\"2022-10-19T14:24:27+00:00\",\"author\":{\"@id\":\"https:\/\/www.intoscana.it\/it\/#\/schema\/person\/d469f35f09739bdf00bf5dd3f0647a82\"},\"description\":\"Intervista a Toto Barbato che ci racconta 20 anni di attivit\u00e0 tra alti e bassi di uno dei club musicali pi\u00f9 longevi d'Italia\",\"breadcrumb\":{\"@id\":\"https:\/\/www.intoscana.it\/it\/the-cage-livorno-20-anni-libro\/#breadcrumb\"},\"inLanguage\":\"it-IT\",\"potentialAction\":[{\"@type\":\"ReadAction\",\"target\":[\"https:\/\/www.intoscana.it\/it\/the-cage-livorno-20-anni-libro\/\"]}]},{\"@type\":\"ImageObject\",\"inLanguage\":\"it-IT\",\"@id\":\"https:\/\/www.intoscana.it\/it\/the-cage-livorno-20-anni-libro\/#primaryimage\",\"url\":\"https:\/\/www.intoscana.it\/wp-content\/uploads\/Concerto_Lagwagon-12-06-2012_03-04-2015--scaled.jpg\",\"contentUrl\":\"https:\/\/www.intoscana.it\/wp-content\/uploads\/Concerto_Lagwagon-12-06-2012_03-04-2015--scaled.jpg\",\"width\":2048,\"height\":1365,\"caption\":\"Lagwagon\"},{\"@type\":\"BreadcrumbList\",\"@id\":\"https:\/\/www.intoscana.it\/it\/the-cage-livorno-20-anni-libro\/#breadcrumb\",\"itemListElement\":[{\"@type\":\"ListItem\",\"position\":1,\"name\":\"Home\",\"item\":\"https:\/\/www.intoscana.it\/it\/\"},{\"@type\":\"ListItem\",\"position\":2,\"name\":\"Il The Cage di Livorno festeggia 20 anni: un club che ha cambiato la vita della citt\u00e0 labronica\"}]},{\"@type\":\"WebSite\",\"@id\":\"https:\/\/www.intoscana.it\/it\/#website\",\"url\":\"https:\/\/www.intoscana.it\/it\/\",\"name\":\"intoscana\",\"description\":\"\",\"potentialAction\":[{\"@type\":\"SearchAction\",\"target\":{\"@type\":\"EntryPoint\",\"urlTemplate\":\"https:\/\/www.intoscana.it\/it\/?s={search_term_string}\"},\"query-input\":{\"@type\":\"PropertyValueSpecification\",\"valueRequired\":true,\"valueName\":\"search_term_string\"}}],\"inLanguage\":\"it-IT\"},{\"@type\":\"Person\",\"@id\":\"https:\/\/www.intoscana.it\/it\/#\/schema\/person\/d469f35f09739bdf00bf5dd3f0647a82\",\"name\":\"Costanza Baldini\",\"url\":\"https:\/\/www.intoscana.it\/it\/author\/costanza-baldini\/\"}]}<\/script>\n<!-- \/ Yoast SEO Premium plugin. -->","yoast_head_json":{"title":"Il The Cage di Livorno festeggia 20 anni: un club che ha cambiato la vita della citt\u00e0 labronica - intoscana","description":"Intervista a Toto Barbato che ci racconta 20 anni di attivit\u00e0 tra alti e bassi di uno dei club musicali pi\u00f9 longevi d'Italia","robots":{"index":"index","follow":"follow","max-snippet":"max-snippet:-1","max-image-preview":"max-image-preview:large","max-video-preview":"max-video-preview:-1"},"canonical":"https:\/\/www.intoscana.it\/it\/the-cage-livorno-20-anni-libro\/","og_locale":"it_IT","og_type":"article","og_title":"Il The Cage di Livorno festeggia 20 anni: un club che ha cambiato la vita della citt\u00e0 labronica","og_description":"Intervista a Toto Barbato che ci racconta 20 anni di attivit\u00e0 tra alti e bassi di uno dei club musicali pi\u00f9 longevi d'Italia","og_url":"https:\/\/www.intoscana.it\/it\/the-cage-livorno-20-anni-libro\/","og_site_name":"intoscana","article_publisher":"https:\/\/www.facebook.com\/intoscana.it","article_published_time":"2022-10-19T14:03:04+00:00","article_modified_time":"2022-10-19T14:24:27+00:00","og_image":[{"width":2048,"height":1365,"url":"https:\/\/www.intoscana.it\/wp-content\/uploads\/Concerto_Lagwagon-12-06-2012_03-04-2015--scaled.jpg","type":"image\/jpeg"}],"author":"Costanza Baldini","twitter_card":"summary_large_image","twitter_creator":"@intoscana","twitter_site":"@intoscana","twitter_misc":{"Written by":"Costanza Baldini","Est. reading time":"7 minuti"},"schema":{"@context":"https:\/\/schema.org","@graph":[{"@type":"WebPage","@id":"https:\/\/www.intoscana.it\/it\/the-cage-livorno-20-anni-libro\/","url":"https:\/\/www.intoscana.it\/it\/the-cage-livorno-20-anni-libro\/","name":"Il The Cage di Livorno festeggia 20 anni: un club che ha cambiato la vita della citt\u00e0 labronica - intoscana","isPartOf":{"@id":"https:\/\/www.intoscana.it\/it\/#website"},"primaryImageOfPage":{"@id":"https:\/\/www.intoscana.it\/it\/the-cage-livorno-20-anni-libro\/#primaryimage"},"image":{"@id":"https:\/\/www.intoscana.it\/it\/the-cage-livorno-20-anni-libro\/#primaryimage"},"thumbnailUrl":"https:\/\/www.intoscana.it\/wp-content\/uploads\/Concerto_Lagwagon-12-06-2012_03-04-2015--scaled.jpg","datePublished":"2022-10-19T14:03:04+00:00","dateModified":"2022-10-19T14:24:27+00:00","author":{"@id":"https:\/\/www.intoscana.it\/it\/#\/schema\/person\/d469f35f09739bdf00bf5dd3f0647a82"},"description":"Intervista a Toto Barbato che ci racconta 20 anni di attivit\u00e0 tra alti e bassi di uno dei club musicali pi\u00f9 longevi d'Italia","breadcrumb":{"@id":"https:\/\/www.intoscana.it\/it\/the-cage-livorno-20-anni-libro\/#breadcrumb"},"inLanguage":"it-IT","potentialAction":[{"@type":"ReadAction","target":["https:\/\/www.intoscana.it\/it\/the-cage-livorno-20-anni-libro\/"]}]},{"@type":"ImageObject","inLanguage":"it-IT","@id":"https:\/\/www.intoscana.it\/it\/the-cage-livorno-20-anni-libro\/#primaryimage","url":"https:\/\/www.intoscana.it\/wp-content\/uploads\/Concerto_Lagwagon-12-06-2012_03-04-2015--scaled.jpg","contentUrl":"https:\/\/www.intoscana.it\/wp-content\/uploads\/Concerto_Lagwagon-12-06-2012_03-04-2015--scaled.jpg","width":2048,"height":1365,"caption":"Lagwagon"},{"@type":"BreadcrumbList","@id":"https:\/\/www.intoscana.it\/it\/the-cage-livorno-20-anni-libro\/#breadcrumb","itemListElement":[{"@type":"ListItem","position":1,"name":"Home","item":"https:\/\/www.intoscana.it\/it\/"},{"@type":"ListItem","position":2,"name":"Il The Cage di Livorno festeggia 20 anni: un club che ha cambiato la vita della citt\u00e0 labronica"}]},{"@type":"WebSite","@id":"https:\/\/www.intoscana.it\/it\/#website","url":"https:\/\/www.intoscana.it\/it\/","name":"intoscana","description":"","potentialAction":[{"@type":"SearchAction","target":{"@type":"EntryPoint","urlTemplate":"https:\/\/www.intoscana.it\/it\/?s={search_term_string}"},"query-input":{"@type":"PropertyValueSpecification","valueRequired":true,"valueName":"search_term_string"}}],"inLanguage":"it-IT"},{"@type":"Person","@id":"https:\/\/www.intoscana.it\/it\/#\/schema\/person\/d469f35f09739bdf00bf5dd3f0647a82","name":"Costanza Baldini","url":"https:\/\/www.intoscana.it\/it\/author\/costanza-baldini\/"}]}},"_links":{"self":[{"href":"https:\/\/www.intoscana.it\/it\/wp-json\/wp\/v2\/posts\/253539","targetHints":{"allow":["GET"]}}],"collection":[{"href":"https:\/\/www.intoscana.it\/it\/wp-json\/wp\/v2\/posts"}],"about":[{"href":"https:\/\/www.intoscana.it\/it\/wp-json\/wp\/v2\/types\/post"}],"author":[{"embeddable":true,"href":"https:\/\/www.intoscana.it\/it\/wp-json\/wp\/v2\/users\/518"}],"replies":[{"embeddable":true,"href":"https:\/\/www.intoscana.it\/it\/wp-json\/wp\/v2\/comments?post=253539"}],"version-history":[{"count":0,"href":"https:\/\/www.intoscana.it\/it\/wp-json\/wp\/v2\/posts\/253539\/revisions"}],"wp:featuredmedia":[{"embeddable":true,"href":"https:\/\/www.intoscana.it\/it\/wp-json\/wp\/v2\/media\/253544"}],"wp:attachment":[{"href":"https:\/\/www.intoscana.it\/it\/wp-json\/wp\/v2\/media?parent=253539"}],"wp:term":[{"taxonomy":"category","embeddable":true,"href":"https:\/\/www.intoscana.it\/it\/wp-json\/wp\/v2\/categories?post=253539"},{"taxonomy":"post_tag","embeddable":true,"href":"https:\/\/www.intoscana.it\/it\/wp-json\/wp\/v2\/tags?post=253539"}],"curies":[{"name":"wp","href":"https:\/\/api.w.org\/{rel}","templated":true}]}}