{"id":253560,"date":"2022-10-19T10:16:41","date_gmt":"2022-10-19T08:16:41","guid":{"rendered":"https:\/\/www.intoscana.it\/it\/?p=253560"},"modified":"2022-10-19T10:16:41","modified_gmt":"2022-10-19T08:16:41","slug":"a-scuola-con-nonna-renata-la-maestra-di-97-anni-torna-in-classe-per-un-giorno","status":"publish","type":"post","link":"https:\/\/www.intoscana.it\/it\/a-scuola-con-nonna-renata-la-maestra-di-97-anni-torna-in-classe-per-un-giorno\/","title":{"rendered":"A scuola con nonna Renata: la maestra di 97 anni torna in classe per un giorno"},"content":{"rendered":"<p><strong>Si chiama Renata Dei, ha 97 anni, di cui 42 anni passati a insegnare alle elementari, e nei giorni scorsi \u00e8 tornata in classe<\/strong> per tenere ai piccoli alunni della scuola scuola primaria di San Donato in Poggio, a Barberino Tavarnelle, una lezione speciale di storia, raccontando la vita di un tempo e il suo amore per i bambini.<\/p>\n<h3>La vita di Renata: una pagina di storia<\/h3>\n<p><strong>Dalla ragazza con la valigia piena di libri e speranze che inizi\u00f2 nell&#8217;immediato dopoguerra<\/strong> a trasmettere nozioni di italiano, scienze e matematica per istruire i bambini di Bruscoli, sul Passo della Futa, fino alla donna che per sei cicli scolastici, radic\u00f2 responsabilit\u00e0 e coltiv\u00f2 l\u2019amore per la professione e i propri allievi, nella scuola elementare di Tavarnelle Val di Pesa, un tempo situata in via Naldini, nell\u2019edificio adiacente all&#8217;attuale Asilo Vincenzo Corti.<\/p>\n<p><strong>Il lungo percorso umano e professionale di Renata Dei che ha insegnato per 42 anni \u00e8 una pagina di storia vivente e una testimonianza diretta,<\/strong> fondamentale per la conoscenza della vita scolastica del Paese e dell&#8217;attivit\u00e0 didattica nella scuola pubblica italiana.<\/p>\n<p>Per la maestra Lucia Del Lungo della scuola primaria &#8220;Giuseppe Mazzini&#8221; di San Donato in Poggio, che \u00e8 stata allieva della maestra Renata fino all&#8217;anno della pensione, avvenuta nel 1989, \u00e8 stata un&#8217;emozione averla in classe e presentarla ai suoi allievi.<\/p>\n<figure id=\"post-253564 media-253564\" class=\"align-none\">\n<p><figure style=\"width: 2048px\" class=\"wp-caption alignnone\"><img loading=\"lazy\" decoding=\"async\" src=\"https:\/\/www.intoscana.it\/wp-content\/uploads\/Renata-Dei-in-classe.jpg\" alt=\"\" width=\"2048\" height=\"1537\" \/><figcaption class=\"wp-caption-text\">Renata Dei alla scuola primaria di San Donato in Poggio<\/figcaption><\/figure><\/figure>\n<h3>Le domande e le curiosit\u00e0 dei piccoli studenti<\/h3>\n<p>I bambini, nei panni di aspiranti storici, nell&#8217;ambito del programma scolastico che li sta impegnando ad affrontare il significato del passato e delle fonti orali e scritte, hanno accolto l&#8217;ultranovantenne con grande affetto e curiosit\u00e0. <strong>Tante le domande e le riflessioni che hanno aperto un confronto e un dialogo vivace con gli studenti<\/strong> della III G dell&#8217;Istituto comprensivo Don Lorenzo Milani diretto da Anna Maria Pia Misiti. Quali erano le materie di insegnamento, come trascorrevano la ricreazione, quali erano i giochi preferiti e di cosa si servivano gli allievi di allora per scrivere e studiare.<\/p>\n<p><em>\u201cLe materie? Tutte quelle che potete immaginare<\/em> \u2013 ha esordito Renata &#8211; <em>allora c\u2019era un\u2019unica maestra per i diversi campi del sapere\u201d.<\/em> Parlando della ricreazione <em>\u201cla pausa era un momento di socialit\u00e0 negli ampi spazi aperti che circondavano la scuola, facevamo tanti giochi, nascondino, bandierina, la parola del silenzio\u201d.<\/em> E a proposito dei materiali scolastici <em>\u201c<strong>avevamo pochi strumenti ma essenziali, notebooks e matite, mentre i libri erano quelli messi a disposizione dal Comun<\/strong>e e se eravamo fortunati potevamo commentare insieme i volumi portati da casa dagli stessi studenti per le letture collettive e in libert\u00e0\u201d.<\/em><\/p>\n<p><strong>Renata ha parlato con entusiasmo e gioia alla classe, ha ricordato i momenti difficili, la povert\u00e0 e la paura degli scolari<\/strong> che, appena terminata la guerra, percorrevano svariati chilometri a piedi, indossando calzature di fortuna, per arrivare in classe con il rischio di perdere la vita lungo il cammino minato dai tedeschi. E quelli pieni di umanit\u00e0 impressi nella sua memoria, come il fiore raccolto ogni mattina e offerto alla maestra per ringraziarla prima ancora di iniziare la giornata, la lettura del libro che pi\u00f9 appassionava gli studenti, \u201cIl diario di Anna Frank\u201d, e le lezioni svolte all&#8217;aperto per esercitarsi nel disegno dal vero.<\/p>\n<p><em><strong>\u201cL&#8217;insegnamento \u00e8 stato come una luce che ha illuminato la mia vita<\/strong><\/em> \u2013 ha dichiarato Renata &#8211;<em><strong> se potessi rifarei la maestra nella stessa identica maniera<\/strong> e sono felice che adesso sia Lucia, la mia ex allieva, a portare avanti questa missione con la professionalit\u00e0 e la dolcezza che la caratterizzano, un&#8217;insegnante deve sapere costruire relazioni e modelli educativi, deve saper amare, non pu\u00f2 far mancare in classe la vitalit\u00e0, la fiducia e l\u2019ottimismo di cui i bambini hanno bisogno mentre forgiano il loro spirito, accanto al tuo, e si preparano a diventare grandi\u201d.<\/em><\/p>\n<p>Anche il sindaco David Baroncelli ha voluto salutare la maestra centenaria e ricordare con lei alcuni dei momenti della storia della scuola di Tavarnelle.<\/p>\n","protected":false},"excerpt":{"rendered":"<p>A Barberino Tavernelle Renata Dei, che ha insegnato per 42 anni, ha tenuto davanti ai bambini delle elementari una lezione di storia sulla sua vita, che ha attraversato tutto il Novecento<\/p>\n","protected":false},"author":502,"featured_media":253562,"comment_status":"open","ping_status":"open","sticky":false,"template":"","format":"standard","meta":{"_acf_changed":false,"footnotes":""},"categories":[4],"tags":[370,212],"class_list":["post-253560","post","type-post","status-publish","format-standard","has-post-thumbnail","hentry","category-storie","tag-anziani","tag-scuola"],"acf":[],"yoast_head":"<!-- This site is optimized with the Yoast SEO Premium plugin v24.2 (Yoast SEO v25.6) - https:\/\/yoast.com\/wordpress\/plugins\/seo\/ -->\n<title>A scuola con nonna Renata: la maestra di 97 anni torna in classe per un giorno - intoscana<\/title>\n<meta name=\"description\" content=\"A Barberino Tavernelle Renata Dei maestra di 97 anni in pensione \u00e8 tornata in cattedra per un giorno per raccontare la storia della sua vita.\" \/>\n<meta name=\"robots\" content=\"index, follow, max-snippet:-1, max-image-preview:large, max-video-preview:-1\" \/>\n<link rel=\"canonical\" href=\"https:\/\/www.intoscana.it\/it\/a-scuola-con-nonna-renata-la-maestra-di-97-anni-torna-in-classe-per-un-giorno\/\" \/>\n<meta property=\"og:locale\" content=\"it_IT\" \/>\n<meta property=\"og:type\" content=\"article\" \/>\n<meta property=\"og:title\" content=\"A scuola con nonna Renata: la maestra di 97 anni torna in classe per un giorno\" \/>\n<meta property=\"og:description\" content=\"A Barberino Tavernelle Renata Dei maestra di 97 anni in pensione \u00e8 tornata in cattedra per un giorno per raccontare la storia della sua vita.\" \/>\n<meta property=\"og:url\" content=\"https:\/\/www.intoscana.it\/it\/a-scuola-con-nonna-renata-la-maestra-di-97-anni-torna-in-classe-per-un-giorno\/\" \/>\n<meta property=\"og:site_name\" content=\"intoscana\" \/>\n<meta property=\"article:publisher\" content=\"https:\/\/www.facebook.com\/intoscana.it\" \/>\n<meta property=\"article:published_time\" content=\"2022-10-19T08:16:41+00:00\" \/>\n<meta property=\"og:image\" content=\"https:\/\/www.intoscana.it\/wp-content\/uploads\/Renata-Dei-in-classe-scuola-primaria-San-Donato-in-Poggio.jpg\" \/>\n\t<meta property=\"og:image:width\" content=\"2048\" \/>\n\t<meta property=\"og:image:height\" content=\"1537\" \/>\n\t<meta property=\"og:image:type\" content=\"image\/jpeg\" \/>\n<meta name=\"author\" content=\"Ilaria Giannini\" \/>\n<meta name=\"twitter:card\" content=\"summary_large_image\" \/>\n<meta name=\"twitter:creator\" content=\"@i.giannini@fst.it\" \/>\n<meta name=\"twitter:site\" content=\"@intoscana\" \/>\n<meta name=\"twitter:label1\" content=\"Written by\" \/>\n\t<meta name=\"twitter:data1\" content=\"Ilaria Giannini\" \/>\n\t<meta name=\"twitter:label2\" content=\"Est. reading time\" \/>\n\t<meta name=\"twitter:data2\" content=\"3 minuti\" \/>\n<script type=\"application\/ld+json\" class=\"yoast-schema-graph\">{\"@context\":\"https:\/\/schema.org\",\"@graph\":[{\"@type\":\"WebPage\",\"@id\":\"https:\/\/www.intoscana.it\/it\/a-scuola-con-nonna-renata-la-maestra-di-97-anni-torna-in-classe-per-un-giorno\/\",\"url\":\"https:\/\/www.intoscana.it\/it\/a-scuola-con-nonna-renata-la-maestra-di-97-anni-torna-in-classe-per-un-giorno\/\",\"name\":\"A scuola con nonna Renata: la maestra di 97 anni torna in classe per un giorno - intoscana\",\"isPartOf\":{\"@id\":\"https:\/\/www.intoscana.it\/it\/#website\"},\"primaryImageOfPage\":{\"@id\":\"https:\/\/www.intoscana.it\/it\/a-scuola-con-nonna-renata-la-maestra-di-97-anni-torna-in-classe-per-un-giorno\/#primaryimage\"},\"image\":{\"@id\":\"https:\/\/www.intoscana.it\/it\/a-scuola-con-nonna-renata-la-maestra-di-97-anni-torna-in-classe-per-un-giorno\/#primaryimage\"},\"thumbnailUrl\":\"https:\/\/www.intoscana.it\/wp-content\/uploads\/Renata-Dei-in-classe-scuola-primaria-San-Donato-in-Poggio.jpg\",\"datePublished\":\"2022-10-19T08:16:41+00:00\",\"author\":{\"@id\":\"https:\/\/www.intoscana.it\/it\/#\/schema\/person\/de95e1ed2c1c8c30a6922bbba3a90185\"},\"description\":\"A Barberino Tavernelle Renata Dei maestra di 97 anni in pensione \u00e8 tornata in cattedra per un giorno per raccontare la storia della sua vita.\",\"breadcrumb\":{\"@id\":\"https:\/\/www.intoscana.it\/it\/a-scuola-con-nonna-renata-la-maestra-di-97-anni-torna-in-classe-per-un-giorno\/#breadcrumb\"},\"inLanguage\":\"it-IT\",\"potentialAction\":[{\"@type\":\"ReadAction\",\"target\":[\"https:\/\/www.intoscana.it\/it\/a-scuola-con-nonna-renata-la-maestra-di-97-anni-torna-in-classe-per-un-giorno\/\"]}]},{\"@type\":\"ImageObject\",\"inLanguage\":\"it-IT\",\"@id\":\"https:\/\/www.intoscana.it\/it\/a-scuola-con-nonna-renata-la-maestra-di-97-anni-torna-in-classe-per-un-giorno\/#primaryimage\",\"url\":\"https:\/\/www.intoscana.it\/wp-content\/uploads\/Renata-Dei-in-classe-scuola-primaria-San-Donato-in-Poggio.jpg\",\"contentUrl\":\"https:\/\/www.intoscana.it\/wp-content\/uploads\/Renata-Dei-in-classe-scuola-primaria-San-Donato-in-Poggio.jpg\",\"width\":2048,\"height\":1537,\"caption\":\"Renata Dei alla scuola primaria di San Donato in Poggio\"},{\"@type\":\"BreadcrumbList\",\"@id\":\"https:\/\/www.intoscana.it\/it\/a-scuola-con-nonna-renata-la-maestra-di-97-anni-torna-in-classe-per-un-giorno\/#breadcrumb\",\"itemListElement\":[{\"@type\":\"ListItem\",\"position\":1,\"name\":\"Home\",\"item\":\"https:\/\/www.intoscana.it\/it\/\"},{\"@type\":\"ListItem\",\"position\":2,\"name\":\"A scuola con nonna Renata: la maestra di 97 anni torna in classe per un giorno\"}]},{\"@type\":\"WebSite\",\"@id\":\"https:\/\/www.intoscana.it\/it\/#website\",\"url\":\"https:\/\/www.intoscana.it\/it\/\",\"name\":\"intoscana\",\"description\":\"\",\"potentialAction\":[{\"@type\":\"SearchAction\",\"target\":{\"@type\":\"EntryPoint\",\"urlTemplate\":\"https:\/\/www.intoscana.it\/it\/?s={search_term_string}\"},\"query-input\":{\"@type\":\"PropertyValueSpecification\",\"valueRequired\":true,\"valueName\":\"search_term_string\"}}],\"inLanguage\":\"it-IT\"},{\"@type\":\"Person\",\"@id\":\"https:\/\/www.intoscana.it\/it\/#\/schema\/person\/de95e1ed2c1c8c30a6922bbba3a90185\",\"name\":\"Ilaria Giannini\",\"sameAs\":[\"https:\/\/x.com\/i.giannini@fst.it\"],\"url\":\"https:\/\/www.intoscana.it\/it\/author\/ilaria-giannini\/\"}]}<\/script>\n<!-- \/ Yoast SEO Premium plugin. -->","yoast_head_json":{"title":"A scuola con nonna Renata: la maestra di 97 anni torna in classe per un giorno - intoscana","description":"A Barberino Tavernelle Renata Dei maestra di 97 anni in pensione \u00e8 tornata in cattedra per un giorno per raccontare la storia della sua vita.","robots":{"index":"index","follow":"follow","max-snippet":"max-snippet:-1","max-image-preview":"max-image-preview:large","max-video-preview":"max-video-preview:-1"},"canonical":"https:\/\/www.intoscana.it\/it\/a-scuola-con-nonna-renata-la-maestra-di-97-anni-torna-in-classe-per-un-giorno\/","og_locale":"it_IT","og_type":"article","og_title":"A scuola con nonna Renata: la maestra di 97 anni torna in classe per un giorno","og_description":"A Barberino Tavernelle Renata Dei maestra di 97 anni in pensione \u00e8 tornata in cattedra per un giorno per raccontare la storia della sua vita.","og_url":"https:\/\/www.intoscana.it\/it\/a-scuola-con-nonna-renata-la-maestra-di-97-anni-torna-in-classe-per-un-giorno\/","og_site_name":"intoscana","article_publisher":"https:\/\/www.facebook.com\/intoscana.it","article_published_time":"2022-10-19T08:16:41+00:00","og_image":[{"width":2048,"height":1537,"url":"https:\/\/www.intoscana.it\/wp-content\/uploads\/Renata-Dei-in-classe-scuola-primaria-San-Donato-in-Poggio.jpg","type":"image\/jpeg"}],"author":"Ilaria Giannini","twitter_card":"summary_large_image","twitter_creator":"@i.giannini@fst.it","twitter_site":"@intoscana","twitter_misc":{"Written by":"Ilaria Giannini","Est. reading time":"3 minuti"},"schema":{"@context":"https:\/\/schema.org","@graph":[{"@type":"WebPage","@id":"https:\/\/www.intoscana.it\/it\/a-scuola-con-nonna-renata-la-maestra-di-97-anni-torna-in-classe-per-un-giorno\/","url":"https:\/\/www.intoscana.it\/it\/a-scuola-con-nonna-renata-la-maestra-di-97-anni-torna-in-classe-per-un-giorno\/","name":"A scuola con nonna Renata: la maestra di 97 anni torna in classe per un giorno - intoscana","isPartOf":{"@id":"https:\/\/www.intoscana.it\/it\/#website"},"primaryImageOfPage":{"@id":"https:\/\/www.intoscana.it\/it\/a-scuola-con-nonna-renata-la-maestra-di-97-anni-torna-in-classe-per-un-giorno\/#primaryimage"},"image":{"@id":"https:\/\/www.intoscana.it\/it\/a-scuola-con-nonna-renata-la-maestra-di-97-anni-torna-in-classe-per-un-giorno\/#primaryimage"},"thumbnailUrl":"https:\/\/www.intoscana.it\/wp-content\/uploads\/Renata-Dei-in-classe-scuola-primaria-San-Donato-in-Poggio.jpg","datePublished":"2022-10-19T08:16:41+00:00","author":{"@id":"https:\/\/www.intoscana.it\/it\/#\/schema\/person\/de95e1ed2c1c8c30a6922bbba3a90185"},"description":"A Barberino Tavernelle Renata Dei maestra di 97 anni in pensione \u00e8 tornata in cattedra per un giorno per raccontare la storia della sua vita.","breadcrumb":{"@id":"https:\/\/www.intoscana.it\/it\/a-scuola-con-nonna-renata-la-maestra-di-97-anni-torna-in-classe-per-un-giorno\/#breadcrumb"},"inLanguage":"it-IT","potentialAction":[{"@type":"ReadAction","target":["https:\/\/www.intoscana.it\/it\/a-scuola-con-nonna-renata-la-maestra-di-97-anni-torna-in-classe-per-un-giorno\/"]}]},{"@type":"ImageObject","inLanguage":"it-IT","@id":"https:\/\/www.intoscana.it\/it\/a-scuola-con-nonna-renata-la-maestra-di-97-anni-torna-in-classe-per-un-giorno\/#primaryimage","url":"https:\/\/www.intoscana.it\/wp-content\/uploads\/Renata-Dei-in-classe-scuola-primaria-San-Donato-in-Poggio.jpg","contentUrl":"https:\/\/www.intoscana.it\/wp-content\/uploads\/Renata-Dei-in-classe-scuola-primaria-San-Donato-in-Poggio.jpg","width":2048,"height":1537,"caption":"Renata Dei alla scuola primaria di San Donato in Poggio"},{"@type":"BreadcrumbList","@id":"https:\/\/www.intoscana.it\/it\/a-scuola-con-nonna-renata-la-maestra-di-97-anni-torna-in-classe-per-un-giorno\/#breadcrumb","itemListElement":[{"@type":"ListItem","position":1,"name":"Home","item":"https:\/\/www.intoscana.it\/it\/"},{"@type":"ListItem","position":2,"name":"A scuola con nonna Renata: la maestra di 97 anni torna in classe per un giorno"}]},{"@type":"WebSite","@id":"https:\/\/www.intoscana.it\/it\/#website","url":"https:\/\/www.intoscana.it\/it\/","name":"intoscana","description":"","potentialAction":[{"@type":"SearchAction","target":{"@type":"EntryPoint","urlTemplate":"https:\/\/www.intoscana.it\/it\/?s={search_term_string}"},"query-input":{"@type":"PropertyValueSpecification","valueRequired":true,"valueName":"search_term_string"}}],"inLanguage":"it-IT"},{"@type":"Person","@id":"https:\/\/www.intoscana.it\/it\/#\/schema\/person\/de95e1ed2c1c8c30a6922bbba3a90185","name":"Ilaria Giannini","sameAs":["https:\/\/x.com\/i.giannini@fst.it"],"url":"https:\/\/www.intoscana.it\/it\/author\/ilaria-giannini\/"}]}},"_links":{"self":[{"href":"https:\/\/www.intoscana.it\/it\/wp-json\/wp\/v2\/posts\/253560","targetHints":{"allow":["GET"]}}],"collection":[{"href":"https:\/\/www.intoscana.it\/it\/wp-json\/wp\/v2\/posts"}],"about":[{"href":"https:\/\/www.intoscana.it\/it\/wp-json\/wp\/v2\/types\/post"}],"author":[{"embeddable":true,"href":"https:\/\/www.intoscana.it\/it\/wp-json\/wp\/v2\/users\/502"}],"replies":[{"embeddable":true,"href":"https:\/\/www.intoscana.it\/it\/wp-json\/wp\/v2\/comments?post=253560"}],"version-history":[{"count":0,"href":"https:\/\/www.intoscana.it\/it\/wp-json\/wp\/v2\/posts\/253560\/revisions"}],"wp:featuredmedia":[{"embeddable":true,"href":"https:\/\/www.intoscana.it\/it\/wp-json\/wp\/v2\/media\/253562"}],"wp:attachment":[{"href":"https:\/\/www.intoscana.it\/it\/wp-json\/wp\/v2\/media?parent=253560"}],"wp:term":[{"taxonomy":"category","embeddable":true,"href":"https:\/\/www.intoscana.it\/it\/wp-json\/wp\/v2\/categories?post=253560"},{"taxonomy":"post_tag","embeddable":true,"href":"https:\/\/www.intoscana.it\/it\/wp-json\/wp\/v2\/tags?post=253560"}],"curies":[{"name":"wp","href":"https:\/\/api.w.org\/{rel}","templated":true}]}}