{"id":253627,"date":"2022-10-19T13:22:28","date_gmt":"2022-10-19T11:22:28","guid":{"rendered":"https:\/\/www.intoscana.it\/it\/?p=253627"},"modified":"2022-10-19T13:22:28","modified_gmt":"2022-10-19T11:22:28","slug":"firenze-e-prato-tra-le-nove-citta-italiane-a-zero-c02-nel-2030","status":"publish","type":"post","link":"https:\/\/www.intoscana.it\/it\/firenze-e-prato-tra-le-nove-citta-italiane-a-zero-c02-nel-2030\/","title":{"rendered":"Firenze e Prato tra le nove citt\u00e0 italiane a zero C02 nel 2030"},"content":{"rendered":"<p><strong>Ci sono anche Firenze e Prato tra le nove citt\u00e0 italianeche impegnate a raggiungere la neutralit\u00e0 climatica nel 2030, invece che nel 2050<\/strong>. Le due citt\u00e0 toscane saranno quindi insieme a Bergamo, Bologna, Milano, Padova, Parma, Roma e Torino veri laboratori di innovazione, dove saranno sperimentate soluzioni innovative di decarbonizzazione, da estendere poi al resto d&#8217;Italia.<\/p>\n<p>A suggerire le linee di intervento, anche grazie all&#8217;uso del Fondo per la mobilit\u00e0 sostenibile, che prevede un miliardo di euro di investimenti, \u00e8 il Rapporto della Struttura per la transizione ecologica della mobilit\u00e0 e delle infrastrutture del ministero delle Infrastrutture e della Mobilit\u00e0 Sostenibili, presentato oggi in un incontro del ministro Giovannini con i 9 sindaci.<\/p>\n<p><strong>Le nove citt\u00e0 sono state selezionate dalla Commissione europea tra le 100 partecipanti alla Missione <\/strong><strong>di Horizon Europe &#8220;Climate-neutral and smart cities&#8221;<\/strong> (Citt\u00e0<br \/>\nclimaticamente neutrali e intelligenti), proprio perch\u00e8 si sono impegnate a raggiungere la neutralit\u00e0 climatica gi\u00e0 entro il 2030.<\/p>\n<h3>Rendere pi\u00f9 sostenibili la mobilit\u00e0 e gli edifici<\/h3>\n<p><strong>In Italia, edifici e trasporti producono tra il 70% e il 90% <\/strong><strong>delle emissioni totali di gas serra generate nelle aree urbane <\/strong>che, insieme ad altri inquinanti, causano gravi danni alla<br \/>\nsalute e circa 60.000 morti premature ogni anno, ricorda il Mims in una nota precisando che <strong>il nostro Paese \u00e8 in cima alla <\/strong><strong>classifica dell&#8217;Unione europea per densit\u00e0 di mezzi di trasporto <\/strong><strong>a motore,<\/strong> con una media di 627 automobili e 140 motocicli ogni 1.000 abitanti, ha un parco circolante con un&#8217;et\u00e0 media di circa 12 anni e ancora troppo pochi mezzi a zero emissioni. Per quanto riguarda gli edifici, <strong>circa un terzo del patrimonio edilizio <\/strong><strong>nazionale si colloca nella classe di prestazione energetica peggiore.<\/strong><\/p>\n<p>A partire da un&#8217;analisi della situazione attuale, il Rapporto fornisce alle amministrazioni locali un quadro delle scelte di policy finalizzate alla decarbonizzazione, individuando i settori su cui intervenire per raggiungere <strong>gli obiettivi climatici europei di riduzione al 2030 del 55% delle <\/strong><strong>emissioni e di azzeramento delle stesse nel 2050 (2030 per le <\/strong><strong>nove citt\u00e0 selezionate),<\/strong> rendendo nel contempo le citt\u00e0 pi\u00f9 resilienti ai cambiamenti climatici.<\/p>\n<p>In particolare, il Rapporto illustra le possibilit\u00e0 tecnologiche e le migliori pratiche internazionali <strong>per rendere sostenibili la <\/strong><strong>mobilit\u00e0 urbana e gli edifici (inclusa la produzione di energia <\/strong><strong>rinnovabile nelle citt\u00e0), puntando sulle infrastrutture verdi e <\/strong><strong>le acque urbane,<\/strong> dato il ruolo che rivestono per la mitigazione, l&#8217;adattamento e la prevenzione dei rischi, la salute e il benessere dei cittadini. Inoltre vengono valutate le strategie orientate a generare un cambiamento nelle scelte di famiglie e operatori economici, e le tecnologie. digitali da mettere al servizio della decarbonizzazione e dell&#8217;adattamento al cambiamento climatico.<\/p>\n<h3>Le nove citt\u00e0 come laboratorio di innovazione green<\/h3>\n<p>Prato e Firenze quindi, insieme alle altre sette citt\u00e0 italiane selezionate,<strong> <em>&#8220;potranno <\/em><em>essere dei veri e propri laboratori di innovazione per la <\/em><em>trasformazione ecologica delle aree urbane&#8221;,<\/em><\/strong> e &#8220;i<em>l loro impegno <\/em><em>sar\u00e0 decisivo per sperimentare soluzioni di decarbonizzazione da <\/em><em>estendere alle altre citt\u00e0&#8221;, <\/em>come ha sottolineato il ministro delle Infrastrutture e della Mobilit\u00e0 Sostenibili (Mims), Enrico Giovannini, oggi nella riunione con i sindaci.<\/p>\n<p>L&#8217;impegno dell nove citt\u00e0, ha aggiunto il ministro,<em> &#8220;sar\u00e0 decisivo per sperimentare soluzioni di decarbonizzazione da estendere alle altre citt\u00e0. <strong>Il Rapporto indica le linee di <\/strong><strong>intervento da realizzare, anche grazie all&#8217;uso del Fondo per la <\/strong><strong>mobilit\u00e0 sostenibile, che prevede un miliardo di euro di <\/strong><strong>investimenti per finanziare interventi nelle aree urbane&#8221;.<\/strong><\/em><\/p>\n","protected":false},"excerpt":{"rendered":"<p>Al via la sperimentazione per raggiungere la neutralit\u00e0 climatica tra otto anni, grazie anche a un miliardo di investimenti del Fondo per la mobilit\u00e0 sostenibile<\/p>\n","protected":false},"author":525,"featured_media":104560,"comment_status":"open","ping_status":"open","sticky":false,"template":"","format":"standard","meta":{"_acf_changed":false,"footnotes":""},"categories":[19],"tags":[202,259,5919],"class_list":["post-253627","post","type-post","status-publish","format-standard","has-post-thumbnail","hentry","category-ambiente","tag-firenze","tag-prato","tag-toscana-carbon-neutral"],"acf":[],"yoast_head":"<!-- This site is optimized with the Yoast SEO Premium plugin v24.2 (Yoast SEO v25.6) - https:\/\/yoast.com\/wordpress\/plugins\/seo\/ -->\n<title>Firenze e Prato tra le nove citt\u00e0 italiane a zero C02 nel 2030 - intoscana<\/title>\n<meta name=\"robots\" content=\"index, follow, max-snippet:-1, max-image-preview:large, max-video-preview:-1\" \/>\n<link rel=\"canonical\" href=\"https:\/\/www.intoscana.it\/it\/firenze-e-prato-tra-le-nove-citta-italiane-a-zero-c02-nel-2030\/\" \/>\n<meta property=\"og:locale\" content=\"it_IT\" \/>\n<meta property=\"og:type\" content=\"article\" \/>\n<meta property=\"og:title\" content=\"Firenze e Prato tra le nove citt\u00e0 italiane a zero C02 nel 2030\" \/>\n<meta property=\"og:description\" content=\"Al via la sperimentazione per raggiungere la neutralit\u00e0 climatica tra otto anni, grazie anche a un miliardo di investimenti del Fondo per la mobilit\u00e0 sostenibile\" \/>\n<meta property=\"og:url\" content=\"https:\/\/www.intoscana.it\/it\/firenze-e-prato-tra-le-nove-citta-italiane-a-zero-c02-nel-2030\/\" \/>\n<meta property=\"og:site_name\" content=\"intoscana\" \/>\n<meta property=\"article:publisher\" content=\"https:\/\/www.facebook.com\/intoscana.it\" \/>\n<meta property=\"article:published_time\" content=\"2022-10-19T11:22:28+00:00\" \/>\n<meta property=\"og:image\" content=\"https:\/\/www.intoscana.it\/wp-content\/uploads\/firenze-1263163_960_720.jpg\" \/>\n\t<meta property=\"og:image:width\" content=\"960\" \/>\n\t<meta property=\"og:image:height\" content=\"640\" \/>\n\t<meta property=\"og:image:type\" content=\"image\/jpeg\" \/>\n<meta name=\"author\" content=\"Redazione\" \/>\n<meta name=\"twitter:card\" content=\"summary_large_image\" \/>\n<meta name=\"twitter:creator\" content=\"@intoscana\" \/>\n<meta name=\"twitter:site\" content=\"@intoscana\" \/>\n<meta name=\"twitter:label1\" content=\"Written by\" \/>\n\t<meta name=\"twitter:data1\" content=\"Redazione\" \/>\n\t<meta name=\"twitter:label2\" content=\"Est. reading time\" \/>\n\t<meta name=\"twitter:data2\" content=\"3 minuti\" \/>\n<script type=\"application\/ld+json\" class=\"yoast-schema-graph\">{\"@context\":\"https:\/\/schema.org\",\"@graph\":[{\"@type\":\"WebPage\",\"@id\":\"https:\/\/www.intoscana.it\/it\/firenze-e-prato-tra-le-nove-citta-italiane-a-zero-c02-nel-2030\/\",\"url\":\"https:\/\/www.intoscana.it\/it\/firenze-e-prato-tra-le-nove-citta-italiane-a-zero-c02-nel-2030\/\",\"name\":\"Firenze e Prato tra le nove citt\u00e0 italiane a zero C02 nel 2030 - intoscana\",\"isPartOf\":{\"@id\":\"https:\/\/www.intoscana.it\/it\/#website\"},\"primaryImageOfPage\":{\"@id\":\"https:\/\/www.intoscana.it\/it\/firenze-e-prato-tra-le-nove-citta-italiane-a-zero-c02-nel-2030\/#primaryimage\"},\"image\":{\"@id\":\"https:\/\/www.intoscana.it\/it\/firenze-e-prato-tra-le-nove-citta-italiane-a-zero-c02-nel-2030\/#primaryimage\"},\"thumbnailUrl\":\"https:\/\/www.intoscana.it\/wp-content\/uploads\/firenze-1263163_960_720.jpg\",\"datePublished\":\"2022-10-19T11:22:28+00:00\",\"author\":{\"@id\":\"https:\/\/www.intoscana.it\/it\/#\/schema\/person\/9223810753230f20bd670fdd322661f8\"},\"breadcrumb\":{\"@id\":\"https:\/\/www.intoscana.it\/it\/firenze-e-prato-tra-le-nove-citta-italiane-a-zero-c02-nel-2030\/#breadcrumb\"},\"inLanguage\":\"it-IT\",\"potentialAction\":[{\"@type\":\"ReadAction\",\"target\":[\"https:\/\/www.intoscana.it\/it\/firenze-e-prato-tra-le-nove-citta-italiane-a-zero-c02-nel-2030\/\"]}]},{\"@type\":\"ImageObject\",\"inLanguage\":\"it-IT\",\"@id\":\"https:\/\/www.intoscana.it\/it\/firenze-e-prato-tra-le-nove-citta-italiane-a-zero-c02-nel-2030\/#primaryimage\",\"url\":\"https:\/\/www.intoscana.it\/wp-content\/uploads\/firenze-1263163_960_720.jpg\",\"contentUrl\":\"https:\/\/www.intoscana.it\/wp-content\/uploads\/firenze-1263163_960_720.jpg\",\"width\":960,\"height\":640,\"caption\":\"Firenze vista dall'alto\"},{\"@type\":\"BreadcrumbList\",\"@id\":\"https:\/\/www.intoscana.it\/it\/firenze-e-prato-tra-le-nove-citta-italiane-a-zero-c02-nel-2030\/#breadcrumb\",\"itemListElement\":[{\"@type\":\"ListItem\",\"position\":1,\"name\":\"Home\",\"item\":\"https:\/\/www.intoscana.it\/it\/\"},{\"@type\":\"ListItem\",\"position\":2,\"name\":\"Firenze e Prato tra le nove citt\u00e0 italiane a zero C02 nel 2030\"}]},{\"@type\":\"WebSite\",\"@id\":\"https:\/\/www.intoscana.it\/it\/#website\",\"url\":\"https:\/\/www.intoscana.it\/it\/\",\"name\":\"intoscana\",\"description\":\"\",\"potentialAction\":[{\"@type\":\"SearchAction\",\"target\":{\"@type\":\"EntryPoint\",\"urlTemplate\":\"https:\/\/www.intoscana.it\/it\/?s={search_term_string}\"},\"query-input\":{\"@type\":\"PropertyValueSpecification\",\"valueRequired\":true,\"valueName\":\"search_term_string\"}}],\"inLanguage\":\"it-IT\"},{\"@type\":\"Person\",\"@id\":\"https:\/\/www.intoscana.it\/it\/#\/schema\/person\/9223810753230f20bd670fdd322661f8\",\"name\":\"Redazione\",\"url\":\"https:\/\/www.intoscana.it\/it\/author\/redazione\/\"}]}<\/script>\n<!-- \/ Yoast SEO Premium plugin. -->","yoast_head_json":{"title":"Firenze e Prato tra le nove citt\u00e0 italiane a zero C02 nel 2030 - intoscana","robots":{"index":"index","follow":"follow","max-snippet":"max-snippet:-1","max-image-preview":"max-image-preview:large","max-video-preview":"max-video-preview:-1"},"canonical":"https:\/\/www.intoscana.it\/it\/firenze-e-prato-tra-le-nove-citta-italiane-a-zero-c02-nel-2030\/","og_locale":"it_IT","og_type":"article","og_title":"Firenze e Prato tra le nove citt\u00e0 italiane a zero C02 nel 2030","og_description":"Al via la sperimentazione per raggiungere la neutralit\u00e0 climatica tra otto anni, grazie anche a un miliardo di investimenti del Fondo per la mobilit\u00e0 sostenibile","og_url":"https:\/\/www.intoscana.it\/it\/firenze-e-prato-tra-le-nove-citta-italiane-a-zero-c02-nel-2030\/","og_site_name":"intoscana","article_publisher":"https:\/\/www.facebook.com\/intoscana.it","article_published_time":"2022-10-19T11:22:28+00:00","og_image":[{"width":960,"height":640,"url":"https:\/\/www.intoscana.it\/wp-content\/uploads\/firenze-1263163_960_720.jpg","type":"image\/jpeg"}],"author":"Redazione","twitter_card":"summary_large_image","twitter_creator":"@intoscana","twitter_site":"@intoscana","twitter_misc":{"Written by":"Redazione","Est. reading time":"3 minuti"},"schema":{"@context":"https:\/\/schema.org","@graph":[{"@type":"WebPage","@id":"https:\/\/www.intoscana.it\/it\/firenze-e-prato-tra-le-nove-citta-italiane-a-zero-c02-nel-2030\/","url":"https:\/\/www.intoscana.it\/it\/firenze-e-prato-tra-le-nove-citta-italiane-a-zero-c02-nel-2030\/","name":"Firenze e Prato tra le nove citt\u00e0 italiane a zero C02 nel 2030 - intoscana","isPartOf":{"@id":"https:\/\/www.intoscana.it\/it\/#website"},"primaryImageOfPage":{"@id":"https:\/\/www.intoscana.it\/it\/firenze-e-prato-tra-le-nove-citta-italiane-a-zero-c02-nel-2030\/#primaryimage"},"image":{"@id":"https:\/\/www.intoscana.it\/it\/firenze-e-prato-tra-le-nove-citta-italiane-a-zero-c02-nel-2030\/#primaryimage"},"thumbnailUrl":"https:\/\/www.intoscana.it\/wp-content\/uploads\/firenze-1263163_960_720.jpg","datePublished":"2022-10-19T11:22:28+00:00","author":{"@id":"https:\/\/www.intoscana.it\/it\/#\/schema\/person\/9223810753230f20bd670fdd322661f8"},"breadcrumb":{"@id":"https:\/\/www.intoscana.it\/it\/firenze-e-prato-tra-le-nove-citta-italiane-a-zero-c02-nel-2030\/#breadcrumb"},"inLanguage":"it-IT","potentialAction":[{"@type":"ReadAction","target":["https:\/\/www.intoscana.it\/it\/firenze-e-prato-tra-le-nove-citta-italiane-a-zero-c02-nel-2030\/"]}]},{"@type":"ImageObject","inLanguage":"it-IT","@id":"https:\/\/www.intoscana.it\/it\/firenze-e-prato-tra-le-nove-citta-italiane-a-zero-c02-nel-2030\/#primaryimage","url":"https:\/\/www.intoscana.it\/wp-content\/uploads\/firenze-1263163_960_720.jpg","contentUrl":"https:\/\/www.intoscana.it\/wp-content\/uploads\/firenze-1263163_960_720.jpg","width":960,"height":640,"caption":"Firenze vista dall'alto"},{"@type":"BreadcrumbList","@id":"https:\/\/www.intoscana.it\/it\/firenze-e-prato-tra-le-nove-citta-italiane-a-zero-c02-nel-2030\/#breadcrumb","itemListElement":[{"@type":"ListItem","position":1,"name":"Home","item":"https:\/\/www.intoscana.it\/it\/"},{"@type":"ListItem","position":2,"name":"Firenze e Prato tra le nove citt\u00e0 italiane a zero C02 nel 2030"}]},{"@type":"WebSite","@id":"https:\/\/www.intoscana.it\/it\/#website","url":"https:\/\/www.intoscana.it\/it\/","name":"intoscana","description":"","potentialAction":[{"@type":"SearchAction","target":{"@type":"EntryPoint","urlTemplate":"https:\/\/www.intoscana.it\/it\/?s={search_term_string}"},"query-input":{"@type":"PropertyValueSpecification","valueRequired":true,"valueName":"search_term_string"}}],"inLanguage":"it-IT"},{"@type":"Person","@id":"https:\/\/www.intoscana.it\/it\/#\/schema\/person\/9223810753230f20bd670fdd322661f8","name":"Redazione","url":"https:\/\/www.intoscana.it\/it\/author\/redazione\/"}]}},"_links":{"self":[{"href":"https:\/\/www.intoscana.it\/it\/wp-json\/wp\/v2\/posts\/253627","targetHints":{"allow":["GET"]}}],"collection":[{"href":"https:\/\/www.intoscana.it\/it\/wp-json\/wp\/v2\/posts"}],"about":[{"href":"https:\/\/www.intoscana.it\/it\/wp-json\/wp\/v2\/types\/post"}],"author":[{"embeddable":true,"href":"https:\/\/www.intoscana.it\/it\/wp-json\/wp\/v2\/users\/525"}],"replies":[{"embeddable":true,"href":"https:\/\/www.intoscana.it\/it\/wp-json\/wp\/v2\/comments?post=253627"}],"version-history":[{"count":0,"href":"https:\/\/www.intoscana.it\/it\/wp-json\/wp\/v2\/posts\/253627\/revisions"}],"wp:featuredmedia":[{"embeddable":true,"href":"https:\/\/www.intoscana.it\/it\/wp-json\/wp\/v2\/media\/104560"}],"wp:attachment":[{"href":"https:\/\/www.intoscana.it\/it\/wp-json\/wp\/v2\/media?parent=253627"}],"wp:term":[{"taxonomy":"category","embeddable":true,"href":"https:\/\/www.intoscana.it\/it\/wp-json\/wp\/v2\/categories?post=253627"},{"taxonomy":"post_tag","embeddable":true,"href":"https:\/\/www.intoscana.it\/it\/wp-json\/wp\/v2\/tags?post=253627"}],"curies":[{"name":"wp","href":"https:\/\/api.w.org\/{rel}","templated":true}]}}