{"id":253939,"date":"2022-10-20T17:00:26","date_gmt":"2022-10-20T15:00:26","guid":{"rendered":"https:\/\/www.intoscana.it\/it\/?p=253939"},"modified":"2022-10-20T17:01:52","modified_gmt":"2022-10-20T15:01:52","slug":"masterplan-costa-toscana","status":"publish","type":"post","link":"https:\/\/www.intoscana.it\/it\/masterplan-costa-toscana\/","title":{"rendered":"La Regione presenta il Masterplan per la costa toscana. Giani: &#8220;Progetto bandiera del PNRR&#8221;"},"content":{"rendered":"<p>Il <strong>Parco di San Rossore<\/strong> ha fatto da cornice alla presentazione del <strong>Masterplan<\/strong> predisposto dalla Regione con le azioni e i fabbisogni necessari per la <strong>tutela della costa toscana<\/strong>. \u00c8 una proposta tecnica che definisce le iniziative e gli investimenti da portare avanti nei prossimi venti anni per far fronte ai <strong>cambiamenti climatici e all\u2019erosione costiera<\/strong>.<\/p>\n<p>Questo progetto \u00e8 al <strong>centro delle politiche<\/strong> del governo della Toscana e mira ad ottenere un finanziamento da <strong>95 milioni di euro<\/strong> dal Governo, inserendo proprio il Masterplan tra i progetti bandiera del PNRR.<\/p>\n<p>\u201c<em>L\u2019ultimo Governo in carica<\/em> \u2013 ha dichiarato il presidente <strong>Eugenio<\/strong> <strong>Giani<\/strong> &#8211; <em>aveva voluto che, al di l\u00e0 dei singoli progetti delle sei missioni, vi fosse un progetto bandiera per ciascuna delle Regioni e la Toscana ha scelto la Costa, la tutela e la valorizzazione a contrasto dei fenomeni di erosione e prevedendo una cornice specifica che comporta un intervento di 95 milioni sulle coste. Gli interventi che prevediamo toccheranno tutte e <strong>5 le province <\/strong>con una selezione di pi\u00f9 di <strong>35 progetti<\/strong><\/em>\u201d.<\/p>\n<p>Il documento nasce da un <strong>confronto con il territorio<\/strong>, con le amministrazioni e le associazioni ambientaliste e di categoria e vede attivit\u00e0 diverse tra loro che vanno dal monitoraggio alla programmazione vera e propria. E quindi come proteggere gli abitati e le infrastrutture costiere, preservare la capacit\u00e0 della costa di adattarsi ai cambiamenti climatici, mantenendone la natura dinamica.<\/p>\n<p>Il Masterplan pone l&#8217;attenzione anche sull&#8217;implementazione continua del quadro conoscitivo, prevedendo tutta un\u2019attivit\u00e0 di rilievo diretto sulla Costa ed il potenziamento dell&#8217;attivit\u00e0 di monitoraggio in collaborazione con il <strong>LaMMA<\/strong>, per il quale anche nel 2022 sono stati previsti finanziamenti specifici.<\/p>\n<p>&#8220;<em>Questo progetto<\/em> &#8211; spiega l&#8217;assessora <strong>Monia<\/strong> <strong>Monni<\/strong> &#8211; <em>mette insieme sia interventi di pi\u00f9 <strong>breve respiro ad altri pi\u00f9 strutturali<\/strong>, tutti concertati con Comuni e categorie economiche. Senza dubbio gli interventi di pi\u00f9 rapida realizzazione sono i <strong>ripascimenti<\/strong>, che sono importanti sia per l&#8217;ambiente che per una questione economica, dato che la nostra costa non \u00e8 solo quella delle bandiere blu e della biodiversit\u00e0, ma anche quella degli stabilimenti che accolgono ogni anno migliaia di turisti e che rappresentano un altro tipo di elemento di qualit\u00e0, anch&#8217;esso da salvaguardare. Gli interventi pi\u00f9 strutturali, invece, richiederanno pi\u00f9 tempo ma sono frutto di <strong>un percorso partecipativo <\/strong>e sono distribuiti lungo tutta la costa per garantire un <strong>equilibrio territoriale<\/strong><\/em>&#8220;.<\/p>\n<p>In attesa di conoscere a quanto potr\u00e0 ammontare il finanziamento dal ministero, la Regione ha avviato alcune attivit\u00e0 prioritarie, sviluppando e finanziando con <strong>risorse del bilancio regionale<\/strong>, la proposta della programmazione di un primo stralcio del Masterplan da realizzare nel triennio 2022-2024. La Giunta ha, infatti, dato il via libera al primo e secondo stralcio del Documento Operativo per la Costa 2022, contenente, rispettivamente, le attivit\u00e0 di ripristino della costa toscana e le attivit\u00e0 e gli interventi con finalit\u00e0 \u201cstrutturale\u201d per il recupero ed il riequilibrio della fascia costiera, per un investimento complessivo di <strong>10,5 milioni di euro<\/strong>.<\/p>\n<p>Durante la presentazione \u00e8 intervenuto anche il presidente del Consiglio regionale della Toscana, <strong>Antonio Mazzeo<\/strong> che ha dichiarato come: \u201c<em>il lavoro presentato ha tutte le caratteristiche per essere una risposta <strong>strutturale e duratura nel tempo<\/strong>: incrementare la resilienza costiera proteggendo citt\u00e0 e opere antropiche e preservare la capacit\u00e0 della costa di adattarsi ai cambiamenti climatici in atto \u00e8 infatti un obiettivo essenziale per assicurare <strong>il futuro nostro e dei nostri figli<\/strong><\/em>&#8220;.<\/p>\n","protected":false},"excerpt":{"rendered":"<p>Una proposta tecnica con azioni e fabbisogni, da attuare nel breve e lungo periodo, a tutela di tutto il litorale toscano per un investimento complessivo di 95 milioni di euro<\/p>\n","protected":false},"author":507,"featured_media":190711,"comment_status":"open","ping_status":"open","sticky":false,"template":"","format":"standard","meta":{"_acf_changed":false,"footnotes":""},"categories":[19],"tags":[4655,158,5232,6296],"class_list":["post-253939","post","type-post","status-publish","format-standard","has-post-thumbnail","hentry","category-ambiente","tag-costa-toscana","tag-eugenio-giani","tag-monia-monni","tag-pnrr"],"acf":[],"yoast_head":"<!-- This site is optimized with the Yoast SEO Premium plugin v24.2 (Yoast SEO v25.6) - https:\/\/yoast.com\/wordpress\/plugins\/seo\/ -->\n<title>La Regione presenta il Masterplan per la costa toscana. Giani: &quot;Progetto bandiera del PNRR&quot; - intoscana<\/title>\n<meta name=\"robots\" content=\"index, follow, max-snippet:-1, max-image-preview:large, max-video-preview:-1\" \/>\n<link rel=\"canonical\" href=\"https:\/\/www.intoscana.it\/it\/masterplan-costa-toscana\/\" \/>\n<meta property=\"og:locale\" content=\"it_IT\" \/>\n<meta property=\"og:type\" content=\"article\" \/>\n<meta property=\"og:title\" content=\"La Regione presenta il Masterplan per la costa toscana. Giani: &quot;Progetto bandiera del PNRR&quot;\" \/>\n<meta property=\"og:description\" content=\"Una proposta tecnica con azioni e fabbisogni, da attuare nel breve e lungo periodo, a tutela di tutto il litorale toscano per un investimento complessivo di 95 milioni di euro\" \/>\n<meta property=\"og:url\" content=\"https:\/\/www.intoscana.it\/it\/masterplan-costa-toscana\/\" \/>\n<meta property=\"og:site_name\" content=\"intoscana\" \/>\n<meta property=\"article:publisher\" content=\"https:\/\/www.facebook.com\/intoscana.it\" \/>\n<meta property=\"article:published_time\" content=\"2022-10-20T15:00:26+00:00\" \/>\n<meta property=\"article:modified_time\" content=\"2022-10-20T15:01:52+00:00\" \/>\n<meta property=\"og:image\" content=\"https:\/\/www.intoscana.it\/wp-content\/uploads\/Spiaggia-Gombo.jpeg\" \/>\n\t<meta property=\"og:image:width\" content=\"1600\" \/>\n\t<meta property=\"og:image:height\" content=\"1066\" \/>\n\t<meta property=\"og:image:type\" content=\"image\/jpeg\" \/>\n<meta name=\"author\" content=\"Chiara Bianchini\" \/>\n<meta name=\"twitter:card\" content=\"summary_large_image\" \/>\n<meta name=\"twitter:creator\" content=\"@intoscana\" \/>\n<meta name=\"twitter:site\" content=\"@intoscana\" \/>\n<meta name=\"twitter:label1\" content=\"Written by\" \/>\n\t<meta name=\"twitter:data1\" content=\"Chiara Bianchini\" \/>\n\t<meta name=\"twitter:label2\" content=\"Est. reading time\" \/>\n\t<meta name=\"twitter:data2\" content=\"3 minuti\" \/>\n<script type=\"application\/ld+json\" class=\"yoast-schema-graph\">{\"@context\":\"https:\/\/schema.org\",\"@graph\":[{\"@type\":\"WebPage\",\"@id\":\"https:\/\/www.intoscana.it\/it\/masterplan-costa-toscana\/\",\"url\":\"https:\/\/www.intoscana.it\/it\/masterplan-costa-toscana\/\",\"name\":\"La Regione presenta il Masterplan per la costa toscana. Giani: \\\"Progetto bandiera del PNRR\\\" - intoscana\",\"isPartOf\":{\"@id\":\"https:\/\/www.intoscana.it\/it\/#website\"},\"primaryImageOfPage\":{\"@id\":\"https:\/\/www.intoscana.it\/it\/masterplan-costa-toscana\/#primaryimage\"},\"image\":{\"@id\":\"https:\/\/www.intoscana.it\/it\/masterplan-costa-toscana\/#primaryimage\"},\"thumbnailUrl\":\"https:\/\/www.intoscana.it\/wp-content\/uploads\/Spiaggia-Gombo.jpeg\",\"datePublished\":\"2022-10-20T15:00:26+00:00\",\"dateModified\":\"2022-10-20T15:01:52+00:00\",\"author\":{\"@id\":\"https:\/\/www.intoscana.it\/it\/#\/schema\/person\/010af92117f50561886339ad5b873a41\"},\"breadcrumb\":{\"@id\":\"https:\/\/www.intoscana.it\/it\/masterplan-costa-toscana\/#breadcrumb\"},\"inLanguage\":\"it-IT\",\"potentialAction\":[{\"@type\":\"ReadAction\",\"target\":[\"https:\/\/www.intoscana.it\/it\/masterplan-costa-toscana\/\"]}]},{\"@type\":\"ImageObject\",\"inLanguage\":\"it-IT\",\"@id\":\"https:\/\/www.intoscana.it\/it\/masterplan-costa-toscana\/#primaryimage\",\"url\":\"https:\/\/www.intoscana.it\/wp-content\/uploads\/Spiaggia-Gombo.jpeg\",\"contentUrl\":\"https:\/\/www.intoscana.it\/wp-content\/uploads\/Spiaggia-Gombo.jpeg\",\"width\":1600,\"height\":1066,\"caption\":\"La spiaggia del Gombo a San Rossore\"},{\"@type\":\"BreadcrumbList\",\"@id\":\"https:\/\/www.intoscana.it\/it\/masterplan-costa-toscana\/#breadcrumb\",\"itemListElement\":[{\"@type\":\"ListItem\",\"position\":1,\"name\":\"Home\",\"item\":\"https:\/\/www.intoscana.it\/it\/\"},{\"@type\":\"ListItem\",\"position\":2,\"name\":\"La Regione presenta il Masterplan per la costa toscana. Giani: &#8220;Progetto bandiera del PNRR&#8221;\"}]},{\"@type\":\"WebSite\",\"@id\":\"https:\/\/www.intoscana.it\/it\/#website\",\"url\":\"https:\/\/www.intoscana.it\/it\/\",\"name\":\"intoscana\",\"description\":\"\",\"potentialAction\":[{\"@type\":\"SearchAction\",\"target\":{\"@type\":\"EntryPoint\",\"urlTemplate\":\"https:\/\/www.intoscana.it\/it\/?s={search_term_string}\"},\"query-input\":{\"@type\":\"PropertyValueSpecification\",\"valueRequired\":true,\"valueName\":\"search_term_string\"}}],\"inLanguage\":\"it-IT\"},{\"@type\":\"Person\",\"@id\":\"https:\/\/www.intoscana.it\/it\/#\/schema\/person\/010af92117f50561886339ad5b873a41\",\"name\":\"Chiara Bianchini\",\"sameAs\":[\"c.bianchini@fst.it\"],\"url\":\"https:\/\/www.intoscana.it\/it\/author\/chiara-bianchini\/\"}]}<\/script>\n<!-- \/ Yoast SEO Premium plugin. -->","yoast_head_json":{"title":"La Regione presenta il Masterplan per la costa toscana. Giani: \"Progetto bandiera del PNRR\" - intoscana","robots":{"index":"index","follow":"follow","max-snippet":"max-snippet:-1","max-image-preview":"max-image-preview:large","max-video-preview":"max-video-preview:-1"},"canonical":"https:\/\/www.intoscana.it\/it\/masterplan-costa-toscana\/","og_locale":"it_IT","og_type":"article","og_title":"La Regione presenta il Masterplan per la costa toscana. Giani: \"Progetto bandiera del PNRR\"","og_description":"Una proposta tecnica con azioni e fabbisogni, da attuare nel breve e lungo periodo, a tutela di tutto il litorale toscano per un investimento complessivo di 95 milioni di euro","og_url":"https:\/\/www.intoscana.it\/it\/masterplan-costa-toscana\/","og_site_name":"intoscana","article_publisher":"https:\/\/www.facebook.com\/intoscana.it","article_published_time":"2022-10-20T15:00:26+00:00","article_modified_time":"2022-10-20T15:01:52+00:00","og_image":[{"width":1600,"height":1066,"url":"https:\/\/www.intoscana.it\/wp-content\/uploads\/Spiaggia-Gombo.jpeg","type":"image\/jpeg"}],"author":"Chiara Bianchini","twitter_card":"summary_large_image","twitter_creator":"@intoscana","twitter_site":"@intoscana","twitter_misc":{"Written by":"Chiara Bianchini","Est. reading time":"3 minuti"},"schema":{"@context":"https:\/\/schema.org","@graph":[{"@type":"WebPage","@id":"https:\/\/www.intoscana.it\/it\/masterplan-costa-toscana\/","url":"https:\/\/www.intoscana.it\/it\/masterplan-costa-toscana\/","name":"La Regione presenta il Masterplan per la costa toscana. Giani: \"Progetto bandiera del PNRR\" - intoscana","isPartOf":{"@id":"https:\/\/www.intoscana.it\/it\/#website"},"primaryImageOfPage":{"@id":"https:\/\/www.intoscana.it\/it\/masterplan-costa-toscana\/#primaryimage"},"image":{"@id":"https:\/\/www.intoscana.it\/it\/masterplan-costa-toscana\/#primaryimage"},"thumbnailUrl":"https:\/\/www.intoscana.it\/wp-content\/uploads\/Spiaggia-Gombo.jpeg","datePublished":"2022-10-20T15:00:26+00:00","dateModified":"2022-10-20T15:01:52+00:00","author":{"@id":"https:\/\/www.intoscana.it\/it\/#\/schema\/person\/010af92117f50561886339ad5b873a41"},"breadcrumb":{"@id":"https:\/\/www.intoscana.it\/it\/masterplan-costa-toscana\/#breadcrumb"},"inLanguage":"it-IT","potentialAction":[{"@type":"ReadAction","target":["https:\/\/www.intoscana.it\/it\/masterplan-costa-toscana\/"]}]},{"@type":"ImageObject","inLanguage":"it-IT","@id":"https:\/\/www.intoscana.it\/it\/masterplan-costa-toscana\/#primaryimage","url":"https:\/\/www.intoscana.it\/wp-content\/uploads\/Spiaggia-Gombo.jpeg","contentUrl":"https:\/\/www.intoscana.it\/wp-content\/uploads\/Spiaggia-Gombo.jpeg","width":1600,"height":1066,"caption":"La spiaggia del Gombo a San Rossore"},{"@type":"BreadcrumbList","@id":"https:\/\/www.intoscana.it\/it\/masterplan-costa-toscana\/#breadcrumb","itemListElement":[{"@type":"ListItem","position":1,"name":"Home","item":"https:\/\/www.intoscana.it\/it\/"},{"@type":"ListItem","position":2,"name":"La Regione presenta il Masterplan per la costa toscana. Giani: &#8220;Progetto bandiera del PNRR&#8221;"}]},{"@type":"WebSite","@id":"https:\/\/www.intoscana.it\/it\/#website","url":"https:\/\/www.intoscana.it\/it\/","name":"intoscana","description":"","potentialAction":[{"@type":"SearchAction","target":{"@type":"EntryPoint","urlTemplate":"https:\/\/www.intoscana.it\/it\/?s={search_term_string}"},"query-input":{"@type":"PropertyValueSpecification","valueRequired":true,"valueName":"search_term_string"}}],"inLanguage":"it-IT"},{"@type":"Person","@id":"https:\/\/www.intoscana.it\/it\/#\/schema\/person\/010af92117f50561886339ad5b873a41","name":"Chiara Bianchini","sameAs":["c.bianchini@fst.it"],"url":"https:\/\/www.intoscana.it\/it\/author\/chiara-bianchini\/"}]}},"_links":{"self":[{"href":"https:\/\/www.intoscana.it\/it\/wp-json\/wp\/v2\/posts\/253939","targetHints":{"allow":["GET"]}}],"collection":[{"href":"https:\/\/www.intoscana.it\/it\/wp-json\/wp\/v2\/posts"}],"about":[{"href":"https:\/\/www.intoscana.it\/it\/wp-json\/wp\/v2\/types\/post"}],"author":[{"embeddable":true,"href":"https:\/\/www.intoscana.it\/it\/wp-json\/wp\/v2\/users\/507"}],"replies":[{"embeddable":true,"href":"https:\/\/www.intoscana.it\/it\/wp-json\/wp\/v2\/comments?post=253939"}],"version-history":[{"count":0,"href":"https:\/\/www.intoscana.it\/it\/wp-json\/wp\/v2\/posts\/253939\/revisions"}],"wp:featuredmedia":[{"embeddable":true,"href":"https:\/\/www.intoscana.it\/it\/wp-json\/wp\/v2\/media\/190711"}],"wp:attachment":[{"href":"https:\/\/www.intoscana.it\/it\/wp-json\/wp\/v2\/media?parent=253939"}],"wp:term":[{"taxonomy":"category","embeddable":true,"href":"https:\/\/www.intoscana.it\/it\/wp-json\/wp\/v2\/categories?post=253939"},{"taxonomy":"post_tag","embeddable":true,"href":"https:\/\/www.intoscana.it\/it\/wp-json\/wp\/v2\/tags?post=253939"}],"curies":[{"name":"wp","href":"https:\/\/api.w.org\/{rel}","templated":true}]}}