{"id":254002,"date":"2022-10-21T10:02:09","date_gmt":"2022-10-21T08:02:09","guid":{"rendered":"https:\/\/www.intoscana.it\/it\/?p=254002"},"modified":"2022-10-21T10:02:09","modified_gmt":"2022-10-21T08:02:09","slug":"coronavirus-1-890-nuovi-casi-eta-media-54-anni-i-decessi-sono-tre","status":"publish","type":"post","link":"https:\/\/www.intoscana.it\/it\/coronavirus-1-890-nuovi-casi-eta-media-54-anni-i-decessi-sono-tre\/","title":{"rendered":"Coronavirus: 1.890 nuovi casi, et\u00e0 media 54 anni. I decessi sono tre"},"content":{"rendered":"<p>Sono <strong>1.890 i nuovi casi<\/strong> di Covid-19 registrati nelle ultime ventiquattro ore in Toscana: 322 sono stati confermati con tampone molecolare e gli altri 1.568 con test rapido. L&#8217;et\u00e0 media \u00e8 di 54 anni.<\/p>\n<p>Il numero dei contagiati rilevati nella regione dall&#8217;inizio della pandemia sale dunque a 1.452.296. I nuovi casi sono lo 0,1% in pi\u00f9 rispetto al totale del giorno precedente. I guariti crescono dello 0,2% (2.401 persone) e raggiungono quota 1.390.388 (95,7% dei casi totali).<\/p>\n<p>Al momento in Toscana risultano pertanto <strong>51.003 positivi<\/strong>, -1% rispetto a ieri. Di questi <strong>512 (6 in pi\u00f9<\/strong> rispetto a ieri) sono ricoverati <strong>in ospedale: 12 (stabili)<\/strong> si trovano <strong>in terapia intensiva<\/strong>.<\/p>\n<p>In <strong>50.491 sono in isolamento a casa<\/strong>, perch\u00e9 presentano sintomi lievi che non richiedono cure ospedaliere o risultano prive di sintomi (520 in meno rispetto a ieri, meno 1%).<\/p>\n<p>Dall&#8217;ultimo bollettino quotidiano sono stati eseguiti <strong>1.094 tamponi molecolari e 10.979 tamponi antigenici rapidi<\/strong>: di questi il 15,7% \u00e8 risultato positivo. Sono invece 2.549 i soggetti testati, escludendo i tamponi di controllo: il 74,1% di questi \u00e8 risultato positivo.<\/p>\n<h3>L&#8217;andamento per provincia<\/h3>\n<p>Con gli ultimi casi salgono a 393.651 i positivi dall&#8217;inizio dell&#8217;emergenza nei comuni della Citt\u00e0 metropolitana di Firenze (466 in pi\u00f9 rispetto a ieri), 96.372 in provincia di Prato (83 in pi\u00f9), 114.246 a Pistoia (149 in pi\u00f9), 73.538 a Massa Carrara (101 in pi\u00f9), 155.861 a Lucca (262 in pi\u00f9), 168.830 a Pisa (221 in pi\u00f9), 131.673 a Livorno (177 in pi\u00f9), 132.287 ad Arezzo (168 in pi\u00f9), 104.736 a Siena (136 in pi\u00f9) e 80.547 a Grosseto (127 in pi\u00f9). A questi vanno aggiunti 555 casi di positivit\u00e0 notificati in Toscana ma che riguardano residenti in altre regioni.<\/p>\n<h3>L&#8217;andamento dei decessi<\/h3>\n<p>La lista dei decessi si aggiorna con <strong>3 nuovi decessi<\/strong>: 2 uomini e una donna con un&#8217;et\u00e0 media di 77,7 anni. Relativamente alla provincia di residenza, le persone decedute sono a Siena.<\/p>\n<p>Sono <strong>10.905 i deceduti dall&#8217;inizio dell&#8217;epidemia<\/strong>: 3.436 nella Citt\u00e0 metropolitana di Firenze, 885 in provincia di Prato, 979 a Pistoia, 690 a Massa Carrara, 1.020 a Lucca, 1.227 a Pisa, 819 a Livorno, 703 ad Arezzo, 585 a Siena, 405 a Grosseto. Vanno aggiunte 156 persone decedute sul suolo toscano ma erano residenti fuori regione.<\/p>\n","protected":false},"excerpt":{"rendered":"<p>I ricoverati in ospedale sono 512 (6 in pi\u00f9 rispetto a ieri), 12 (stabili) si trovano in terapia intensiva<\/p>\n","protected":false},"author":525,"featured_media":189488,"comment_status":"open","ping_status":"open","sticky":false,"template":"","format":"standard","meta":{"_acf_changed":false,"footnotes":""},"categories":[494],"tags":[4868,418],"class_list":["post-254002","post","type-post","status-publish","format-standard","has-post-thumbnail","hentry","category-attualita","tag-bollettino-covid-toscana","tag-covid-19"],"acf":[],"yoast_head":"<!-- This site is optimized with the Yoast SEO Premium plugin v24.2 (Yoast SEO v25.6) - https:\/\/yoast.com\/wordpress\/plugins\/seo\/ -->\n<title>Coronavirus: 1.890 nuovi casi, et\u00e0 media 54 anni. I decessi sono tre - intoscana<\/title>\n<meta name=\"description\" content=\"I ricoverati in ospedale sono 512 (6 in pi\u00f9 rispetto a ieri), 12 (stabili) si trovano in terapia intensiva\" \/>\n<meta name=\"robots\" content=\"index, follow, max-snippet:-1, max-image-preview:large, max-video-preview:-1\" \/>\n<link rel=\"canonical\" href=\"https:\/\/www.intoscana.it\/it\/coronavirus-1-890-nuovi-casi-eta-media-54-anni-i-decessi-sono-tre\/\" \/>\n<meta property=\"og:locale\" content=\"it_IT\" \/>\n<meta property=\"og:type\" content=\"article\" \/>\n<meta property=\"og:title\" content=\"Coronavirus: 1.890 nuovi casi, et\u00e0 media 54 anni. I decessi sono tre\" \/>\n<meta property=\"og:description\" content=\"I ricoverati in ospedale sono 512 (6 in pi\u00f9 rispetto a ieri), 12 (stabili) si trovano in terapia intensiva\" \/>\n<meta property=\"og:url\" content=\"https:\/\/www.intoscana.it\/it\/coronavirus-1-890-nuovi-casi-eta-media-54-anni-i-decessi-sono-tre\/\" \/>\n<meta property=\"og:site_name\" content=\"intoscana\" \/>\n<meta property=\"article:publisher\" content=\"https:\/\/www.facebook.com\/intoscana.it\" \/>\n<meta property=\"article:published_time\" content=\"2022-10-21T08:02:09+00:00\" \/>\n<meta property=\"og:image\" content=\"https:\/\/www.intoscana.it\/wp-content\/uploads\/Test-covid-Mufid-Majnun-Unsplash.jpg\" \/>\n\t<meta property=\"og:image:width\" content=\"1920\" \/>\n\t<meta property=\"og:image:height\" content=\"1280\" \/>\n\t<meta property=\"og:image:type\" content=\"image\/jpeg\" \/>\n<meta name=\"author\" content=\"Redazione\" \/>\n<meta name=\"twitter:card\" content=\"summary_large_image\" \/>\n<meta name=\"twitter:creator\" content=\"@intoscana\" \/>\n<meta name=\"twitter:site\" content=\"@intoscana\" \/>\n<meta name=\"twitter:label1\" content=\"Written by\" \/>\n\t<meta name=\"twitter:data1\" content=\"Redazione\" \/>\n\t<meta name=\"twitter:label2\" content=\"Est. reading time\" \/>\n\t<meta name=\"twitter:data2\" content=\"2 minuti\" \/>\n<script type=\"application\/ld+json\" class=\"yoast-schema-graph\">{\"@context\":\"https:\/\/schema.org\",\"@graph\":[{\"@type\":\"WebPage\",\"@id\":\"https:\/\/www.intoscana.it\/it\/coronavirus-1-890-nuovi-casi-eta-media-54-anni-i-decessi-sono-tre\/\",\"url\":\"https:\/\/www.intoscana.it\/it\/coronavirus-1-890-nuovi-casi-eta-media-54-anni-i-decessi-sono-tre\/\",\"name\":\"Coronavirus: 1.890 nuovi casi, et\u00e0 media 54 anni. I decessi sono tre - intoscana\",\"isPartOf\":{\"@id\":\"https:\/\/www.intoscana.it\/it\/#website\"},\"primaryImageOfPage\":{\"@id\":\"https:\/\/www.intoscana.it\/it\/coronavirus-1-890-nuovi-casi-eta-media-54-anni-i-decessi-sono-tre\/#primaryimage\"},\"image\":{\"@id\":\"https:\/\/www.intoscana.it\/it\/coronavirus-1-890-nuovi-casi-eta-media-54-anni-i-decessi-sono-tre\/#primaryimage\"},\"thumbnailUrl\":\"https:\/\/www.intoscana.it\/wp-content\/uploads\/Test-covid-Mufid-Majnun-Unsplash.jpg\",\"datePublished\":\"2022-10-21T08:02:09+00:00\",\"author\":{\"@id\":\"https:\/\/www.intoscana.it\/it\/#\/schema\/person\/9223810753230f20bd670fdd322661f8\"},\"description\":\"I ricoverati in ospedale sono 512 (6 in pi\u00f9 rispetto a ieri), 12 (stabili) si trovano in terapia intensiva\",\"breadcrumb\":{\"@id\":\"https:\/\/www.intoscana.it\/it\/coronavirus-1-890-nuovi-casi-eta-media-54-anni-i-decessi-sono-tre\/#breadcrumb\"},\"inLanguage\":\"it-IT\",\"potentialAction\":[{\"@type\":\"ReadAction\",\"target\":[\"https:\/\/www.intoscana.it\/it\/coronavirus-1-890-nuovi-casi-eta-media-54-anni-i-decessi-sono-tre\/\"]}]},{\"@type\":\"ImageObject\",\"inLanguage\":\"it-IT\",\"@id\":\"https:\/\/www.intoscana.it\/it\/coronavirus-1-890-nuovi-casi-eta-media-54-anni-i-decessi-sono-tre\/#primaryimage\",\"url\":\"https:\/\/www.intoscana.it\/wp-content\/uploads\/Test-covid-Mufid-Majnun-Unsplash.jpg\",\"contentUrl\":\"https:\/\/www.intoscana.it\/wp-content\/uploads\/Test-covid-Mufid-Majnun-Unsplash.jpg\",\"width\":1920,\"height\":1280,\"caption\":\"Un tampone per il Covid-19\"},{\"@type\":\"BreadcrumbList\",\"@id\":\"https:\/\/www.intoscana.it\/it\/coronavirus-1-890-nuovi-casi-eta-media-54-anni-i-decessi-sono-tre\/#breadcrumb\",\"itemListElement\":[{\"@type\":\"ListItem\",\"position\":1,\"name\":\"Home\",\"item\":\"https:\/\/www.intoscana.it\/it\/\"},{\"@type\":\"ListItem\",\"position\":2,\"name\":\"Coronavirus: 1.890 nuovi casi, et\u00e0 media 54 anni. I decessi sono tre\"}]},{\"@type\":\"WebSite\",\"@id\":\"https:\/\/www.intoscana.it\/it\/#website\",\"url\":\"https:\/\/www.intoscana.it\/it\/\",\"name\":\"intoscana\",\"description\":\"\",\"potentialAction\":[{\"@type\":\"SearchAction\",\"target\":{\"@type\":\"EntryPoint\",\"urlTemplate\":\"https:\/\/www.intoscana.it\/it\/?s={search_term_string}\"},\"query-input\":{\"@type\":\"PropertyValueSpecification\",\"valueRequired\":true,\"valueName\":\"search_term_string\"}}],\"inLanguage\":\"it-IT\"},{\"@type\":\"Person\",\"@id\":\"https:\/\/www.intoscana.it\/it\/#\/schema\/person\/9223810753230f20bd670fdd322661f8\",\"name\":\"Redazione\",\"url\":\"https:\/\/www.intoscana.it\/it\/author\/redazione\/\"}]}<\/script>\n<!-- \/ Yoast SEO Premium plugin. -->","yoast_head_json":{"title":"Coronavirus: 1.890 nuovi casi, et\u00e0 media 54 anni. I decessi sono tre - intoscana","description":"I ricoverati in ospedale sono 512 (6 in pi\u00f9 rispetto a ieri), 12 (stabili) si trovano in terapia intensiva","robots":{"index":"index","follow":"follow","max-snippet":"max-snippet:-1","max-image-preview":"max-image-preview:large","max-video-preview":"max-video-preview:-1"},"canonical":"https:\/\/www.intoscana.it\/it\/coronavirus-1-890-nuovi-casi-eta-media-54-anni-i-decessi-sono-tre\/","og_locale":"it_IT","og_type":"article","og_title":"Coronavirus: 1.890 nuovi casi, et\u00e0 media 54 anni. I decessi sono tre","og_description":"I ricoverati in ospedale sono 512 (6 in pi\u00f9 rispetto a ieri), 12 (stabili) si trovano in terapia intensiva","og_url":"https:\/\/www.intoscana.it\/it\/coronavirus-1-890-nuovi-casi-eta-media-54-anni-i-decessi-sono-tre\/","og_site_name":"intoscana","article_publisher":"https:\/\/www.facebook.com\/intoscana.it","article_published_time":"2022-10-21T08:02:09+00:00","og_image":[{"width":1920,"height":1280,"url":"https:\/\/www.intoscana.it\/wp-content\/uploads\/Test-covid-Mufid-Majnun-Unsplash.jpg","type":"image\/jpeg"}],"author":"Redazione","twitter_card":"summary_large_image","twitter_creator":"@intoscana","twitter_site":"@intoscana","twitter_misc":{"Written by":"Redazione","Est. reading time":"2 minuti"},"schema":{"@context":"https:\/\/schema.org","@graph":[{"@type":"WebPage","@id":"https:\/\/www.intoscana.it\/it\/coronavirus-1-890-nuovi-casi-eta-media-54-anni-i-decessi-sono-tre\/","url":"https:\/\/www.intoscana.it\/it\/coronavirus-1-890-nuovi-casi-eta-media-54-anni-i-decessi-sono-tre\/","name":"Coronavirus: 1.890 nuovi casi, et\u00e0 media 54 anni. I decessi sono tre - intoscana","isPartOf":{"@id":"https:\/\/www.intoscana.it\/it\/#website"},"primaryImageOfPage":{"@id":"https:\/\/www.intoscana.it\/it\/coronavirus-1-890-nuovi-casi-eta-media-54-anni-i-decessi-sono-tre\/#primaryimage"},"image":{"@id":"https:\/\/www.intoscana.it\/it\/coronavirus-1-890-nuovi-casi-eta-media-54-anni-i-decessi-sono-tre\/#primaryimage"},"thumbnailUrl":"https:\/\/www.intoscana.it\/wp-content\/uploads\/Test-covid-Mufid-Majnun-Unsplash.jpg","datePublished":"2022-10-21T08:02:09+00:00","author":{"@id":"https:\/\/www.intoscana.it\/it\/#\/schema\/person\/9223810753230f20bd670fdd322661f8"},"description":"I ricoverati in ospedale sono 512 (6 in pi\u00f9 rispetto a ieri), 12 (stabili) si trovano in terapia intensiva","breadcrumb":{"@id":"https:\/\/www.intoscana.it\/it\/coronavirus-1-890-nuovi-casi-eta-media-54-anni-i-decessi-sono-tre\/#breadcrumb"},"inLanguage":"it-IT","potentialAction":[{"@type":"ReadAction","target":["https:\/\/www.intoscana.it\/it\/coronavirus-1-890-nuovi-casi-eta-media-54-anni-i-decessi-sono-tre\/"]}]},{"@type":"ImageObject","inLanguage":"it-IT","@id":"https:\/\/www.intoscana.it\/it\/coronavirus-1-890-nuovi-casi-eta-media-54-anni-i-decessi-sono-tre\/#primaryimage","url":"https:\/\/www.intoscana.it\/wp-content\/uploads\/Test-covid-Mufid-Majnun-Unsplash.jpg","contentUrl":"https:\/\/www.intoscana.it\/wp-content\/uploads\/Test-covid-Mufid-Majnun-Unsplash.jpg","width":1920,"height":1280,"caption":"Un tampone per il Covid-19"},{"@type":"BreadcrumbList","@id":"https:\/\/www.intoscana.it\/it\/coronavirus-1-890-nuovi-casi-eta-media-54-anni-i-decessi-sono-tre\/#breadcrumb","itemListElement":[{"@type":"ListItem","position":1,"name":"Home","item":"https:\/\/www.intoscana.it\/it\/"},{"@type":"ListItem","position":2,"name":"Coronavirus: 1.890 nuovi casi, et\u00e0 media 54 anni. I decessi sono tre"}]},{"@type":"WebSite","@id":"https:\/\/www.intoscana.it\/it\/#website","url":"https:\/\/www.intoscana.it\/it\/","name":"intoscana","description":"","potentialAction":[{"@type":"SearchAction","target":{"@type":"EntryPoint","urlTemplate":"https:\/\/www.intoscana.it\/it\/?s={search_term_string}"},"query-input":{"@type":"PropertyValueSpecification","valueRequired":true,"valueName":"search_term_string"}}],"inLanguage":"it-IT"},{"@type":"Person","@id":"https:\/\/www.intoscana.it\/it\/#\/schema\/person\/9223810753230f20bd670fdd322661f8","name":"Redazione","url":"https:\/\/www.intoscana.it\/it\/author\/redazione\/"}]}},"_links":{"self":[{"href":"https:\/\/www.intoscana.it\/it\/wp-json\/wp\/v2\/posts\/254002","targetHints":{"allow":["GET"]}}],"collection":[{"href":"https:\/\/www.intoscana.it\/it\/wp-json\/wp\/v2\/posts"}],"about":[{"href":"https:\/\/www.intoscana.it\/it\/wp-json\/wp\/v2\/types\/post"}],"author":[{"embeddable":true,"href":"https:\/\/www.intoscana.it\/it\/wp-json\/wp\/v2\/users\/525"}],"replies":[{"embeddable":true,"href":"https:\/\/www.intoscana.it\/it\/wp-json\/wp\/v2\/comments?post=254002"}],"version-history":[{"count":0,"href":"https:\/\/www.intoscana.it\/it\/wp-json\/wp\/v2\/posts\/254002\/revisions"}],"wp:featuredmedia":[{"embeddable":true,"href":"https:\/\/www.intoscana.it\/it\/wp-json\/wp\/v2\/media\/189488"}],"wp:attachment":[{"href":"https:\/\/www.intoscana.it\/it\/wp-json\/wp\/v2\/media?parent=254002"}],"wp:term":[{"taxonomy":"category","embeddable":true,"href":"https:\/\/www.intoscana.it\/it\/wp-json\/wp\/v2\/categories?post=254002"},{"taxonomy":"post_tag","embeddable":true,"href":"https:\/\/www.intoscana.it\/it\/wp-json\/wp\/v2\/tags?post=254002"}],"curies":[{"name":"wp","href":"https:\/\/api.w.org\/{rel}","templated":true}]}}