{"id":254317,"date":"2022-10-24T12:02:11","date_gmt":"2022-10-24T10:02:11","guid":{"rendered":"https:\/\/www.intoscana.it\/it\/?p=254317"},"modified":"2022-10-24T12:30:53","modified_gmt":"2022-10-24T10:30:53","slug":"cleo-t-concerto-firenze-the-stellar","status":"publish","type":"post","link":"https:\/\/www.intoscana.it\/it\/cleo-t-concerto-firenze-the-stellar\/","title":{"rendered":"Le mille vite della vulcanica Cleo T cantautrice contemporanea dall&#8217;anima lirica"},"content":{"rendered":"<p>Dopo <strong>una pausa di cinque anni<\/strong> torna finalmente in Toscana <strong>la cantautrice francese Cleo T<\/strong> per un concerto intimo e a<strong> ingresso gratuito<\/strong> al <strong>The Stellar,<\/strong> piccolo &#8220;assaggio&#8221; del <strong>nuovo tour e album annunciati per il 2023.<\/strong><\/p>\n<p>Cinque anni in cui<strong> la dolce Cleo<\/strong> non \u00e8 certo rimasta con le mani in mano. Nonostante lo stop dovuto al Covid e anche a un lieto evento <strong>(la nascita del suo primo baby)<\/strong> la <strong>vulcanica cantautrice<\/strong> ha messo in campo una serie stupefacente di <strong>collaborazioni che vanno dalla musica contemporanea all&#8217;Opera lirica.<\/strong><\/p>\n<p><strong>Sul palco del The Stellar gioved\u00ec 27 ottobre<\/strong> sar\u00e0 possibile ascoltare brani dal nuovo disco realizzato per voce e piano con la prestigiosa collaborazione del\u00a0poliedrico produttore di Los Angeles <strong>Alex Somers<\/strong>\u00a0collaboratore di <strong>Sigur Ros e Jonsi.<\/strong><\/p>\n<h3>Ecco la nostra intervista a Cleo T<\/h3>\n<p><strong>Ciao Cleo! Torni in concerto in Italia dopo tantissimo tempo, cos&#8217;\u00e8 successo negli ultimi 5 anni?<\/strong><\/p>\n<p>Sono stati\u00a0anni molto importanti per me perch\u00e8 ho avuto il mio primo bambino. <strong>E&#8217; stato forse l&#8217;atto di creazione pi\u00f9 importante di tutta la mia vita.<\/strong> Devo dire che sono stata molto fortunata perch\u00e8 <strong>volevo ritrovare il centro della creazione <\/strong>dopo\u00a0tante esperienze diverse con il teatro, l&#8217;arte\u00a0digitale. Con il bambino e poi il Covid <strong>ho avuto uno spazio e un tempo di creazione totalmente privati,<\/strong> senza live o tour.\u00a0Ho lasciato Berlino dove vivevo da 5 anni, ho comprato\u00a0una casa in campagna nel sud della Francia dove ho sistemato un grandissimo studio. <strong>Per cinque anni ho scritto forse tre o quattro album<\/strong>. Ho lavorato a tantissimi progetti, tra cui uno con un <strong>ensemble di musica contemporanea<\/strong>, ho lavorato con poeti e scrittori e ho anche finalmente deciso di fare <strong>un album di piano solo.<\/strong>\u00a0Per me era un obiettivo nella vita, ma ero sempre molto spaventata, mi faceva paura perch\u00e8<strong> ho un rapporto complicato con il piano che adoro ma che non ho mai imparato<\/strong>. Ho passato anni di creazione molto intensa e ho lavorato\u00a0molto sul canto lirico, questo ha cambiato la mia musica. Mi sembra quasi che <strong>il mondo si sia fermato apposta per lasciarmi il tempo<\/strong> per raggiungere tutte queste cose e <strong>trovare il cammino che mi sembra adesso il pi\u00f9 giusto.<\/strong><\/p>\n<p><span class=\"citazione\">Avere un bambino per una persona che lavora su un palco \u00e8 qualcosa\u00a0di complicato specialmente\u00a0se sei donna.\u00a0\u00c8\u00a0un momento del percorso che ti pone qualche problema,\u00a0ti chiedi come continuare, a me ha dato una forza enorme<\/span><\/p>\n<p><strong>\u00c8<\/strong>\u00a0<strong>stato davvero un lungo viaggio! Dunque uscir\u00e0 un tuo album a breve per voce e piano?<\/strong><\/p>\n<p>Il mio terzo album ufficiale\u00a0uscir\u00e0 l&#8217;anno prossimo. <strong>Dopo aver lavorato con John Parish<\/strong> stavo cercando qualcuno che mi portasse nel mondo della &#8216;<strong>post classical music&#8217;<\/strong> per<strong> viaggiare tra musica classica e contemporanea,<\/strong> pi\u00f9 attuale. Sono fan dei Sigur Ros e ho incontrato grazie i social network<strong> Alex Somers il marito di Jonsi<\/strong> con cui ha fatto un disco bellissimo che si chiama<em><strong> &#8220;Riceboy Sleeps&#8221;<\/strong><\/em>. Dovevo andare a Los Angeles per lavorare con lui, poi \u00e8 arrivato il Covid e non sono pi\u00f9 partita ma abbiamo lavorato online. Questo album \u00e8 il progetto che mi ha preso pi\u00f9 energie e tempo e in cui si vede il mio cammino. Ci sono strumenti classici: violoncello, piano e voce ma il disco va molto pi\u00f9 nel lirico e <strong>ha un lavoro di sound assolutamente onirico,\u00a0<\/strong>\u00e8 molto pi\u00f9 minimale rispetto al disco precedente, l&#8217;abbiamo registrato a Modena.<\/p>\n<p><strong>Sei una donna cosmopolita, sei francese, hai vissuto\u00a0in Germania ma sei anche molto legata all&#8217;Italia, dove ti senti a casa?<\/strong><\/p>\n<p>E&#8217; una questione molto importante per me, perch\u00e8 ti devo dire che<strong> sto cercando casa mia da tanti anni.<\/strong> Ho un amico carissimo scrittore molto importante in Francia che ha pubblicato anche in Italia\u00a0<strong>Camille de Toledo,<\/strong> che un giorno mi ha detto <em><strong>&#8220;La tua casa la devi trovare nel tuo cuore&#8221;.<\/strong><\/em> Io lo trovo molto giusto, adesso che vivo in campagna\u00a0molto isolata,<strong> ho portato qui un pezzo di tutto quello che mi piace<\/strong>, ci sono anche tante cose dell&#8217;Italia. Secondo me<strong> portiamo il mondo dentro di noi,<\/strong> per questo viaggiare \u00e8 tanto importante per me e devo dire che<strong> \u00e8 stato molto duro stare ferma durante il covid.<\/strong> Ma mi ha dato la possibilit\u00e0 di capire che <strong>prima di tutto devi trovare il tuo centro e poi portarlo nel mondo<\/strong>. Ho molta voglia di tornare in tour con questa nuova forza che ho trovato tra la musica e la vita. <strong>Avere un bambino per una persona che lavora su un palco \u00e8 qualcosa\u00a0di complicato<\/strong> specialmente\u00a0se sei una donna. E&#8217; un momento del percorso che ti pone qualche problema,\u00a0ti chiedi come continuare, <strong>a me ha dato una forza enorme<\/strong>. Sono felice, l&#8217;anno prossimo saremo in giro in Italia, il tour europeo inizier\u00e0 proprio qui.<\/p>\n<p><iframe loading=\"lazy\" title=\"YouTube video player\" src=\"https:\/\/www.youtube.com\/embed\/4YPMtDxODxQ\" width=\"800\" height=\"500\" frameborder=\"0\" allowfullscreen=\"allowfullscreen\"><span data-mce-type=\"bookmark\" style=\"display: inline-block; width: 0px; overflow: hidden; line-height: 0;\" class=\"mce_SELRES_start\">\ufeff<\/span><\/iframe><\/p>\n<p><strong>Come mai sei cos\u00ec legata all&#8217;Italia?<\/strong><\/p>\n<p><strong>Mio nonno<\/strong>, che \u00e8 stata una persona molto importante nella mia vita, <strong>era originario della Corsica<\/strong>. Ho fatto un&#8217; <strong><em>&#8220;archeologia della mia famiglia&#8221;<\/em>,<\/strong> per ritrovare le mie radici che non mi vengono da Parigi. <strong>Ho scoperto che il Mediterraneo \u00e8 il posto pi\u00f9 importante del pianeta per me<\/strong>. In Italia sono venuta quando avevo 15 anni e ho pensato &#8216;questa \u00e8 casa mia&#8217; per questo <strong>mi sono sposata a Firenze\u00a0a Villa Poggio San Felice<\/strong> e ho tanti amici qua. Ho avuto anche la fortuna di lavorare con artisti del Medio Oriente,<strong> ho potuto\u00a0viaggiare in Libano, in Palestina.<\/strong>\u00a0Il Mediterraneo \u00e8 il centro della mia cultura. Un&#8217;altro progetto che sto realizzando, non so quando uscir\u00e0, \u00e8 il mio quinto progetto quest&#8217;anno (ride), \u00e8 <strong>un lavoro sull&#8217;Opera<\/strong>. Ne presenter\u00f2 alcuni pezzi durante il concerto al The Stellar. Ho iniziato questo progetto perch\u00e8 <strong>dovevo capire la nostra musica tradizionale,<\/strong> in Medio Oriente sono molto legati alla loro cultura musicale passata. Io non ho mai ascoltato tanto\u00a0Edith Piaf e <strong>ho pensato che la cosa pi\u00f9 antica della mia cultura \u00e8 l&#8217;Opera<\/strong> che si scrive nelle\u00a0lingue dell&#8217;Europa. <strong>Tutto mi riporta sempre in Italia<\/strong>. Ho avuto la fortuna di trovare una cantante incredibile che ora \u00e8 la mia maestra, lei mi ha fatto scoprire<strong> un cammino metafisco\u00a0in cui solo l&#8217;Opera ti pu\u00f2 portare<\/strong>. Il lavoro sulla voce \u00e8 tutto un altro mondo, un mondo incredibile e questo mi ha fatto tanto lavorare e capire tante cose sulla mia scrittura musicale, sul mio modo di scrivere le melodie.<\/p>\n<p><strong>Quali sono le tue Opere preferite?<\/strong><\/p>\n<p><strong>Io amo Tosca<\/strong>, mi piace tantissimo perch\u00e8<strong> mi d\u00e0 la possibilit\u00e0 di cantare anche le arie da tenore<\/strong> anche se io sono soprano.\u00a0Nella musica contemporanea lo facciamo sempre, le donne possono cantare canzoni di uomini e viceversa. <strong>Nell&#8217;Opera \u00e8 molto pi\u00f9 complicato perch\u00e8 le voci sono dei veri e propri strumenti.<\/strong> Ma mi piace moltissimo cantare le arie maschili come <em><strong>&#8220;E lucevan le stelle&#8221;<\/strong><\/em> mi sembra una canzone di <strong>Leonard Coen<\/strong>.\u00a0Anche <em><strong>&#8220;Didone e Enea&#8221;<\/strong><\/em> di <strong>Henry Purcelle<\/strong> in inglese mi piace tantissimo perch\u00e8 \u00e8 molto\u00a0moderna come scrittura. Al The Stellar vi far\u00f2 ascoltare anche qualche pezzo di Opera, il mio ultimo esperimento!<\/p>\n","protected":false},"excerpt":{"rendered":"<p>La cantautrice francese gioved\u00ec 27 ottobre sar\u00e0 in concerto a ingresso libero al The Stellar in piazza di Cestello a Firenze<\/p>\n","protected":false},"author":518,"featured_media":254320,"comment_status":"open","ping_status":"open","sticky":false,"template":"","format":"standard","meta":{"_acf_changed":false,"footnotes":""},"categories":[14],"tags":[216,4474,202,3138],"class_list":["post-254317","post","type-post","status-publish","format-standard","has-post-thumbnail","hentry","category-musica","tag-concerti","tag-eventi","tag-firenze","tag-interviste-agli-artisti"],"acf":[],"yoast_head":"<!-- This site is optimized with the Yoast SEO Premium plugin v24.2 (Yoast SEO v25.6) - https:\/\/yoast.com\/wordpress\/plugins\/seo\/ -->\n<title>Le mille vite della vulcanica Cleo T cantautrice contemporanea dall&#039;anima lirica - intoscana<\/title>\n<meta name=\"description\" content=\"La cantautrice francese gioved\u00ec 27 ottobre sar\u00e0 in concerto a ingresso libero al The Stellar in piazza di Cestello a Firenze\" \/>\n<meta name=\"robots\" content=\"index, follow, max-snippet:-1, max-image-preview:large, max-video-preview:-1\" \/>\n<link rel=\"canonical\" href=\"https:\/\/www.intoscana.it\/it\/cleo-t-concerto-firenze-the-stellar\/\" \/>\n<meta property=\"og:locale\" content=\"it_IT\" \/>\n<meta property=\"og:type\" content=\"article\" \/>\n<meta property=\"og:title\" content=\"Le mille vite della vulcanica Cleo T cantautrice contemporanea dall&#039;anima lirica\" \/>\n<meta property=\"og:description\" content=\"La cantautrice francese gioved\u00ec 27 ottobre sar\u00e0 in concerto a ingresso libero al The Stellar in piazza di Cestello a Firenze\" \/>\n<meta property=\"og:url\" content=\"https:\/\/www.intoscana.it\/it\/cleo-t-concerto-firenze-the-stellar\/\" \/>\n<meta property=\"og:site_name\" content=\"intoscana\" \/>\n<meta property=\"article:publisher\" content=\"https:\/\/www.facebook.com\/intoscana.it\" \/>\n<meta property=\"article:published_time\" content=\"2022-10-24T10:02:11+00:00\" \/>\n<meta property=\"article:modified_time\" content=\"2022-10-24T10:30:53+00:00\" \/>\n<meta property=\"og:image\" content=\"https:\/\/www.intoscana.it\/wp-content\/uploads\/311280556_537274785067810_2383089117695575779_n.jpg\" \/>\n\t<meta property=\"og:image:width\" content=\"1200\" \/>\n\t<meta property=\"og:image:height\" content=\"798\" \/>\n\t<meta property=\"og:image:type\" content=\"image\/jpeg\" \/>\n<meta name=\"author\" content=\"Costanza Baldini\" \/>\n<meta name=\"twitter:card\" content=\"summary_large_image\" \/>\n<meta name=\"twitter:creator\" content=\"@intoscana\" \/>\n<meta name=\"twitter:site\" content=\"@intoscana\" \/>\n<meta name=\"twitter:label1\" content=\"Written by\" \/>\n\t<meta name=\"twitter:data1\" content=\"Costanza Baldini\" \/>\n\t<meta name=\"twitter:label2\" content=\"Est. reading time\" \/>\n\t<meta name=\"twitter:data2\" content=\"6 minuti\" \/>\n<script type=\"application\/ld+json\" class=\"yoast-schema-graph\">{\"@context\":\"https:\/\/schema.org\",\"@graph\":[{\"@type\":\"WebPage\",\"@id\":\"https:\/\/www.intoscana.it\/it\/cleo-t-concerto-firenze-the-stellar\/\",\"url\":\"https:\/\/www.intoscana.it\/it\/cleo-t-concerto-firenze-the-stellar\/\",\"name\":\"Le mille vite della vulcanica Cleo T cantautrice contemporanea dall'anima lirica - intoscana\",\"isPartOf\":{\"@id\":\"https:\/\/www.intoscana.it\/it\/#website\"},\"primaryImageOfPage\":{\"@id\":\"https:\/\/www.intoscana.it\/it\/cleo-t-concerto-firenze-the-stellar\/#primaryimage\"},\"image\":{\"@id\":\"https:\/\/www.intoscana.it\/it\/cleo-t-concerto-firenze-the-stellar\/#primaryimage\"},\"thumbnailUrl\":\"https:\/\/www.intoscana.it\/wp-content\/uploads\/311280556_537274785067810_2383089117695575779_n.jpg\",\"datePublished\":\"2022-10-24T10:02:11+00:00\",\"dateModified\":\"2022-10-24T10:30:53+00:00\",\"author\":{\"@id\":\"https:\/\/www.intoscana.it\/it\/#\/schema\/person\/d469f35f09739bdf00bf5dd3f0647a82\"},\"description\":\"La cantautrice francese gioved\u00ec 27 ottobre sar\u00e0 in concerto a ingresso libero al The Stellar in piazza di Cestello a Firenze\",\"breadcrumb\":{\"@id\":\"https:\/\/www.intoscana.it\/it\/cleo-t-concerto-firenze-the-stellar\/#breadcrumb\"},\"inLanguage\":\"it-IT\",\"potentialAction\":[{\"@type\":\"ReadAction\",\"target\":[\"https:\/\/www.intoscana.it\/it\/cleo-t-concerto-firenze-the-stellar\/\"]}]},{\"@type\":\"ImageObject\",\"inLanguage\":\"it-IT\",\"@id\":\"https:\/\/www.intoscana.it\/it\/cleo-t-concerto-firenze-the-stellar\/#primaryimage\",\"url\":\"https:\/\/www.intoscana.it\/wp-content\/uploads\/311280556_537274785067810_2383089117695575779_n.jpg\",\"contentUrl\":\"https:\/\/www.intoscana.it\/wp-content\/uploads\/311280556_537274785067810_2383089117695575779_n.jpg\",\"width\":1200,\"height\":798,\"caption\":\"Cleo T\"},{\"@type\":\"BreadcrumbList\",\"@id\":\"https:\/\/www.intoscana.it\/it\/cleo-t-concerto-firenze-the-stellar\/#breadcrumb\",\"itemListElement\":[{\"@type\":\"ListItem\",\"position\":1,\"name\":\"Home\",\"item\":\"https:\/\/www.intoscana.it\/it\/\"},{\"@type\":\"ListItem\",\"position\":2,\"name\":\"Le mille vite della vulcanica Cleo T cantautrice contemporanea dall&#8217;anima lirica\"}]},{\"@type\":\"WebSite\",\"@id\":\"https:\/\/www.intoscana.it\/it\/#website\",\"url\":\"https:\/\/www.intoscana.it\/it\/\",\"name\":\"intoscana\",\"description\":\"\",\"potentialAction\":[{\"@type\":\"SearchAction\",\"target\":{\"@type\":\"EntryPoint\",\"urlTemplate\":\"https:\/\/www.intoscana.it\/it\/?s={search_term_string}\"},\"query-input\":{\"@type\":\"PropertyValueSpecification\",\"valueRequired\":true,\"valueName\":\"search_term_string\"}}],\"inLanguage\":\"it-IT\"},{\"@type\":\"Person\",\"@id\":\"https:\/\/www.intoscana.it\/it\/#\/schema\/person\/d469f35f09739bdf00bf5dd3f0647a82\",\"name\":\"Costanza Baldini\",\"url\":\"https:\/\/www.intoscana.it\/it\/author\/costanza-baldini\/\"}]}<\/script>\n<!-- \/ Yoast SEO Premium plugin. -->","yoast_head_json":{"title":"Le mille vite della vulcanica Cleo T cantautrice contemporanea dall'anima lirica - intoscana","description":"La cantautrice francese gioved\u00ec 27 ottobre sar\u00e0 in concerto a ingresso libero al The Stellar in piazza di Cestello a Firenze","robots":{"index":"index","follow":"follow","max-snippet":"max-snippet:-1","max-image-preview":"max-image-preview:large","max-video-preview":"max-video-preview:-1"},"canonical":"https:\/\/www.intoscana.it\/it\/cleo-t-concerto-firenze-the-stellar\/","og_locale":"it_IT","og_type":"article","og_title":"Le mille vite della vulcanica Cleo T cantautrice contemporanea dall'anima lirica","og_description":"La cantautrice francese gioved\u00ec 27 ottobre sar\u00e0 in concerto a ingresso libero al The Stellar in piazza di Cestello a Firenze","og_url":"https:\/\/www.intoscana.it\/it\/cleo-t-concerto-firenze-the-stellar\/","og_site_name":"intoscana","article_publisher":"https:\/\/www.facebook.com\/intoscana.it","article_published_time":"2022-10-24T10:02:11+00:00","article_modified_time":"2022-10-24T10:30:53+00:00","og_image":[{"width":1200,"height":798,"url":"https:\/\/www.intoscana.it\/wp-content\/uploads\/311280556_537274785067810_2383089117695575779_n.jpg","type":"image\/jpeg"}],"author":"Costanza Baldini","twitter_card":"summary_large_image","twitter_creator":"@intoscana","twitter_site":"@intoscana","twitter_misc":{"Written by":"Costanza Baldini","Est. reading time":"6 minuti"},"schema":{"@context":"https:\/\/schema.org","@graph":[{"@type":"WebPage","@id":"https:\/\/www.intoscana.it\/it\/cleo-t-concerto-firenze-the-stellar\/","url":"https:\/\/www.intoscana.it\/it\/cleo-t-concerto-firenze-the-stellar\/","name":"Le mille vite della vulcanica Cleo T cantautrice contemporanea dall'anima lirica - intoscana","isPartOf":{"@id":"https:\/\/www.intoscana.it\/it\/#website"},"primaryImageOfPage":{"@id":"https:\/\/www.intoscana.it\/it\/cleo-t-concerto-firenze-the-stellar\/#primaryimage"},"image":{"@id":"https:\/\/www.intoscana.it\/it\/cleo-t-concerto-firenze-the-stellar\/#primaryimage"},"thumbnailUrl":"https:\/\/www.intoscana.it\/wp-content\/uploads\/311280556_537274785067810_2383089117695575779_n.jpg","datePublished":"2022-10-24T10:02:11+00:00","dateModified":"2022-10-24T10:30:53+00:00","author":{"@id":"https:\/\/www.intoscana.it\/it\/#\/schema\/person\/d469f35f09739bdf00bf5dd3f0647a82"},"description":"La cantautrice francese gioved\u00ec 27 ottobre sar\u00e0 in concerto a ingresso libero al The Stellar in piazza di Cestello a Firenze","breadcrumb":{"@id":"https:\/\/www.intoscana.it\/it\/cleo-t-concerto-firenze-the-stellar\/#breadcrumb"},"inLanguage":"it-IT","potentialAction":[{"@type":"ReadAction","target":["https:\/\/www.intoscana.it\/it\/cleo-t-concerto-firenze-the-stellar\/"]}]},{"@type":"ImageObject","inLanguage":"it-IT","@id":"https:\/\/www.intoscana.it\/it\/cleo-t-concerto-firenze-the-stellar\/#primaryimage","url":"https:\/\/www.intoscana.it\/wp-content\/uploads\/311280556_537274785067810_2383089117695575779_n.jpg","contentUrl":"https:\/\/www.intoscana.it\/wp-content\/uploads\/311280556_537274785067810_2383089117695575779_n.jpg","width":1200,"height":798,"caption":"Cleo T"},{"@type":"BreadcrumbList","@id":"https:\/\/www.intoscana.it\/it\/cleo-t-concerto-firenze-the-stellar\/#breadcrumb","itemListElement":[{"@type":"ListItem","position":1,"name":"Home","item":"https:\/\/www.intoscana.it\/it\/"},{"@type":"ListItem","position":2,"name":"Le mille vite della vulcanica Cleo T cantautrice contemporanea dall&#8217;anima lirica"}]},{"@type":"WebSite","@id":"https:\/\/www.intoscana.it\/it\/#website","url":"https:\/\/www.intoscana.it\/it\/","name":"intoscana","description":"","potentialAction":[{"@type":"SearchAction","target":{"@type":"EntryPoint","urlTemplate":"https:\/\/www.intoscana.it\/it\/?s={search_term_string}"},"query-input":{"@type":"PropertyValueSpecification","valueRequired":true,"valueName":"search_term_string"}}],"inLanguage":"it-IT"},{"@type":"Person","@id":"https:\/\/www.intoscana.it\/it\/#\/schema\/person\/d469f35f09739bdf00bf5dd3f0647a82","name":"Costanza Baldini","url":"https:\/\/www.intoscana.it\/it\/author\/costanza-baldini\/"}]}},"_links":{"self":[{"href":"https:\/\/www.intoscana.it\/it\/wp-json\/wp\/v2\/posts\/254317","targetHints":{"allow":["GET"]}}],"collection":[{"href":"https:\/\/www.intoscana.it\/it\/wp-json\/wp\/v2\/posts"}],"about":[{"href":"https:\/\/www.intoscana.it\/it\/wp-json\/wp\/v2\/types\/post"}],"author":[{"embeddable":true,"href":"https:\/\/www.intoscana.it\/it\/wp-json\/wp\/v2\/users\/518"}],"replies":[{"embeddable":true,"href":"https:\/\/www.intoscana.it\/it\/wp-json\/wp\/v2\/comments?post=254317"}],"version-history":[{"count":0,"href":"https:\/\/www.intoscana.it\/it\/wp-json\/wp\/v2\/posts\/254317\/revisions"}],"wp:featuredmedia":[{"embeddable":true,"href":"https:\/\/www.intoscana.it\/it\/wp-json\/wp\/v2\/media\/254320"}],"wp:attachment":[{"href":"https:\/\/www.intoscana.it\/it\/wp-json\/wp\/v2\/media?parent=254317"}],"wp:term":[{"taxonomy":"category","embeddable":true,"href":"https:\/\/www.intoscana.it\/it\/wp-json\/wp\/v2\/categories?post=254317"},{"taxonomy":"post_tag","embeddable":true,"href":"https:\/\/www.intoscana.it\/it\/wp-json\/wp\/v2\/tags?post=254317"}],"curies":[{"name":"wp","href":"https:\/\/api.w.org\/{rel}","templated":true}]}}