{"id":254639,"date":"2022-11-05T11:41:50","date_gmt":"2022-11-05T10:41:50","guid":{"rendered":"https:\/\/www.intoscana.it\/it\/?p=254639"},"modified":"2022-11-05T17:27:41","modified_gmt":"2022-11-05T16:27:41","slug":"conto-alla-rovescia-per-next-generation-fest-la-genz-si-da-appuntamento-a-firenze","status":"publish","type":"post","link":"https:\/\/www.intoscana.it\/it\/conto-alla-rovescia-per-next-generation-fest-la-genz-si-da-appuntamento-a-firenze\/","title":{"rendered":"Next Generation Fest: la GenZ riunita al teatro del Maggio"},"content":{"rendered":"<p>La <strong>GenZ italiana<\/strong> al teatro del Maggio di Firenze per il <strong>Next Generation Fest<\/strong>: l\u2019evento interamente dedicato alla Generazione Z, ideato dalla <strong>Regione Toscana e Giovanis\u00ec<\/strong>.\u00a0La giornata, definita dai presentatori <strong>Veronica Maffei e Nicol\u00f2 De Devitiis<\/strong> \u201c<em>una maratona<\/em>\u201d (inizio ore 10.30 termine previsto ore 23).<\/p>\n<p>La lunga diretta \u00e8 stata aperta dall\u2019intervento del presidente della Regione Toscana <strong>Eugenio Giani<\/strong> e dai saluti della presidente della Commissione europea, <strong>Ursula Von Der Leyen<\/strong>. Non sono mancati i momenti emozionanti: dal discorso motivazionale dell&#8217;imprenditore <strong>Brunello Cucinelli<\/strong> ai sette comandamenti di <strong>Paolo Bonolis<\/strong>, vero mattatore della giornata.<\/p>\n<p><iframe loading=\"lazy\" title=\"Diretta evento mattina - Next Generation Fest - Giovanis\u00ec\" src=\"https:\/\/www.youtube.com\/embed\/z0MrE65i67o\" width=\"853\" height=\"480\" frameborder=\"0\" allowfullscreen=\"allowfullscreen\"><\/iframe>Per il presidente Giani, abbiamo oggi \u201c<em>una generazione che apparentemente non si esprime con movimenti politici nelle piazze ma che \u00e8 protagonista con delle idee che possono innalzare il livello della nostra civilt\u00e0: l\u2019attenzione alla sostenibilit\u00e0 ambientale e la dimensione di un\u2019innovazione economica che attraverso i social e attraverso l\u2019uso delle infrastrutture digitali, sono in grado di offrire il meglio per il futuro\u201d<\/em>.<\/p>\n<figure id=\"post-256331 media-256331\" class=\"align-none\"><img decoding=\"async\" src=\"https:\/\/www.intoscana.it\/wp-content\/uploads\/DSC_2926.jpg\" alt=\"\" \/><\/figure>\n<div class=\"titleimg\">L\u2019intervento di Ursula Von Der Leyen al Next Generation Fest<\/div>\n<p>La presidente <strong>Von Der Leyen<\/strong> ha aperto e chiuso il suo intervento in italiano ricordando la forza della prossima generazione europea: \u201c<em>Durante la pandemia, avete rinunciato a cos\u00ec tanto per mantenere al sicuro le persone pi\u00f9 fragili. E oggi state dimostrando una grande solidariet\u00e0 con l\u2019Ucraina. Ad esempio, accogliendo gli studenti ucraini nelle vostre scuole e universit\u00e0. Quando vedete ingiustizie nel mondo, quando vedete qualcosa che non funziona, non vi lamentate, agite e fate sempre qualcosa per cambiare le cose. Vorrei che l\u2019Europa fosse pi\u00f9 simile alla vostra generazione, e che fosse veramente al vostro servizio. \u2018Voglio un\u2019Europa per i giovani\u201d<\/em>.<\/p>\n<div class=\"titleimg\">\n<figure id=\"post-256334 media-256334\" class=\"align-none\"><img decoding=\"async\" src=\"https:\/\/www.intoscana.it\/wp-content\/uploads\/DSC_2987.jpg\" alt=\"\" \/><\/figure>\n<div class=\"titleimg\">L\u2019intervento di Bernard Dika al Next Generation Fest<\/div>\n<\/div>\n<p><mark>Europa, Innovazione, Digitale, Sostenibilit\u00e0, Creativit\u00e0, Inclusione e Cittadinanza<\/mark>, sono i temi che accompagneranno la giornata. Ripresi subito dal giovane portavoce del Presidente Giani, <strong>Bernard Dika<\/strong>, con un intervento sulla potenza ideativa dei giovani, stanco della rappresentazione del giovane annoiato e della \u201c<em>retorica dell\u2019eccellenza<\/em>\u201d ha ricordato <strong>il problema dei NEET<\/strong> e dei progetti messi in campo dalle istituzioni.<\/p>\n<p><strong>Dika<\/strong> ha concluso il suo intervento alla platea del Next Generation Fest portando la sua personale esperienza e con un potente invito a non arrendersi alle frasi fatte e a impegnarsi per cambiare le cose: \u201c<em>Ogni volta che mi presento tutti restano sorpresi: \u201cma come? Cos\u00ec giovane e gi\u00e0 cosi impegnato?\u201d E questo mi fa capire quanto sia stato fortunato ad aver conosciuto, proprio da studente delle scuole superiori, il Presidente Eugenio Giani, senza il suo coraggio non sarei qui oggi. Non ponetevi mai limiti ragazzi, non c\u2019\u00e8 meta che non possa essere raggiunta da chi ha il coraggio di sognare! \u2018Siete la generazione precariato, non prenderete mai la pensione, starete peggio dei vostri genitori, lasciate l\u2019Italia che \u00e8 meglio\u2019. Anche basta con queste frasi. Se la realt\u00e0 cosi come \u00e8 non va \u00e8 perch\u00e9 nessuno l\u2019ha mai cambiata. Basta arrendersi e rassegnarsi ad una realt\u00e0 evidente, basta parlarne, cambiamola!<\/em>\u201d.<\/p>\n<p>Svelato il nome dell\u2019ospite misterioso: <strong>Chiara Ferragni<\/strong>, che \u00e8 intervenuta in videomessaggio per ringraziare la Regione Toscana del premio a lei assegnato: \u201c<em>Per me \u00e8 importante rappresentare e comunicare con i giovani perch\u00e9 sento che le nostre idee e i nostri valori non siano rappresentati a dovere in questa societ\u00e0. Spero di poter continuare a dar voce a chi non ce l\u2019ha e sono super orgogliosa di ricevere questo premio<\/em>&#8220;.<\/p>\n<figure id=\"post-256340 media-256340\" class=\"align-none\"><img decoding=\"async\" src=\"https:\/\/www.intoscana.it\/wp-content\/uploads\/CAR_1142-1-scaled.jpg\" alt=\"\" \/><\/figure>\n<div class=\"titleimg\">La premiazione di Brunello Cucinelli al Next Generation Fest<\/div>\n<h3>Cucinelli e i Genzer, sentinelle del futuro<\/h3>\n<p>Sul palco del teatro del Maggio c\u2019\u00e8 <strong>Brunello Cucinelli<\/strong>, imprenditore della moda attento al rispetto della dignit\u00e0 dei lavoratori. Ai ragazzi parla della necessit\u00e0 di un \u201c<em>equilibrio tra profitto sano e dono<\/em>\u201d, ricordando quando il nonno dopo la battittura del grano destinava alla comunit\u00e0 la prima parte del raccolto. Il suo intervento \u00e8 pieno di ricordi personali e di citazioni, <mark>da Erasmo da Rotterdam a Manzoni a San Francesco<\/mark>.<\/p>\n<p>Definisce i <strong>Genzer<\/strong>, ovvero i rappresentanti della generazione Z, le \u201c<em>sentinelle del futuro<\/em>\u201d e sottolinea l\u2019importanza di coltivare \u201c<em>l\u2019intelligenza dell\u2019anima<\/em>\u201d. &#8220;<em>Lo studio \u00e8 il sale della terra<\/em> \u2013 dice \u2013 <em>Ma c&#8217;\u00e8 un&#8217;intelligenza che viene dallo studio, e c&#8217;\u00e8 un&#8217;intelligenza che viene dall&#8217;anima. Se curate quella che viene dall&#8217;anima, sarete degli esseri umani speciali<\/em>&#8220;. Poi, rivolgendosi ai giovani: \u201c<em>dovete essere gli artefici di un nuovo contratto sociale con il creato<\/em>\u201d.<\/p>\n<h3>Massini e l&#8217;importanza di stare male<\/h3>\n<p><strong>Stefano Massini<\/strong>, autore teatrale tradotto in ventisette lingue, punta il dito sulla societ\u00e0 e il mondo contemporaneo, dove \u201c<em>la fissazione \u00a0\u00e8 quella a non star male e ad evitare qualsiasi rischio per la paura di farsi male: una societ\u00e0 contradditoria, dove basta un telefonino per aprire una finestra sul mondo, qualcosa di impensabile decenni fa, un mondo dove viaggiare \u00e8 pi\u00f9 facile e meno costoso ma che \u00e8 tornato ad alzare muri e confini\u201d<\/em>.<\/p>\n<h3>Bonolis: &#8220;Credete nei sogni, niente illusioni&#8221;<\/h3>\n<p><mark>Sorridete al prossimo, usate ma non abusate, credete nei sogni e diffidate delle illusioni, non desiderate cose che non vi servono, apprezzate la fatica, siate felici, godete della diversit\u00e0<\/mark>: questi <strong>i sette &#8216;comandamenti&#8217;<\/strong> presentati da <strong>Paolo Bonolis<\/strong> ai giovani di Next Generation Fest.<\/p>\n<p>&#8220;<em>I prossimi tre<\/em> &#8211; ha aggiunto &#8211; <em>ognuno se li faccia per s\u00e9, in base al proprio carattere, alla propria natura, al suo proprio modo di essere, alle proprie ambizioni<\/em>&#8220;, ma &#8220;<em>sempre nel rispetto della diversit\u00e0, del sorriso, e del piacere di stare insieme agli altri<\/em>&#8220;. <strong>Bonolis<\/strong> ha osservato, rivolgendosi ai giovani, che &#8220;<em>noi veniamo da un&#8217;epoca differente, e ci piacerebbe potervi regalare ci\u00f2 che siamo sicuri possa tornare utile in qualunque epoca: dei valori trasversali, che vanno bene sempre, che aiutano sempre. Non so che altro regalare a un&#8217;altra generazione, se non qualche consiglio di questo tipo. I figli assomigliano sempre pi\u00f9 ai loro tempi che ai loro padri<\/em>&#8220;.<\/p>\n<figure id=\"post-256409 media-256409\" class=\"align-none\"><img decoding=\"async\" src=\"https:\/\/www.intoscana.it\/wp-content\/uploads\/CAR_1382-scaled.jpg\" alt=\"\" \/><\/figure>\n<div class=\"titleimg\">Paolo Bonolis<\/div>\n<p>Il presentatore ha anche parlato della sua lunga carriera televisiva: &#8220;<em>Mi sono divertito a fare quello che volevo fare per tanto tempo<\/em> &#8211; ha detto -, <em>fare trasmissioni intense come Il senso della vita, o i Sanremo che abbiamo stravolto, Domenica In, e poi fare le cose che faccio ora. Ho 61 anni, ho voglia di ridere, mi sono rotto le scatole di stare sempre a battermi il petto e cercare di capire tutto, tanto non capiremo mai niente: accettiamo questo fatto del non senso, e godiamoci la leggerezza che questa vita ci permette<\/em>&#8220;.<\/p>\n<h3>Next Generation Fest a Firenze<\/h3>\n<p><a href=\"https:\/\/www.intoscana.it\/it\/articolo\/next-generation-fest-firenze\/\" target=\"_blank\" rel=\"noopener\"><strong>\u201cNext Generation Fest\u201d<\/strong><\/a> \u00e8 interamente finanziato dalla <strong>Presidenza del Consiglio dei Ministri<\/strong> (Dipartimento per le politiche giovanili e il servizio civile universale). E&#8217; promosso dalla Presidenza della Regione Toscana e Giovanis\u00ec, il progetto regionale per l\u2019autonomia dei giovani. L&#8217;evento \u00e8 in collaborazione con Fondazione Sistema Toscana e il Teatro del Maggio.<\/p>\n<p>Si inserisce nel calendario dell<strong>\u2019Anno Europeo dei Giovani,<\/strong> promosso dalla <strong>Commissione Europea<\/strong> con l\u2019obiettivo di valorizzare il protagonismo e la voglia di innovazione di coloro che sono nati all\u2019inizio del millennio.<\/p>\n<figure id=\"post-171685 media-171685\" class=\"align-none\"><img decoding=\"async\" src=\"https:\/\/www.intoscana.it\/wp-content\/uploads\/Wikipedro-e1616777260431.jpg\" alt=\"\" \/><\/figure>\n<div class=\"titleimg\"><em>Wikipedro<\/em><\/div>\n<h3>Gli ospiti<\/h3>\n<p><strong>Sul palco del Teatro del Maggio<\/strong> si stanno alternando in<strong> 60 tra youtuber, creator, startupper, cantanti, presentatori, sportivi<\/strong> oltre a personaggi pi\u00f9 maturi con storie di rilievo.<\/p>\n<p>Tra i big attesi a Firenze il volto tv <strong>Paolo Bonolis<\/strong>, il videomaker\/regista\/youtuber <strong>Luis Sal<\/strong>, le sportive <strong><a href=\"https:\/\/www.intoscana.it\/it\/articolo\/le-montagne-russe-di-larissa-dal-record-del-mondo-allo-stop-il-futuro-la-pedana-e-godermi-la-vita\/\" target=\"_blank\" rel=\"noopener\">Larissa Iapichino<\/a> e <a href=\"https:\/\/www.intoscana.it\/it\/articolo\/ambra-sabatini-da-record-primato-mondiale-nei-200-metri\/\" target=\"_blank\" rel=\"noopener\">Ambra Sabatini<\/a><\/strong><strong>,<\/strong> lo scrittore <a href=\"https:\/\/www.intoscana.it\/it\/articolo\/stefano-massini-trionfa-ai-tony-award-con-la-sua-lehman-trilogy\/\" target=\"_blank\" rel=\"noopener\"><strong>Stefano Massini<\/strong><\/a>, lo stilista e imprenditore <strong>Brunello Cucinelli,<\/strong> il musicista <strong>Matteo Romano<\/strong>, la graphic journalist<strong> Takoua Ben Mohamed,<\/strong> i creators <strong><a href=\"https:\/\/www.intoscana.it\/it\/articolo\/wikipedro-il-giovane-grillo-che-su-instagram-racconta-firenze-e-la-toscana\/\" target=\"_blank\" rel=\"noopener\">Wikipedro<\/a> e Muriel,<\/strong> l\u2019attore <strong><a href=\"https:\/\/www.intoscana.it\/it\/articolo\/toscana-circolare-jonathan-canini-video-gionni-ueid\/\" target=\"_blank\" rel=\"noopener\">Jonathan Canini<\/a>,<\/strong> solo per citarne alcuni.<\/p>\n<p>Per <strong>Regione Toscana<\/strong> intervengono<strong> il Presidente Eugenio Giani, il Capo di Gabinetto Cristina Manetti e il Portavoce Bernard Dika.<\/strong><\/p>\n<figure id=\"post-195124 media-195124\" class=\"align-none\"><img decoding=\"async\" src=\"https:\/\/www.intoscana.it\/wp-content\/uploads\/Stefano-Massini-_phMarcoBorrelli_270420_06602.jpg\" alt=\"\" \/><\/figure>\n<div class=\"titleimg\">Stefano Massini &#8211; \u00a9 Marco Borrelli<\/div>\n<h3>I premiati della Regione Toscana<\/h3>\n<p>Nel corso della giornata prevista la consegna di <strong>alcuni riconoscimenti<\/strong> a molti degli ospiti: <mark>Brunello Cucinelli, Stefano Massini, Teresa Fornaro, Davide Dattoli, Eugenio in Via di Gioia<\/mark>. La consegna avverr\u00e0 al termine dei loro interventi sul palco previsti tra le 11 e le 13 circa. La premiazione proseguir\u00e0 nel pomeriggio con: <mark>Ambra Sabatini, Matteo Romano, Tommy Cassi e Paolo Bonolis<\/mark> (tra le 14.30 e le 16.30). In serata, altri due premi verranno consegnati a <strong>Luis Sal e ad Ariete<\/strong> (tra le 22 e le 22.30 circa). Uno dei riconoscimenti andr\u00e0 ad un personaggio misterioso svelato sul momento.<\/p>\n<p>Questa la motivazione del riconoscimento: \u201c<em>Il Premio della Regione Toscana \u00e8 il massimo riconoscimento che la Regione consegna, nell\u2019Anno Europeo dei Giovani 2022, alle personalit\u00e0 che con il proprio impegno e testimonianza sono esempio e modello positivo di cittadinanza nel presente del nostro Paese<\/em>\u201d.<\/p>\n","protected":false},"excerpt":{"rendered":"<p>La giornata evento promossa dalla Presidenza della Regione Toscana e da Giovanis\u00ec, tra gli ospiti: Luis Sal, Paolo Bonolis, Ariete, Stefano Massini e Ambra Sabatini<\/p>\n","protected":false},"author":525,"featured_media":251043,"comment_status":"open","ping_status":"open","sticky":false,"template":"","format":"standard","meta":{"_acf_changed":false,"footnotes":""},"categories":[494],"tags":[4474,221,244,369,6547,151],"class_list":["post-254639","post","type-post","status-publish","format-standard","has-post-thumbnail","hentry","category-attualita","tag-eventi","tag-giovani","tag-giovanisi","tag-maggio-musicale-fiorentino","tag-next-generation-fest","tag-regione-toscana"],"acf":[],"yoast_head":"<!-- This site is optimized with the Yoast SEO Premium plugin v24.2 (Yoast SEO v25.6) - https:\/\/yoast.com\/wordpress\/plugins\/seo\/ -->\n<title>\u201cNext Generation Fest\u201d: la GenZ si d\u00e0 appuntamento a Firenze - intoscana<\/title>\n<meta name=\"description\" content=\"La giornata evento promossa dalla Presidenza della Regione Toscana e dal progetto Giovanis\u00ec\" \/>\n<meta name=\"robots\" content=\"index, follow, max-snippet:-1, max-image-preview:large, max-video-preview:-1\" \/>\n<link rel=\"canonical\" href=\"https:\/\/www.intoscana.it\/it\/conto-alla-rovescia-per-next-generation-fest-la-genz-si-da-appuntamento-a-firenze\/\" \/>\n<meta property=\"og:locale\" content=\"it_IT\" \/>\n<meta property=\"og:type\" content=\"article\" \/>\n<meta property=\"og:title\" content=\"Next Generation Fest: la GenZ riunita al teatro del Maggio\" \/>\n<meta property=\"og:description\" content=\"La giornata evento promossa dalla Presidenza della Regione Toscana e dal progetto Giovanis\u00ec\" \/>\n<meta property=\"og:url\" content=\"https:\/\/www.intoscana.it\/it\/conto-alla-rovescia-per-next-generation-fest-la-genz-si-da-appuntamento-a-firenze\/\" \/>\n<meta property=\"og:site_name\" content=\"intoscana\" \/>\n<meta property=\"article:publisher\" content=\"https:\/\/www.facebook.com\/intoscana.it\" \/>\n<meta property=\"article:published_time\" content=\"2022-11-05T10:41:50+00:00\" \/>\n<meta property=\"article:modified_time\" content=\"2022-11-05T16:27:41+00:00\" \/>\n<meta property=\"og:image\" content=\"https:\/\/www.intoscana.it\/wp-content\/uploads\/Copia-di-giovanisi_lancio-IG_v2-e1664895276621.jpg\" \/>\n\t<meta property=\"og:image:width\" content=\"1201\" \/>\n\t<meta property=\"og:image:height\" content=\"693\" \/>\n\t<meta property=\"og:image:type\" content=\"image\/jpeg\" \/>\n<meta name=\"author\" content=\"Redazione\" \/>\n<meta name=\"twitter:card\" content=\"summary_large_image\" \/>\n<meta name=\"twitter:creator\" content=\"@intoscana\" \/>\n<meta name=\"twitter:site\" content=\"@intoscana\" \/>\n<meta name=\"twitter:label1\" content=\"Written by\" \/>\n\t<meta name=\"twitter:data1\" content=\"Redazione\" \/>\n\t<meta name=\"twitter:label2\" content=\"Est. reading time\" \/>\n\t<meta name=\"twitter:data2\" content=\"7 minuti\" \/>\n<script type=\"application\/ld+json\" class=\"yoast-schema-graph\">{\"@context\":\"https:\/\/schema.org\",\"@graph\":[{\"@type\":\"WebPage\",\"@id\":\"https:\/\/www.intoscana.it\/it\/conto-alla-rovescia-per-next-generation-fest-la-genz-si-da-appuntamento-a-firenze\/\",\"url\":\"https:\/\/www.intoscana.it\/it\/conto-alla-rovescia-per-next-generation-fest-la-genz-si-da-appuntamento-a-firenze\/\",\"name\":\"\u201cNext Generation Fest\u201d: la GenZ si d\u00e0 appuntamento a Firenze - intoscana\",\"isPartOf\":{\"@id\":\"https:\/\/www.intoscana.it\/it\/#website\"},\"primaryImageOfPage\":{\"@id\":\"https:\/\/www.intoscana.it\/it\/conto-alla-rovescia-per-next-generation-fest-la-genz-si-da-appuntamento-a-firenze\/#primaryimage\"},\"image\":{\"@id\":\"https:\/\/www.intoscana.it\/it\/conto-alla-rovescia-per-next-generation-fest-la-genz-si-da-appuntamento-a-firenze\/#primaryimage\"},\"thumbnailUrl\":\"https:\/\/www.intoscana.it\/wp-content\/uploads\/Copia-di-giovanisi_lancio-IG_v2-e1664895276621.jpg\",\"datePublished\":\"2022-11-05T10:41:50+00:00\",\"dateModified\":\"2022-11-05T16:27:41+00:00\",\"author\":{\"@id\":\"https:\/\/www.intoscana.it\/it\/#\/schema\/person\/9223810753230f20bd670fdd322661f8\"},\"description\":\"La giornata evento promossa dalla Presidenza della Regione Toscana e dal progetto Giovanis\u00ec\",\"breadcrumb\":{\"@id\":\"https:\/\/www.intoscana.it\/it\/conto-alla-rovescia-per-next-generation-fest-la-genz-si-da-appuntamento-a-firenze\/#breadcrumb\"},\"inLanguage\":\"it-IT\",\"potentialAction\":[{\"@type\":\"ReadAction\",\"target\":[\"https:\/\/www.intoscana.it\/it\/conto-alla-rovescia-per-next-generation-fest-la-genz-si-da-appuntamento-a-firenze\/\"]}]},{\"@type\":\"ImageObject\",\"inLanguage\":\"it-IT\",\"@id\":\"https:\/\/www.intoscana.it\/it\/conto-alla-rovescia-per-next-generation-fest-la-genz-si-da-appuntamento-a-firenze\/#primaryimage\",\"url\":\"https:\/\/www.intoscana.it\/wp-content\/uploads\/Copia-di-giovanisi_lancio-IG_v2-e1664895276621.jpg\",\"contentUrl\":\"https:\/\/www.intoscana.it\/wp-content\/uploads\/Copia-di-giovanisi_lancio-IG_v2-e1664895276621.jpg\",\"width\":1201,\"height\":693,\"caption\":\"Next Generation Fest\"},{\"@type\":\"BreadcrumbList\",\"@id\":\"https:\/\/www.intoscana.it\/it\/conto-alla-rovescia-per-next-generation-fest-la-genz-si-da-appuntamento-a-firenze\/#breadcrumb\",\"itemListElement\":[{\"@type\":\"ListItem\",\"position\":1,\"name\":\"Home\",\"item\":\"https:\/\/www.intoscana.it\/it\/\"},{\"@type\":\"ListItem\",\"position\":2,\"name\":\"Next Generation Fest: la GenZ riunita al teatro del Maggio\"}]},{\"@type\":\"WebSite\",\"@id\":\"https:\/\/www.intoscana.it\/it\/#website\",\"url\":\"https:\/\/www.intoscana.it\/it\/\",\"name\":\"intoscana\",\"description\":\"\",\"potentialAction\":[{\"@type\":\"SearchAction\",\"target\":{\"@type\":\"EntryPoint\",\"urlTemplate\":\"https:\/\/www.intoscana.it\/it\/?s={search_term_string}\"},\"query-input\":{\"@type\":\"PropertyValueSpecification\",\"valueRequired\":true,\"valueName\":\"search_term_string\"}}],\"inLanguage\":\"it-IT\"},{\"@type\":\"Person\",\"@id\":\"https:\/\/www.intoscana.it\/it\/#\/schema\/person\/9223810753230f20bd670fdd322661f8\",\"name\":\"Redazione\",\"url\":\"https:\/\/www.intoscana.it\/it\/author\/redazione\/\"}]}<\/script>\n<!-- \/ Yoast SEO Premium plugin. -->","yoast_head_json":{"title":"\u201cNext Generation Fest\u201d: la GenZ si d\u00e0 appuntamento a Firenze - intoscana","description":"La giornata evento promossa dalla Presidenza della Regione Toscana e dal progetto Giovanis\u00ec","robots":{"index":"index","follow":"follow","max-snippet":"max-snippet:-1","max-image-preview":"max-image-preview:large","max-video-preview":"max-video-preview:-1"},"canonical":"https:\/\/www.intoscana.it\/it\/conto-alla-rovescia-per-next-generation-fest-la-genz-si-da-appuntamento-a-firenze\/","og_locale":"it_IT","og_type":"article","og_title":"Next Generation Fest: la GenZ riunita al teatro del Maggio","og_description":"La giornata evento promossa dalla Presidenza della Regione Toscana e dal progetto Giovanis\u00ec","og_url":"https:\/\/www.intoscana.it\/it\/conto-alla-rovescia-per-next-generation-fest-la-genz-si-da-appuntamento-a-firenze\/","og_site_name":"intoscana","article_publisher":"https:\/\/www.facebook.com\/intoscana.it","article_published_time":"2022-11-05T10:41:50+00:00","article_modified_time":"2022-11-05T16:27:41+00:00","og_image":[{"width":1201,"height":693,"url":"https:\/\/www.intoscana.it\/wp-content\/uploads\/Copia-di-giovanisi_lancio-IG_v2-e1664895276621.jpg","type":"image\/jpeg"}],"author":"Redazione","twitter_card":"summary_large_image","twitter_creator":"@intoscana","twitter_site":"@intoscana","twitter_misc":{"Written by":"Redazione","Est. reading time":"7 minuti"},"schema":{"@context":"https:\/\/schema.org","@graph":[{"@type":"WebPage","@id":"https:\/\/www.intoscana.it\/it\/conto-alla-rovescia-per-next-generation-fest-la-genz-si-da-appuntamento-a-firenze\/","url":"https:\/\/www.intoscana.it\/it\/conto-alla-rovescia-per-next-generation-fest-la-genz-si-da-appuntamento-a-firenze\/","name":"\u201cNext Generation Fest\u201d: la GenZ si d\u00e0 appuntamento a Firenze - intoscana","isPartOf":{"@id":"https:\/\/www.intoscana.it\/it\/#website"},"primaryImageOfPage":{"@id":"https:\/\/www.intoscana.it\/it\/conto-alla-rovescia-per-next-generation-fest-la-genz-si-da-appuntamento-a-firenze\/#primaryimage"},"image":{"@id":"https:\/\/www.intoscana.it\/it\/conto-alla-rovescia-per-next-generation-fest-la-genz-si-da-appuntamento-a-firenze\/#primaryimage"},"thumbnailUrl":"https:\/\/www.intoscana.it\/wp-content\/uploads\/Copia-di-giovanisi_lancio-IG_v2-e1664895276621.jpg","datePublished":"2022-11-05T10:41:50+00:00","dateModified":"2022-11-05T16:27:41+00:00","author":{"@id":"https:\/\/www.intoscana.it\/it\/#\/schema\/person\/9223810753230f20bd670fdd322661f8"},"description":"La giornata evento promossa dalla Presidenza della Regione Toscana e dal progetto Giovanis\u00ec","breadcrumb":{"@id":"https:\/\/www.intoscana.it\/it\/conto-alla-rovescia-per-next-generation-fest-la-genz-si-da-appuntamento-a-firenze\/#breadcrumb"},"inLanguage":"it-IT","potentialAction":[{"@type":"ReadAction","target":["https:\/\/www.intoscana.it\/it\/conto-alla-rovescia-per-next-generation-fest-la-genz-si-da-appuntamento-a-firenze\/"]}]},{"@type":"ImageObject","inLanguage":"it-IT","@id":"https:\/\/www.intoscana.it\/it\/conto-alla-rovescia-per-next-generation-fest-la-genz-si-da-appuntamento-a-firenze\/#primaryimage","url":"https:\/\/www.intoscana.it\/wp-content\/uploads\/Copia-di-giovanisi_lancio-IG_v2-e1664895276621.jpg","contentUrl":"https:\/\/www.intoscana.it\/wp-content\/uploads\/Copia-di-giovanisi_lancio-IG_v2-e1664895276621.jpg","width":1201,"height":693,"caption":"Next Generation Fest"},{"@type":"BreadcrumbList","@id":"https:\/\/www.intoscana.it\/it\/conto-alla-rovescia-per-next-generation-fest-la-genz-si-da-appuntamento-a-firenze\/#breadcrumb","itemListElement":[{"@type":"ListItem","position":1,"name":"Home","item":"https:\/\/www.intoscana.it\/it\/"},{"@type":"ListItem","position":2,"name":"Next Generation Fest: la GenZ riunita al teatro del Maggio"}]},{"@type":"WebSite","@id":"https:\/\/www.intoscana.it\/it\/#website","url":"https:\/\/www.intoscana.it\/it\/","name":"intoscana","description":"","potentialAction":[{"@type":"SearchAction","target":{"@type":"EntryPoint","urlTemplate":"https:\/\/www.intoscana.it\/it\/?s={search_term_string}"},"query-input":{"@type":"PropertyValueSpecification","valueRequired":true,"valueName":"search_term_string"}}],"inLanguage":"it-IT"},{"@type":"Person","@id":"https:\/\/www.intoscana.it\/it\/#\/schema\/person\/9223810753230f20bd670fdd322661f8","name":"Redazione","url":"https:\/\/www.intoscana.it\/it\/author\/redazione\/"}]}},"_links":{"self":[{"href":"https:\/\/www.intoscana.it\/it\/wp-json\/wp\/v2\/posts\/254639","targetHints":{"allow":["GET"]}}],"collection":[{"href":"https:\/\/www.intoscana.it\/it\/wp-json\/wp\/v2\/posts"}],"about":[{"href":"https:\/\/www.intoscana.it\/it\/wp-json\/wp\/v2\/types\/post"}],"author":[{"embeddable":true,"href":"https:\/\/www.intoscana.it\/it\/wp-json\/wp\/v2\/users\/525"}],"replies":[{"embeddable":true,"href":"https:\/\/www.intoscana.it\/it\/wp-json\/wp\/v2\/comments?post=254639"}],"version-history":[{"count":0,"href":"https:\/\/www.intoscana.it\/it\/wp-json\/wp\/v2\/posts\/254639\/revisions"}],"wp:featuredmedia":[{"embeddable":true,"href":"https:\/\/www.intoscana.it\/it\/wp-json\/wp\/v2\/media\/251043"}],"wp:attachment":[{"href":"https:\/\/www.intoscana.it\/it\/wp-json\/wp\/v2\/media?parent=254639"}],"wp:term":[{"taxonomy":"category","embeddable":true,"href":"https:\/\/www.intoscana.it\/it\/wp-json\/wp\/v2\/categories?post=254639"},{"taxonomy":"post_tag","embeddable":true,"href":"https:\/\/www.intoscana.it\/it\/wp-json\/wp\/v2\/tags?post=254639"}],"curies":[{"name":"wp","href":"https:\/\/api.w.org\/{rel}","templated":true}]}}