{"id":254746,"date":"2022-10-25T15:33:38","date_gmt":"2022-10-25T13:33:38","guid":{"rendered":"https:\/\/www.intoscana.it\/it\/?p=254746"},"modified":"2022-10-25T15:40:59","modified_gmt":"2022-10-25T13:40:59","slug":"a-palazzo-vecchio-riapre-dopo-un-lungo-restauro-la-sala-delle-carte-geografiche","status":"publish","type":"post","link":"https:\/\/www.intoscana.it\/it\/a-palazzo-vecchio-riapre-dopo-un-lungo-restauro-la-sala-delle-carte-geografiche\/","title":{"rendered":"A Palazzo Vecchio riapre dopo un lungo restauro la Sala delle carte geografiche"},"content":{"rendered":"<p>Riapre dopo un anno di restauri la <strong>Sala delle carte geografiche:<\/strong> sar\u00e0 cos\u00ec di nuovo possibile ammirare le tavole dipinte con le<strong> terre dell\u2019Europa, dell\u2019Africa, dell\u2019Asia e del nuovo mondo<\/strong> cos\u00ec come conosciute nella seconda met\u00e0 del 16\/o secolo.<\/p>\n<p><strong>In via di ultimazione anche il restauro del mappamondo,<\/strong> monumentale globo posto al centro della stanza, che viene \u2018<strong>curato\u2019 in diretta sotto gli occhi dei visitatori.<\/strong><\/p>\n<p>L\u2019intervento di restauro dal valore di<strong> 500 mila euro,<\/strong> \u00e8 stato reso possibile grazie alla donazione di <strong>Friends of Florence<\/strong> nell\u2019ambito del programma <em><strong>Florence I Care<\/strong> <\/em>che mira a creare<strong> partnership con privati per il restauro di beni culturali<\/strong> e di interesse pubblico.<\/p>\n<p>Ad eccezione di alcuni interventi di manutenzione risalenti agli anni cinquanta del secolo scorso, <strong>\u00e8 la prima volta che il mappamondo e le carte geografiche vengono sottoposti a un restauro<\/strong> con le tecniche moderne.<\/p>\n<p><em>\u201cRiapriamo al pubblico una sala preziosa del museo, uno scrigno di bellezza che suscita da sempre la curiosit\u00e0 dei visitatori per l\u2019accuratezza delle Carte che raffigurano tutto il mondo conosciuto ai tempi di Cosimo I e per il meraviglioso globo posto al centro, uno dei pi\u00f9 grandi e antichi giunti quasi del tutto intatti fino a noi &#8211; <\/em><strong>ha\u00a0dichiarato il sindaco Dario Nardella<\/strong><em> -. Grazie alla generosit\u00e0 di Friends of Florence, da sempre al nostro fianco per la valorizzazione del nostro patrimonio artistico, possiamo oggi tornare in questa Sala riportata all\u2019antico splendore\u201d.<\/em><\/p>\n<h3>Il restauro<\/h3>\n<p>La <strong>Sala delle carte geografiche<\/strong>, posta al terzo piano quasi al termine del percorso espositivo, \u00e8 <strong>uno degli ambienti pi\u00f9 visitati del museo di Palazzo Vecchio<\/strong> e di conseguenza \u00e8 sottoposta a una notevole usura.<\/p>\n<p>Le carte, <strong>53 dipinti a olio su tavola con supporti lignei<\/strong>, sono<strong> state staccate e restaurate nella sala attigua<\/strong> che gi\u00e0 ospit\u00f2 il restauro del putto che decora il Terrazzo di Giunone al terzo piano del museo, recuperato un anno fa sempre grazie a <strong>Friends of Florence.<\/strong><\/p>\n<p><strong>Il mappamondo<\/strong> invece, troppo grande per cambiare sala (ha una circonferenza di oltre due metri),<strong> \u00e8 stato solo spostato<\/strong> all\u2019interno della sua sede via via che i lavori sono andati avanti.<\/p>\n<p>Oltre ai restauri<strong>, i lavori nella sala hanno interessato il consolidamento della struttura portante del solaio,<\/strong> la nuova pavimentazione, la manutenzione conservativa degli armadi monumentali e la sostituzione dei pannelli in plexiglass situati sulle ante con la posa in opera di lastre antiriflesso tipo &#8220;Optium Museum Acrylic&#8221;.<\/p>\n<p>Inoltre stato approntato <strong>un nuovo impianto di illuminazione<\/strong> basato sul sistema domotico che utilizza i <strong>LED.<\/strong><\/p>\n<figure id=\"post-254751 media-254751\" class=\"align-none\"><img decoding=\"async\" src=\"https:\/\/www.intoscana.it\/wp-content\/uploads\/CAR_7909.jpeg\" alt=\"\" \/><\/figure>\n<h3>La Sala delle carte geografiche<\/h3>\n<p>Quando il duca <strong>Cosimo I de\u2019 Medici<\/strong> si trasfer\u00ec a <strong>Palazzo Vecchio<\/strong> face realizzare il quartiere della <strong>Guardaroba<\/strong>, dove si custodivano tutti i beni mobili della corte.<\/p>\n<p>La <strong>Sala delle carte geografiche<\/strong> fu realizzata successivamente da <strong>Giorgio Vasari<\/strong> (1561-1565), su richiesta di Cosimo, per assolvere la duplice funzione di stanza principale della Guardaroba e <strong>sala di cosmogra\ufb01a.<\/strong><\/p>\n<p>Cosimo voleva che fosse rappresentato<strong>\u00a0in una sola stanza tutto il mondo conosciuto<\/strong> alla met\u00e0 del Cinquecento.<\/p>\n<p>Questo progetto<strong> ri\ufb02etteva l\u2019interesse di Cosimo per la geogra\ufb01a, le scienze naturali e i commerci.<\/strong><\/p>\n<p>Tradiva per\u00f2 anche<strong> l\u2019intento di celebrare il duca come dominatore dell\u2019universo,<\/strong> nel ruolo che peraltro gli veniva allegoricamente attribuito dall\u2019associazione del suo nome alla parola greca \u201ckosmos\u201d.<\/p>\n<p>Il progetto elaborato dal Vasari con la collaborazione del <strong>cosmografo Fra\u2019 Miniato Pitti<\/strong> che, dopo un iniziale affiancamento, cedette il suo ruolo al <strong>domenicano perugino Egnazio Danti<\/strong>, al quale successe infine <strong>l\u2019olivetano Stefano Bonsignori,<\/strong> prevedeva: nel sof\ufb01tto,<strong> pitture raf\ufb01guranti le costellazioni;<\/strong> lungo le pareti, grandi armadi lignei, con<strong> tavole di geogra\ufb01a sulle ante e immagini della fauna e \ufb02ora<\/strong> dei rispettivi territori sulle basi; al di sopra di questi, <strong>busti di principi e imperatori e trecento ritratti di uomini illustri<\/strong>.<\/p>\n<p>In\ufb01ne, nel mezzo della sala, <strong>due grandi globi sarebbero dovuti apparire dall\u2019alto<\/strong> in modo scenogra\ufb01co, all\u2019apertura dei riquadri centrali del sof\ufb01tto, quello celeste, rimanendo sospeso in aria, quello terrestre, calando \ufb01no al pavimento.<\/p>\n<p><strong>L\u2019ambizioso progetto rimase in parte incompiuto.<\/strong> <strong>Dionigi di Matteo Nigetti<\/strong> realizz\u00f2 gli armadi in noce (1564-1571) che avrebbero ospitato, prima arazzi e altri paramenti, poi oggetti in argento e oro e in\ufb01ne armi antiche.<\/p>\n<p>Delle 53 tavole geogra\ufb01che portate a compimento, 30 furono dipinte dal <strong>domenicano Egnazio Danti<\/strong> (1564-1575) e 23 dal <strong>monaco olivetano Stefano Bonsignori<\/strong> (1575-1586).<\/p>\n<p><img decoding=\"async\" src=\"https:\/\/www.intoscana.it\/wp-content\/uploads\/CAR_7903.jpeg\" alt=\"\" \/><\/p>\n<h3>Il mappamondo<\/h3>\n<p>Lo spettacolare mappamondo al centro della <strong>Sala delle Carte Geografiche,<\/strong> con i suoi circa <strong>220 cm di diametro,<\/strong> \u00e8 <strong>il pi\u00f9 antico globo di grandi dimensioni giunto fino ai giorni nostri,<\/strong> costruito con grande ingegno in anni in cui la tecnica di costruzione di questo genere di strumenti scientifici era ancora lontana dall\u2019essere messa a punto e codificata.<\/p>\n<p>Le prime notizie documentarie sul globo risalgono all\u2019inizio del 1564, quando da una lettera inviata da Giorgio Vasari a Giovanni Caccini il 29 gennaio si apprende che quest\u2019ultimo gli avevo spedito <strong>\u201cl\u2019appamondo\u201d<\/strong> da Pisa per via fluviale.<\/p>\n<p><strong>Il globo \u00e8 stato realizzato dal frate Egnazio Danti<\/strong> che gi\u00e0 si era occupato di 30 tavole geografiche e non era sicuramente ancora terminato nel 1568, quando Giorgio Vasari cos\u00ec lo descriveva al futuro nelle Vite degl\u2019accademici del disegno: <em>[in una delle \u201cdue gran palle, alte ciascuna braccia tre e mezzo\u201d] ander\u00e0 tutta la terra distintamente, e questa si caler\u00e0 con un arganetto, che non si vedr\u00e0, fino a basso, e poser\u00e0 in un piede bilicato, che ferma si vedr\u00e0 ribattere tutte le tavole che sono a torno ne\u2019 quadri degli armari et aranno un contrasegno nella palla da poterle ritrovar facilmente\u201d.<\/em><\/p>\n<p>E\u2019 molto probabile che il globo terrestre, una volta terminato, non sia stato collocato nella Sala della Guardaroba, in quanto non citato negli inventari del palazzo del 1570 e del 1574. Potrebbe pertanto essere stato <strong>sistemato fin da subito a Palazzo Pitti<\/strong> dove risulta presente in un inventario del 1587. Insieme agli altri manufatti scientifici della Galleria degli Uffizi, nel 1775 pass\u00f2 nel Museo degli Strumenti Antichi annesso alla Specola di Firenze e solo nel 1958, <strong>dopo altre vicissitudini, raggiunse la sua sede originaria nella Sala delle Carte Geografiche<\/strong> di Palazzo Vecchio.<\/p>\n<p>&nbsp;<\/p>\n","protected":false},"excerpt":{"rendered":"<p>In una sola stanza doveva essere rappresentato tutto il mondo conosciuto alla met\u00e0 del Cinquecento, un modo raffinato e intellettuale per\u00a0celebrare il duca Cosimo I come dominatore dell\u2019universo<\/p>\n","protected":false},"author":525,"featured_media":254748,"comment_status":"open","ping_status":"open","sticky":false,"template":"","format":"standard","meta":{"_acf_changed":false,"footnotes":""},"categories":[493],"tags":[174,202,222,165],"class_list":["post-254746","post","type-post","status-publish","format-standard","has-post-thumbnail","hentry","category-cultura","tag-arte","tag-firenze","tag-mostre","tag-palazzo-vecchio"],"acf":[],"yoast_head":"<!-- This site is optimized with the Yoast SEO Premium plugin v24.2 (Yoast SEO v25.6) - https:\/\/yoast.com\/wordpress\/plugins\/seo\/ -->\n<title>A Palazzo Vecchio riapre dopo un lungo restauro la Sala delle carte geografiche - intoscana<\/title>\n<meta name=\"description\" content=\"In una sola stanza doveva essere rappresentato tutto il mondo conosciuto intorno alla met\u00e0 del Cinquecento\" \/>\n<meta name=\"robots\" content=\"index, follow, max-snippet:-1, max-image-preview:large, max-video-preview:-1\" \/>\n<link rel=\"canonical\" href=\"https:\/\/www.intoscana.it\/it\/a-palazzo-vecchio-riapre-dopo-un-lungo-restauro-la-sala-delle-carte-geografiche\/\" \/>\n<meta property=\"og:locale\" content=\"it_IT\" \/>\n<meta property=\"og:type\" content=\"article\" \/>\n<meta property=\"og:title\" content=\"A Palazzo Vecchio riapre dopo un lungo restauro la Sala delle carte geografiche\" \/>\n<meta property=\"og:description\" content=\"In una sola stanza doveva essere rappresentato tutto il mondo conosciuto intorno alla met\u00e0 del Cinquecento\" \/>\n<meta property=\"og:url\" content=\"https:\/\/www.intoscana.it\/it\/a-palazzo-vecchio-riapre-dopo-un-lungo-restauro-la-sala-delle-carte-geografiche\/\" \/>\n<meta property=\"og:site_name\" content=\"intoscana\" \/>\n<meta property=\"article:publisher\" content=\"https:\/\/www.facebook.com\/intoscana.it\" \/>\n<meta property=\"article:published_time\" content=\"2022-10-25T13:33:38+00:00\" \/>\n<meta property=\"article:modified_time\" content=\"2022-10-25T13:40:59+00:00\" \/>\n<meta property=\"og:image\" content=\"https:\/\/www.intoscana.it\/wp-content\/uploads\/CAR_7913.jpeg\" \/>\n\t<meta property=\"og:image:width\" content=\"1280\" \/>\n\t<meta property=\"og:image:height\" content=\"853\" \/>\n\t<meta property=\"og:image:type\" content=\"image\/jpeg\" \/>\n<meta name=\"author\" content=\"Redazione\" \/>\n<meta name=\"twitter:card\" content=\"summary_large_image\" \/>\n<meta name=\"twitter:creator\" content=\"@intoscana\" \/>\n<meta name=\"twitter:site\" content=\"@intoscana\" \/>\n<meta name=\"twitter:label1\" content=\"Written by\" \/>\n\t<meta name=\"twitter:data1\" content=\"Redazione\" \/>\n\t<meta name=\"twitter:label2\" content=\"Est. reading time\" \/>\n\t<meta name=\"twitter:data2\" content=\"5 minuti\" \/>\n<script type=\"application\/ld+json\" class=\"yoast-schema-graph\">{\"@context\":\"https:\/\/schema.org\",\"@graph\":[{\"@type\":\"WebPage\",\"@id\":\"https:\/\/www.intoscana.it\/it\/a-palazzo-vecchio-riapre-dopo-un-lungo-restauro-la-sala-delle-carte-geografiche\/\",\"url\":\"https:\/\/www.intoscana.it\/it\/a-palazzo-vecchio-riapre-dopo-un-lungo-restauro-la-sala-delle-carte-geografiche\/\",\"name\":\"A Palazzo Vecchio riapre dopo un lungo restauro la Sala delle carte geografiche - intoscana\",\"isPartOf\":{\"@id\":\"https:\/\/www.intoscana.it\/it\/#website\"},\"primaryImageOfPage\":{\"@id\":\"https:\/\/www.intoscana.it\/it\/a-palazzo-vecchio-riapre-dopo-un-lungo-restauro-la-sala-delle-carte-geografiche\/#primaryimage\"},\"image\":{\"@id\":\"https:\/\/www.intoscana.it\/it\/a-palazzo-vecchio-riapre-dopo-un-lungo-restauro-la-sala-delle-carte-geografiche\/#primaryimage\"},\"thumbnailUrl\":\"https:\/\/www.intoscana.it\/wp-content\/uploads\/CAR_7913.jpeg\",\"datePublished\":\"2022-10-25T13:33:38+00:00\",\"dateModified\":\"2022-10-25T13:40:59+00:00\",\"author\":{\"@id\":\"https:\/\/www.intoscana.it\/it\/#\/schema\/person\/9223810753230f20bd670fdd322661f8\"},\"description\":\"In una sola stanza doveva essere rappresentato tutto il mondo conosciuto intorno alla met\u00e0 del Cinquecento\",\"breadcrumb\":{\"@id\":\"https:\/\/www.intoscana.it\/it\/a-palazzo-vecchio-riapre-dopo-un-lungo-restauro-la-sala-delle-carte-geografiche\/#breadcrumb\"},\"inLanguage\":\"it-IT\",\"potentialAction\":[{\"@type\":\"ReadAction\",\"target\":[\"https:\/\/www.intoscana.it\/it\/a-palazzo-vecchio-riapre-dopo-un-lungo-restauro-la-sala-delle-carte-geografiche\/\"]}]},{\"@type\":\"ImageObject\",\"inLanguage\":\"it-IT\",\"@id\":\"https:\/\/www.intoscana.it\/it\/a-palazzo-vecchio-riapre-dopo-un-lungo-restauro-la-sala-delle-carte-geografiche\/#primaryimage\",\"url\":\"https:\/\/www.intoscana.it\/wp-content\/uploads\/CAR_7913.jpeg\",\"contentUrl\":\"https:\/\/www.intoscana.it\/wp-content\/uploads\/CAR_7913.jpeg\",\"width\":1280,\"height\":853},{\"@type\":\"BreadcrumbList\",\"@id\":\"https:\/\/www.intoscana.it\/it\/a-palazzo-vecchio-riapre-dopo-un-lungo-restauro-la-sala-delle-carte-geografiche\/#breadcrumb\",\"itemListElement\":[{\"@type\":\"ListItem\",\"position\":1,\"name\":\"Home\",\"item\":\"https:\/\/www.intoscana.it\/it\/\"},{\"@type\":\"ListItem\",\"position\":2,\"name\":\"A Palazzo Vecchio riapre dopo un lungo restauro la Sala delle carte geografiche\"}]},{\"@type\":\"WebSite\",\"@id\":\"https:\/\/www.intoscana.it\/it\/#website\",\"url\":\"https:\/\/www.intoscana.it\/it\/\",\"name\":\"intoscana\",\"description\":\"\",\"potentialAction\":[{\"@type\":\"SearchAction\",\"target\":{\"@type\":\"EntryPoint\",\"urlTemplate\":\"https:\/\/www.intoscana.it\/it\/?s={search_term_string}\"},\"query-input\":{\"@type\":\"PropertyValueSpecification\",\"valueRequired\":true,\"valueName\":\"search_term_string\"}}],\"inLanguage\":\"it-IT\"},{\"@type\":\"Person\",\"@id\":\"https:\/\/www.intoscana.it\/it\/#\/schema\/person\/9223810753230f20bd670fdd322661f8\",\"name\":\"Redazione\",\"url\":\"https:\/\/www.intoscana.it\/it\/author\/redazione\/\"}]}<\/script>\n<!-- \/ Yoast SEO Premium plugin. -->","yoast_head_json":{"title":"A Palazzo Vecchio riapre dopo un lungo restauro la Sala delle carte geografiche - intoscana","description":"In una sola stanza doveva essere rappresentato tutto il mondo conosciuto intorno alla met\u00e0 del Cinquecento","robots":{"index":"index","follow":"follow","max-snippet":"max-snippet:-1","max-image-preview":"max-image-preview:large","max-video-preview":"max-video-preview:-1"},"canonical":"https:\/\/www.intoscana.it\/it\/a-palazzo-vecchio-riapre-dopo-un-lungo-restauro-la-sala-delle-carte-geografiche\/","og_locale":"it_IT","og_type":"article","og_title":"A Palazzo Vecchio riapre dopo un lungo restauro la Sala delle carte geografiche","og_description":"In una sola stanza doveva essere rappresentato tutto il mondo conosciuto intorno alla met\u00e0 del Cinquecento","og_url":"https:\/\/www.intoscana.it\/it\/a-palazzo-vecchio-riapre-dopo-un-lungo-restauro-la-sala-delle-carte-geografiche\/","og_site_name":"intoscana","article_publisher":"https:\/\/www.facebook.com\/intoscana.it","article_published_time":"2022-10-25T13:33:38+00:00","article_modified_time":"2022-10-25T13:40:59+00:00","og_image":[{"width":1280,"height":853,"url":"https:\/\/www.intoscana.it\/wp-content\/uploads\/CAR_7913.jpeg","type":"image\/jpeg"}],"author":"Redazione","twitter_card":"summary_large_image","twitter_creator":"@intoscana","twitter_site":"@intoscana","twitter_misc":{"Written by":"Redazione","Est. reading time":"5 minuti"},"schema":{"@context":"https:\/\/schema.org","@graph":[{"@type":"WebPage","@id":"https:\/\/www.intoscana.it\/it\/a-palazzo-vecchio-riapre-dopo-un-lungo-restauro-la-sala-delle-carte-geografiche\/","url":"https:\/\/www.intoscana.it\/it\/a-palazzo-vecchio-riapre-dopo-un-lungo-restauro-la-sala-delle-carte-geografiche\/","name":"A Palazzo Vecchio riapre dopo un lungo restauro la Sala delle carte geografiche - intoscana","isPartOf":{"@id":"https:\/\/www.intoscana.it\/it\/#website"},"primaryImageOfPage":{"@id":"https:\/\/www.intoscana.it\/it\/a-palazzo-vecchio-riapre-dopo-un-lungo-restauro-la-sala-delle-carte-geografiche\/#primaryimage"},"image":{"@id":"https:\/\/www.intoscana.it\/it\/a-palazzo-vecchio-riapre-dopo-un-lungo-restauro-la-sala-delle-carte-geografiche\/#primaryimage"},"thumbnailUrl":"https:\/\/www.intoscana.it\/wp-content\/uploads\/CAR_7913.jpeg","datePublished":"2022-10-25T13:33:38+00:00","dateModified":"2022-10-25T13:40:59+00:00","author":{"@id":"https:\/\/www.intoscana.it\/it\/#\/schema\/person\/9223810753230f20bd670fdd322661f8"},"description":"In una sola stanza doveva essere rappresentato tutto il mondo conosciuto intorno alla met\u00e0 del Cinquecento","breadcrumb":{"@id":"https:\/\/www.intoscana.it\/it\/a-palazzo-vecchio-riapre-dopo-un-lungo-restauro-la-sala-delle-carte-geografiche\/#breadcrumb"},"inLanguage":"it-IT","potentialAction":[{"@type":"ReadAction","target":["https:\/\/www.intoscana.it\/it\/a-palazzo-vecchio-riapre-dopo-un-lungo-restauro-la-sala-delle-carte-geografiche\/"]}]},{"@type":"ImageObject","inLanguage":"it-IT","@id":"https:\/\/www.intoscana.it\/it\/a-palazzo-vecchio-riapre-dopo-un-lungo-restauro-la-sala-delle-carte-geografiche\/#primaryimage","url":"https:\/\/www.intoscana.it\/wp-content\/uploads\/CAR_7913.jpeg","contentUrl":"https:\/\/www.intoscana.it\/wp-content\/uploads\/CAR_7913.jpeg","width":1280,"height":853},{"@type":"BreadcrumbList","@id":"https:\/\/www.intoscana.it\/it\/a-palazzo-vecchio-riapre-dopo-un-lungo-restauro-la-sala-delle-carte-geografiche\/#breadcrumb","itemListElement":[{"@type":"ListItem","position":1,"name":"Home","item":"https:\/\/www.intoscana.it\/it\/"},{"@type":"ListItem","position":2,"name":"A Palazzo Vecchio riapre dopo un lungo restauro la Sala delle carte geografiche"}]},{"@type":"WebSite","@id":"https:\/\/www.intoscana.it\/it\/#website","url":"https:\/\/www.intoscana.it\/it\/","name":"intoscana","description":"","potentialAction":[{"@type":"SearchAction","target":{"@type":"EntryPoint","urlTemplate":"https:\/\/www.intoscana.it\/it\/?s={search_term_string}"},"query-input":{"@type":"PropertyValueSpecification","valueRequired":true,"valueName":"search_term_string"}}],"inLanguage":"it-IT"},{"@type":"Person","@id":"https:\/\/www.intoscana.it\/it\/#\/schema\/person\/9223810753230f20bd670fdd322661f8","name":"Redazione","url":"https:\/\/www.intoscana.it\/it\/author\/redazione\/"}]}},"_links":{"self":[{"href":"https:\/\/www.intoscana.it\/it\/wp-json\/wp\/v2\/posts\/254746","targetHints":{"allow":["GET"]}}],"collection":[{"href":"https:\/\/www.intoscana.it\/it\/wp-json\/wp\/v2\/posts"}],"about":[{"href":"https:\/\/www.intoscana.it\/it\/wp-json\/wp\/v2\/types\/post"}],"author":[{"embeddable":true,"href":"https:\/\/www.intoscana.it\/it\/wp-json\/wp\/v2\/users\/525"}],"replies":[{"embeddable":true,"href":"https:\/\/www.intoscana.it\/it\/wp-json\/wp\/v2\/comments?post=254746"}],"version-history":[{"count":0,"href":"https:\/\/www.intoscana.it\/it\/wp-json\/wp\/v2\/posts\/254746\/revisions"}],"wp:featuredmedia":[{"embeddable":true,"href":"https:\/\/www.intoscana.it\/it\/wp-json\/wp\/v2\/media\/254748"}],"wp:attachment":[{"href":"https:\/\/www.intoscana.it\/it\/wp-json\/wp\/v2\/media?parent=254746"}],"wp:term":[{"taxonomy":"category","embeddable":true,"href":"https:\/\/www.intoscana.it\/it\/wp-json\/wp\/v2\/categories?post=254746"},{"taxonomy":"post_tag","embeddable":true,"href":"https:\/\/www.intoscana.it\/it\/wp-json\/wp\/v2\/tags?post=254746"}],"curies":[{"name":"wp","href":"https:\/\/api.w.org\/{rel}","templated":true}]}}