{"id":254978,"date":"2022-10-26T12:53:16","date_gmt":"2022-10-26T10:53:16","guid":{"rendered":"https:\/\/www.intoscana.it\/it\/?p=254978"},"modified":"2022-10-27T12:51:26","modified_gmt":"2022-10-27T10:51:26","slug":"covid-2381-nuovi-casi","status":"publish","type":"post","link":"https:\/\/www.intoscana.it\/it\/covid-2381-nuovi-casi\/","title":{"rendered":"Covid, sono 2.381 i nuovi casi, 13 i decessi di oggi"},"content":{"rendered":"<p>Sono <strong>2.381<\/strong> i nuovi casi di Covid-19 registrati nelle ultime ventiquattro ore in Toscana:<strong> 366<\/strong> sono stati confermati con tampone molecolare e gli altri 2.015 con test rapido.<\/p>\n<p><mark>Il numero dei contagiati rilevati nella regione dall&#8217;inizio della pandemia sale dunque a 1.462.179 <\/mark>.\u00a0 I nuovi casi sono lo 0,2% in pi\u00f9 rispetto al totale del giorno precedente. I guariti crescono dello 0,2% (2.260 persone) e raggiungono quota 1.401.068 (95,8% dei casi totali).<\/p>\n<p>Al momento in Toscana risultano pertanto <strong>50.163<\/strong> positivi, +0,2% rispetto a ieri. Di questi 500 (<strong>12<\/strong> in pi\u00f9 rispetto a ieri) sono ricoverati in ospedale: <strong>19<\/strong> (<strong>stabili<\/strong>) si trovano in terapia intensiva.<\/p>\n<p>Dall&#8217;ultimo bollettino quotidiano sono stati eseguiti 1.332 tamponi molecolari e 11.170 tamponi antigenici rapidi: di questi il 19% \u00e8 risultato positivo. Sono invece 2.833 i soggetti testati, escludendo i tamponi di controllo: l&#8217;84% di questi \u00e8 risultato positivo. L&#8217;et\u00e0 media dei 2.381 nuovi positivi \u00e8 di 56 anni circa (7% ha meno di 20 anni, 15% tra 20 e 39 anni, 32% tra 40 e 59 anni, 32% tra 60 e 79 anni, 12% ha 80 anni o pi\u00f9).<\/p>\n<h3>L&#8217;andamento per provincia<\/h3>\n<p>Con gli ultimi casi salgono a 395.890 i positivi dall&#8217;inizio dell&#8217;emergenza nei comuni della Citt\u00e0 metropolitana di Firenze (558 in pi\u00f9 rispetto a ieri), 96.946 in provincia di Prato (149 in pi\u00f9), 114.940 a Pistoia (136 in pi\u00f9), 74.151 a Massa-Carrara (147 in pi\u00f9), 157.123 a Lucca (311 in pi\u00f9), 170.202 a Pisa (320 in pi\u00f9), 132.607 a Livorno (232 in pi\u00f9), 133.078 ad Arezzo (181 in pi\u00f9), 105.455 a Siena (180 in pi\u00f9) e 81.232 a Grosseto (167 in pi\u00f9). A questi vanno aggiunti 555 casi di positivit\u00e0 notificati in Toscana ma che riguardano residenti in altre regioni.<\/p>\n<p>Sono 878 le nuove segnalazioni nell&#8217;Asl Centro, 975 nella Nord Ovest, 528 nella Sud Est.<\/p>\n<p>La Toscana si trova al 11\u00b0 posto in Italia come numerosit\u00e0 di casi complessivi dall&#8217;inizio della pandemia (tra residenti e non residenti), con circa 39.595 casi ogni 100.000 abitanti (la media italiana \u00e9 39.517 x100.000, dato di ieri). Al momento la provincia di notifica con il tasso pi\u00f9 alto \u00e9 Lucca (con 40.922 casi ogni 100 mila abitanti), seguita da Pisa (40.720) e Livorno (40.307). La pi\u00f9 bassa concentrazione si riscontra a Prato (con un tasso di 36.546).<\/p>\n<p>In 49.663 sono in isolamento a casa, perch\u00e9 presentano sintomi lievi che non richiedono cure ospedaliere o risultano prive di sintomi (96 in pi\u00f9 rispetto a ieri, pi\u00f9 0,2%).<\/p>\n<p>I 1.401.068 guariti registrati a oggi lo sono a tutti gli effetti, da un punto di vista virale, certificati con tampone negativo.<\/p>\n<h3>I decessi<\/h3>\n<p>La lista dei decessi si aggiorna con <strong>13<\/strong> nuovi decessi: 8 uomini e 5 donne con un&#8217;et\u00e0 media di 86,3 anni.\u00a0Relativamente alla provincia di residenza, le persone decedute sono: 9 a Firenze, 1 a Prato, 1 a Lucca, 2 a Livorno.<\/p>\n<p>Sono 10.948 i deceduti dall&#8217;inizio dell&#8217;epidemia: 3.460 nella Citt\u00e0 metropolitana di Firenze, 887 in provincia di Prato, 980 a Pistoia, 695 a Massa-Carrara, 1.022 a Lucca, 1.229 a Pisa, 822 a Livorno, 704 ad Arezzo, 586 a Siena, 406 a Grosseto. Vanno aggiunte 157 persone decedute sul suolo toscano ma erano residenti fuori regione.<\/p>\n<p>Il tasso grezzo di mortalit\u00e0 per Covid-19 (numero di deceduti\/popolazione residente) \u00e8 al momento 296,5 ogni 100 mila residenti, contro il 301,8 x100.000 della media italiana. La Toscana \u00e9 9\u00b0 tra le regioni. Per quanto riguarda le province, il tasso di mortalit\u00e0 pi\u00f9 alto si riscontra a Massa Carrara (366,1 ogni 100 mila abitanti), seguita da Firenze (346,5 x100.000) e Pistoia (337,6 x100.000), mentre il pi\u00f9 basso \u00e8 a Grosseto (186,4 x100.000).<\/p>\n","protected":false},"excerpt":{"rendered":"<p>I nuovi casi sono lo 0,2% in pi\u00f9 rispetto al totale del giorno precedente. Crescono le guarigioni, stabili i ricoveri in terapia intensiva<\/p>\n","protected":false},"author":525,"featured_media":216826,"comment_status":"open","ping_status":"open","sticky":false,"template":"","format":"standard","meta":{"_acf_changed":false,"footnotes":""},"categories":[494],"tags":[4868,4809,349],"class_list":["post-254978","post","type-post","status-publish","format-standard","has-post-thumbnail","hentry","category-attualita","tag-bollettino-covid-toscana","tag-covid","tag-sanita"],"acf":[],"yoast_head":"<!-- This site is optimized with the Yoast SEO Premium plugin v24.2 (Yoast SEO v25.6) - https:\/\/yoast.com\/wordpress\/plugins\/seo\/ -->\n<title>Covid, sono 2.381 i nuovi casi, 13 i decessi di oggi<\/title>\n<meta name=\"description\" content=\"I nuovi casi sono lo 0,2% in pi\u00f9 rispetto al totale del giorno precedente. Crescono le guarigioni, stabili i ricoveri in terapia intensiva\" \/>\n<meta name=\"robots\" content=\"index, follow, max-snippet:-1, max-image-preview:large, max-video-preview:-1\" \/>\n<link rel=\"canonical\" href=\"https:\/\/www.intoscana.it\/it\/covid-2381-nuovi-casi\/\" \/>\n<meta property=\"og:locale\" content=\"it_IT\" \/>\n<meta property=\"og:type\" content=\"article\" \/>\n<meta property=\"og:title\" content=\"Covid, sono 2.381 i nuovi casi, 13 i decessi di oggi\" \/>\n<meta property=\"og:description\" content=\"I nuovi casi sono lo 0,2% in pi\u00f9 rispetto al totale del giorno precedente. Crescono le guarigioni, stabili i ricoveri in terapia intensiva\" \/>\n<meta property=\"og:url\" content=\"https:\/\/www.intoscana.it\/it\/covid-2381-nuovi-casi\/\" \/>\n<meta property=\"og:site_name\" content=\"intoscana\" \/>\n<meta property=\"article:publisher\" content=\"https:\/\/www.facebook.com\/intoscana.it\" \/>\n<meta property=\"article:published_time\" content=\"2022-10-26T10:53:16+00:00\" \/>\n<meta property=\"article:modified_time\" content=\"2022-10-27T10:51:26+00:00\" \/>\n<meta property=\"og:image\" content=\"https:\/\/www.intoscana.it\/wp-content\/uploads\/16_occhi_pandemia_Balostro_2022-6410-scaled.jpg\" \/>\n\t<meta property=\"og:image:width\" content=\"2048\" \/>\n\t<meta property=\"og:image:height\" content=\"1363\" \/>\n\t<meta property=\"og:image:type\" content=\"image\/jpeg\" \/>\n<meta name=\"author\" content=\"Redazione\" \/>\n<meta name=\"twitter:card\" content=\"summary_large_image\" \/>\n<meta name=\"twitter:creator\" content=\"@intoscana\" \/>\n<meta name=\"twitter:site\" content=\"@intoscana\" \/>\n<meta name=\"twitter:label1\" content=\"Written by\" \/>\n\t<meta name=\"twitter:data1\" content=\"Redazione\" \/>\n\t<meta name=\"twitter:label2\" content=\"Est. reading time\" \/>\n\t<meta name=\"twitter:data2\" content=\"2 minuti\" \/>\n<script type=\"application\/ld+json\" class=\"yoast-schema-graph\">{\"@context\":\"https:\/\/schema.org\",\"@graph\":[{\"@type\":\"WebPage\",\"@id\":\"https:\/\/www.intoscana.it\/it\/covid-2381-nuovi-casi\/\",\"url\":\"https:\/\/www.intoscana.it\/it\/covid-2381-nuovi-casi\/\",\"name\":\"Covid, sono 2.381 i nuovi casi, 13 i decessi di oggi\",\"isPartOf\":{\"@id\":\"https:\/\/www.intoscana.it\/it\/#website\"},\"primaryImageOfPage\":{\"@id\":\"https:\/\/www.intoscana.it\/it\/covid-2381-nuovi-casi\/#primaryimage\"},\"image\":{\"@id\":\"https:\/\/www.intoscana.it\/it\/covid-2381-nuovi-casi\/#primaryimage\"},\"thumbnailUrl\":\"https:\/\/www.intoscana.it\/wp-content\/uploads\/16_occhi_pandemia_Balostro_2022-6410-scaled.jpg\",\"datePublished\":\"2022-10-26T10:53:16+00:00\",\"dateModified\":\"2022-10-27T10:51:26+00:00\",\"author\":{\"@id\":\"https:\/\/www.intoscana.it\/it\/#\/schema\/person\/9223810753230f20bd670fdd322661f8\"},\"description\":\"I nuovi casi sono lo 0,2% in pi\u00f9 rispetto al totale del giorno precedente. Crescono le guarigioni, stabili i ricoveri in terapia intensiva\",\"breadcrumb\":{\"@id\":\"https:\/\/www.intoscana.it\/it\/covid-2381-nuovi-casi\/#breadcrumb\"},\"inLanguage\":\"it-IT\",\"potentialAction\":[{\"@type\":\"ReadAction\",\"target\":[\"https:\/\/www.intoscana.it\/it\/covid-2381-nuovi-casi\/\"]}]},{\"@type\":\"ImageObject\",\"inLanguage\":\"it-IT\",\"@id\":\"https:\/\/www.intoscana.it\/it\/covid-2381-nuovi-casi\/#primaryimage\",\"url\":\"https:\/\/www.intoscana.it\/wp-content\/uploads\/16_occhi_pandemia_Balostro_2022-6410-scaled.jpg\",\"contentUrl\":\"https:\/\/www.intoscana.it\/wp-content\/uploads\/16_occhi_pandemia_Balostro_2022-6410-scaled.jpg\",\"width\":2048,\"height\":1363,\"caption\":\"Covid-19\"},{\"@type\":\"BreadcrumbList\",\"@id\":\"https:\/\/www.intoscana.it\/it\/covid-2381-nuovi-casi\/#breadcrumb\",\"itemListElement\":[{\"@type\":\"ListItem\",\"position\":1,\"name\":\"Home\",\"item\":\"https:\/\/www.intoscana.it\/it\/\"},{\"@type\":\"ListItem\",\"position\":2,\"name\":\"Covid, sono 2.381 i nuovi casi, 13 i decessi di oggi\"}]},{\"@type\":\"WebSite\",\"@id\":\"https:\/\/www.intoscana.it\/it\/#website\",\"url\":\"https:\/\/www.intoscana.it\/it\/\",\"name\":\"intoscana\",\"description\":\"\",\"potentialAction\":[{\"@type\":\"SearchAction\",\"target\":{\"@type\":\"EntryPoint\",\"urlTemplate\":\"https:\/\/www.intoscana.it\/it\/?s={search_term_string}\"},\"query-input\":{\"@type\":\"PropertyValueSpecification\",\"valueRequired\":true,\"valueName\":\"search_term_string\"}}],\"inLanguage\":\"it-IT\"},{\"@type\":\"Person\",\"@id\":\"https:\/\/www.intoscana.it\/it\/#\/schema\/person\/9223810753230f20bd670fdd322661f8\",\"name\":\"Redazione\",\"url\":\"https:\/\/www.intoscana.it\/it\/author\/redazione\/\"}]}<\/script>\n<!-- \/ Yoast SEO Premium plugin. -->","yoast_head_json":{"title":"Covid, sono 2.381 i nuovi casi, 13 i decessi di oggi","description":"I nuovi casi sono lo 0,2% in pi\u00f9 rispetto al totale del giorno precedente. Crescono le guarigioni, stabili i ricoveri in terapia intensiva","robots":{"index":"index","follow":"follow","max-snippet":"max-snippet:-1","max-image-preview":"max-image-preview:large","max-video-preview":"max-video-preview:-1"},"canonical":"https:\/\/www.intoscana.it\/it\/covid-2381-nuovi-casi\/","og_locale":"it_IT","og_type":"article","og_title":"Covid, sono 2.381 i nuovi casi, 13 i decessi di oggi","og_description":"I nuovi casi sono lo 0,2% in pi\u00f9 rispetto al totale del giorno precedente. Crescono le guarigioni, stabili i ricoveri in terapia intensiva","og_url":"https:\/\/www.intoscana.it\/it\/covid-2381-nuovi-casi\/","og_site_name":"intoscana","article_publisher":"https:\/\/www.facebook.com\/intoscana.it","article_published_time":"2022-10-26T10:53:16+00:00","article_modified_time":"2022-10-27T10:51:26+00:00","og_image":[{"width":2048,"height":1363,"url":"https:\/\/www.intoscana.it\/wp-content\/uploads\/16_occhi_pandemia_Balostro_2022-6410-scaled.jpg","type":"image\/jpeg"}],"author":"Redazione","twitter_card":"summary_large_image","twitter_creator":"@intoscana","twitter_site":"@intoscana","twitter_misc":{"Written by":"Redazione","Est. reading time":"2 minuti"},"schema":{"@context":"https:\/\/schema.org","@graph":[{"@type":"WebPage","@id":"https:\/\/www.intoscana.it\/it\/covid-2381-nuovi-casi\/","url":"https:\/\/www.intoscana.it\/it\/covid-2381-nuovi-casi\/","name":"Covid, sono 2.381 i nuovi casi, 13 i decessi di oggi","isPartOf":{"@id":"https:\/\/www.intoscana.it\/it\/#website"},"primaryImageOfPage":{"@id":"https:\/\/www.intoscana.it\/it\/covid-2381-nuovi-casi\/#primaryimage"},"image":{"@id":"https:\/\/www.intoscana.it\/it\/covid-2381-nuovi-casi\/#primaryimage"},"thumbnailUrl":"https:\/\/www.intoscana.it\/wp-content\/uploads\/16_occhi_pandemia_Balostro_2022-6410-scaled.jpg","datePublished":"2022-10-26T10:53:16+00:00","dateModified":"2022-10-27T10:51:26+00:00","author":{"@id":"https:\/\/www.intoscana.it\/it\/#\/schema\/person\/9223810753230f20bd670fdd322661f8"},"description":"I nuovi casi sono lo 0,2% in pi\u00f9 rispetto al totale del giorno precedente. Crescono le guarigioni, stabili i ricoveri in terapia intensiva","breadcrumb":{"@id":"https:\/\/www.intoscana.it\/it\/covid-2381-nuovi-casi\/#breadcrumb"},"inLanguage":"it-IT","potentialAction":[{"@type":"ReadAction","target":["https:\/\/www.intoscana.it\/it\/covid-2381-nuovi-casi\/"]}]},{"@type":"ImageObject","inLanguage":"it-IT","@id":"https:\/\/www.intoscana.it\/it\/covid-2381-nuovi-casi\/#primaryimage","url":"https:\/\/www.intoscana.it\/wp-content\/uploads\/16_occhi_pandemia_Balostro_2022-6410-scaled.jpg","contentUrl":"https:\/\/www.intoscana.it\/wp-content\/uploads\/16_occhi_pandemia_Balostro_2022-6410-scaled.jpg","width":2048,"height":1363,"caption":"Covid-19"},{"@type":"BreadcrumbList","@id":"https:\/\/www.intoscana.it\/it\/covid-2381-nuovi-casi\/#breadcrumb","itemListElement":[{"@type":"ListItem","position":1,"name":"Home","item":"https:\/\/www.intoscana.it\/it\/"},{"@type":"ListItem","position":2,"name":"Covid, sono 2.381 i nuovi casi, 13 i decessi di oggi"}]},{"@type":"WebSite","@id":"https:\/\/www.intoscana.it\/it\/#website","url":"https:\/\/www.intoscana.it\/it\/","name":"intoscana","description":"","potentialAction":[{"@type":"SearchAction","target":{"@type":"EntryPoint","urlTemplate":"https:\/\/www.intoscana.it\/it\/?s={search_term_string}"},"query-input":{"@type":"PropertyValueSpecification","valueRequired":true,"valueName":"search_term_string"}}],"inLanguage":"it-IT"},{"@type":"Person","@id":"https:\/\/www.intoscana.it\/it\/#\/schema\/person\/9223810753230f20bd670fdd322661f8","name":"Redazione","url":"https:\/\/www.intoscana.it\/it\/author\/redazione\/"}]}},"_links":{"self":[{"href":"https:\/\/www.intoscana.it\/it\/wp-json\/wp\/v2\/posts\/254978","targetHints":{"allow":["GET"]}}],"collection":[{"href":"https:\/\/www.intoscana.it\/it\/wp-json\/wp\/v2\/posts"}],"about":[{"href":"https:\/\/www.intoscana.it\/it\/wp-json\/wp\/v2\/types\/post"}],"author":[{"embeddable":true,"href":"https:\/\/www.intoscana.it\/it\/wp-json\/wp\/v2\/users\/525"}],"replies":[{"embeddable":true,"href":"https:\/\/www.intoscana.it\/it\/wp-json\/wp\/v2\/comments?post=254978"}],"version-history":[{"count":0,"href":"https:\/\/www.intoscana.it\/it\/wp-json\/wp\/v2\/posts\/254978\/revisions"}],"wp:featuredmedia":[{"embeddable":true,"href":"https:\/\/www.intoscana.it\/it\/wp-json\/wp\/v2\/media\/216826"}],"wp:attachment":[{"href":"https:\/\/www.intoscana.it\/it\/wp-json\/wp\/v2\/media?parent=254978"}],"wp:term":[{"taxonomy":"category","embeddable":true,"href":"https:\/\/www.intoscana.it\/it\/wp-json\/wp\/v2\/categories?post=254978"},{"taxonomy":"post_tag","embeddable":true,"href":"https:\/\/www.intoscana.it\/it\/wp-json\/wp\/v2\/tags?post=254978"}],"curies":[{"name":"wp","href":"https:\/\/api.w.org\/{rel}","templated":true}]}}