{"id":255049,"date":"2022-10-26T16:24:36","date_gmt":"2022-10-26T14:24:36","guid":{"rendered":"https:\/\/www.intoscana.it\/it\/?p=255049"},"modified":"2022-10-28T11:26:12","modified_gmt":"2022-10-28T09:26:12","slug":"pisa-cattedra-unesco-energia-pulita","status":"publish","type":"post","link":"https:\/\/www.intoscana.it\/it\/pisa-cattedra-unesco-energia-pulita\/","title":{"rendered":"Nasce a Pisa la cattedra Unesco per la promozione e produzione di energia pulita"},"content":{"rendered":"<p>\u00c8 stata presentata al pubblico la cattedra Unesco dell\u2019Universit\u00e0 di Pisa in <em>\u201cSustainable Energy Communities\u201d<\/em> prima a Pisa e tra le poche in Toscana, che contribuir\u00e0 alla <mark>missione dell\u2019Agenzia delle Nazioni Unite di diffusione di programmi di sviluppo sostenibile attraverso la promozione dell&#8217;uso e della produzione di energia pulita <\/mark>.<\/p>\n<p>Caratterizzata per il profilo internazionale e per la multidisciplinariet\u00e0, vede la collaborazione dei dipartimenti dell\u2019area di <strong>Ingegneria<\/strong>, di <strong>Informatica<\/strong>, di <strong>Giurisprudenza<\/strong>, di <strong>Chimica<\/strong> e <strong>Chimica industriale<\/strong>, di <strong>Scienze agrarie<\/strong>, <strong>alimentari<\/strong> e <strong>agro-ambientali<\/strong>, di <strong>Scienze politiche<\/strong> e di <strong>Economia<\/strong> e <strong>Management<\/strong>. Partner dell\u2019iniziativa sono Eni e \u00c9lectricit\u00e9 de France (EDF), CNR e CNR francese, \u00a0oltre a pi\u00f9 di trenta universit\u00e0 di tutto il mondo e alle diverse istituzioni pisane e toscane.<\/p>\n<p>&#8220;<em>La Cattedra Unesco sulle <a href=\"https:\/\/unescochair.unipi.it\/\">\u2018Comunit\u00e0 energetiche sostenibili\u2019<\/a> \u00e8 il coronamento di un disegno che l&#8217;Universit\u00e0 di Pisa ha iniziato a tracciare molti anni fa e attraverso il quale il nostro Ateneo vuole contribuire a ricomporre le fratture sociali e ambientali determinate da un modello di sviluppo ormai insostenibile<\/em> &#8211; ha commentato\u00a0il Rettore <strong>Paolo Mancarella<\/strong>\u00a0&#8211; <em>Un impegno che nasce dalla consapevolezza che il legame tra istruzione e cambiamento sociale \u00e8 strettissimo e che la formazione universitaria svolge un ruolo fondamentale, attraverso le sue attivit\u00e0 di ricerca, formazione e terza missione, nel favorire una sempre pi\u00f9 profonda diffusione, in Italia, di una solida cultura della sostenibilit\u00e0<\/em>&#8220;.<\/p>\n<p>Il progetto elaborato dall\u2019Ateneo pisano si propone di sviluppare uno strumento che \u00e8 diventato particolarmente attuale anche in termini di autosufficienza e sicurezza energetica, oltre che di contribuire al programma dell&#8217;Unesco mirato a risolvere le esigenze prioritarie dell\u2019Africa, attraverso il coinvolgimento di partner africani nella progettazione di strutture energetiche sostenibili specificamente basate sulle caratteristiche dei loro paesi.<\/p>\n<p>L\u2019<strong>obiettivo finale<\/strong> \u00e8 quello di definire principi e strumenti tecnici di progettazione per la simulazione e la definizione di comunit\u00e0 energetiche completamente autonome attraverso metodi innovativi per l&#8217;integrazione di sistemi elettrici e termici, alimentati solo da fonti rinnovabili prodotte localmente. In questo senso \u00e8 necessario prefigurare un caso di studio del tutto innovativo, ribaltando l&#8217;attuale paradigma in cui le risorse energetiche si adattano alle richieste e ai bisogni degli utenti ed esaminando invece una nuova prospettiva in cui sono i fabbisogni energetici degli utenti ad adeguarsi alle risorse energetiche disponibili, sia in termini di consumi complessivi che di distribuzione oraria.<\/p>\n","protected":false},"excerpt":{"rendered":"<p>Caratterizzata per il profilo internazionale e per la multidisciplinariet\u00e0, vede la collaborazione dei dipartimenti di pi\u00f9 aree con l&#8217;obiettivo di contribuire alla missione dell\u2019Agenzia delle Nazioni Unite di diffusione di programmi di sviluppo sostenibile<\/p>\n","protected":false},"author":525,"featured_media":94877,"comment_status":"open","ping_status":"open","sticky":false,"template":"","format":"standard","meta":{"_acf_changed":false,"footnotes":""},"categories":[19],"tags":[4627,371,234,368],"class_list":["post-255049","post","type-post","status-publish","format-standard","has-post-thumbnail","hentry","category-ambiente","tag-energia-sostenibile","tag-sostenibilita","tag-universita","tag-universita-di-pisa"],"acf":[],"yoast_head":"<!-- This site is optimized with the Yoast SEO Premium plugin v24.2 (Yoast SEO v25.6) - https:\/\/yoast.com\/wordpress\/plugins\/seo\/ -->\n<title>A Pisa la cattedra Unesco per la promozione e produzione di energia pulita<\/title>\n<meta name=\"description\" content=\"Caratterizzata per il profilo internazionale contribuir\u00e0 alla missione dell\u2019Agenzia delle Nazioni Unite per lo sviluppo sostenibile\" \/>\n<meta name=\"robots\" content=\"index, follow, max-snippet:-1, max-image-preview:large, max-video-preview:-1\" \/>\n<link rel=\"canonical\" href=\"https:\/\/www.intoscana.it\/it\/pisa-cattedra-unesco-energia-pulita\/\" \/>\n<meta property=\"og:locale\" content=\"it_IT\" \/>\n<meta property=\"og:type\" content=\"article\" \/>\n<meta property=\"og:title\" content=\"Nasce a Pisa la cattedra Unesco per la promozione e produzione di energia pulita\" \/>\n<meta property=\"og:description\" content=\"Caratterizzata per il profilo internazionale contribuir\u00e0 alla missione dell\u2019Agenzia delle Nazioni Unite per lo sviluppo sostenibile\" \/>\n<meta property=\"og:url\" content=\"https:\/\/www.intoscana.it\/it\/pisa-cattedra-unesco-energia-pulita\/\" \/>\n<meta property=\"og:site_name\" content=\"intoscana\" \/>\n<meta property=\"article:publisher\" content=\"https:\/\/www.facebook.com\/intoscana.it\" \/>\n<meta property=\"article:published_time\" content=\"2022-10-26T14:24:36+00:00\" \/>\n<meta property=\"article:modified_time\" content=\"2022-10-28T09:26:12+00:00\" \/>\n<meta property=\"og:image\" content=\"https:\/\/www.intoscana.it\/wp-content\/uploads\/f8757de64526de1ab8910fd4a2774ae4-12.jpg\" \/>\n\t<meta property=\"og:image:width\" content=\"425\" \/>\n\t<meta property=\"og:image:height\" content=\"282\" \/>\n\t<meta property=\"og:image:type\" content=\"image\/jpeg\" \/>\n<meta name=\"author\" content=\"Redazione\" \/>\n<meta name=\"twitter:card\" content=\"summary_large_image\" \/>\n<meta name=\"twitter:creator\" content=\"@intoscana\" \/>\n<meta name=\"twitter:site\" content=\"@intoscana\" \/>\n<meta name=\"twitter:label1\" content=\"Written by\" \/>\n\t<meta name=\"twitter:data1\" content=\"Redazione\" \/>\n\t<meta name=\"twitter:label2\" content=\"Est. reading time\" \/>\n\t<meta name=\"twitter:data2\" content=\"2 minuti\" \/>\n<script type=\"application\/ld+json\" class=\"yoast-schema-graph\">{\"@context\":\"https:\/\/schema.org\",\"@graph\":[{\"@type\":\"WebPage\",\"@id\":\"https:\/\/www.intoscana.it\/it\/pisa-cattedra-unesco-energia-pulita\/\",\"url\":\"https:\/\/www.intoscana.it\/it\/pisa-cattedra-unesco-energia-pulita\/\",\"name\":\"A Pisa la cattedra Unesco per la promozione e produzione di energia pulita\",\"isPartOf\":{\"@id\":\"https:\/\/www.intoscana.it\/it\/#website\"},\"primaryImageOfPage\":{\"@id\":\"https:\/\/www.intoscana.it\/it\/pisa-cattedra-unesco-energia-pulita\/#primaryimage\"},\"image\":{\"@id\":\"https:\/\/www.intoscana.it\/it\/pisa-cattedra-unesco-energia-pulita\/#primaryimage\"},\"thumbnailUrl\":\"https:\/\/www.intoscana.it\/wp-content\/uploads\/f8757de64526de1ab8910fd4a2774ae4-12.jpg\",\"datePublished\":\"2022-10-26T14:24:36+00:00\",\"dateModified\":\"2022-10-28T09:26:12+00:00\",\"author\":{\"@id\":\"https:\/\/www.intoscana.it\/it\/#\/schema\/person\/9223810753230f20bd670fdd322661f8\"},\"description\":\"Caratterizzata per il profilo internazionale contribuir\u00e0 alla missione dell\u2019Agenzia delle Nazioni Unite per lo sviluppo sostenibile\",\"breadcrumb\":{\"@id\":\"https:\/\/www.intoscana.it\/it\/pisa-cattedra-unesco-energia-pulita\/#breadcrumb\"},\"inLanguage\":\"it-IT\",\"potentialAction\":[{\"@type\":\"ReadAction\",\"target\":[\"https:\/\/www.intoscana.it\/it\/pisa-cattedra-unesco-energia-pulita\/\"]}]},{\"@type\":\"ImageObject\",\"inLanguage\":\"it-IT\",\"@id\":\"https:\/\/www.intoscana.it\/it\/pisa-cattedra-unesco-energia-pulita\/#primaryimage\",\"url\":\"https:\/\/www.intoscana.it\/wp-content\/uploads\/f8757de64526de1ab8910fd4a2774ae4-12.jpg\",\"contentUrl\":\"https:\/\/www.intoscana.it\/wp-content\/uploads\/f8757de64526de1ab8910fd4a2774ae4-12.jpg\",\"width\":425,\"height\":282,\"caption\":\"energia\"},{\"@type\":\"BreadcrumbList\",\"@id\":\"https:\/\/www.intoscana.it\/it\/pisa-cattedra-unesco-energia-pulita\/#breadcrumb\",\"itemListElement\":[{\"@type\":\"ListItem\",\"position\":1,\"name\":\"Home\",\"item\":\"https:\/\/www.intoscana.it\/it\/\"},{\"@type\":\"ListItem\",\"position\":2,\"name\":\"Nasce a Pisa la cattedra Unesco per la promozione e produzione di energia pulita\"}]},{\"@type\":\"WebSite\",\"@id\":\"https:\/\/www.intoscana.it\/it\/#website\",\"url\":\"https:\/\/www.intoscana.it\/it\/\",\"name\":\"intoscana\",\"description\":\"\",\"potentialAction\":[{\"@type\":\"SearchAction\",\"target\":{\"@type\":\"EntryPoint\",\"urlTemplate\":\"https:\/\/www.intoscana.it\/it\/?s={search_term_string}\"},\"query-input\":{\"@type\":\"PropertyValueSpecification\",\"valueRequired\":true,\"valueName\":\"search_term_string\"}}],\"inLanguage\":\"it-IT\"},{\"@type\":\"Person\",\"@id\":\"https:\/\/www.intoscana.it\/it\/#\/schema\/person\/9223810753230f20bd670fdd322661f8\",\"name\":\"Redazione\",\"url\":\"https:\/\/www.intoscana.it\/it\/author\/redazione\/\"}]}<\/script>\n<!-- \/ Yoast SEO Premium plugin. -->","yoast_head_json":{"title":"A Pisa la cattedra Unesco per la promozione e produzione di energia pulita","description":"Caratterizzata per il profilo internazionale contribuir\u00e0 alla missione dell\u2019Agenzia delle Nazioni Unite per lo sviluppo sostenibile","robots":{"index":"index","follow":"follow","max-snippet":"max-snippet:-1","max-image-preview":"max-image-preview:large","max-video-preview":"max-video-preview:-1"},"canonical":"https:\/\/www.intoscana.it\/it\/pisa-cattedra-unesco-energia-pulita\/","og_locale":"it_IT","og_type":"article","og_title":"Nasce a Pisa la cattedra Unesco per la promozione e produzione di energia pulita","og_description":"Caratterizzata per il profilo internazionale contribuir\u00e0 alla missione dell\u2019Agenzia delle Nazioni Unite per lo sviluppo sostenibile","og_url":"https:\/\/www.intoscana.it\/it\/pisa-cattedra-unesco-energia-pulita\/","og_site_name":"intoscana","article_publisher":"https:\/\/www.facebook.com\/intoscana.it","article_published_time":"2022-10-26T14:24:36+00:00","article_modified_time":"2022-10-28T09:26:12+00:00","og_image":[{"width":425,"height":282,"url":"https:\/\/www.intoscana.it\/wp-content\/uploads\/f8757de64526de1ab8910fd4a2774ae4-12.jpg","type":"image\/jpeg"}],"author":"Redazione","twitter_card":"summary_large_image","twitter_creator":"@intoscana","twitter_site":"@intoscana","twitter_misc":{"Written by":"Redazione","Est. reading time":"2 minuti"},"schema":{"@context":"https:\/\/schema.org","@graph":[{"@type":"WebPage","@id":"https:\/\/www.intoscana.it\/it\/pisa-cattedra-unesco-energia-pulita\/","url":"https:\/\/www.intoscana.it\/it\/pisa-cattedra-unesco-energia-pulita\/","name":"A Pisa la cattedra Unesco per la promozione e produzione di energia pulita","isPartOf":{"@id":"https:\/\/www.intoscana.it\/it\/#website"},"primaryImageOfPage":{"@id":"https:\/\/www.intoscana.it\/it\/pisa-cattedra-unesco-energia-pulita\/#primaryimage"},"image":{"@id":"https:\/\/www.intoscana.it\/it\/pisa-cattedra-unesco-energia-pulita\/#primaryimage"},"thumbnailUrl":"https:\/\/www.intoscana.it\/wp-content\/uploads\/f8757de64526de1ab8910fd4a2774ae4-12.jpg","datePublished":"2022-10-26T14:24:36+00:00","dateModified":"2022-10-28T09:26:12+00:00","author":{"@id":"https:\/\/www.intoscana.it\/it\/#\/schema\/person\/9223810753230f20bd670fdd322661f8"},"description":"Caratterizzata per il profilo internazionale contribuir\u00e0 alla missione dell\u2019Agenzia delle Nazioni Unite per lo sviluppo sostenibile","breadcrumb":{"@id":"https:\/\/www.intoscana.it\/it\/pisa-cattedra-unesco-energia-pulita\/#breadcrumb"},"inLanguage":"it-IT","potentialAction":[{"@type":"ReadAction","target":["https:\/\/www.intoscana.it\/it\/pisa-cattedra-unesco-energia-pulita\/"]}]},{"@type":"ImageObject","inLanguage":"it-IT","@id":"https:\/\/www.intoscana.it\/it\/pisa-cattedra-unesco-energia-pulita\/#primaryimage","url":"https:\/\/www.intoscana.it\/wp-content\/uploads\/f8757de64526de1ab8910fd4a2774ae4-12.jpg","contentUrl":"https:\/\/www.intoscana.it\/wp-content\/uploads\/f8757de64526de1ab8910fd4a2774ae4-12.jpg","width":425,"height":282,"caption":"energia"},{"@type":"BreadcrumbList","@id":"https:\/\/www.intoscana.it\/it\/pisa-cattedra-unesco-energia-pulita\/#breadcrumb","itemListElement":[{"@type":"ListItem","position":1,"name":"Home","item":"https:\/\/www.intoscana.it\/it\/"},{"@type":"ListItem","position":2,"name":"Nasce a Pisa la cattedra Unesco per la promozione e produzione di energia pulita"}]},{"@type":"WebSite","@id":"https:\/\/www.intoscana.it\/it\/#website","url":"https:\/\/www.intoscana.it\/it\/","name":"intoscana","description":"","potentialAction":[{"@type":"SearchAction","target":{"@type":"EntryPoint","urlTemplate":"https:\/\/www.intoscana.it\/it\/?s={search_term_string}"},"query-input":{"@type":"PropertyValueSpecification","valueRequired":true,"valueName":"search_term_string"}}],"inLanguage":"it-IT"},{"@type":"Person","@id":"https:\/\/www.intoscana.it\/it\/#\/schema\/person\/9223810753230f20bd670fdd322661f8","name":"Redazione","url":"https:\/\/www.intoscana.it\/it\/author\/redazione\/"}]}},"_links":{"self":[{"href":"https:\/\/www.intoscana.it\/it\/wp-json\/wp\/v2\/posts\/255049","targetHints":{"allow":["GET"]}}],"collection":[{"href":"https:\/\/www.intoscana.it\/it\/wp-json\/wp\/v2\/posts"}],"about":[{"href":"https:\/\/www.intoscana.it\/it\/wp-json\/wp\/v2\/types\/post"}],"author":[{"embeddable":true,"href":"https:\/\/www.intoscana.it\/it\/wp-json\/wp\/v2\/users\/525"}],"replies":[{"embeddable":true,"href":"https:\/\/www.intoscana.it\/it\/wp-json\/wp\/v2\/comments?post=255049"}],"version-history":[{"count":0,"href":"https:\/\/www.intoscana.it\/it\/wp-json\/wp\/v2\/posts\/255049\/revisions"}],"wp:featuredmedia":[{"embeddable":true,"href":"https:\/\/www.intoscana.it\/it\/wp-json\/wp\/v2\/media\/94877"}],"wp:attachment":[{"href":"https:\/\/www.intoscana.it\/it\/wp-json\/wp\/v2\/media?parent=255049"}],"wp:term":[{"taxonomy":"category","embeddable":true,"href":"https:\/\/www.intoscana.it\/it\/wp-json\/wp\/v2\/categories?post=255049"},{"taxonomy":"post_tag","embeddable":true,"href":"https:\/\/www.intoscana.it\/it\/wp-json\/wp\/v2\/tags?post=255049"}],"curies":[{"name":"wp","href":"https:\/\/api.w.org\/{rel}","templated":true}]}}