{"id":255338,"date":"2022-10-28T09:58:12","date_gmt":"2022-10-28T07:58:12","guid":{"rendered":"https:\/\/www.intoscana.it\/it\/?p=255338"},"modified":"2022-10-31T09:42:49","modified_gmt":"2022-10-31T08:42:49","slug":"covid-nuovi-casi-2","status":"publish","type":"post","link":"https:\/\/www.intoscana.it\/it\/covid-nuovi-casi-2\/","title":{"rendered":"Covid, i nuovi casi tornano sotto quota 2 mila, 10 i decessi"},"content":{"rendered":"<p>Sono<strong> 1.918<\/strong> i nuovi casi di Covid-19 registrati nelle ultime ventiquattro ore in Toscana: <strong>307<\/strong> sono stati confermati con tampone molecolare e gli altri <strong>1.611<\/strong> con test rapido.<\/p>\n<p><mark>Il numero dei contagiati rilevati nella regione dall&#8217;inizio della pandemia sale dunque a 1.466.289. I nuovi casi sono lo 0,1% in pi\u00f9 rispetto al totale del giorno precedente <\/mark>. I guariti crescono dello 0,1% (1.910 persone) e raggiungono quota 1.405.144 (95,8% dei casi totali).<\/p>\n<p>Al momento in Toscana risultano pertanto<strong> 50.180 positivi<\/strong>, -0,00% rispetto a ieri: <mark>di questi 484 (7 in meno rispetto a ieri) sono ricoverati in ospedale: 17 (1 in pi\u00f9) si trovano in terapia intensiva <\/mark><\/p>\n<h3>Il numero dei tamponi<\/h3>\n<p>Dall&#8217;ultimo bollettino quotidiano sono stati eseguiti 1.138 tamponi molecolari e 9.199 tamponi antigenici rapidi: di questi il 18,6% \u00e8 risultato positivo. Sono invece 2.192 i soggetti testati, escludendo i tamponi di controllo: l&#8217;87,5% di questi \u00e8 risultato positivo. L&#8217;et\u00e0 media dei 1.918 nuovi positivi \u00e8 di 49 anni circa (8% ha meno di 20 anni, 14% tra 20 e 39 anni, 31% tra 40 e 59 anni, 33% tra 60 e 79 anni, 12% ha 80 anni o pi\u00f9).<\/p>\n<h3>L&#8217;andamento per provincia<\/h3>\n<p>Con gli ultimi casi salgono a 396.899 i positivi dall&#8217;inizio dell&#8217;emergenza nei comuni della Citt\u00e0 metropolitana di Firenze (494 in pi\u00f9 rispetto a ieri), 97.237 in provincia di Prato (144 in pi\u00f9), 115.242 a Pistoia (132 in pi\u00f9), 74.399 a Massa Carrara (106 in pi\u00f9), 157.656 a Lucca (244 in pi\u00f9), 170.665 a Pisa (191 in pi\u00f9), 132.960 a Livorno (163 in pi\u00f9), 133.395 ad Arezzo (151 in pi\u00f9), 105.715 a Siena (124 in pi\u00f9) e 81.503 a Grosseto (106 in pi\u00f9). A questi vanno aggiunti 555 casi di positivit\u00e0 notificati in Toscana ma che riguardano residenti in altre regioni.<\/p>\n<p>Sono 788 le nuove segnalazioni nell&#8217;Asl Centro, 686 nella Nord Ovest, 381 nella Sud Est.<\/p>\n<p>La Toscana si trova al 11\u00b0 posto in Italia come numerosit\u00e0 di casi complessivi dall&#8217;inizio della pandemia (tra residenti e non residenti), con circa 39.706 casi ogni 100.000 abitanti (la media italiana \u00e9 39.630 x100.000, dato di ieri). Al momento la provincia di notifica con il tasso pi\u00f9 alto \u00e9 Lucca (con 41.061 casi ogni 100 mila abitanti), seguita da Pisa (40.831) e Livorno (40.414). La pi\u00f9 bassa concentrazione si riscontra a Prato (con un tasso di 36.656).<\/p>\n<p>In 49.696 sono in isolamento a casa, perch\u00e9 presentano sintomi lievi che non richiedono cure ospedaliere o risultano prive di sintomi (5 in pi\u00f9 rispetto a ieri, pi\u00f9 0,01%).<\/p>\n<p>I 1.405.144 guariti registrati a oggi lo sono a tutti gli effetti, da un punto di vista virale, certificati con tampone negativo.<\/p>\n<h3>I decessi<\/h3>\n<p>La lista dei decessi si aggiorna con <strong>10<\/strong> nuovi decessi: 5 uomini e 5 donne con un&#8217;et\u00e0 media di 85,8 anni.<\/p>\n<p>Relativamente alla provincia di residenza, le persone decedute sono: 3 a Firenze, 1 a Prato, 1 a Pistoia, 2 a Lucca, 1 a Pisa, 1 a Arezzo, 1 a Siena.<\/p>\n<p>Sono 10.965 i deceduti dall&#8217;inizio dell&#8217;epidemia: 3.463 nella Citt\u00e0 metropolitana di Firenze, 888 in provincia di Prato, 981 a Pistoia, 696 a Massa Carrara, 1.025 a Lucca, 1.233 a Pisa, 822 a Livorno, 706 ad Arezzo, 587 a Siena, 407 a Grosseto. Vanno aggiunte 157 persone decedute sul suolo toscano ma erano residenti fuori regione.<\/p>\n<p>Il tasso grezzo di mortalit\u00e0 per Covid-19 (numero di deceduti\/popolazione residente) \u00e8 al momento 296,9 ogni 100 mila residenti, contro il 302,1 x100.000 della media italiana. La Toscana \u00e9 9\u00b0 tra le regioni. Per quanto riguarda le province, il tasso di mortalit\u00e0 pi\u00f9 alto si riscontra a Massa Carrara (366,6 ogni 100 mila abitanti), seguita da Firenze (346,8 x100.000) e Pistoia (338,0 x100.000), mentre il pi\u00f9 basso \u00e8 a Grosseto (186,8 x100.000).<\/p>\n","protected":false},"excerpt":{"rendered":"<p>Sono 1.918 i nuovi casi di Covid-19 registrati nelle ultime ventiquattro ore in Toscana. In calo i ricoveri, si allunga per\u00f2 la lista dei decessi: oggi sono dieci con un&#8217;et\u00e0 media di 85,8 anni<\/p>\n","protected":false},"author":525,"featured_media":100459,"comment_status":"open","ping_status":"open","sticky":false,"template":"","format":"standard","meta":{"_acf_changed":false,"footnotes":""},"categories":[494],"tags":[4868,4809,134,349],"class_list":["post-255338","post","type-post","status-publish","format-standard","has-post-thumbnail","hentry","category-attualita","tag-bollettino-covid-toscana","tag-covid","tag-salute","tag-sanita"],"acf":[],"yoast_head":"<!-- This site is optimized with the Yoast SEO Premium plugin v24.2 (Yoast SEO v25.6) - https:\/\/yoast.com\/wordpress\/plugins\/seo\/ -->\n<title>Covid, i nuovi casi tornano sotto quota 2 mila, 10 i decessi - intoscana<\/title>\n<meta name=\"description\" content=\"Sono 1.918 i nuovi casi di Covid-19 registrati in Toscana. In calo i ricoveri, si allunga per\u00f2 la lista dei decessi: oggi sono dieci\" \/>\n<meta name=\"robots\" content=\"index, follow, max-snippet:-1, max-image-preview:large, max-video-preview:-1\" \/>\n<link rel=\"canonical\" href=\"https:\/\/www.intoscana.it\/it\/covid-nuovi-casi-2\/\" \/>\n<meta property=\"og:locale\" content=\"it_IT\" \/>\n<meta property=\"og:type\" content=\"article\" \/>\n<meta property=\"og:title\" content=\"Covid, i nuovi casi tornano sotto quota 2 mila, 10 i decessi\" \/>\n<meta property=\"og:description\" content=\"Sono 1.918 i nuovi casi di Covid-19 registrati in Toscana. In calo i ricoveri, si allunga per\u00f2 la lista dei decessi: oggi sono dieci\" \/>\n<meta property=\"og:url\" content=\"https:\/\/www.intoscana.it\/it\/covid-nuovi-casi-2\/\" \/>\n<meta property=\"og:site_name\" content=\"intoscana\" \/>\n<meta property=\"article:publisher\" content=\"https:\/\/www.facebook.com\/intoscana.it\" \/>\n<meta property=\"article:published_time\" content=\"2022-10-28T07:58:12+00:00\" \/>\n<meta property=\"article:modified_time\" content=\"2022-10-31T08:42:49+00:00\" \/>\n<meta property=\"og:image\" content=\"https:\/\/www.intoscana.it\/wp-content\/uploads\/coronavirus-4.jpg\" \/>\n\t<meta property=\"og:image:width\" content=\"1126\" \/>\n\t<meta property=\"og:image:height\" content=\"600\" \/>\n\t<meta property=\"og:image:type\" content=\"image\/jpeg\" \/>\n<meta name=\"author\" content=\"Redazione\" \/>\n<meta name=\"twitter:card\" content=\"summary_large_image\" \/>\n<meta name=\"twitter:creator\" content=\"@intoscana\" \/>\n<meta name=\"twitter:site\" content=\"@intoscana\" \/>\n<meta name=\"twitter:label1\" content=\"Written by\" \/>\n\t<meta name=\"twitter:data1\" content=\"Redazione\" \/>\n\t<meta name=\"twitter:label2\" content=\"Est. reading time\" \/>\n\t<meta name=\"twitter:data2\" content=\"3 minuti\" \/>\n<script type=\"application\/ld+json\" class=\"yoast-schema-graph\">{\"@context\":\"https:\/\/schema.org\",\"@graph\":[{\"@type\":\"WebPage\",\"@id\":\"https:\/\/www.intoscana.it\/it\/covid-nuovi-casi-2\/\",\"url\":\"https:\/\/www.intoscana.it\/it\/covid-nuovi-casi-2\/\",\"name\":\"Covid, i nuovi casi tornano sotto quota 2 mila, 10 i decessi - intoscana\",\"isPartOf\":{\"@id\":\"https:\/\/www.intoscana.it\/it\/#website\"},\"primaryImageOfPage\":{\"@id\":\"https:\/\/www.intoscana.it\/it\/covid-nuovi-casi-2\/#primaryimage\"},\"image\":{\"@id\":\"https:\/\/www.intoscana.it\/it\/covid-nuovi-casi-2\/#primaryimage\"},\"thumbnailUrl\":\"https:\/\/www.intoscana.it\/wp-content\/uploads\/coronavirus-4.jpg\",\"datePublished\":\"2022-10-28T07:58:12+00:00\",\"dateModified\":\"2022-10-31T08:42:49+00:00\",\"author\":{\"@id\":\"https:\/\/www.intoscana.it\/it\/#\/schema\/person\/9223810753230f20bd670fdd322661f8\"},\"description\":\"Sono 1.918 i nuovi casi di Covid-19 registrati in Toscana. In calo i ricoveri, si allunga per\u00f2 la lista dei decessi: oggi sono dieci\",\"breadcrumb\":{\"@id\":\"https:\/\/www.intoscana.it\/it\/covid-nuovi-casi-2\/#breadcrumb\"},\"inLanguage\":\"it-IT\",\"potentialAction\":[{\"@type\":\"ReadAction\",\"target\":[\"https:\/\/www.intoscana.it\/it\/covid-nuovi-casi-2\/\"]}]},{\"@type\":\"ImageObject\",\"inLanguage\":\"it-IT\",\"@id\":\"https:\/\/www.intoscana.it\/it\/covid-nuovi-casi-2\/#primaryimage\",\"url\":\"https:\/\/www.intoscana.it\/wp-content\/uploads\/coronavirus-4.jpg\",\"contentUrl\":\"https:\/\/www.intoscana.it\/wp-content\/uploads\/coronavirus-4.jpg\",\"width\":1126,\"height\":600,\"caption\":\"Coronavirus, in Toscana due casi sospetti positivi in attesa di validazione\"},{\"@type\":\"BreadcrumbList\",\"@id\":\"https:\/\/www.intoscana.it\/it\/covid-nuovi-casi-2\/#breadcrumb\",\"itemListElement\":[{\"@type\":\"ListItem\",\"position\":1,\"name\":\"Home\",\"item\":\"https:\/\/www.intoscana.it\/it\/\"},{\"@type\":\"ListItem\",\"position\":2,\"name\":\"Covid, i nuovi casi tornano sotto quota 2 mila, 10 i decessi\"}]},{\"@type\":\"WebSite\",\"@id\":\"https:\/\/www.intoscana.it\/it\/#website\",\"url\":\"https:\/\/www.intoscana.it\/it\/\",\"name\":\"intoscana\",\"description\":\"\",\"potentialAction\":[{\"@type\":\"SearchAction\",\"target\":{\"@type\":\"EntryPoint\",\"urlTemplate\":\"https:\/\/www.intoscana.it\/it\/?s={search_term_string}\"},\"query-input\":{\"@type\":\"PropertyValueSpecification\",\"valueRequired\":true,\"valueName\":\"search_term_string\"}}],\"inLanguage\":\"it-IT\"},{\"@type\":\"Person\",\"@id\":\"https:\/\/www.intoscana.it\/it\/#\/schema\/person\/9223810753230f20bd670fdd322661f8\",\"name\":\"Redazione\",\"url\":\"https:\/\/www.intoscana.it\/it\/author\/redazione\/\"}]}<\/script>\n<!-- \/ Yoast SEO Premium plugin. -->","yoast_head_json":{"title":"Covid, i nuovi casi tornano sotto quota 2 mila, 10 i decessi - intoscana","description":"Sono 1.918 i nuovi casi di Covid-19 registrati in Toscana. In calo i ricoveri, si allunga per\u00f2 la lista dei decessi: oggi sono dieci","robots":{"index":"index","follow":"follow","max-snippet":"max-snippet:-1","max-image-preview":"max-image-preview:large","max-video-preview":"max-video-preview:-1"},"canonical":"https:\/\/www.intoscana.it\/it\/covid-nuovi-casi-2\/","og_locale":"it_IT","og_type":"article","og_title":"Covid, i nuovi casi tornano sotto quota 2 mila, 10 i decessi","og_description":"Sono 1.918 i nuovi casi di Covid-19 registrati in Toscana. In calo i ricoveri, si allunga per\u00f2 la lista dei decessi: oggi sono dieci","og_url":"https:\/\/www.intoscana.it\/it\/covid-nuovi-casi-2\/","og_site_name":"intoscana","article_publisher":"https:\/\/www.facebook.com\/intoscana.it","article_published_time":"2022-10-28T07:58:12+00:00","article_modified_time":"2022-10-31T08:42:49+00:00","og_image":[{"width":1126,"height":600,"url":"https:\/\/www.intoscana.it\/wp-content\/uploads\/coronavirus-4.jpg","type":"image\/jpeg"}],"author":"Redazione","twitter_card":"summary_large_image","twitter_creator":"@intoscana","twitter_site":"@intoscana","twitter_misc":{"Written by":"Redazione","Est. reading time":"3 minuti"},"schema":{"@context":"https:\/\/schema.org","@graph":[{"@type":"WebPage","@id":"https:\/\/www.intoscana.it\/it\/covid-nuovi-casi-2\/","url":"https:\/\/www.intoscana.it\/it\/covid-nuovi-casi-2\/","name":"Covid, i nuovi casi tornano sotto quota 2 mila, 10 i decessi - intoscana","isPartOf":{"@id":"https:\/\/www.intoscana.it\/it\/#website"},"primaryImageOfPage":{"@id":"https:\/\/www.intoscana.it\/it\/covid-nuovi-casi-2\/#primaryimage"},"image":{"@id":"https:\/\/www.intoscana.it\/it\/covid-nuovi-casi-2\/#primaryimage"},"thumbnailUrl":"https:\/\/www.intoscana.it\/wp-content\/uploads\/coronavirus-4.jpg","datePublished":"2022-10-28T07:58:12+00:00","dateModified":"2022-10-31T08:42:49+00:00","author":{"@id":"https:\/\/www.intoscana.it\/it\/#\/schema\/person\/9223810753230f20bd670fdd322661f8"},"description":"Sono 1.918 i nuovi casi di Covid-19 registrati in Toscana. In calo i ricoveri, si allunga per\u00f2 la lista dei decessi: oggi sono dieci","breadcrumb":{"@id":"https:\/\/www.intoscana.it\/it\/covid-nuovi-casi-2\/#breadcrumb"},"inLanguage":"it-IT","potentialAction":[{"@type":"ReadAction","target":["https:\/\/www.intoscana.it\/it\/covid-nuovi-casi-2\/"]}]},{"@type":"ImageObject","inLanguage":"it-IT","@id":"https:\/\/www.intoscana.it\/it\/covid-nuovi-casi-2\/#primaryimage","url":"https:\/\/www.intoscana.it\/wp-content\/uploads\/coronavirus-4.jpg","contentUrl":"https:\/\/www.intoscana.it\/wp-content\/uploads\/coronavirus-4.jpg","width":1126,"height":600,"caption":"Coronavirus, in Toscana due casi sospetti positivi in attesa di validazione"},{"@type":"BreadcrumbList","@id":"https:\/\/www.intoscana.it\/it\/covid-nuovi-casi-2\/#breadcrumb","itemListElement":[{"@type":"ListItem","position":1,"name":"Home","item":"https:\/\/www.intoscana.it\/it\/"},{"@type":"ListItem","position":2,"name":"Covid, i nuovi casi tornano sotto quota 2 mila, 10 i decessi"}]},{"@type":"WebSite","@id":"https:\/\/www.intoscana.it\/it\/#website","url":"https:\/\/www.intoscana.it\/it\/","name":"intoscana","description":"","potentialAction":[{"@type":"SearchAction","target":{"@type":"EntryPoint","urlTemplate":"https:\/\/www.intoscana.it\/it\/?s={search_term_string}"},"query-input":{"@type":"PropertyValueSpecification","valueRequired":true,"valueName":"search_term_string"}}],"inLanguage":"it-IT"},{"@type":"Person","@id":"https:\/\/www.intoscana.it\/it\/#\/schema\/person\/9223810753230f20bd670fdd322661f8","name":"Redazione","url":"https:\/\/www.intoscana.it\/it\/author\/redazione\/"}]}},"_links":{"self":[{"href":"https:\/\/www.intoscana.it\/it\/wp-json\/wp\/v2\/posts\/255338","targetHints":{"allow":["GET"]}}],"collection":[{"href":"https:\/\/www.intoscana.it\/it\/wp-json\/wp\/v2\/posts"}],"about":[{"href":"https:\/\/www.intoscana.it\/it\/wp-json\/wp\/v2\/types\/post"}],"author":[{"embeddable":true,"href":"https:\/\/www.intoscana.it\/it\/wp-json\/wp\/v2\/users\/525"}],"replies":[{"embeddable":true,"href":"https:\/\/www.intoscana.it\/it\/wp-json\/wp\/v2\/comments?post=255338"}],"version-history":[{"count":0,"href":"https:\/\/www.intoscana.it\/it\/wp-json\/wp\/v2\/posts\/255338\/revisions"}],"wp:featuredmedia":[{"embeddable":true,"href":"https:\/\/www.intoscana.it\/it\/wp-json\/wp\/v2\/media\/100459"}],"wp:attachment":[{"href":"https:\/\/www.intoscana.it\/it\/wp-json\/wp\/v2\/media?parent=255338"}],"wp:term":[{"taxonomy":"category","embeddable":true,"href":"https:\/\/www.intoscana.it\/it\/wp-json\/wp\/v2\/categories?post=255338"},{"taxonomy":"post_tag","embeddable":true,"href":"https:\/\/www.intoscana.it\/it\/wp-json\/wp\/v2\/tags?post=255338"}],"curies":[{"name":"wp","href":"https:\/\/api.w.org\/{rel}","templated":true}]}}