{"id":255389,"date":"2022-10-28T15:30:46","date_gmt":"2022-10-28T13:30:46","guid":{"rendered":"https:\/\/www.intoscana.it\/it\/?p=255389"},"modified":"2022-10-28T17:48:29","modified_gmt":"2022-10-28T15:48:29","slug":"inaugurazione-lucca-comics-2022","status":"publish","type":"post","link":"https:\/\/www.intoscana.it\/it\/inaugurazione-lucca-comics-2022\/","title":{"rendered":"Il grande giorno di Lucca Comics &#038; Games. Baccelli: &#8220;Orgogliosi di questa manifestazione&#8221;"},"content":{"rendered":"<p>Finalmente il conto alla rovescia \u00e8 arrivato alla fine e le vie della citt\u00e0 di <strong>Lucca<\/strong> sono tornate, fin dal mattino presto, a riempirsi della folla colorata e variopinta di L<strong>ucca Comics &amp; Games<\/strong>, il grande evento dedicato al fumetto, al cinema, al mondo fantasy e dei videogiochi.<\/p>\n<h3>Un minuto di silenzio<\/h3>\n<p>Alla gioia per il ritorno del festival, patrimonio di tutta la comunit\u00e0 lucchese, si \u00e8 aggiunto il dolore per le due persone che ieri hanno perso la vita nel crollo della propria abitazione nella frazione di Torre, nel Comune di Lucca. Per questo motivo la cerimonia di apertura del festival \u00e8 iniziata con un <strong>minuto di silenzio per le vittime<\/strong>. Non solo, il sindaco <strong>Mario Pardini<\/strong>, insieme a <strong>Francesca Fazzi,<\/strong> presidente di Lucca Crea, hanno annunciato che una parte del ricavato dell\u2019asta con le opere che saranno realizzate dagli artisti nell\u2019Area Performance, saranno <strong>devoluti ai familiari delle vittime<\/strong>. \u201c<em>Il pensiero di tutta Lucca Crea \u00e8 con loro e con la giovane studentessa che tornando da scuola ha affrontato la prova pi\u00f9 grande della sua vita. <strong>Non abbandoneremo queste famiglie<\/strong><\/em>\u201d, ha concluso la Fazzi.<\/p>\n<h3>La macchina del Festival<\/h3>\n<p>Il direttore di Lucca Comics &amp; Games, <strong>Emanuele Vietina<\/strong> ha voluto poi ringraziare tutta la macchina del festival che lavorando assieme ha permesso di arrivare ad oggi e che \u00e8 pronta per accogliere quasi 300 mila visitatori nei cinque giorni. Una edizione che torna come dimensioni e numeri a quella del 2019 e che fa della speranza, tema di quest\u2019anno, il punto centrale da cui ripartire. Una manifestazione in cui si vedranno i risultati del lavoro fatto e si getteranno le basi verso il 2024, anno delle <strong>celebrazioni pucciniane<\/strong> a cui anche Lucca Comics &amp; Games contribuir\u00e0 e lo far\u00e0 dando spazio a quella che \u00e8 la musica sinfonica.<\/p>\n<p>Un assaggio ci sar\u00e0 gi\u00e0 in questa edizione con il concerto sinfonico dedicato al celebre videogioco &#8220;The Witcher&#8221; che si terr\u00e0, proprio stasera alle 21:30 all&#8217;interno della Music &amp; Comics Arena, con l&#8217;<strong>Orchestra Giovanile Italiana di Fiesole<\/strong> diretta da un&#8217;ospite d&#8217;eccezione, <strong>E\u00edmear Noone<\/strong>, autrice di 26 colonne sonore di film e videogames, tra cui &#8220;World of Warcraft&#8221;. Orchestra che proprio durante la cerimonia d\u2019apertura ha voluto omaggiare Puccini eseguendo \u201c<em>La Tregenda<\/em>\u201d.<\/p>\n<p>A portare i saluti della Regione Toscana, l\u2019assessore <strong>Stefano Baccelli<\/strong>: \u201c<em>C\u2019\u00e8 tanta emozione ed entusiasmo per i Comics. Li abbiamo visti nascere nel 1966 e vi ho partecipato in ruoli diversi. Una manifestazione che ho visto crescere e che \u00e8 molto lucchese nelle professionalit\u00e0 che la organizzano e nel coinvolgimento di tanti soggetti e istituzioni. Una comunit\u00e0 lucchese che, a differenza dei luoghi comuni, <strong>diventa aperta<\/strong>. Come Regione Toscana non possiamo che essere <strong>orgogliosi<\/strong> per questa manifestazione di livello mondiale che attrae questo pacifico esercito di giovani<\/em>\u201d.<\/p>\n<div class=\"focuson\"><a href=\"https:\/\/www.intoscana.it\/it\/articolo\/salani-lucca-comics-2022\/\"><img decoding=\"async\" class=\"lazy\" src=\"https:\/\/www.intoscana.it\/wp-content\/uploads\/pop-salani-lucca-20228.jpeg\" style=\"\">\n                <div class=\"cat\">La mostra<\/div>\n                <h4>I 160 anni della casa editrici Salani<\/h4><\/a>\n              <\/div>\n<h3>Il programma<\/h3>\n<p>Il programma di eventi \u00e8 veramente ricchissimo e variegato. Dai firmacopie con i grandi fumettisti italiani (da <strong>Zerocalcare<\/strong>, a Ortolani, passando per Mirka Andolfo e Fraffrog) ed internazionali (Ted Nasmith, John Romita Jr.) alle anteprime di film e serie tv come <strong>One Piece Film: Red<\/strong> con il regista Goro Taniguchi o il tanto atteso Dampyr esordio della Sergio Bonelli Editore al cinema. Ci sono poi i grandi concerti come quello sinfonico diretto da E\u00edmear Noone o Cristina d\u2019Avena e poi tanto spazio ai cosplayer, creator e agli appassionati di giochi da tavolo e videogame e alle mostre che quest\u2019anno non sono solo a <strong>Palazzo Ducale<\/strong> ma, anch\u2019esse sparse per la citt\u00e0. Dopo due anni di chiusura da parte della pandemia, tornano i grandi mangaka dal Giappone. C\u2019\u00e8, infatti, <strong>Norihiro Yagi<\/strong> autore di Ariadne In The Blue Sky, nonch\u00e9 del dark fantasy Claymore, <strong>Atsushi Ohkubo<\/strong>, autore di successi mondiali come Soul Eater e Fire Force e <strong>Nagabe<\/strong>, l\u2019autore del successo da pi\u00f9 di un milione di copie Girl From The Other Side. Questo manga \u00e8 ora pi\u00f9 che mai attuale perch\u00e9 va ad indagare come le persone (i due protagonisti Shiva e Sensei) possono relazionarsi e scambiarsi le rispettive emozioni e sentimenti senza potersi toccare per paura di contagiarsi con una maledizione. Un manga tutto<strong> in bianco e nero<\/strong>, dove luci e ombre si alternano e si bilanciano e personaggi cos\u00ec diversi si relazionano. \u201c<em>All\u2019inizio, in realt\u00e0<\/em>, &#8211; ha dichiarato Nagabe \u2013 <em>non pensavo che lo avrebbero letto in Giappone e non mi aspettavo certo tutto questo successo in Europa e in Italia. Con quest\u2019opera ho voluto esplorare il tema del <strong>linguaggio del corpo<\/strong> e di come esprimiamo i sentimenti, tema che \u00e8 diventato molto attuale dopo gli ultimi due anni <\/em>\u201d.<\/p>\n","protected":false},"excerpt":{"rendered":"<p>Prima giornata del festival dedicato al fumetto, mondo fantasy, cinema e videogiochi. 40mila i visitatori per i padiglioni e le strade della citt\u00e0<\/p>\n","protected":false},"author":507,"featured_media":255418,"comment_status":"open","ping_status":"open","sticky":false,"template":"","format":"standard","meta":{"_acf_changed":false,"footnotes":""},"categories":[493],"tags":[170,4539],"class_list":["post-255389","post","type-post","status-publish","format-standard","has-post-thumbnail","hentry","category-cultura","tag-lucca","tag-lucca-comics"],"acf":[],"yoast_head":"<!-- This site is optimized with the Yoast SEO Premium plugin v24.2 (Yoast SEO v25.6) - https:\/\/yoast.com\/wordpress\/plugins\/seo\/ -->\n<title>Il grande giorno di Lucca Comics &amp; Games. Baccelli: &quot;Orgogliosi di questa manifestazione&quot; - intoscana<\/title>\n<meta name=\"robots\" content=\"index, follow, max-snippet:-1, max-image-preview:large, max-video-preview:-1\" \/>\n<link rel=\"canonical\" href=\"https:\/\/www.intoscana.it\/it\/inaugurazione-lucca-comics-2022\/\" \/>\n<meta property=\"og:locale\" content=\"it_IT\" \/>\n<meta property=\"og:type\" content=\"article\" \/>\n<meta property=\"og:title\" content=\"Il grande giorno di Lucca Comics &amp; Games. Baccelli: &quot;Orgogliosi di questa manifestazione&quot;\" \/>\n<meta property=\"og:description\" content=\"Prima giornata del festival dedicato al fumetto, mondo fantasy, cinema e videogiochi. 40mila i visitatori per i padiglioni e le strade della citt\u00e0\" \/>\n<meta property=\"og:url\" content=\"https:\/\/www.intoscana.it\/it\/inaugurazione-lucca-comics-2022\/\" \/>\n<meta property=\"og:site_name\" content=\"intoscana\" \/>\n<meta property=\"article:publisher\" content=\"https:\/\/www.facebook.com\/intoscana.it\" \/>\n<meta property=\"article:published_time\" content=\"2022-10-28T13:30:46+00:00\" \/>\n<meta property=\"article:modified_time\" content=\"2022-10-28T15:48:29+00:00\" \/>\n<meta property=\"og:image\" content=\"https:\/\/www.intoscana.it\/wp-content\/uploads\/IMG_4025-1-scaled.jpeg\" \/>\n\t<meta property=\"og:image:width\" content=\"2048\" \/>\n\t<meta property=\"og:image:height\" content=\"1620\" \/>\n\t<meta property=\"og:image:type\" content=\"image\/jpeg\" \/>\n<meta name=\"author\" content=\"Chiara Bianchini\" \/>\n<meta name=\"twitter:card\" content=\"summary_large_image\" \/>\n<meta name=\"twitter:creator\" content=\"@intoscana\" \/>\n<meta name=\"twitter:site\" content=\"@intoscana\" \/>\n<meta name=\"twitter:label1\" content=\"Written by\" \/>\n\t<meta name=\"twitter:data1\" content=\"Chiara Bianchini\" \/>\n\t<meta name=\"twitter:label2\" content=\"Est. reading time\" \/>\n\t<meta name=\"twitter:data2\" content=\"4 minuti\" \/>\n<script type=\"application\/ld+json\" class=\"yoast-schema-graph\">{\"@context\":\"https:\/\/schema.org\",\"@graph\":[{\"@type\":\"WebPage\",\"@id\":\"https:\/\/www.intoscana.it\/it\/inaugurazione-lucca-comics-2022\/\",\"url\":\"https:\/\/www.intoscana.it\/it\/inaugurazione-lucca-comics-2022\/\",\"name\":\"Il grande giorno di Lucca Comics & Games. Baccelli: \\\"Orgogliosi di questa manifestazione\\\" - intoscana\",\"isPartOf\":{\"@id\":\"https:\/\/www.intoscana.it\/it\/#website\"},\"primaryImageOfPage\":{\"@id\":\"https:\/\/www.intoscana.it\/it\/inaugurazione-lucca-comics-2022\/#primaryimage\"},\"image\":{\"@id\":\"https:\/\/www.intoscana.it\/it\/inaugurazione-lucca-comics-2022\/#primaryimage\"},\"thumbnailUrl\":\"https:\/\/www.intoscana.it\/wp-content\/uploads\/IMG_4025-1-scaled.jpeg\",\"datePublished\":\"2022-10-28T13:30:46+00:00\",\"dateModified\":\"2022-10-28T15:48:29+00:00\",\"author\":{\"@id\":\"https:\/\/www.intoscana.it\/it\/#\/schema\/person\/010af92117f50561886339ad5b873a41\"},\"breadcrumb\":{\"@id\":\"https:\/\/www.intoscana.it\/it\/inaugurazione-lucca-comics-2022\/#breadcrumb\"},\"inLanguage\":\"it-IT\",\"potentialAction\":[{\"@type\":\"ReadAction\",\"target\":[\"https:\/\/www.intoscana.it\/it\/inaugurazione-lucca-comics-2022\/\"]}]},{\"@type\":\"ImageObject\",\"inLanguage\":\"it-IT\",\"@id\":\"https:\/\/www.intoscana.it\/it\/inaugurazione-lucca-comics-2022\/#primaryimage\",\"url\":\"https:\/\/www.intoscana.it\/wp-content\/uploads\/IMG_4025-1-scaled.jpeg\",\"contentUrl\":\"https:\/\/www.intoscana.it\/wp-content\/uploads\/IMG_4025-1-scaled.jpeg\",\"width\":2048,\"height\":1620,\"caption\":\"Lucca Comics & Games - Cosplayer\"},{\"@type\":\"BreadcrumbList\",\"@id\":\"https:\/\/www.intoscana.it\/it\/inaugurazione-lucca-comics-2022\/#breadcrumb\",\"itemListElement\":[{\"@type\":\"ListItem\",\"position\":1,\"name\":\"Home\",\"item\":\"https:\/\/www.intoscana.it\/it\/\"},{\"@type\":\"ListItem\",\"position\":2,\"name\":\"Il grande giorno di Lucca Comics &#038; Games. Baccelli: &#8220;Orgogliosi di questa manifestazione&#8221;\"}]},{\"@type\":\"WebSite\",\"@id\":\"https:\/\/www.intoscana.it\/it\/#website\",\"url\":\"https:\/\/www.intoscana.it\/it\/\",\"name\":\"intoscana\",\"description\":\"\",\"potentialAction\":[{\"@type\":\"SearchAction\",\"target\":{\"@type\":\"EntryPoint\",\"urlTemplate\":\"https:\/\/www.intoscana.it\/it\/?s={search_term_string}\"},\"query-input\":{\"@type\":\"PropertyValueSpecification\",\"valueRequired\":true,\"valueName\":\"search_term_string\"}}],\"inLanguage\":\"it-IT\"},{\"@type\":\"Person\",\"@id\":\"https:\/\/www.intoscana.it\/it\/#\/schema\/person\/010af92117f50561886339ad5b873a41\",\"name\":\"Chiara Bianchini\",\"sameAs\":[\"c.bianchini@fst.it\"],\"url\":\"https:\/\/www.intoscana.it\/it\/author\/chiara-bianchini\/\"}]}<\/script>\n<!-- \/ Yoast SEO Premium plugin. -->","yoast_head_json":{"title":"Il grande giorno di Lucca Comics & Games. Baccelli: \"Orgogliosi di questa manifestazione\" - intoscana","robots":{"index":"index","follow":"follow","max-snippet":"max-snippet:-1","max-image-preview":"max-image-preview:large","max-video-preview":"max-video-preview:-1"},"canonical":"https:\/\/www.intoscana.it\/it\/inaugurazione-lucca-comics-2022\/","og_locale":"it_IT","og_type":"article","og_title":"Il grande giorno di Lucca Comics & Games. Baccelli: \"Orgogliosi di questa manifestazione\"","og_description":"Prima giornata del festival dedicato al fumetto, mondo fantasy, cinema e videogiochi. 40mila i visitatori per i padiglioni e le strade della citt\u00e0","og_url":"https:\/\/www.intoscana.it\/it\/inaugurazione-lucca-comics-2022\/","og_site_name":"intoscana","article_publisher":"https:\/\/www.facebook.com\/intoscana.it","article_published_time":"2022-10-28T13:30:46+00:00","article_modified_time":"2022-10-28T15:48:29+00:00","og_image":[{"width":2048,"height":1620,"url":"https:\/\/www.intoscana.it\/wp-content\/uploads\/IMG_4025-1-scaled.jpeg","type":"image\/jpeg"}],"author":"Chiara Bianchini","twitter_card":"summary_large_image","twitter_creator":"@intoscana","twitter_site":"@intoscana","twitter_misc":{"Written by":"Chiara Bianchini","Est. reading time":"4 minuti"},"schema":{"@context":"https:\/\/schema.org","@graph":[{"@type":"WebPage","@id":"https:\/\/www.intoscana.it\/it\/inaugurazione-lucca-comics-2022\/","url":"https:\/\/www.intoscana.it\/it\/inaugurazione-lucca-comics-2022\/","name":"Il grande giorno di Lucca Comics & Games. Baccelli: \"Orgogliosi di questa manifestazione\" - intoscana","isPartOf":{"@id":"https:\/\/www.intoscana.it\/it\/#website"},"primaryImageOfPage":{"@id":"https:\/\/www.intoscana.it\/it\/inaugurazione-lucca-comics-2022\/#primaryimage"},"image":{"@id":"https:\/\/www.intoscana.it\/it\/inaugurazione-lucca-comics-2022\/#primaryimage"},"thumbnailUrl":"https:\/\/www.intoscana.it\/wp-content\/uploads\/IMG_4025-1-scaled.jpeg","datePublished":"2022-10-28T13:30:46+00:00","dateModified":"2022-10-28T15:48:29+00:00","author":{"@id":"https:\/\/www.intoscana.it\/it\/#\/schema\/person\/010af92117f50561886339ad5b873a41"},"breadcrumb":{"@id":"https:\/\/www.intoscana.it\/it\/inaugurazione-lucca-comics-2022\/#breadcrumb"},"inLanguage":"it-IT","potentialAction":[{"@type":"ReadAction","target":["https:\/\/www.intoscana.it\/it\/inaugurazione-lucca-comics-2022\/"]}]},{"@type":"ImageObject","inLanguage":"it-IT","@id":"https:\/\/www.intoscana.it\/it\/inaugurazione-lucca-comics-2022\/#primaryimage","url":"https:\/\/www.intoscana.it\/wp-content\/uploads\/IMG_4025-1-scaled.jpeg","contentUrl":"https:\/\/www.intoscana.it\/wp-content\/uploads\/IMG_4025-1-scaled.jpeg","width":2048,"height":1620,"caption":"Lucca Comics & Games - Cosplayer"},{"@type":"BreadcrumbList","@id":"https:\/\/www.intoscana.it\/it\/inaugurazione-lucca-comics-2022\/#breadcrumb","itemListElement":[{"@type":"ListItem","position":1,"name":"Home","item":"https:\/\/www.intoscana.it\/it\/"},{"@type":"ListItem","position":2,"name":"Il grande giorno di Lucca Comics &#038; Games. Baccelli: &#8220;Orgogliosi di questa manifestazione&#8221;"}]},{"@type":"WebSite","@id":"https:\/\/www.intoscana.it\/it\/#website","url":"https:\/\/www.intoscana.it\/it\/","name":"intoscana","description":"","potentialAction":[{"@type":"SearchAction","target":{"@type":"EntryPoint","urlTemplate":"https:\/\/www.intoscana.it\/it\/?s={search_term_string}"},"query-input":{"@type":"PropertyValueSpecification","valueRequired":true,"valueName":"search_term_string"}}],"inLanguage":"it-IT"},{"@type":"Person","@id":"https:\/\/www.intoscana.it\/it\/#\/schema\/person\/010af92117f50561886339ad5b873a41","name":"Chiara Bianchini","sameAs":["c.bianchini@fst.it"],"url":"https:\/\/www.intoscana.it\/it\/author\/chiara-bianchini\/"}]}},"_links":{"self":[{"href":"https:\/\/www.intoscana.it\/it\/wp-json\/wp\/v2\/posts\/255389","targetHints":{"allow":["GET"]}}],"collection":[{"href":"https:\/\/www.intoscana.it\/it\/wp-json\/wp\/v2\/posts"}],"about":[{"href":"https:\/\/www.intoscana.it\/it\/wp-json\/wp\/v2\/types\/post"}],"author":[{"embeddable":true,"href":"https:\/\/www.intoscana.it\/it\/wp-json\/wp\/v2\/users\/507"}],"replies":[{"embeddable":true,"href":"https:\/\/www.intoscana.it\/it\/wp-json\/wp\/v2\/comments?post=255389"}],"version-history":[{"count":0,"href":"https:\/\/www.intoscana.it\/it\/wp-json\/wp\/v2\/posts\/255389\/revisions"}],"wp:featuredmedia":[{"embeddable":true,"href":"https:\/\/www.intoscana.it\/it\/wp-json\/wp\/v2\/media\/255418"}],"wp:attachment":[{"href":"https:\/\/www.intoscana.it\/it\/wp-json\/wp\/v2\/media?parent=255389"}],"wp:term":[{"taxonomy":"category","embeddable":true,"href":"https:\/\/www.intoscana.it\/it\/wp-json\/wp\/v2\/categories?post=255389"},{"taxonomy":"post_tag","embeddable":true,"href":"https:\/\/www.intoscana.it\/it\/wp-json\/wp\/v2\/tags?post=255389"}],"curies":[{"name":"wp","href":"https:\/\/api.w.org\/{rel}","templated":true}]}}