{"id":255488,"date":"2022-10-29T10:38:26","date_gmt":"2022-10-29T08:38:26","guid":{"rendered":"https:\/\/www.intoscana.it\/it\/?p=255488"},"modified":"2022-10-31T09:41:34","modified_gmt":"2022-10-31T08:41:34","slug":"toscana-usa-nancy-pelosi-giani-mazzeo","status":"publish","type":"post","link":"https:\/\/www.intoscana.it\/it\/toscana-usa-nancy-pelosi-giani-mazzeo\/","title":{"rendered":"La delegazione toscana negli Usa, l&#8217;incontro alla Camera e in Campidoglio"},"content":{"rendered":"<p>Iniziata a Washington, con l\u2019incontro con la Speaker alla Camera dei Rappresentanti degli Stati Uniti <strong>Nancy Pelosi<\/strong>, <mark>la visita della delegazione toscana in Usa<\/mark>. Subito dopo l&#8217;incontro <strong>in Campidoglio<\/strong> e un faccia a faccia con l&#8217;ambasciatrice italiana negli States. La missione organizzata per <a href=\"https:\/\/www.intoscana.it\/it\/articolo\/la-toscana-regione-donore-2022-per-il-niaf-giani-vola-in-usa-per-ricevere-il-premio\/\">il conferimento del titolo di \u2018<em>Regione d\u2019onore 2022<\/em>\u2019<\/a> da parte della<strong> Niaf <\/strong>(<a href=\"http:\/\/www.niaf.org\/\">National Italia America foundation<\/a>).<\/p>\n<h3>L&#8217;incontro con Nancy Pelosi<\/h3>\n<p>All\u2019appuntamento con <strong>Nancy Pelosi<\/strong>, oltre al presidente <strong>Eugenio Giani<\/strong>, sono intervenuti anche il presidente del consiglio regionale <strong>Antonio Mazzeo<\/strong> ed il consigliere e portavoce dell\u2019opposizione <strong>Marco Landi<\/strong>. Insieme a loro <strong>Gina Raimondi<\/strong>, attuale segretaria\u00a0al commercio sotto l&#8217;amministrazione Biden, e <strong>Mariangela Zappia<\/strong>, ambasciatrice italiana a Washington.<\/p>\n<figure id=\"post-255490 media-255490\" class=\"align-none\"><img decoding=\"async\" src=\"https:\/\/www.intoscana.it\/wp-content\/uploads\/Pelosi-con-Giani-e-Mazzeo-1.jpeg\" alt=\"\" \/><\/figure>\n<div class=\"titleimg\">Nancy Pelosi con Giani, Mazzeo e Landi<\/div>\n<h3>L&#8217;incontro in Campidoglio<\/h3>\n<p>Rinsaldare i <strong>rapporti Italia USA<\/strong> guardando al mondo imprenditoriale e soprattutto ai giovani. E\u2019 stato uno dei temi centrali della seconda \u00a0giornata, densa di incontri, della delegazione toscana \u00a0negli Stati Uniti. Dopo una visita in Campidoglio, <strong>Giani con Mazzeo e Landi<\/strong> sono stati ricevuti in forma privata dall&#8217;ambasciatrice <strong>Mariangela Zapp\u00eca Caillaux<\/strong>. Un incontro di quasi un&#8217;ora nel quale sono stati affrontati tanti temi al centro dell&#8217;attualit\u00e0 di questo difficile momento che riguardano sia l&#8217;Italia sia la Russia.<\/p>\n<h3>Scambi commerciali e nuovi investimenti<\/h3>\n<p>Nel faccia a faccia con l&#8217;ambasciatrice ribadito l\u2019obiettivo di rinsaldare ulteriormente i rapporti tra <strong>Toscana e gli Stati Uniti<\/strong>. Tante le opportunit\u00e0 che possono esserci sia per il mondo imprenditoriale economico sia anche per il mondo studentesco grazie alle tante universit\u00e0 americane in Toscana. Ci si \u00e8 concentrati sulle possibilit\u00e0 di generare <strong>nuovi investimenti<\/strong> in Toscana e relazioni con ulteriori <strong>scambi commerciali<\/strong>, nonostante il momento difficile.<\/p>\n<h3>Le opportunit\u00e0 di sviluppo in Toscana<\/h3>\n<p>Attenzione particolare ai giovani anche durante l\u2019incontro che si \u00e8 svolto al <strong>German Marshall Fund<\/strong> con un think tank che coinvolge sia imprenditori sia ragazzi ventenni. Costruire occasioni di partnership e scambio su molteplici settori, <mark>dall&#8217;ambiente all\u2019energia, dal commercio all&#8217;economia fino al turismo<\/mark>. Questa la volont\u00e0 manifestata dalla Toscana, cos\u00ec come dagli USA nell\u2019ottica del rafforzamento dell\u2019alleanza transatlantica. L&#8217;obiettivo \u00e8 attirare sempre <strong>pi\u00f9 investimenti<\/strong> e creare <strong>opportunit\u00e0 di sviluppo<\/strong> anche sul terreno delle nuove professioni e dei nuovi lavori.<\/p>\n<figure id=\"post-255538 media-255538\" class=\"align-none\"><img decoding=\"async\" src=\"https:\/\/www.intoscana.it\/wp-content\/uploads\/La-delegazione-toscana-in-Campidoglio.jpg\" alt=\"\" \/><\/figure>\n<div class=\"titleimg\">La delegazione toscana in Campidoglio<\/div>\n<p>\u201c<em>Il rapporto di amicizia e collaborazione tra la Toscana e gli Stati Uniti \u00e8 sincero e antico<\/em> \u2013 ha detto il presidente della Regione Toscana <strong>Eugenio Giani<\/strong> &#8211; <em>Siamo felici che questa occasione, per la quale siamo grati la Niaf, ci dia modo per rinsaldarli e guardare con nuovo slancio al futuro. La Toscana pu\u00f2 contare su competenze scientifiche e tecnologiche di livello internazionale e che ben dispone ad affrontare il mercato con progetti strutturati, innovativi di lungo periodo. La contaminazione e lo scambio culturale sono un tesoro che non solo ha fatto la Toscana grande nel mondo, ma rappresentano e una linfa e un more oggi fondamentale\u201d<\/em>.<\/p>\n<p>\u201c<em>Una bellissima occasione di confronto e dialogo<\/em> \u00a0&#8211; ha detto il presidente del Consiglio <strong>Antonio<\/strong> <strong>Mazzeo<\/strong> &#8211; <em>della quale ringrazio prima di tutto la Niaf. Siamo orgogliosi che la Toscana sia per gli italo-americani un punto di riferimento importante per il presente e per il futuro. Sarebbe bello se qualcuna delle grandi scommesse sul futuro e l&#8217;innovazione che abbiamo conosciuto in questi giorni potesse presto arrivare anche in Italia magari partendo proprio dalla nostra regione<\/em>&#8220;.<\/p>\n<p>\u201c<em>Dalla presenza delle istituzioni regionali della Toscana a Washington<\/em> \u00a0&#8211; ha detto il consigliere <strong>Marco Landi<\/strong> \u00a0&#8211; <em>esce rafforzato il legame tra la nostra Regione e gli Stati Uniti. Grazie alla \u00a0Niaf <\/em><em>per il lavoro che da decenni svolge, per la scelta di quest\u2019anno e per l\u2019ospitalit\u00e0, ha conferito alla Toscana. Un\u2019opportunit\u00e0 di promozione della nostre eccellenze in un mercato di straordinaria importanza quale quello statunitense<\/em>\u201d.<\/p>\n<h3>Toscana Regione d&#8217;onore 2o22 per Niaf<\/h3>\n<p>\u201c<em>Il riconoscimento che riceveremo<\/em> \u2013 ha commentato Giani &#8211; c<em>onsentir\u00e0 alla Toscana, per un anno, di valorizzare negli Stati Uniti la propria cultura, la propria storia, la propria economia, la propria identit\u00e0. E di farla cos\u00ec apprezzare a tutti gli americani attraverso la Niaf, una fondazione che rappresenta pi\u00f9 di 20 milioni di cittadini italoamericani che vivono negli Stati Uniti. Tutte queste persone hanno mostrato un grande entusiasmo perch\u00e9 attraverso questo riconoscimento riescono ogni anno a rafforzare il loro rapporto con la terra d\u2019origine<\/em>\u201d.<\/p>\n<p>Le iniziative promozionale della Niaf per la <strong>Regione d\u2019onore 2022<\/strong> proseguiranno nei prossimi mesi per concludersi nell\u2019estate del 2023.<\/p>\n","protected":false},"excerpt":{"rendered":"<p>La rappresentanza guidata dal presidente Giani ha incontrato la portavoce Pelosi e l&#8217;ambasciatrice a Washington aspettando l&#8217;assegnazione della \u2018Regione d\u2019onore 2022&#8242;<\/p>\n","protected":false},"author":525,"featured_media":255498,"comment_status":"open","ping_status":"open","sticky":false,"template":"","format":"standard","meta":{"_acf_changed":false,"footnotes":""},"categories":[494],"tags":[4760,158,4969],"class_list":["post-255488","post","type-post","status-publish","format-standard","has-post-thumbnail","hentry","category-attualita","tag-antonio-mazzeo","tag-eugenio-giani","tag-stati-uniti"],"acf":[],"yoast_head":"<!-- This site is optimized with the Yoast SEO Premium plugin v24.2 (Yoast SEO v25.6) - https:\/\/yoast.com\/wordpress\/plugins\/seo\/ -->\n<title>La Toscana negli Usa, l&#039;incontro alla Camera con Nancy Pelosi - intoscana<\/title>\n<meta name=\"description\" content=\"La rappresentanza guidata dal presidente Giani ha incontrato la portavoce Pelosi e l&#039;ambasciatrice italiana aspettando la Regione d\u2019onore\" \/>\n<meta name=\"robots\" content=\"index, follow, max-snippet:-1, max-image-preview:large, max-video-preview:-1\" \/>\n<link rel=\"canonical\" href=\"https:\/\/www.intoscana.it\/it\/toscana-usa-nancy-pelosi-giani-mazzeo\/\" \/>\n<meta property=\"og:locale\" content=\"it_IT\" \/>\n<meta property=\"og:type\" content=\"article\" \/>\n<meta property=\"og:title\" content=\"La delegazione toscana negli Usa, l&#039;incontro alla Camera e in Campidoglio\" \/>\n<meta property=\"og:description\" content=\"La rappresentanza guidata dal presidente Giani ha incontrato la portavoce Pelosi e l&#039;ambasciatrice italiana aspettando la Regione d\u2019onore\" \/>\n<meta property=\"og:url\" content=\"https:\/\/www.intoscana.it\/it\/toscana-usa-nancy-pelosi-giani-mazzeo\/\" \/>\n<meta property=\"og:site_name\" content=\"intoscana\" \/>\n<meta property=\"article:publisher\" content=\"https:\/\/www.facebook.com\/intoscana.it\" \/>\n<meta property=\"article:published_time\" content=\"2022-10-29T08:38:26+00:00\" \/>\n<meta property=\"article:modified_time\" content=\"2022-10-31T08:41:34+00:00\" \/>\n<meta property=\"og:image\" content=\"https:\/\/www.intoscana.it\/wp-content\/uploads\/313397427_671603714332330_523235330729121091_n-e1667033310249.jpg\" \/>\n\t<meta property=\"og:image:width\" content=\"1133\" \/>\n\t<meta property=\"og:image:height\" content=\"768\" \/>\n\t<meta property=\"og:image:type\" content=\"image\/jpeg\" \/>\n<meta name=\"author\" content=\"Redazione\" \/>\n<meta name=\"twitter:card\" content=\"summary_large_image\" \/>\n<meta name=\"twitter:creator\" content=\"@intoscana\" \/>\n<meta name=\"twitter:site\" content=\"@intoscana\" \/>\n<meta name=\"twitter:label1\" content=\"Written by\" \/>\n\t<meta name=\"twitter:data1\" content=\"Redazione\" \/>\n\t<meta name=\"twitter:label2\" content=\"Est. reading time\" \/>\n\t<meta name=\"twitter:data2\" content=\"4 minuti\" \/>\n<script type=\"application\/ld+json\" class=\"yoast-schema-graph\">{\"@context\":\"https:\/\/schema.org\",\"@graph\":[{\"@type\":\"WebPage\",\"@id\":\"https:\/\/www.intoscana.it\/it\/toscana-usa-nancy-pelosi-giani-mazzeo\/\",\"url\":\"https:\/\/www.intoscana.it\/it\/toscana-usa-nancy-pelosi-giani-mazzeo\/\",\"name\":\"La Toscana negli Usa, l'incontro alla Camera con Nancy Pelosi - intoscana\",\"isPartOf\":{\"@id\":\"https:\/\/www.intoscana.it\/it\/#website\"},\"primaryImageOfPage\":{\"@id\":\"https:\/\/www.intoscana.it\/it\/toscana-usa-nancy-pelosi-giani-mazzeo\/#primaryimage\"},\"image\":{\"@id\":\"https:\/\/www.intoscana.it\/it\/toscana-usa-nancy-pelosi-giani-mazzeo\/#primaryimage\"},\"thumbnailUrl\":\"https:\/\/www.intoscana.it\/wp-content\/uploads\/313397427_671603714332330_523235330729121091_n-e1667033310249.jpg\",\"datePublished\":\"2022-10-29T08:38:26+00:00\",\"dateModified\":\"2022-10-31T08:41:34+00:00\",\"author\":{\"@id\":\"https:\/\/www.intoscana.it\/it\/#\/schema\/person\/9223810753230f20bd670fdd322661f8\"},\"description\":\"La rappresentanza guidata dal presidente Giani ha incontrato la portavoce Pelosi e l'ambasciatrice italiana aspettando la Regione d\u2019onore\",\"breadcrumb\":{\"@id\":\"https:\/\/www.intoscana.it\/it\/toscana-usa-nancy-pelosi-giani-mazzeo\/#breadcrumb\"},\"inLanguage\":\"it-IT\",\"potentialAction\":[{\"@type\":\"ReadAction\",\"target\":[\"https:\/\/www.intoscana.it\/it\/toscana-usa-nancy-pelosi-giani-mazzeo\/\"]}]},{\"@type\":\"ImageObject\",\"inLanguage\":\"it-IT\",\"@id\":\"https:\/\/www.intoscana.it\/it\/toscana-usa-nancy-pelosi-giani-mazzeo\/#primaryimage\",\"url\":\"https:\/\/www.intoscana.it\/wp-content\/uploads\/313397427_671603714332330_523235330729121091_n-e1667033310249.jpg\",\"contentUrl\":\"https:\/\/www.intoscana.it\/wp-content\/uploads\/313397427_671603714332330_523235330729121091_n-e1667033310249.jpg\",\"width\":1133,\"height\":768,\"caption\":\"La delegazione toscana negli Stati Uniti guidata da Eugenio Giani\"},{\"@type\":\"BreadcrumbList\",\"@id\":\"https:\/\/www.intoscana.it\/it\/toscana-usa-nancy-pelosi-giani-mazzeo\/#breadcrumb\",\"itemListElement\":[{\"@type\":\"ListItem\",\"position\":1,\"name\":\"Home\",\"item\":\"https:\/\/www.intoscana.it\/it\/\"},{\"@type\":\"ListItem\",\"position\":2,\"name\":\"La delegazione toscana negli Usa, l&#8217;incontro alla Camera e in Campidoglio\"}]},{\"@type\":\"WebSite\",\"@id\":\"https:\/\/www.intoscana.it\/it\/#website\",\"url\":\"https:\/\/www.intoscana.it\/it\/\",\"name\":\"intoscana\",\"description\":\"\",\"potentialAction\":[{\"@type\":\"SearchAction\",\"target\":{\"@type\":\"EntryPoint\",\"urlTemplate\":\"https:\/\/www.intoscana.it\/it\/?s={search_term_string}\"},\"query-input\":{\"@type\":\"PropertyValueSpecification\",\"valueRequired\":true,\"valueName\":\"search_term_string\"}}],\"inLanguage\":\"it-IT\"},{\"@type\":\"Person\",\"@id\":\"https:\/\/www.intoscana.it\/it\/#\/schema\/person\/9223810753230f20bd670fdd322661f8\",\"name\":\"Redazione\",\"url\":\"https:\/\/www.intoscana.it\/it\/author\/redazione\/\"}]}<\/script>\n<!-- \/ Yoast SEO Premium plugin. -->","yoast_head_json":{"title":"La Toscana negli Usa, l'incontro alla Camera con Nancy Pelosi - intoscana","description":"La rappresentanza guidata dal presidente Giani ha incontrato la portavoce Pelosi e l'ambasciatrice italiana aspettando la Regione d\u2019onore","robots":{"index":"index","follow":"follow","max-snippet":"max-snippet:-1","max-image-preview":"max-image-preview:large","max-video-preview":"max-video-preview:-1"},"canonical":"https:\/\/www.intoscana.it\/it\/toscana-usa-nancy-pelosi-giani-mazzeo\/","og_locale":"it_IT","og_type":"article","og_title":"La delegazione toscana negli Usa, l'incontro alla Camera e in Campidoglio","og_description":"La rappresentanza guidata dal presidente Giani ha incontrato la portavoce Pelosi e l'ambasciatrice italiana aspettando la Regione d\u2019onore","og_url":"https:\/\/www.intoscana.it\/it\/toscana-usa-nancy-pelosi-giani-mazzeo\/","og_site_name":"intoscana","article_publisher":"https:\/\/www.facebook.com\/intoscana.it","article_published_time":"2022-10-29T08:38:26+00:00","article_modified_time":"2022-10-31T08:41:34+00:00","og_image":[{"width":1133,"height":768,"url":"https:\/\/www.intoscana.it\/wp-content\/uploads\/313397427_671603714332330_523235330729121091_n-e1667033310249.jpg","type":"image\/jpeg"}],"author":"Redazione","twitter_card":"summary_large_image","twitter_creator":"@intoscana","twitter_site":"@intoscana","twitter_misc":{"Written by":"Redazione","Est. reading time":"4 minuti"},"schema":{"@context":"https:\/\/schema.org","@graph":[{"@type":"WebPage","@id":"https:\/\/www.intoscana.it\/it\/toscana-usa-nancy-pelosi-giani-mazzeo\/","url":"https:\/\/www.intoscana.it\/it\/toscana-usa-nancy-pelosi-giani-mazzeo\/","name":"La Toscana negli Usa, l'incontro alla Camera con Nancy Pelosi - intoscana","isPartOf":{"@id":"https:\/\/www.intoscana.it\/it\/#website"},"primaryImageOfPage":{"@id":"https:\/\/www.intoscana.it\/it\/toscana-usa-nancy-pelosi-giani-mazzeo\/#primaryimage"},"image":{"@id":"https:\/\/www.intoscana.it\/it\/toscana-usa-nancy-pelosi-giani-mazzeo\/#primaryimage"},"thumbnailUrl":"https:\/\/www.intoscana.it\/wp-content\/uploads\/313397427_671603714332330_523235330729121091_n-e1667033310249.jpg","datePublished":"2022-10-29T08:38:26+00:00","dateModified":"2022-10-31T08:41:34+00:00","author":{"@id":"https:\/\/www.intoscana.it\/it\/#\/schema\/person\/9223810753230f20bd670fdd322661f8"},"description":"La rappresentanza guidata dal presidente Giani ha incontrato la portavoce Pelosi e l'ambasciatrice italiana aspettando la Regione d\u2019onore","breadcrumb":{"@id":"https:\/\/www.intoscana.it\/it\/toscana-usa-nancy-pelosi-giani-mazzeo\/#breadcrumb"},"inLanguage":"it-IT","potentialAction":[{"@type":"ReadAction","target":["https:\/\/www.intoscana.it\/it\/toscana-usa-nancy-pelosi-giani-mazzeo\/"]}]},{"@type":"ImageObject","inLanguage":"it-IT","@id":"https:\/\/www.intoscana.it\/it\/toscana-usa-nancy-pelosi-giani-mazzeo\/#primaryimage","url":"https:\/\/www.intoscana.it\/wp-content\/uploads\/313397427_671603714332330_523235330729121091_n-e1667033310249.jpg","contentUrl":"https:\/\/www.intoscana.it\/wp-content\/uploads\/313397427_671603714332330_523235330729121091_n-e1667033310249.jpg","width":1133,"height":768,"caption":"La delegazione toscana negli Stati Uniti guidata da Eugenio Giani"},{"@type":"BreadcrumbList","@id":"https:\/\/www.intoscana.it\/it\/toscana-usa-nancy-pelosi-giani-mazzeo\/#breadcrumb","itemListElement":[{"@type":"ListItem","position":1,"name":"Home","item":"https:\/\/www.intoscana.it\/it\/"},{"@type":"ListItem","position":2,"name":"La delegazione toscana negli Usa, l&#8217;incontro alla Camera e in Campidoglio"}]},{"@type":"WebSite","@id":"https:\/\/www.intoscana.it\/it\/#website","url":"https:\/\/www.intoscana.it\/it\/","name":"intoscana","description":"","potentialAction":[{"@type":"SearchAction","target":{"@type":"EntryPoint","urlTemplate":"https:\/\/www.intoscana.it\/it\/?s={search_term_string}"},"query-input":{"@type":"PropertyValueSpecification","valueRequired":true,"valueName":"search_term_string"}}],"inLanguage":"it-IT"},{"@type":"Person","@id":"https:\/\/www.intoscana.it\/it\/#\/schema\/person\/9223810753230f20bd670fdd322661f8","name":"Redazione","url":"https:\/\/www.intoscana.it\/it\/author\/redazione\/"}]}},"_links":{"self":[{"href":"https:\/\/www.intoscana.it\/it\/wp-json\/wp\/v2\/posts\/255488","targetHints":{"allow":["GET"]}}],"collection":[{"href":"https:\/\/www.intoscana.it\/it\/wp-json\/wp\/v2\/posts"}],"about":[{"href":"https:\/\/www.intoscana.it\/it\/wp-json\/wp\/v2\/types\/post"}],"author":[{"embeddable":true,"href":"https:\/\/www.intoscana.it\/it\/wp-json\/wp\/v2\/users\/525"}],"replies":[{"embeddable":true,"href":"https:\/\/www.intoscana.it\/it\/wp-json\/wp\/v2\/comments?post=255488"}],"version-history":[{"count":0,"href":"https:\/\/www.intoscana.it\/it\/wp-json\/wp\/v2\/posts\/255488\/revisions"}],"wp:featuredmedia":[{"embeddable":true,"href":"https:\/\/www.intoscana.it\/it\/wp-json\/wp\/v2\/media\/255498"}],"wp:attachment":[{"href":"https:\/\/www.intoscana.it\/it\/wp-json\/wp\/v2\/media?parent=255488"}],"wp:term":[{"taxonomy":"category","embeddable":true,"href":"https:\/\/www.intoscana.it\/it\/wp-json\/wp\/v2\/categories?post=255488"},{"taxonomy":"post_tag","embeddable":true,"href":"https:\/\/www.intoscana.it\/it\/wp-json\/wp\/v2\/tags?post=255488"}],"curies":[{"name":"wp","href":"https:\/\/api.w.org\/{rel}","templated":true}]}}