{"id":255570,"date":"2022-10-29T18:11:17","date_gmt":"2022-10-29T16:11:17","guid":{"rendered":"https:\/\/www.intoscana.it\/it\/?p=255570"},"modified":"2022-10-30T15:37:28","modified_gmt":"2022-10-30T14:37:28","slug":"lucca-comics-il-gran-giorno-del-signore-degli-anelli-e-di-assassins-creed","status":"publish","type":"post","link":"https:\/\/www.intoscana.it\/it\/lucca-comics-il-gran-giorno-del-signore-degli-anelli-e-di-assassins-creed\/","title":{"rendered":"Lucca Comics &#038; Games, il gran giorno del Signore degli Anelli e di Assassin\u2019s Creed"},"content":{"rendered":"<p>Il terzo giorno di <strong>Lucca Comics &amp; Games<\/strong> si apre all\u2019insegna de <strong>Il Signore degli Anelli<\/strong>: Gli Anelli del Potere. Area Movie, a cura di QMI, porta sul palco del <strong>Teatro del Giglio<\/strong> alle 11 i protagonisti della serie Prime Video, Cynthia Addai-Robinson, Ismael Cruz Cordova e Sophia Nomvete. Per loro prima del panel si stender\u00e0 il Community Carpet, <strong>il red carpet<\/strong> di Lucca Comics &amp; Games, primo festival nel suo genere ad avere un tappeto rosso dove il pubblico \u00e8 assoluto protagonista. Gli episodi 1 e 2, per la prima volta su grande schermo saranno poi proiettati al <strong>Cinema Astra<\/strong> alle ore 14.<\/p>\n<p>Sbarcano a Lucca anche le serie targate <strong>LucasFilm<\/strong> e domani sar\u00e0 la volta di <strong>Andor<\/strong>, disponibile su Disney+. Alle 18 al Cinema Astra la protagonista Denise Gough (Dedra Meero) incontrer\u00e0 i fan e introdurr\u00e0 la serie. L\u2019evento sar\u00e0 trasmesso anche in live streaming sui canali Twitch e YouTube del festival.<\/p>\n<figure id=\"post-92779 media-92779\" class=\"align-none\"><img decoding=\"async\" src=\"https:\/\/www.intoscana.it\/wp-content\/uploads\/manara-1.jpg\" alt=\"\" \/><\/figure>\n<div class=\"titleimg\">Milo Manara a Lucca Comics<\/div>\n<p>Sul fronte fumetti nella Chiesa San Giovanni alle ore 10 <strong>Arnaud Dollen e J\u00e9r\u00f4me Alqui\u00e9<\/strong> (autori dello spin-off ufficiale, Saint Seiya \u2013 Time Odyssey), discuteranno di <strong>Saint Seiya \u2013 I Cavalieri dello Zodiaco,<\/strong> una delle opere che hanno fatto la storia del fumetto e dell&#8217;animazione giapponese non soltanto in Italia, toccando e ispirando pi\u00f9 di una generazione.<\/p>\n<p>A seguire un appuntamento imperdibile per tutti i trentenni, il panel <strong>Sopravvivere ai trent\u2019anni<\/strong>, alle 10.30 alla Chiesa di San Giovanni, dove Fumettibrutti, il Baffo e Quasirosso discuteranno di fumetto e non solo, anticipando un nuovo progetto che li coinvolger\u00e0. Nella stessa location alle 15.30 <strong>il maestro Milo Manara<\/strong> racconta la sua vita nella nona arte, tra fonti di ispirazione, viaggi sentimentali e progetti a venire.<\/p>\n<figure id=\"post-100266 media-100266\" class=\"align-none\"><img decoding=\"async\" src=\"https:\/\/www.intoscana.it\/wp-content\/uploads\/061cc0e131cd0f4b4954b1fe612ad322.jpg\" alt=\"\" \/><\/figure>\n<div class=\"titleimg\">uomo ragno<\/div>\n<p>Alle 15 in Sala Tobino sar\u00e0 il momento dello <strong>showcase di Gary Frank<\/strong>. Il disegnatore di Doomsday Clock e interprete di Batman disegna dal vivo e racconta i suoi nuovi progetti: Eddie a tutto gas e Geiger. Non si fermano le celebrazioni per <strong>i 60 anni dell\u2019Uomo Ragno<\/strong>, alle 16.30 nella Chiesa di San Girolamo con Dal passato di Spider-Man al futuro dell&#8217;intero Marvel Universe! si celebra il glorioso passato della Casa delle Idee e le sorprese che ci riserva il futuro insieme al veterano John Romita Jr. (tra i pi\u00f9 rappresentativi disegnatori di Spider-Man di sempre), l&#8217;editor-in-chief di Marvel C.B. Cebulski e il direttore editoriale di Marvel Italia Panini Comics Marco M. Lupoi.<\/p>\n<p>Compie 60 anni anche <strong>il primo numero di Diabolik<\/strong>: Diabolik il Re del Terrore colpisce ancora. Per celebrarlo, il Re del Terrore diventa protagonista di una serie audio nell\u2019Audible Original Diabolik e alle 21, nella Chiesa di San Francesco, <strong>le tre voci di Diabolik<\/strong> (Francesco Venditti), Eva (Myriam Catania) e Ginko (Claudio Moneta), con le colonne sonore del Quintetto Lucensis, danno vita a una performace di musiche e lettura ad alta voce. Sul palco anche lo storico fumettista di Diabolik, <strong>Giuseppe Palumbo<\/strong> che accompagna la performance con i suoi disegni dal vivo.<\/p>\n<p>Da Clerville si vola in Giappone con <strong>Norihiro Yagi<\/strong>. Alle 17.30 \u2013 Chiesa San Giovanni &#8211; l&#8217;autore di Ariadne in The Blue Sky e Claymore incontra un selezionato numero di fan. Ricordiamo che l\u2019evento a prenotazione presso il padiglione Star Comics e sar\u00e0 obbligatorio l&#8217;uso della mascherina.<\/p>\n<p>Alle 15 all\u2019auditorium San Girolamo Kristoff, Laini Taylor, Licia Troisi, Megi Bulla, Valentina Ghetti si chiederanno cosa accomuni<strong> la Fantasy<\/strong> americana, australiana e italiana, pronti a scambiarsi idee, consigli e i segreti del mestiere.<\/p>\n<p>Per i pi\u00f9 piccoli, che come ogni anno entrano gratis a Lucca Comics &amp; Games fino al compimento dei 10 anni, a partire dalle ore 15, all\u2019Auditorium Suffragio, ci sar\u00e0 l\u2019attesa <strong>Yoyo Parade<\/strong>, con i personaggi pi\u00f9 amati di Rai Yoyo. Sfileranno <mark>i Puffi, Masha e Orso, Topo Tip, Bing, Bluey, Lampadino e Caramella, Pinocchio &amp; Freeda, Nina &amp; Olga<\/mark>.<\/p>\n<p>Nella giornata di domenica tante le attivit\u00e0 anche per gli appassionati di videogioco. Si parte con il raduno e la sfilata di<strong> Assassin\u2019s Creed<\/strong>, in partenza da Piazza San Michele alle 11, l\u2019occasione ideale per festeggiare i 15 anni della saga Ubisoft, che sar\u00e0 protagonista anche nel pomeriggio, dove a partire dalle 14 al Baluardo San Salvatore si svolger\u00e0 l\u2019evento ufficiale di <strong>Crowd Art AC<\/strong> \u2013 Un salto nella Storia.<\/p>\n<p>Alle 16:30, nella suggestiva cornice del Teatro del Giglio, il panel <strong>Il genio di Yoshitaka Amano<\/strong> dedicato a uno degli artisti pi\u00f9 importanti di questa edizione, dove si racconteranno vita e carriera di un illustratore leggendario come <strong>Amano Yoshitaka Sensei<\/strong>, creatore di alcune indimenticabili opere d\u2019arte legate all\u2019universo di Final Fantasy.<\/p>\n<p>Tanto gaming come sempre, con le fasi finali del <mark>Circuito Tormenta di League of Legends<\/mark> con il torneo Baron: Lucca Comics &amp; Games alla Esport Cathedral, oltre all\u2019imperdibile League of Legends Night, dove sul palco della Music &amp; Comics Arena a partire dalle 21 si svolger\u00e0 un grande evento organizzato da Riot Games in occasione delle semifinali dei Worlds di LoL. <strong>DJ set di Manuelito \/ Hell Raton<\/strong>, produttore discografico e co-fondatore dell\u2019etichetta Machete Empire Records, seguito dal concerto di <strong>Nitro<\/strong>, uno degli artisti pi\u00f9 importanti e apprezzati della scena hip hop nazionale. Dopo lo spettacolo, sar\u00e0 possibile assistere alle semifinali dei <strong>Worlds di LoL<\/strong>, fase clou della competizione che unisce musica ed esport in modo unico, in un Viewing Party Ufficiale che andr\u00e0 avanti fino a tarda notte.<\/p>\n<figure id=\"post-159635 media-159635\" class=\"align-none\"><img decoding=\"async\" src=\"https:\/\/www.intoscana.it\/wp-content\/uploads\/diego-armando-maradona.png\" alt=\"\" \/><\/figure>\n<div class=\"titleimg\">Diego Armando Maradona &#8211; \u00a9 Instagram Eugenio Giani<\/div>\n<p>C\u2019\u00e8 spazio anche per lo sport non virtuale a Lucca Comics &amp; Games. Il 30 settembre nasceva <strong>Diego Armando Maradona<\/strong>, il pibe de oro argentino che ha fatto sognare tutto il mondo e Lucca Comics &amp; Games, con la collaborazione dell\u2019Ambasciata d\u2019Argentina in Italia, nella sala Tobino alle 12 vuole celebrare il fantasista con un evento dedicato, insieme a <strong>Rep<\/strong>, celebre illustratore satirico argentino che ha realizzato <strong>la graphic novel Maradona<\/strong>, nacido para molestar dedicata proprio al campione che ne celebra le gesta sportive.<\/p>\n","protected":false},"excerpt":{"rendered":"<p>Saranno presentate la graphic novel dedicata a Maradona e le nuove serie targate LucasFilm, l&#8217;incontro con Milo Manara e la festa per i 60 anni dell&#8217;Uomo Ragno<\/p>\n","protected":false},"author":525,"featured_media":255606,"comment_status":"open","ping_status":"open","sticky":false,"template":"","format":"standard","meta":{"_acf_changed":false,"footnotes":""},"categories":[494],"tags":[4539],"class_list":["post-255570","post","type-post","status-publish","format-standard","has-post-thumbnail","hentry","category-attualita","tag-lucca-comics"],"acf":[],"yoast_head":"<!-- This site is optimized with the Yoast SEO Premium plugin v24.2 (Yoast SEO v25.6) - https:\/\/yoast.com\/wordpress\/plugins\/seo\/ -->\n<title>Lucca Comics &amp; Games, il gran giorno del Signore degli Anelli e di Assassin\u2019s Creed - intoscana<\/title>\n<meta name=\"description\" content=\"Saranno presentate la graphic novel dedicata a Maradona e le nuove serie targate LucasFilm, l&#039;incontro con Manara e i 60 anni di Uomo Ragno\" \/>\n<meta name=\"robots\" content=\"index, follow, max-snippet:-1, max-image-preview:large, max-video-preview:-1\" \/>\n<link rel=\"canonical\" href=\"https:\/\/www.intoscana.it\/it\/lucca-comics-il-gran-giorno-del-signore-degli-anelli-e-di-assassins-creed\/\" \/>\n<meta property=\"og:locale\" content=\"it_IT\" \/>\n<meta property=\"og:type\" content=\"article\" \/>\n<meta property=\"og:title\" content=\"Lucca Comics &amp; Games, il gran giorno del Signore degli Anelli e di Assassin\u2019s Creed\" \/>\n<meta property=\"og:description\" content=\"Saranno presentate la graphic novel dedicata a Maradona e le nuove serie targate LucasFilm, l&#039;incontro con Manara e i 60 anni di Uomo Ragno\" \/>\n<meta property=\"og:url\" content=\"https:\/\/www.intoscana.it\/it\/lucca-comics-il-gran-giorno-del-signore-degli-anelli-e-di-assassins-creed\/\" \/>\n<meta property=\"og:site_name\" content=\"intoscana\" \/>\n<meta property=\"article:publisher\" content=\"https:\/\/www.facebook.com\/intoscana.it\" \/>\n<meta property=\"article:published_time\" content=\"2022-10-29T16:11:17+00:00\" \/>\n<meta property=\"article:modified_time\" content=\"2022-10-30T14:37:28+00:00\" \/>\n<meta property=\"og:image\" content=\"https:\/\/www.intoscana.it\/wp-content\/uploads\/parata-Assassins-Creed-1.jpg\" \/>\n\t<meta property=\"og:image:width\" content=\"1400\" \/>\n\t<meta property=\"og:image:height\" content=\"934\" \/>\n\t<meta property=\"og:image:type\" content=\"image\/jpeg\" \/>\n<meta name=\"author\" content=\"Redazione\" \/>\n<meta name=\"twitter:card\" content=\"summary_large_image\" \/>\n<meta name=\"twitter:creator\" content=\"@intoscana\" \/>\n<meta name=\"twitter:site\" content=\"@intoscana\" \/>\n<meta name=\"twitter:label1\" content=\"Written by\" \/>\n\t<meta name=\"twitter:data1\" content=\"Redazione\" \/>\n\t<meta name=\"twitter:label2\" content=\"Est. reading time\" \/>\n\t<meta name=\"twitter:data2\" content=\"5 minuti\" \/>\n<script type=\"application\/ld+json\" class=\"yoast-schema-graph\">{\"@context\":\"https:\/\/schema.org\",\"@graph\":[{\"@type\":\"WebPage\",\"@id\":\"https:\/\/www.intoscana.it\/it\/lucca-comics-il-gran-giorno-del-signore-degli-anelli-e-di-assassins-creed\/\",\"url\":\"https:\/\/www.intoscana.it\/it\/lucca-comics-il-gran-giorno-del-signore-degli-anelli-e-di-assassins-creed\/\",\"name\":\"Lucca Comics & Games, il gran giorno del Signore degli Anelli e di Assassin\u2019s Creed - intoscana\",\"isPartOf\":{\"@id\":\"https:\/\/www.intoscana.it\/it\/#website\"},\"primaryImageOfPage\":{\"@id\":\"https:\/\/www.intoscana.it\/it\/lucca-comics-il-gran-giorno-del-signore-degli-anelli-e-di-assassins-creed\/#primaryimage\"},\"image\":{\"@id\":\"https:\/\/www.intoscana.it\/it\/lucca-comics-il-gran-giorno-del-signore-degli-anelli-e-di-assassins-creed\/#primaryimage\"},\"thumbnailUrl\":\"https:\/\/www.intoscana.it\/wp-content\/uploads\/parata-Assassins-Creed-1.jpg\",\"datePublished\":\"2022-10-29T16:11:17+00:00\",\"dateModified\":\"2022-10-30T14:37:28+00:00\",\"author\":{\"@id\":\"https:\/\/www.intoscana.it\/it\/#\/schema\/person\/9223810753230f20bd670fdd322661f8\"},\"description\":\"Saranno presentate la graphic novel dedicata a Maradona e le nuove serie targate LucasFilm, l'incontro con Manara e i 60 anni di Uomo Ragno\",\"breadcrumb\":{\"@id\":\"https:\/\/www.intoscana.it\/it\/lucca-comics-il-gran-giorno-del-signore-degli-anelli-e-di-assassins-creed\/#breadcrumb\"},\"inLanguage\":\"it-IT\",\"potentialAction\":[{\"@type\":\"ReadAction\",\"target\":[\"https:\/\/www.intoscana.it\/it\/lucca-comics-il-gran-giorno-del-signore-degli-anelli-e-di-assassins-creed\/\"]}]},{\"@type\":\"ImageObject\",\"inLanguage\":\"it-IT\",\"@id\":\"https:\/\/www.intoscana.it\/it\/lucca-comics-il-gran-giorno-del-signore-degli-anelli-e-di-assassins-creed\/#primaryimage\",\"url\":\"https:\/\/www.intoscana.it\/wp-content\/uploads\/parata-Assassins-Creed-1.jpg\",\"contentUrl\":\"https:\/\/www.intoscana.it\/wp-content\/uploads\/parata-Assassins-Creed-1.jpg\",\"width\":1400,\"height\":934},{\"@type\":\"BreadcrumbList\",\"@id\":\"https:\/\/www.intoscana.it\/it\/lucca-comics-il-gran-giorno-del-signore-degli-anelli-e-di-assassins-creed\/#breadcrumb\",\"itemListElement\":[{\"@type\":\"ListItem\",\"position\":1,\"name\":\"Home\",\"item\":\"https:\/\/www.intoscana.it\/it\/\"},{\"@type\":\"ListItem\",\"position\":2,\"name\":\"Lucca Comics &#038; Games, il gran giorno del Signore degli Anelli e di Assassin\u2019s Creed\"}]},{\"@type\":\"WebSite\",\"@id\":\"https:\/\/www.intoscana.it\/it\/#website\",\"url\":\"https:\/\/www.intoscana.it\/it\/\",\"name\":\"intoscana\",\"description\":\"\",\"potentialAction\":[{\"@type\":\"SearchAction\",\"target\":{\"@type\":\"EntryPoint\",\"urlTemplate\":\"https:\/\/www.intoscana.it\/it\/?s={search_term_string}\"},\"query-input\":{\"@type\":\"PropertyValueSpecification\",\"valueRequired\":true,\"valueName\":\"search_term_string\"}}],\"inLanguage\":\"it-IT\"},{\"@type\":\"Person\",\"@id\":\"https:\/\/www.intoscana.it\/it\/#\/schema\/person\/9223810753230f20bd670fdd322661f8\",\"name\":\"Redazione\",\"url\":\"https:\/\/www.intoscana.it\/it\/author\/redazione\/\"}]}<\/script>\n<!-- \/ Yoast SEO Premium plugin. -->","yoast_head_json":{"title":"Lucca Comics & Games, il gran giorno del Signore degli Anelli e di Assassin\u2019s Creed - intoscana","description":"Saranno presentate la graphic novel dedicata a Maradona e le nuove serie targate LucasFilm, l'incontro con Manara e i 60 anni di Uomo Ragno","robots":{"index":"index","follow":"follow","max-snippet":"max-snippet:-1","max-image-preview":"max-image-preview:large","max-video-preview":"max-video-preview:-1"},"canonical":"https:\/\/www.intoscana.it\/it\/lucca-comics-il-gran-giorno-del-signore-degli-anelli-e-di-assassins-creed\/","og_locale":"it_IT","og_type":"article","og_title":"Lucca Comics & Games, il gran giorno del Signore degli Anelli e di Assassin\u2019s Creed","og_description":"Saranno presentate la graphic novel dedicata a Maradona e le nuove serie targate LucasFilm, l'incontro con Manara e i 60 anni di Uomo Ragno","og_url":"https:\/\/www.intoscana.it\/it\/lucca-comics-il-gran-giorno-del-signore-degli-anelli-e-di-assassins-creed\/","og_site_name":"intoscana","article_publisher":"https:\/\/www.facebook.com\/intoscana.it","article_published_time":"2022-10-29T16:11:17+00:00","article_modified_time":"2022-10-30T14:37:28+00:00","og_image":[{"width":1400,"height":934,"url":"https:\/\/www.intoscana.it\/wp-content\/uploads\/parata-Assassins-Creed-1.jpg","type":"image\/jpeg"}],"author":"Redazione","twitter_card":"summary_large_image","twitter_creator":"@intoscana","twitter_site":"@intoscana","twitter_misc":{"Written by":"Redazione","Est. reading time":"5 minuti"},"schema":{"@context":"https:\/\/schema.org","@graph":[{"@type":"WebPage","@id":"https:\/\/www.intoscana.it\/it\/lucca-comics-il-gran-giorno-del-signore-degli-anelli-e-di-assassins-creed\/","url":"https:\/\/www.intoscana.it\/it\/lucca-comics-il-gran-giorno-del-signore-degli-anelli-e-di-assassins-creed\/","name":"Lucca Comics & Games, il gran giorno del Signore degli Anelli e di Assassin\u2019s Creed - intoscana","isPartOf":{"@id":"https:\/\/www.intoscana.it\/it\/#website"},"primaryImageOfPage":{"@id":"https:\/\/www.intoscana.it\/it\/lucca-comics-il-gran-giorno-del-signore-degli-anelli-e-di-assassins-creed\/#primaryimage"},"image":{"@id":"https:\/\/www.intoscana.it\/it\/lucca-comics-il-gran-giorno-del-signore-degli-anelli-e-di-assassins-creed\/#primaryimage"},"thumbnailUrl":"https:\/\/www.intoscana.it\/wp-content\/uploads\/parata-Assassins-Creed-1.jpg","datePublished":"2022-10-29T16:11:17+00:00","dateModified":"2022-10-30T14:37:28+00:00","author":{"@id":"https:\/\/www.intoscana.it\/it\/#\/schema\/person\/9223810753230f20bd670fdd322661f8"},"description":"Saranno presentate la graphic novel dedicata a Maradona e le nuove serie targate LucasFilm, l'incontro con Manara e i 60 anni di Uomo Ragno","breadcrumb":{"@id":"https:\/\/www.intoscana.it\/it\/lucca-comics-il-gran-giorno-del-signore-degli-anelli-e-di-assassins-creed\/#breadcrumb"},"inLanguage":"it-IT","potentialAction":[{"@type":"ReadAction","target":["https:\/\/www.intoscana.it\/it\/lucca-comics-il-gran-giorno-del-signore-degli-anelli-e-di-assassins-creed\/"]}]},{"@type":"ImageObject","inLanguage":"it-IT","@id":"https:\/\/www.intoscana.it\/it\/lucca-comics-il-gran-giorno-del-signore-degli-anelli-e-di-assassins-creed\/#primaryimage","url":"https:\/\/www.intoscana.it\/wp-content\/uploads\/parata-Assassins-Creed-1.jpg","contentUrl":"https:\/\/www.intoscana.it\/wp-content\/uploads\/parata-Assassins-Creed-1.jpg","width":1400,"height":934},{"@type":"BreadcrumbList","@id":"https:\/\/www.intoscana.it\/it\/lucca-comics-il-gran-giorno-del-signore-degli-anelli-e-di-assassins-creed\/#breadcrumb","itemListElement":[{"@type":"ListItem","position":1,"name":"Home","item":"https:\/\/www.intoscana.it\/it\/"},{"@type":"ListItem","position":2,"name":"Lucca Comics &#038; Games, il gran giorno del Signore degli Anelli e di Assassin\u2019s Creed"}]},{"@type":"WebSite","@id":"https:\/\/www.intoscana.it\/it\/#website","url":"https:\/\/www.intoscana.it\/it\/","name":"intoscana","description":"","potentialAction":[{"@type":"SearchAction","target":{"@type":"EntryPoint","urlTemplate":"https:\/\/www.intoscana.it\/it\/?s={search_term_string}"},"query-input":{"@type":"PropertyValueSpecification","valueRequired":true,"valueName":"search_term_string"}}],"inLanguage":"it-IT"},{"@type":"Person","@id":"https:\/\/www.intoscana.it\/it\/#\/schema\/person\/9223810753230f20bd670fdd322661f8","name":"Redazione","url":"https:\/\/www.intoscana.it\/it\/author\/redazione\/"}]}},"_links":{"self":[{"href":"https:\/\/www.intoscana.it\/it\/wp-json\/wp\/v2\/posts\/255570","targetHints":{"allow":["GET"]}}],"collection":[{"href":"https:\/\/www.intoscana.it\/it\/wp-json\/wp\/v2\/posts"}],"about":[{"href":"https:\/\/www.intoscana.it\/it\/wp-json\/wp\/v2\/types\/post"}],"author":[{"embeddable":true,"href":"https:\/\/www.intoscana.it\/it\/wp-json\/wp\/v2\/users\/525"}],"replies":[{"embeddable":true,"href":"https:\/\/www.intoscana.it\/it\/wp-json\/wp\/v2\/comments?post=255570"}],"version-history":[{"count":0,"href":"https:\/\/www.intoscana.it\/it\/wp-json\/wp\/v2\/posts\/255570\/revisions"}],"wp:featuredmedia":[{"embeddable":true,"href":"https:\/\/www.intoscana.it\/it\/wp-json\/wp\/v2\/media\/255606"}],"wp:attachment":[{"href":"https:\/\/www.intoscana.it\/it\/wp-json\/wp\/v2\/media?parent=255570"}],"wp:term":[{"taxonomy":"category","embeddable":true,"href":"https:\/\/www.intoscana.it\/it\/wp-json\/wp\/v2\/categories?post=255570"},{"taxonomy":"post_tag","embeddable":true,"href":"https:\/\/www.intoscana.it\/it\/wp-json\/wp\/v2\/tags?post=255570"}],"curies":[{"name":"wp","href":"https:\/\/api.w.org\/{rel}","templated":true}]}}