{"id":255617,"date":"2022-10-30T17:45:29","date_gmt":"2022-10-30T16:45:29","guid":{"rendered":"https:\/\/www.intoscana.it\/it\/?p=255617"},"modified":"2022-11-04T18:45:55","modified_gmt":"2022-11-04T17:45:55","slug":"rapporti-italia-usa-il-premio-niaf-alla-toscana-regione-donore-2022","status":"publish","type":"post","link":"https:\/\/www.intoscana.it\/it\/rapporti-italia-usa-il-premio-niaf-alla-toscana-regione-donore-2022\/","title":{"rendered":"Rapporti Italia-Usa: il Premio Niaf alla Toscana &#8220;Regione d&#8217;onore 2022&#8221;"},"content":{"rendered":"<p>La missione a Washington della delegazione toscana, di cui fanno parte il presidente della Regione <strong>Eugenio Giani<\/strong>, il presidente del Consiglio Regionale\u00a0<strong>Antonio Mazzeo<\/strong> e il consigliere portavoce dell&#8217;opposizione <strong>Marco Landi<\/strong>, si \u00e8 conclusa. E&#8217; calato il sipario sulla trasferta dopo la partecipazione alla <strong>47\u00b0 serata di Gala della Niaf<\/strong> (<a href=\"https:\/\/www.niaf.org\/?gclid=Cj0KCQjwwfiaBhC7ARIsAGvcPe7iL3XOfFr0HfGS7LvYXPkt9fy93hWQXGVId1Y6RN91I3FlZSOvRh0aAjTIEALw_wcB\">National Italia America Foundation<\/a>),\u00a0\u00a0durante la quale alla Toscana \u00e8 stato conferito il riconoscimento \u2018<em>Regione d\u2019onore 2022<\/em>\u2019.<\/p>\n<p>Il presidente Giani \u00e8 intervenuto davanti all&#8217;assemblea ed ha ricambiato il dono consegnando al presidente della Niaf\u00a0<strong>Robert V. Allegrini<\/strong> e all&#8217;executive vice chairman\u00a0<strong>John F. Calvelli <\/strong>una statua in alabastro bianco di Volterra raffigurante <strong>il Pegaso<\/strong>, simbolo della Regione Toscana.<\/p>\n<p>La serata ha visto anche l&#8217;esibizione dei\u00a0<strong>bandierai degli Uffizi<\/strong> e la proiezione di <mark>un video promozionale dedicato alle bellezze ed alle peculiarit\u00e0 della Toscana<\/mark>.<\/p>\n<p>&#8220;<em>E&#8217; un grande onore ed \u00e8 motivo di orgoglio per la Toscana essere stata scelta come &#8216;Regione d&#8217;onore&#8217;<\/em> &#8211; ha detto Giani durante il suo intervento &#8211; <em>Ringrazio la Niaf per questo riconoscimento e per la straordinaria opportunit\u00e0 che ci \u00e8 stata data di costruire e rinsaldare, anche grazie ai contatti maturati in questi giorni. Relazioni che saranno utili in futuro per la nostra regione. La Toscana \u00e8 terra di bellezza, arte cultura, tradizioni, storia, la terra dove \u00e8 nato il Rinascimento, dove sono vissuti alcuni tra i pi\u00f9 grandi geni, artisti ed intellettuali della storia dell&#8217;Occidente. Il nostro legame con gli Usa \u00e8 pi\u00f9 vivo che mai e come testiomonianza di legame questo voglio ricordare il sacrificio dei soldati Usa, che hanno combattuto per liberare la nostra Toscana e l&#8217;Italia. Questo legame prezioso ed \u00e8 nostra inetenzione rafforzarlo sempre di pi\u00f9 oggi e in futuro<\/em>&#8220;.<\/p>\n<p>&#8220;<em>Grazie alla National Italia America Foundation per aver premiato la Toscana come Regione d&#8217;onore 2022<\/em> &#8211; aggiunge il presidente del Consiglio regionale <strong>Antonio Mazzeo<\/strong> &#8211; e<em> per averci dimostrato in questi giorni, una volta di pi\u00f9, con quanta attenzione gli Stati Uniti guardano alle opportunit\u00e0 offerte dal nostro territorio. Adesso lavoreremo tutti insieme per dare seguito alle relazioni strette durante gli incontri di questi giorni, a partire dai settori dell&#8217;innovazione, della ricerca e delle start up<\/em>&#8220;.<\/p>\n<p>&#8220;<em>Ringrazio la\u00a0Niaf<\/em> &#8211; dice inoltre <strong>Landi<\/strong> &#8211; <em>per l\u2019ospitalit\u00e0 e per l\u2019occasione di intervenire a Washington per una Toscana unita nel consolidamento e nello sviluppo delle relazioni culturali, storiche e politiche Italo-Americane. Sono orgoglioso dei nostri connazionali che negli USA dedicano un grande impegno per mantenere questo legame sempre pi\u00f9 stretto e incisivo<\/em>&#8220;.<\/p>\n","protected":false},"excerpt":{"rendered":"<p>Si \u00e8 conclusa la missione a Washington della delegazione regionale. Il presidente Giani: &#8220;Legame sempre pi\u00f9 forte tra i due territori&#8221;<\/p>\n","protected":false},"author":525,"featured_media":255618,"comment_status":"open","ping_status":"open","sticky":false,"template":"","format":"standard","meta":{"_acf_changed":false,"footnotes":""},"categories":[9],"tags":[4760,158,151,4969],"class_list":["post-255617","post","type-post","status-publish","format-standard","has-post-thumbnail","hentry","category-made-in-toscana","tag-antonio-mazzeo","tag-eugenio-giani","tag-regione-toscana","tag-stati-uniti"],"acf":[],"yoast_head":"<!-- This site is optimized with the Yoast SEO Premium plugin v24.2 (Yoast SEO v25.6) - https:\/\/yoast.com\/wordpress\/plugins\/seo\/ -->\n<title>Rapporti Italia-Usa: la Niaf premia la Toscana &#039;Regione d&#039;onore&#039; - intoscana<\/title>\n<meta name=\"description\" content=\"Si \u00e8 conclusa la missione a Washington della delegazione regionale. Il presidente Giani: &quot;Legame sempre pi\u00f9 forte tra i due territori&quot;\" \/>\n<meta name=\"robots\" content=\"index, follow, max-snippet:-1, max-image-preview:large, max-video-preview:-1\" \/>\n<link rel=\"canonical\" href=\"https:\/\/www.intoscana.it\/it\/rapporti-italia-usa-il-premio-niaf-alla-toscana-regione-donore-2022\/\" \/>\n<meta property=\"og:locale\" content=\"it_IT\" \/>\n<meta property=\"og:type\" content=\"article\" \/>\n<meta property=\"og:title\" content=\"Rapporti Italia-Usa: il Premio Niaf alla Toscana &quot;Regione d&#039;onore 2022&quot;\" \/>\n<meta property=\"og:description\" content=\"Si \u00e8 conclusa la missione a Washington della delegazione regionale. Il presidente Giani: &quot;Legame sempre pi\u00f9 forte tra i due territori&quot;\" \/>\n<meta property=\"og:url\" content=\"https:\/\/www.intoscana.it\/it\/rapporti-italia-usa-il-premio-niaf-alla-toscana-regione-donore-2022\/\" \/>\n<meta property=\"og:site_name\" content=\"intoscana\" \/>\n<meta property=\"article:publisher\" content=\"https:\/\/www.facebook.com\/intoscana.it\" \/>\n<meta property=\"article:published_time\" content=\"2022-10-30T16:45:29+00:00\" \/>\n<meta property=\"article:modified_time\" content=\"2022-11-04T17:45:55+00:00\" \/>\n<meta property=\"og:image\" content=\"https:\/\/www.intoscana.it\/wp-content\/uploads\/Il-premio-NIAF-alla-Toscana.jpeg\" \/>\n\t<meta property=\"og:image:width\" content=\"1385\" \/>\n\t<meta property=\"og:image:height\" content=\"1036\" \/>\n\t<meta property=\"og:image:type\" content=\"image\/jpeg\" \/>\n<meta name=\"author\" content=\"Redazione\" \/>\n<meta name=\"twitter:card\" content=\"summary_large_image\" \/>\n<meta name=\"twitter:creator\" content=\"@intoscana\" \/>\n<meta name=\"twitter:site\" content=\"@intoscana\" \/>\n<meta name=\"twitter:label1\" content=\"Written by\" \/>\n\t<meta name=\"twitter:data1\" content=\"Redazione\" \/>\n\t<meta name=\"twitter:label2\" content=\"Est. reading time\" \/>\n\t<meta name=\"twitter:data2\" content=\"2 minuti\" \/>\n<script type=\"application\/ld+json\" class=\"yoast-schema-graph\">{\"@context\":\"https:\/\/schema.org\",\"@graph\":[{\"@type\":\"WebPage\",\"@id\":\"https:\/\/www.intoscana.it\/it\/rapporti-italia-usa-il-premio-niaf-alla-toscana-regione-donore-2022\/\",\"url\":\"https:\/\/www.intoscana.it\/it\/rapporti-italia-usa-il-premio-niaf-alla-toscana-regione-donore-2022\/\",\"name\":\"Rapporti Italia-Usa: la Niaf premia la Toscana 'Regione d'onore' - intoscana\",\"isPartOf\":{\"@id\":\"https:\/\/www.intoscana.it\/it\/#website\"},\"primaryImageOfPage\":{\"@id\":\"https:\/\/www.intoscana.it\/it\/rapporti-italia-usa-il-premio-niaf-alla-toscana-regione-donore-2022\/#primaryimage\"},\"image\":{\"@id\":\"https:\/\/www.intoscana.it\/it\/rapporti-italia-usa-il-premio-niaf-alla-toscana-regione-donore-2022\/#primaryimage\"},\"thumbnailUrl\":\"https:\/\/www.intoscana.it\/wp-content\/uploads\/Il-premio-NIAF-alla-Toscana.jpeg\",\"datePublished\":\"2022-10-30T16:45:29+00:00\",\"dateModified\":\"2022-11-04T17:45:55+00:00\",\"author\":{\"@id\":\"https:\/\/www.intoscana.it\/it\/#\/schema\/person\/9223810753230f20bd670fdd322661f8\"},\"description\":\"Si \u00e8 conclusa la missione a Washington della delegazione regionale. Il presidente Giani: \\\"Legame sempre pi\u00f9 forte tra i due territori\\\"\",\"breadcrumb\":{\"@id\":\"https:\/\/www.intoscana.it\/it\/rapporti-italia-usa-il-premio-niaf-alla-toscana-regione-donore-2022\/#breadcrumb\"},\"inLanguage\":\"it-IT\",\"potentialAction\":[{\"@type\":\"ReadAction\",\"target\":[\"https:\/\/www.intoscana.it\/it\/rapporti-italia-usa-il-premio-niaf-alla-toscana-regione-donore-2022\/\"]}]},{\"@type\":\"ImageObject\",\"inLanguage\":\"it-IT\",\"@id\":\"https:\/\/www.intoscana.it\/it\/rapporti-italia-usa-il-premio-niaf-alla-toscana-regione-donore-2022\/#primaryimage\",\"url\":\"https:\/\/www.intoscana.it\/wp-content\/uploads\/Il-premio-NIAF-alla-Toscana.jpeg\",\"contentUrl\":\"https:\/\/www.intoscana.it\/wp-content\/uploads\/Il-premio-NIAF-alla-Toscana.jpeg\",\"width\":1385,\"height\":1036},{\"@type\":\"BreadcrumbList\",\"@id\":\"https:\/\/www.intoscana.it\/it\/rapporti-italia-usa-il-premio-niaf-alla-toscana-regione-donore-2022\/#breadcrumb\",\"itemListElement\":[{\"@type\":\"ListItem\",\"position\":1,\"name\":\"Home\",\"item\":\"https:\/\/www.intoscana.it\/it\/\"},{\"@type\":\"ListItem\",\"position\":2,\"name\":\"Rapporti Italia-Usa: il Premio Niaf alla Toscana &#8220;Regione d&#8217;onore 2022&#8221;\"}]},{\"@type\":\"WebSite\",\"@id\":\"https:\/\/www.intoscana.it\/it\/#website\",\"url\":\"https:\/\/www.intoscana.it\/it\/\",\"name\":\"intoscana\",\"description\":\"\",\"potentialAction\":[{\"@type\":\"SearchAction\",\"target\":{\"@type\":\"EntryPoint\",\"urlTemplate\":\"https:\/\/www.intoscana.it\/it\/?s={search_term_string}\"},\"query-input\":{\"@type\":\"PropertyValueSpecification\",\"valueRequired\":true,\"valueName\":\"search_term_string\"}}],\"inLanguage\":\"it-IT\"},{\"@type\":\"Person\",\"@id\":\"https:\/\/www.intoscana.it\/it\/#\/schema\/person\/9223810753230f20bd670fdd322661f8\",\"name\":\"Redazione\",\"url\":\"https:\/\/www.intoscana.it\/it\/author\/redazione\/\"}]}<\/script>\n<!-- \/ Yoast SEO Premium plugin. -->","yoast_head_json":{"title":"Rapporti Italia-Usa: la Niaf premia la Toscana 'Regione d'onore' - intoscana","description":"Si \u00e8 conclusa la missione a Washington della delegazione regionale. Il presidente Giani: \"Legame sempre pi\u00f9 forte tra i due territori\"","robots":{"index":"index","follow":"follow","max-snippet":"max-snippet:-1","max-image-preview":"max-image-preview:large","max-video-preview":"max-video-preview:-1"},"canonical":"https:\/\/www.intoscana.it\/it\/rapporti-italia-usa-il-premio-niaf-alla-toscana-regione-donore-2022\/","og_locale":"it_IT","og_type":"article","og_title":"Rapporti Italia-Usa: il Premio Niaf alla Toscana \"Regione d'onore 2022\"","og_description":"Si \u00e8 conclusa la missione a Washington della delegazione regionale. Il presidente Giani: \"Legame sempre pi\u00f9 forte tra i due territori\"","og_url":"https:\/\/www.intoscana.it\/it\/rapporti-italia-usa-il-premio-niaf-alla-toscana-regione-donore-2022\/","og_site_name":"intoscana","article_publisher":"https:\/\/www.facebook.com\/intoscana.it","article_published_time":"2022-10-30T16:45:29+00:00","article_modified_time":"2022-11-04T17:45:55+00:00","og_image":[{"width":1385,"height":1036,"url":"https:\/\/www.intoscana.it\/wp-content\/uploads\/Il-premio-NIAF-alla-Toscana.jpeg","type":"image\/jpeg"}],"author":"Redazione","twitter_card":"summary_large_image","twitter_creator":"@intoscana","twitter_site":"@intoscana","twitter_misc":{"Written by":"Redazione","Est. reading time":"2 minuti"},"schema":{"@context":"https:\/\/schema.org","@graph":[{"@type":"WebPage","@id":"https:\/\/www.intoscana.it\/it\/rapporti-italia-usa-il-premio-niaf-alla-toscana-regione-donore-2022\/","url":"https:\/\/www.intoscana.it\/it\/rapporti-italia-usa-il-premio-niaf-alla-toscana-regione-donore-2022\/","name":"Rapporti Italia-Usa: la Niaf premia la Toscana 'Regione d'onore' - intoscana","isPartOf":{"@id":"https:\/\/www.intoscana.it\/it\/#website"},"primaryImageOfPage":{"@id":"https:\/\/www.intoscana.it\/it\/rapporti-italia-usa-il-premio-niaf-alla-toscana-regione-donore-2022\/#primaryimage"},"image":{"@id":"https:\/\/www.intoscana.it\/it\/rapporti-italia-usa-il-premio-niaf-alla-toscana-regione-donore-2022\/#primaryimage"},"thumbnailUrl":"https:\/\/www.intoscana.it\/wp-content\/uploads\/Il-premio-NIAF-alla-Toscana.jpeg","datePublished":"2022-10-30T16:45:29+00:00","dateModified":"2022-11-04T17:45:55+00:00","author":{"@id":"https:\/\/www.intoscana.it\/it\/#\/schema\/person\/9223810753230f20bd670fdd322661f8"},"description":"Si \u00e8 conclusa la missione a Washington della delegazione regionale. Il presidente Giani: \"Legame sempre pi\u00f9 forte tra i due territori\"","breadcrumb":{"@id":"https:\/\/www.intoscana.it\/it\/rapporti-italia-usa-il-premio-niaf-alla-toscana-regione-donore-2022\/#breadcrumb"},"inLanguage":"it-IT","potentialAction":[{"@type":"ReadAction","target":["https:\/\/www.intoscana.it\/it\/rapporti-italia-usa-il-premio-niaf-alla-toscana-regione-donore-2022\/"]}]},{"@type":"ImageObject","inLanguage":"it-IT","@id":"https:\/\/www.intoscana.it\/it\/rapporti-italia-usa-il-premio-niaf-alla-toscana-regione-donore-2022\/#primaryimage","url":"https:\/\/www.intoscana.it\/wp-content\/uploads\/Il-premio-NIAF-alla-Toscana.jpeg","contentUrl":"https:\/\/www.intoscana.it\/wp-content\/uploads\/Il-premio-NIAF-alla-Toscana.jpeg","width":1385,"height":1036},{"@type":"BreadcrumbList","@id":"https:\/\/www.intoscana.it\/it\/rapporti-italia-usa-il-premio-niaf-alla-toscana-regione-donore-2022\/#breadcrumb","itemListElement":[{"@type":"ListItem","position":1,"name":"Home","item":"https:\/\/www.intoscana.it\/it\/"},{"@type":"ListItem","position":2,"name":"Rapporti Italia-Usa: il Premio Niaf alla Toscana &#8220;Regione d&#8217;onore 2022&#8221;"}]},{"@type":"WebSite","@id":"https:\/\/www.intoscana.it\/it\/#website","url":"https:\/\/www.intoscana.it\/it\/","name":"intoscana","description":"","potentialAction":[{"@type":"SearchAction","target":{"@type":"EntryPoint","urlTemplate":"https:\/\/www.intoscana.it\/it\/?s={search_term_string}"},"query-input":{"@type":"PropertyValueSpecification","valueRequired":true,"valueName":"search_term_string"}}],"inLanguage":"it-IT"},{"@type":"Person","@id":"https:\/\/www.intoscana.it\/it\/#\/schema\/person\/9223810753230f20bd670fdd322661f8","name":"Redazione","url":"https:\/\/www.intoscana.it\/it\/author\/redazione\/"}]}},"_links":{"self":[{"href":"https:\/\/www.intoscana.it\/it\/wp-json\/wp\/v2\/posts\/255617","targetHints":{"allow":["GET"]}}],"collection":[{"href":"https:\/\/www.intoscana.it\/it\/wp-json\/wp\/v2\/posts"}],"about":[{"href":"https:\/\/www.intoscana.it\/it\/wp-json\/wp\/v2\/types\/post"}],"author":[{"embeddable":true,"href":"https:\/\/www.intoscana.it\/it\/wp-json\/wp\/v2\/users\/525"}],"replies":[{"embeddable":true,"href":"https:\/\/www.intoscana.it\/it\/wp-json\/wp\/v2\/comments?post=255617"}],"version-history":[{"count":0,"href":"https:\/\/www.intoscana.it\/it\/wp-json\/wp\/v2\/posts\/255617\/revisions"}],"wp:featuredmedia":[{"embeddable":true,"href":"https:\/\/www.intoscana.it\/it\/wp-json\/wp\/v2\/media\/255618"}],"wp:attachment":[{"href":"https:\/\/www.intoscana.it\/it\/wp-json\/wp\/v2\/media?parent=255617"}],"wp:term":[{"taxonomy":"category","embeddable":true,"href":"https:\/\/www.intoscana.it\/it\/wp-json\/wp\/v2\/categories?post=255617"},{"taxonomy":"post_tag","embeddable":true,"href":"https:\/\/www.intoscana.it\/it\/wp-json\/wp\/v2\/tags?post=255617"}],"curies":[{"name":"wp","href":"https:\/\/api.w.org\/{rel}","templated":true}]}}